{"id":29933,"date":"2019-03-10T23:31:32","date_gmt":"2019-03-11T04:31:32","guid":{"rendered":"https:\/\/www.dev.nitu.mx\/?p=29933"},"modified":"2019-03-11T00:55:10","modified_gmt":"2019-03-11T05:55:10","slug":"confirman-en-feria-de-turismo-de-berlin-liderazgo-del-caribe-mexicano","status":"publish","type":"post","link":"https:\/\/nitu.mx\/index.php\/2019\/03\/10\/confirman-en-feria-de-turismo-de-berlin-liderazgo-del-caribe-mexicano\/","title":{"rendered":"Confirman en Feria de Turismo de Berl\u00edn liderazgo del Caribe Mexicano"},"content":{"rendered":"<p>En el marco de la 53 Feria de Turismo de Berl\u00edn, ITB Berl\u00edn 2019, el Caribe Mexicano y sus 11 marcas: Holbox, Isla Mujeres, Canc\u00fan, Puerto Morelos, Cozumel, Riviera Maya, Tulum, Maya Ka\u00b4an, Bacalar, Mahahual y Chetumal, reforzaron su presencia, liderazgo y competitividad.<\/p>\n<p>Desde el inicio de la administraci\u00f3n del gobernador Carlos Joaqu\u00edn, y como parte de los compromisos por fortalecer la presencia del Caribe Mexicano en los mercados prioritarios, se proyect\u00f3 en ITB Berl\u00edn la oferta tur\u00edstica de Quintana Roo, con \u00e9nfasis en el sur, y su nuevo destino sustentable Maya Ka\u2019an.<\/p>\n<p>La secretaria de Turismo Marisol Vanegas P\u00e9rez inform\u00f3 que, del 6 al 10 de marzo, en IBT Berl\u00edn se presentaron las fortalezas y novedades del Caribe Mexicano y se conocieron las tendencias y grandes retos que enfrenta el turismo en el mundo. Uno de ellos, mejorar la distribuci\u00f3n de los beneficios econ\u00f3micos que, en el Estado de Quintana Roo constituye una prioridad para combatir las desigualdades. (<a title=\"Caribe Mexicano participa en inauguraci\u00f3n de Pabell\u00f3n M\u00e9xico en Feria de Turismo de Berl\u00edn\" href=\"https:\/\/www.dev.nitu.mx\/index.php\/2019\/03\/07\/caribe-mexicano-participa-en-inauguracion-de-pabellon-mexico-en-feria-de-turismo-de-berlin\/\" rel=\"bookmark\">Caribe Mexicano participa en inauguraci\u00f3n de Pabell\u00f3n M\u00e9xico en Feria de Turismo de Berl\u00edn<\/a>).<\/p>\n<p>Como parte de la agenda de trabajo y citas programadas, representantes de Expedia presentaron su informe de ventas de boletos de avi\u00f3n de 2018 con 1.5 millones para Canc\u00fan, Riviera Maya y Cozumel, lo que comparado con 2017, refleja un crecimiento de 2.1%.<\/p>\n<p>De acuerdo con el Consejo de Promoci\u00f3n Tur\u00edstica de Quintana Roo, la aerol\u00ednea suiza Edelweiss, que mantiene tres frecuencias semanales de Z\u00farich a Canc\u00fan, se mostr\u00f3 interesada por ampliar el n\u00famero de vuelos. La conectividad con Alemania se complementa con la aerol\u00ednea Condor del touroperador Thomas Cook con 44 vuelos directos a Canc\u00fan al mes (Frankfurt, M\u00fanich y Dusseldorf).<\/p>\n<p>El director general del CPTQ, Dar\u00edo Flota Ocampo, inform\u00f3 que la promoci\u00f3n de los once destinos del Caribe Mexicano: Holbox, Isla Mujeres, Canc\u00fan, Puerto Morelos, Cozumel, Riviera Maya, Tulum, Maya Ka\u00b4an, Bacalar, Mahahual y Chetumal, es prioridad y se dar\u00e1 continuidad a la presencia de Quintana Roo en las principales ferias tur\u00edsticas internacionales, adem\u00e1s del Tianguis Tur\u00edstico en Acapulco, que se celebrar\u00e1 en abril pr\u00f3ximo.<\/p>\n<p>\u00a8Somos un destino \u00fanico. Ofertamos un producto s\u00f3lido, robusto y estamos juntos para trabajar todos en beneficio de las m\u00e1s de 450 mil familias que en Quintana Roo dependen directa o indirectamente del turismo\u00a8, destac\u00f3 Marisol Vanegas P\u00e9rez, secretaria de Turismo de Quintana Roo.<\/p>\n","protected":false},"excerpt":{"rendered":"<p>En el marco de la 53 Feria de Turismo de Berl\u00edn, ITB Berl\u00edn 2019, el Caribe Mexicano y sus 11 marcas: Holbox, Isla Mujeres, Canc\u00fan, Puerto Morelos, Cozumel, Riviera Maya, Tulum, Maya Ka\u00b4an, Bacalar, Mahahual y Chetumal, reforzaron su presencia, liderazgo y competitividad. Desde el inicio de la administraci\u00f3n del gobernador Carlos Joaqu\u00edn, y como [&hellip;]<\/p>\n","protected":false},"author":17,"featured_media":29953,"comment_status":"open","ping_status":"open","sticky":false,"template":"","format":"standard","meta":{"footnotes":""},"categories":[5,374],"tags":[14863,2438,43,83,110,280,14864,6649,80],"yoast_head":"<!-- This site is optimized with the Yoast SEO plugin v22.2 - https:\/\/yoast.com\/wordpress\/plugins\/seo\/ -->\n<title>Confirman en Feria de Turismo de Berl\u00edn liderazgo del Caribe Mexicano - Nitu - Noticias de la Industria Turistica<\/title>\n<meta name=\"description\" content=\"En el marco de la 53 Feria de Turismo de Berl\u00edn, ITB Berl\u00edn 2019, el Caribe Mexicano y sus 11 marcas: Holbox, Isla Mujeres, Canc\u00fan, Puerto Morelos, Cozumel, Riviera Maya, Tulum, Maya Ka\u00b4an, Bacalar, Mahahual y Chetumal, reforzaron su presencia, liderazgo y competitividad.\" \/>\n<meta name=\"robots\" content=\"index, follow, max-snippet:-1, max-image-preview:large, max-video-preview:-1\" \/>\n<link rel=\"canonical\" href=\"https:\/\/nitu.mx\/index.php\/2019\/03\/10\/confirman-en-feria-de-turismo-de-berlin-liderazgo-del-caribe-mexicano\/\" \/>\n<meta name=\"twitter:card\" content=\"summary_large_image\" \/>\n<meta name=\"twitter:title\" content=\"Confirman en Feria de Turismo de Berl\u00edn liderazgo del Caribe Mexicano - Nitu - Noticias de la Industria Turistica\" \/>\n<meta name=\"twitter:description\" content=\"En el marco de la 53 Feria de Turismo de Berl\u00edn, ITB Berl\u00edn 2019, el Caribe Mexicano y sus 11 marcas: Holbox, Isla Mujeres, Canc\u00fan, Puerto Morelos, Cozumel, Riviera Maya, Tulum, Maya Ka\u00b4an, Bacalar, Mahahual y Chetumal, reforzaron su presencia, liderazgo y competitividad.\" \/>\n<meta name=\"twitter:image\" content=\"https:\/\/nitu.mx\/wp-content\/uploads\/2019\/03\/ITB-Caribe-mexicano.jpg\" \/>\n<meta name=\"twitter:creator\" content=\"@NITUmx\" \/>\n<meta name=\"twitter:site\" content=\"@Arturo_Medina_G\" \/>\n<meta name=\"twitter:label1\" content=\"Escrito por\" \/>\n\t<meta name=\"twitter:data1\" content=\"Redacci\u00f3n\" \/>\n\t<meta name=\"twitter:label2\" content=\"Tiempo de lectura\" \/>\n\t<meta name=\"twitter:data2\" content=\"2 minutos\" \/>\n<script type=\"application\/ld+json\" class=\"yoast-schema-graph\">{\"@context\":\"https:\/\/schema.org\",\"@graph\":[{\"@type\":\"Article\",\"@id\":\"https:\/\/nitu.mx\/index.php\/2019\/03\/10\/confirman-en-feria-de-turismo-de-berlin-liderazgo-del-caribe-mexicano\/#article\",\"isPartOf\":{\"@id\":\"https:\/\/nitu.mx\/index.php\/2019\/03\/10\/confirman-en-feria-de-turismo-de-berlin-liderazgo-del-caribe-mexicano\/\"},\"author\":{\"name\":\"Redacci\u00f3n\",\"@id\":\"https:\/\/nitu.mx\/#\/schema\/person\/4a28fe9bd65924f7c90623773daf1b0b\"},\"headline\":\"Confirman en Feria de Turismo de Berl\u00edn liderazgo del Caribe Mexicano\",\"datePublished\":\"2019-03-11T04:31:32+00:00\",\"dateModified\":\"2019-03-11T05:55:10+00:00\",\"mainEntityOfPage\":{\"@id\":\"https:\/\/nitu.mx\/index.php\/2019\/03\/10\/confirman-en-feria-de-turismo-de-berlin-liderazgo-del-caribe-mexicano\/\"},\"wordCount\":424,\"commentCount\":0,\"publisher\":{\"@id\":\"https:\/\/nitu.mx\/#\/schema\/person\/ae7a53426417292d3dd07b45a33e01bc\"},\"image\":{\"@id\":\"https:\/\/nitu.mx\/index.php\/2019\/03\/10\/confirman-en-feria-de-turismo-de-berlin-liderazgo-del-caribe-mexicano\/#primaryimage\"},\"thumbnailUrl\":\"https:\/\/nitu.mx\/wp-content\/uploads\/2019\/03\/ITB-Caribe-mexicano.jpg\",\"keywords\":[\"53 Feria de Turismo de Berl\u00edn\",\"Avi\u00f3n\",\"Canc\u00fan\",\"Caribe mexicano\",\"Cozumel\",\"Expedia\",\"ITB Berl\u00edn 2019\",\"pa\u00edses\",\"Riviera Maya\"],\"articleSection\":[\"Destinos\",\"Internacional\"],\"inLanguage\":\"es-MX\",\"potentialAction\":[{\"@type\":\"CommentAction\",\"name\":\"Comment\",\"target\":[\"https:\/\/nitu.mx\/index.php\/2019\/03\/10\/confirman-en-feria-de-turismo-de-berlin-liderazgo-del-caribe-mexicano\/#respond\"]}]},{\"@type\":\"WebPage\",\"@id\":\"https:\/\/nitu.mx\/index.php\/2019\/03\/10\/confirman-en-feria-de-turismo-de-berlin-liderazgo-del-caribe-mexicano\/\",\"url\":\"https:\/\/nitu.mx\/index.php\/2019\/03\/10\/confirman-en-feria-de-turismo-de-berlin-liderazgo-del-caribe-mexicano\/\",\"name\":\"Confirman en Feria de Turismo de Berl\u00edn liderazgo del Caribe Mexicano - Nitu - Noticias de la Industria Turistica\",\"isPartOf\":{\"@id\":\"https:\/\/nitu.mx\/#website\"},\"primaryImageOfPage\":{\"@id\":\"https:\/\/nitu.mx\/index.php\/2019\/03\/10\/confirman-en-feria-de-turismo-de-berlin-liderazgo-del-caribe-mexicano\/#primaryimage\"},\"image\":{\"@id\":\"https:\/\/nitu.mx\/index.php\/2019\/03\/10\/confirman-en-feria-de-turismo-de-berlin-liderazgo-del-caribe-mexicano\/#primaryimage\"},\"thumbnailUrl\":\"https:\/\/nitu.mx\/wp-content\/uploads\/2019\/03\/ITB-Caribe-mexicano.jpg\",\"datePublished\":\"2019-03-11T04:31:32+00:00\",\"dateModified\":\"2019-03-11T05:55:10+00:00\",\"description\":\"En el marco de la 53 Feria de Turismo de Berl\u00edn, ITB Berl\u00edn 2019, el Caribe Mexicano y sus 11 marcas: Holbox, Isla Mujeres, Canc\u00fan, Puerto Morelos, Cozumel, Riviera Maya, Tulum, Maya Ka\u00b4an, Bacalar, Mahahual y Chetumal, reforzaron su presencia, liderazgo y competitividad.\",\"breadcrumb\":{\"@id\":\"https:\/\/nitu.mx\/index.php\/2019\/03\/10\/confirman-en-feria-de-turismo-de-berlin-liderazgo-del-caribe-mexicano\/#breadcrumb\"},\"inLanguage\":\"es-MX\",\"potentialAction\":[{\"@type\":\"ReadAction\",\"target\":[\"https:\/\/nitu.mx\/index.php\/2019\/03\/10\/confirman-en-feria-de-turismo-de-berlin-liderazgo-del-caribe-mexicano\/\"]}]},{\"@type\":\"ImageObject\",\"inLanguage\":\"es-MX\",\"@id\":\"https:\/\/nitu.mx\/index.php\/2019\/03\/10\/confirman-en-feria-de-turismo-de-berlin-liderazgo-del-caribe-mexicano\/#primaryimage\",\"url\":\"https:\/\/nitu.mx\/wp-content\/uploads\/2019\/03\/ITB-Caribe-mexicano.jpg\",\"contentUrl\":\"https:\/\/nitu.mx\/wp-content\/uploads\/2019\/03\/ITB-Caribe-mexicano.jpg\",\"width\":850,\"height\":480,\"caption\":\"ITB Caribe mexicano\"},{\"@type\":\"BreadcrumbList\",\"@id\":\"https:\/\/nitu.mx\/index.php\/2019\/03\/10\/confirman-en-feria-de-turismo-de-berlin-liderazgo-del-caribe-mexicano\/#breadcrumb\",\"itemListElement\":[{\"@type\":\"ListItem\",\"position\":1,\"name\":\"Inicio\",\"item\":\"https:\/\/nitu.mx\/\"},{\"@type\":\"ListItem\",\"position\":2,\"name\":\"Confirman en Feria de Turismo de Berl\u00edn liderazgo del Caribe Mexicano\"}]},{\"@type\":\"WebSite\",\"@id\":\"https:\/\/nitu.mx\/#website\",\"url\":\"https:\/\/nitu.mx\/\",\"name\":\"Nitu - Noticias de la Industria Turistica\",\"description\":\"Noticias de la Industria Turistica\",\"publisher\":{\"@id\":\"https:\/\/nitu.mx\/#\/schema\/person\/ae7a53426417292d3dd07b45a33e01bc\"},\"alternateName\":\"Noticias de la Industria Turistica\",\"potentialAction\":[{\"@type\":\"SearchAction\",\"target\":{\"@type\":\"EntryPoint\",\"urlTemplate\":\"https:\/\/nitu.mx\/?s={search_term_string}\"},\"query-input\":\"required name=search_term_string\"}],\"inLanguage\":\"es-MX\"},{\"@type\":[\"Person\",\"Organization\"],\"@id\":\"https:\/\/nitu.mx\/#\/schema\/person\/ae7a53426417292d3dd07b45a33e01bc\",\"name\":\"Arturo Medina\",\"image\":{\"@type\":\"ImageObject\",\"inLanguage\":\"es-MX\",\"@id\":\"https:\/\/nitu.mx\/#\/schema\/person\/image\/\",\"url\":\"https:\/\/nitu.mx\/wp-content\/uploads\/2024\/04\/4A315622-1904-4D5C-B022-878CDC840E04-90x90-1.jpeg\",\"contentUrl\":\"https:\/\/nitu.mx\/wp-content\/uploads\/2024\/04\/4A315622-1904-4D5C-B022-878CDC840E04-90x90-1.jpeg\",\"width\":90,\"height\":90,\"caption\":\"Arturo Medina\"},\"logo\":{\"@id\":\"https:\/\/nitu.mx\/#\/schema\/person\/image\/\"},\"description\":\"Director NITU.mx, Egresado de la Escuela de Periodismo Carlos Septi\u00e9n Garc\u00eda. Periodista y analista especializado en turismo desde hace 35 a\u00f1os, radicado en Canc\u00fan Q.Roo. arturo@nitu.mx\",\"sameAs\":[\"https:\/\/nitu.mx\",\"https:\/\/www.facebook.com\/NITUmx\/\",\"medinacancun\",\"https:\/\/twitter.com\/@Arturo_Medina_G\"]},{\"@type\":\"Person\",\"@id\":\"https:\/\/nitu.mx\/#\/schema\/person\/4a28fe9bd65924f7c90623773daf1b0b\",\"name\":\"Redacci\u00f3n\",\"image\":{\"@type\":\"ImageObject\",\"inLanguage\":\"es-MX\",\"@id\":\"https:\/\/nitu.mx\/#\/schema\/person\/image\/\",\"url\":\"https:\/\/secure.gravatar.com\/avatar\/5dd011c8ccfc5cd7e4c81e42252aab38?s=96&d=mm&r=g\",\"contentUrl\":\"https:\/\/secure.gravatar.com\/avatar\/5dd011c8ccfc5cd7e4c81e42252aab38?s=96&d=mm&r=g\",\"caption\":\"Redacci\u00f3n\"},\"url\":\"https:\/\/nitu.mx\/index.php\/author\/redaccion\/\"}]}<\/script>\n<!-- \/ Yoast SEO plugin. -->","yoast_head_json":{"title":"Confirman en Feria de Turismo de Berl\u00edn liderazgo del Caribe Mexicano - Nitu - Noticias de la Industria Turistica","description":"En el marco de la 53 Feria de Turismo de Berl\u00edn, ITB Berl\u00edn 2019, el Caribe Mexicano y sus 11 marcas: Holbox, Isla Mujeres, Canc\u00fan, Puerto Morelos, Cozumel, Riviera Maya, Tulum, Maya Ka\u00b4an, Bacalar, Mahahual y Chetumal, reforzaron su presencia, liderazgo y competitividad.","robots":{"index":"index","follow":"follow","max-snippet":"max-snippet:-1","max-image-preview":"max-image-preview:large","max-video-preview":"max-video-preview:-1"},"canonical":"https:\/\/nitu.mx\/index.php\/2019\/03\/10\/confirman-en-feria-de-turismo-de-berlin-liderazgo-del-caribe-mexicano\/","twitter_card":"summary_large_image","twitter_title":"Confirman en Feria de Turismo de Berl\u00edn liderazgo del Caribe Mexicano - Nitu - Noticias de la Industria Turistica","twitter_description":"En el marco de la 53 Feria de Turismo de Berl\u00edn, ITB Berl\u00edn 2019, el Caribe Mexicano y sus 11 marcas: Holbox, Isla Mujeres, Canc\u00fan, Puerto Morelos, Cozumel, Riviera Maya, Tulum, Maya Ka\u00b4an, Bacalar, Mahahual y Chetumal, reforzaron su presencia, liderazgo y competitividad.","twitter_image":"https:\/\/nitu.mx\/wp-content\/uploads\/2019\/03\/ITB-Caribe-mexicano.jpg","twitter_creator":"@NITUmx","twitter_site":"@Arturo_Medina_G","twitter_misc":{"Escrito por":"Redacci\u00f3n","Tiempo de lectura":"2 minutos"},"schema":{"@context":"https:\/\/schema.org","@graph":[{"@type":"Article","@id":"https:\/\/nitu.mx\/index.php\/2019\/03\/10\/confirman-en-feria-de-turismo-de-berlin-liderazgo-del-caribe-mexicano\/#article","isPartOf":{"@id":"https:\/\/nitu.mx\/index.php\/2019\/03\/10\/confirman-en-feria-de-turismo-de-berlin-liderazgo-del-caribe-mexicano\/"},"author":{"name":"Redacci\u00f3n","@id":"https:\/\/nitu.mx\/#\/schema\/person\/4a28fe9bd65924f7c90623773daf1b0b"},"headline":"Confirman en Feria de Turismo de Berl\u00edn liderazgo del Caribe Mexicano","datePublished":"2019-03-11T04:31:32+00:00","dateModified":"2019-03-11T05:55:10+00:00","mainEntityOfPage":{"@id":"https:\/\/nitu.mx\/index.php\/2019\/03\/10\/confirman-en-feria-de-turismo-de-berlin-liderazgo-del-caribe-mexicano\/"},"wordCount":424,"commentCount":0,"publisher":{"@id":"https:\/\/nitu.mx\/#\/schema\/person\/ae7a53426417292d3dd07b45a33e01bc"},"image":{"@id":"https:\/\/nitu.mx\/index.php\/2019\/03\/10\/confirman-en-feria-de-turismo-de-berlin-liderazgo-del-caribe-mexicano\/#primaryimage"},"thumbnailUrl":"https:\/\/nitu.mx\/wp-content\/uploads\/2019\/03\/ITB-Caribe-mexicano.jpg","keywords":["53 Feria de Turismo de Berl\u00edn","Avi\u00f3n","Canc\u00fan","Caribe mexicano","Cozumel","Expedia","ITB Berl\u00edn 2019","pa\u00edses","Riviera Maya"],"articleSection":["Destinos","Internacional"],"inLanguage":"es-MX","potentialAction":[{"@type":"CommentAction","name":"Comment","target":["https:\/\/nitu.mx\/index.php\/2019\/03\/10\/confirman-en-feria-de-turismo-de-berlin-liderazgo-del-caribe-mexicano\/#respond"]}]},{"@type":"WebPage","@id":"https:\/\/nitu.mx\/index.php\/2019\/03\/10\/confirman-en-feria-de-turismo-de-berlin-liderazgo-del-caribe-mexicano\/","url":"https:\/\/nitu.mx\/index.php\/2019\/03\/10\/confirman-en-feria-de-turismo-de-berlin-liderazgo-del-caribe-mexicano\/","name":"Confirman en Feria de Turismo de Berl\u00edn liderazgo del Caribe Mexicano - Nitu - Noticias de la Industria Turistica","isPartOf":{"@id":"https:\/\/nitu.mx\/#website"},"primaryImageOfPage":{"@id":"https:\/\/nitu.mx\/index.php\/2019\/03\/10\/confirman-en-feria-de-turismo-de-berlin-liderazgo-del-caribe-mexicano\/#primaryimage"},"image":{"@id":"https:\/\/nitu.mx\/index.php\/2019\/03\/10\/confirman-en-feria-de-turismo-de-berlin-liderazgo-del-caribe-mexicano\/#primaryimage"},"thumbnailUrl":"https:\/\/nitu.mx\/wp-content\/uploads\/2019\/03\/ITB-Caribe-mexicano.jpg","datePublished":"2019-03-11T04:31:32+00:00","dateModified":"2019-03-11T05:55:10+00:00","description":"En el marco de la 53 Feria de Turismo de Berl\u00edn, ITB Berl\u00edn 2019, el Caribe Mexicano y sus 11 marcas: Holbox, Isla Mujeres, Canc\u00fan, Puerto Morelos, Cozumel, Riviera Maya, Tulum, Maya Ka\u00b4an, Bacalar, Mahahual y Chetumal, reforzaron su presencia, liderazgo y competitividad.","breadcrumb":{"@id":"https:\/\/nitu.mx\/index.php\/2019\/03\/10\/confirman-en-feria-de-turismo-de-berlin-liderazgo-del-caribe-mexicano\/#breadcrumb"},"inLanguage":"es-MX","potentialAction":[{"@type":"ReadAction","target":["https:\/\/nitu.mx\/index.php\/2019\/03\/10\/confirman-en-feria-de-turismo-de-berlin-liderazgo-del-caribe-mexicano\/"]}]},{"@type":"ImageObject","inLanguage":"es-MX","@id":"https:\/\/nitu.mx\/index.php\/2019\/03\/10\/confirman-en-feria-de-turismo-de-berlin-liderazgo-del-caribe-mexicano\/#primaryimage","url":"https:\/\/nitu.mx\/wp-content\/uploads\/2019\/03\/ITB-Caribe-mexicano.jpg","contentUrl":"https:\/\/nitu.mx\/wp-content\/uploads\/2019\/03\/ITB-Caribe-mexicano.jpg","width":850,"height":480,"caption":"ITB Caribe mexicano"},{"@type":"BreadcrumbList","@id":"https:\/\/nitu.mx\/index.php\/2019\/03\/10\/confirman-en-feria-de-turismo-de-berlin-liderazgo-del-caribe-mexicano\/#breadcrumb","itemListElement":[{"@type":"ListItem","position":1,"name":"Inicio","item":"https:\/\/nitu.mx\/"},{"@type":"ListItem","position":2,"name":"Confirman en Feria de Turismo de Berl\u00edn liderazgo del Caribe Mexicano"}]},{"@type":"WebSite","@id":"https:\/\/nitu.mx\/#website","url":"https:\/\/nitu.mx\/","name":"Nitu - Noticias de la Industria Turistica","description":"Noticias de la Industria Turistica","publisher":{"@id":"https:\/\/nitu.mx\/#\/schema\/person\/ae7a53426417292d3dd07b45a33e01bc"},"alternateName":"Noticias de la Industria Turistica","potentialAction":[{"@type":"SearchAction","target":{"@type":"EntryPoint","urlTemplate":"https:\/\/nitu.mx\/?s={search_term_string}"},"query-input":"required name=search_term_string"}],"inLanguage":"es-MX"},{"@type":["Person","Organization"],"@id":"https:\/\/nitu.mx\/#\/schema\/person\/ae7a53426417292d3dd07b45a33e01bc","name":"Arturo Medina","image":{"@type":"ImageObject","inLanguage":"es-MX","@id":"https:\/\/nitu.mx\/#\/schema\/person\/image\/","url":"https:\/\/nitu.mx\/wp-content\/uploads\/2024\/04\/4A315622-1904-4D5C-B022-878CDC840E04-90x90-1.jpeg","contentUrl":"https:\/\/nitu.mx\/wp-content\/uploads\/2024\/04\/4A315622-1904-4D5C-B022-878CDC840E04-90x90-1.jpeg","width":90,"height":90,"caption":"Arturo Medina"},"logo":{"@id":"https:\/\/nitu.mx\/#\/schema\/person\/image\/"},"description":"Director NITU.mx, Egresado de la Escuela de Periodismo Carlos Septi\u00e9n Garc\u00eda. Periodista y analista especializado en turismo desde hace 35 a\u00f1os, radicado en Canc\u00fan Q.Roo. arturo@nitu.mx","sameAs":["https:\/\/nitu.mx","https:\/\/www.facebook.com\/NITUmx\/","medinacancun","https:\/\/twitter.com\/@Arturo_Medina_G"]},{"@type":"Person","@id":"https:\/\/nitu.mx\/#\/schema\/person\/4a28fe9bd65924f7c90623773daf1b0b","name":"Redacci\u00f3n","image":{"@type":"ImageObject","inLanguage":"es-MX","@id":"https:\/\/nitu.mx\/#\/schema\/person\/image\/","url":"https:\/\/secure.gravatar.com\/avatar\/5dd011c8ccfc5cd7e4c81e42252aab38?s=96&d=mm&r=g","contentUrl":"https:\/\/secure.gravatar.com\/avatar\/5dd011c8ccfc5cd7e4c81e42252aab38?s=96&d=mm&r=g","caption":"Redacci\u00f3n"},"url":"https:\/\/nitu.mx\/index.php\/author\/redaccion\/"}]}},"views":339,"_links":{"self":[{"href":"https:\/\/nitu.mx\/index.php\/wp-json\/wp\/v2\/posts\/29933"}],"collection":[{"href":"https:\/\/nitu.mx\/index.php\/wp-json\/wp\/v2\/posts"}],"about":[{"href":"https:\/\/nitu.mx\/index.php\/wp-json\/wp\/v2\/types\/post"}],"author":[{"embeddable":true,"href":"https:\/\/nitu.mx\/index.php\/wp-json\/wp\/v2\/users\/17"}],"replies":[{"embeddable":true,"href":"https:\/\/nitu.mx\/index.php\/wp-json\/wp\/v2\/comments?post=29933"}],"version-history":[{"count":3,"href":"https:\/\/nitu.mx\/index.php\/wp-json\/wp\/v2\/posts\/29933\/revisions"}],"predecessor-version":[{"id":29955,"href":"https:\/\/nitu.mx\/index.php\/wp-json\/wp\/v2\/posts\/29933\/revisions\/29955"}],"wp:featuredmedia":[{"embeddable":true,"href":"https:\/\/nitu.mx\/index.php\/wp-json\/wp\/v2\/media\/29953"}],"wp:attachment":[{"href":"https:\/\/nitu.mx\/index.php\/wp-json\/wp\/v2\/media?parent=29933"}],"wp:term":[{"taxonomy":"category","embeddable":true,"href":"https:\/\/nitu.mx\/index.php\/wp-json\/wp\/v2\/categories?post=29933"},{"taxonomy":"post_tag","embeddable":true,"href":"https:\/\/nitu.mx\/index.php\/wp-json\/wp\/v2\/tags?post=29933"}],"curies":[{"name":"wp","href":"https:\/\/api.w.org\/{rel}","templated":true}]}}