{"id":29904,"date":"2019-03-08T01:05:15","date_gmt":"2019-03-08T06:05:15","guid":{"rendered":"https:\/\/www.dev.nitu.mx\/?p=29904"},"modified":"2019-03-08T02:08:22","modified_gmt":"2019-03-08T07:08:22","slug":"escandalo-orilla-al-secretario-de-turismo-de-colima-a-presentar-su-renuncia","status":"publish","type":"post","link":"https:\/\/nitu.mx\/index.php\/2019\/03\/08\/escandalo-orilla-al-secretario-de-turismo-de-colima-a-presentar-su-renuncia\/","title":{"rendered":"Esc\u00e1ndalo orilla al secretario de Turismo de Colima a presentar su renuncia"},"content":{"rendered":"<p>La Secretar\u00eda de Turismo de Colima vuelve a quedar vacante en la administraci\u00f3n de Jos\u00e9 Ignacio Peralta S\u00e1nchez, pero ahora por el esc\u00e1ndalo que rodea a Efra\u00edn Angulo Rodr\u00edguez tras los hechos violentos registrados en su domicilio que apuntan a dos versiones: un asalto o una fiesta fuera de control.<\/p>\n<p>El ahora ex funcionario llev\u00f3 a cabo una rueda de prensa para aclarar la situaci\u00f3n y frenar una serie de especulaciones que giran en su contra. Su salida se debe al considerar que esta situaci\u00f3n tenga un fin pol\u00edtico que busque da\u00f1ar la imagen del gobierno del estado.<\/p>\n<p>De acuerdo con Efra\u00edn Angulo, la noche del lunes y madrugada del martes se registr\u00f3 un asalto armado en su domicilio, en el que una persona fue da\u00f1ada al grado de ocasionarle la muerte; sin embargo las versiones de los vecinos refieren que se realizaba una fiesta que se sali\u00f3 de control.<\/p>\n<p>El ex secretario de Turismo admite que en su casa hab\u00eda un grupo de 11 personas, de las cuales s\u00f3lo conoc\u00eda a cuatro, quienes estaban haciendo tiempo para regresar a Ciudad de M\u00e9xico desde Manzanillo. Posteriormente \u201clleg\u00f3 un grupo armado quienes amarraron y desnudaron a los presentes, tomaron fotograf\u00edas y videos y buscaban dinero y drogas\u201d, declar\u00f3 Angulo.<\/p>\n<p>Los miembros de este grupo estrangularon a una persona, y se llevaron objetos de valor, dinero en efectivo y un veh\u00edculo oficial de la dependencia. Angulo Rodr\u00edguez rechaza rotundamente que se haya tratado de una fiesta, lamenta la serie de especulaciones, ataques y burlas a la que ha sido sometido y exige a la Fiscal\u00eda del Estado, se aclare el suceso.<\/p>\n<p>Efra\u00edn Angulo Rodr\u00edguez asumi\u00f3 como secretario de Turismo de Colima en febrero de 2018, cuando sustituy\u00f3 a C\u00e9sar Casta\u00f1eda V\u00e1zquez, quien dej\u00f3 la Secretar\u00eda para seguir en el sector, pero desde la iniciativa privada.<\/p>\n<p>Ahora, el mandatario estatal tiene la tarea de nombrar a un nuevo titular de Turismo quien asuma el reto de posicionar a la entidad nuevamente en el mapa tur\u00edstico de M\u00e9xico. (<a title=\"Colima tiene campa\u00f1as espec\u00edficas para cada mercado internacional\" href=\"https:\/\/www.dev.nitu.mx\/index.php\/2017\/01\/17\/colima-campana-especificas-mercado-internacional\/\" rel=\"bookmark\">Colima tiene campa\u00f1as espec\u00edficas para cada mercado internacional<\/a>).<\/p>\n","protected":false},"excerpt":{"rendered":"<p>La Secretar\u00eda de Turismo de Colima vuelve a quedar vacante en la administraci\u00f3n de Jos\u00e9 Ignacio Peralta S\u00e1nchez, pero ahora por el esc\u00e1ndalo que rodea a Efra\u00edn Angulo Rodr\u00edguez tras los hechos violentos registrados en su domicilio que apuntan a dos versiones: un asalto o una fiesta fuera de control. El ahora ex funcionario llev\u00f3 [&hellip;]<\/p>\n","protected":false},"author":5,"featured_media":29913,"comment_status":"open","ping_status":"open","sticky":false,"template":"","format":"standard","meta":{"footnotes":""},"categories":[5],"tags":[235,14861,4779],"yoast_head":"<!-- This site is optimized with the Yoast SEO plugin v22.2 - https:\/\/yoast.com\/wordpress\/plugins\/seo\/ -->\n<title>Esc\u00e1ndalo orilla al secretario de Turismo de Colima a presentar su renuncia - Nitu - Noticias de la Industria Turistica<\/title>\n<meta name=\"description\" content=\"La Secretar\u00eda de Turismo de Colima vuelve a quedar vacante en la administraci\u00f3n de Jos\u00e9 Ignacio Peralta S\u00e1nchez, pero ahora por el esc\u00e1ndalo que rodea a Efra\u00edn Angulo Rodr\u00edguez.\" \/>\n<meta name=\"robots\" content=\"index, follow, max-snippet:-1, max-image-preview:large, max-video-preview:-1\" \/>\n<link rel=\"canonical\" href=\"https:\/\/nitu.mx\/index.php\/2019\/03\/08\/escandalo-orilla-al-secretario-de-turismo-de-colima-a-presentar-su-renuncia\/\" \/>\n<meta name=\"twitter:card\" content=\"summary_large_image\" \/>\n<meta name=\"twitter:title\" content=\"Esc\u00e1ndalo orilla al secretario de Turismo de Colima a presentar su renuncia - Nitu - Noticias de la Industria Turistica\" \/>\n<meta name=\"twitter:description\" content=\"La Secretar\u00eda de Turismo de Colima vuelve a quedar vacante en la administraci\u00f3n de Jos\u00e9 Ignacio Peralta S\u00e1nchez, pero ahora por el esc\u00e1ndalo que rodea a Efra\u00edn Angulo Rodr\u00edguez.\" \/>\n<meta name=\"twitter:image\" content=\"https:\/\/nitu.mx\/wp-content\/uploads\/2019\/03\/colima.jpg\" \/>\n<meta name=\"twitter:creator\" content=\"@NITUmx\" \/>\n<meta name=\"twitter:site\" content=\"@Arturo_Medina_G\" \/>\n<meta name=\"twitter:label1\" content=\"Escrito por\" \/>\n\t<meta name=\"twitter:data1\" content=\"Mari Soto\" \/>\n\t<meta name=\"twitter:label2\" content=\"Tiempo de lectura\" \/>\n\t<meta name=\"twitter:data2\" content=\"2 minutos\" \/>\n<script type=\"application\/ld+json\" class=\"yoast-schema-graph\">{\"@context\":\"https:\/\/schema.org\",\"@graph\":[{\"@type\":\"Article\",\"@id\":\"https:\/\/nitu.mx\/index.php\/2019\/03\/08\/escandalo-orilla-al-secretario-de-turismo-de-colima-a-presentar-su-renuncia\/#article\",\"isPartOf\":{\"@id\":\"https:\/\/nitu.mx\/index.php\/2019\/03\/08\/escandalo-orilla-al-secretario-de-turismo-de-colima-a-presentar-su-renuncia\/\"},\"author\":{\"name\":\"Mari Soto\",\"@id\":\"https:\/\/nitu.mx\/#\/schema\/person\/afc52e313e27e660739556d421d3d6b4\"},\"headline\":\"Esc\u00e1ndalo orilla al secretario de Turismo de Colima a presentar su renuncia\",\"datePublished\":\"2019-03-08T06:05:15+00:00\",\"dateModified\":\"2019-03-08T07:08:22+00:00\",\"mainEntityOfPage\":{\"@id\":\"https:\/\/nitu.mx\/index.php\/2019\/03\/08\/escandalo-orilla-al-secretario-de-turismo-de-colima-a-presentar-su-renuncia\/\"},\"wordCount\":383,\"commentCount\":0,\"publisher\":{\"@id\":\"https:\/\/nitu.mx\/#\/schema\/person\/ae7a53426417292d3dd07b45a33e01bc\"},\"image\":{\"@id\":\"https:\/\/nitu.mx\/index.php\/2019\/03\/08\/escandalo-orilla-al-secretario-de-turismo-de-colima-a-presentar-su-renuncia\/#primaryimage\"},\"thumbnailUrl\":\"https:\/\/nitu.mx\/wp-content\/uploads\/2019\/03\/colima.jpg\",\"keywords\":[\"Colima\",\"Efra\u00edn Angulo Rodr\u00edguez\",\"Jos\u00e9 Ignacio Peralta S\u00e1nchez\"],\"articleSection\":[\"Destinos\"],\"inLanguage\":\"es-MX\",\"potentialAction\":[{\"@type\":\"CommentAction\",\"name\":\"Comment\",\"target\":[\"https:\/\/nitu.mx\/index.php\/2019\/03\/08\/escandalo-orilla-al-secretario-de-turismo-de-colima-a-presentar-su-renuncia\/#respond\"]}]},{\"@type\":\"WebPage\",\"@id\":\"https:\/\/nitu.mx\/index.php\/2019\/03\/08\/escandalo-orilla-al-secretario-de-turismo-de-colima-a-presentar-su-renuncia\/\",\"url\":\"https:\/\/nitu.mx\/index.php\/2019\/03\/08\/escandalo-orilla-al-secretario-de-turismo-de-colima-a-presentar-su-renuncia\/\",\"name\":\"Esc\u00e1ndalo orilla al secretario de Turismo de Colima a presentar su renuncia - Nitu - Noticias de la Industria Turistica\",\"isPartOf\":{\"@id\":\"https:\/\/nitu.mx\/#website\"},\"primaryImageOfPage\":{\"@id\":\"https:\/\/nitu.mx\/index.php\/2019\/03\/08\/escandalo-orilla-al-secretario-de-turismo-de-colima-a-presentar-su-renuncia\/#primaryimage\"},\"image\":{\"@id\":\"https:\/\/nitu.mx\/index.php\/2019\/03\/08\/escandalo-orilla-al-secretario-de-turismo-de-colima-a-presentar-su-renuncia\/#primaryimage\"},\"thumbnailUrl\":\"https:\/\/nitu.mx\/wp-content\/uploads\/2019\/03\/colima.jpg\",\"datePublished\":\"2019-03-08T06:05:15+00:00\",\"dateModified\":\"2019-03-08T07:08:22+00:00\",\"description\":\"La Secretar\u00eda de Turismo de Colima vuelve a quedar vacante en la administraci\u00f3n de Jos\u00e9 Ignacio Peralta S\u00e1nchez, pero ahora por el esc\u00e1ndalo que rodea a Efra\u00edn Angulo Rodr\u00edguez.\",\"breadcrumb\":{\"@id\":\"https:\/\/nitu.mx\/index.php\/2019\/03\/08\/escandalo-orilla-al-secretario-de-turismo-de-colima-a-presentar-su-renuncia\/#breadcrumb\"},\"inLanguage\":\"es-MX\",\"potentialAction\":[{\"@type\":\"ReadAction\",\"target\":[\"https:\/\/nitu.mx\/index.php\/2019\/03\/08\/escandalo-orilla-al-secretario-de-turismo-de-colima-a-presentar-su-renuncia\/\"]}]},{\"@type\":\"ImageObject\",\"inLanguage\":\"es-MX\",\"@id\":\"https:\/\/nitu.mx\/index.php\/2019\/03\/08\/escandalo-orilla-al-secretario-de-turismo-de-colima-a-presentar-su-renuncia\/#primaryimage\",\"url\":\"https:\/\/nitu.mx\/wp-content\/uploads\/2019\/03\/colima.jpg\",\"contentUrl\":\"https:\/\/nitu.mx\/wp-content\/uploads\/2019\/03\/colima.jpg\",\"width\":850,\"height\":480,\"caption\":\"colima\"},{\"@type\":\"BreadcrumbList\",\"@id\":\"https:\/\/nitu.mx\/index.php\/2019\/03\/08\/escandalo-orilla-al-secretario-de-turismo-de-colima-a-presentar-su-renuncia\/#breadcrumb\",\"itemListElement\":[{\"@type\":\"ListItem\",\"position\":1,\"name\":\"Inicio\",\"item\":\"https:\/\/nitu.mx\/\"},{\"@type\":\"ListItem\",\"position\":2,\"name\":\"Esc\u00e1ndalo orilla al secretario de Turismo de Colima a presentar su renuncia\"}]},{\"@type\":\"WebSite\",\"@id\":\"https:\/\/nitu.mx\/#website\",\"url\":\"https:\/\/nitu.mx\/\",\"name\":\"Nitu - Noticias de la Industria Turistica\",\"description\":\"Noticias de la Industria Turistica\",\"publisher\":{\"@id\":\"https:\/\/nitu.mx\/#\/schema\/person\/ae7a53426417292d3dd07b45a33e01bc\"},\"alternateName\":\"Noticias de la Industria Turistica\",\"potentialAction\":[{\"@type\":\"SearchAction\",\"target\":{\"@type\":\"EntryPoint\",\"urlTemplate\":\"https:\/\/nitu.mx\/?s={search_term_string}\"},\"query-input\":\"required name=search_term_string\"}],\"inLanguage\":\"es-MX\"},{\"@type\":[\"Person\",\"Organization\"],\"@id\":\"https:\/\/nitu.mx\/#\/schema\/person\/ae7a53426417292d3dd07b45a33e01bc\",\"name\":\"Arturo Medina\",\"image\":{\"@type\":\"ImageObject\",\"inLanguage\":\"es-MX\",\"@id\":\"https:\/\/nitu.mx\/#\/schema\/person\/image\/\",\"url\":\"https:\/\/nitu.mx\/wp-content\/uploads\/2024\/04\/4A315622-1904-4D5C-B022-878CDC840E04-90x90-1.jpeg\",\"contentUrl\":\"https:\/\/nitu.mx\/wp-content\/uploads\/2024\/04\/4A315622-1904-4D5C-B022-878CDC840E04-90x90-1.jpeg\",\"width\":90,\"height\":90,\"caption\":\"Arturo Medina\"},\"logo\":{\"@id\":\"https:\/\/nitu.mx\/#\/schema\/person\/image\/\"},\"description\":\"Director NITU.mx, Egresado de la Escuela de Periodismo Carlos Septi\u00e9n Garc\u00eda. Periodista y analista especializado en turismo desde hace 35 a\u00f1os, radicado en Canc\u00fan Q.Roo. arturo@nitu.mx\",\"sameAs\":[\"https:\/\/nitu.mx\",\"https:\/\/www.facebook.com\/NITUmx\/\",\"medinacancun\",\"https:\/\/twitter.com\/@Arturo_Medina_G\"]},{\"@type\":\"Person\",\"@id\":\"https:\/\/nitu.mx\/#\/schema\/person\/afc52e313e27e660739556d421d3d6b4\",\"name\":\"Mari Soto\",\"image\":{\"@type\":\"ImageObject\",\"inLanguage\":\"es-MX\",\"@id\":\"https:\/\/nitu.mx\/#\/schema\/person\/image\/\",\"url\":\"https:\/\/secure.gravatar.com\/avatar\/2619c282a180a20d89fcaea82a6736e2?s=96&d=mm&r=g\",\"contentUrl\":\"https:\/\/secure.gravatar.com\/avatar\/2619c282a180a20d89fcaea82a6736e2?s=96&d=mm&r=g\",\"caption\":\"Mari Soto\"},\"sameAs\":[\"https:\/\/nitu.mx\"],\"url\":\"https:\/\/nitu.mx\/index.php\/author\/guadalupe\/\"}]}<\/script>\n<!-- \/ Yoast SEO plugin. -->","yoast_head_json":{"title":"Esc\u00e1ndalo orilla al secretario de Turismo de Colima a presentar su renuncia - Nitu - Noticias de la Industria Turistica","description":"La Secretar\u00eda de Turismo de Colima vuelve a quedar vacante en la administraci\u00f3n de Jos\u00e9 Ignacio Peralta S\u00e1nchez, pero ahora por el esc\u00e1ndalo que rodea a Efra\u00edn Angulo Rodr\u00edguez.","robots":{"index":"index","follow":"follow","max-snippet":"max-snippet:-1","max-image-preview":"max-image-preview:large","max-video-preview":"max-video-preview:-1"},"canonical":"https:\/\/nitu.mx\/index.php\/2019\/03\/08\/escandalo-orilla-al-secretario-de-turismo-de-colima-a-presentar-su-renuncia\/","twitter_card":"summary_large_image","twitter_title":"Esc\u00e1ndalo orilla al secretario de Turismo de Colima a presentar su renuncia - Nitu - Noticias de la Industria Turistica","twitter_description":"La Secretar\u00eda de Turismo de Colima vuelve a quedar vacante en la administraci\u00f3n de Jos\u00e9 Ignacio Peralta S\u00e1nchez, pero ahora por el esc\u00e1ndalo que rodea a Efra\u00edn Angulo Rodr\u00edguez.","twitter_image":"https:\/\/nitu.mx\/wp-content\/uploads\/2019\/03\/colima.jpg","twitter_creator":"@NITUmx","twitter_site":"@Arturo_Medina_G","twitter_misc":{"Escrito por":"Mari Soto","Tiempo de lectura":"2 minutos"},"schema":{"@context":"https:\/\/schema.org","@graph":[{"@type":"Article","@id":"https:\/\/nitu.mx\/index.php\/2019\/03\/08\/escandalo-orilla-al-secretario-de-turismo-de-colima-a-presentar-su-renuncia\/#article","isPartOf":{"@id":"https:\/\/nitu.mx\/index.php\/2019\/03\/08\/escandalo-orilla-al-secretario-de-turismo-de-colima-a-presentar-su-renuncia\/"},"author":{"name":"Mari Soto","@id":"https:\/\/nitu.mx\/#\/schema\/person\/afc52e313e27e660739556d421d3d6b4"},"headline":"Esc\u00e1ndalo orilla al secretario de Turismo de Colima a presentar su renuncia","datePublished":"2019-03-08T06:05:15+00:00","dateModified":"2019-03-08T07:08:22+00:00","mainEntityOfPage":{"@id":"https:\/\/nitu.mx\/index.php\/2019\/03\/08\/escandalo-orilla-al-secretario-de-turismo-de-colima-a-presentar-su-renuncia\/"},"wordCount":383,"commentCount":0,"publisher":{"@id":"https:\/\/nitu.mx\/#\/schema\/person\/ae7a53426417292d3dd07b45a33e01bc"},"image":{"@id":"https:\/\/nitu.mx\/index.php\/2019\/03\/08\/escandalo-orilla-al-secretario-de-turismo-de-colima-a-presentar-su-renuncia\/#primaryimage"},"thumbnailUrl":"https:\/\/nitu.mx\/wp-content\/uploads\/2019\/03\/colima.jpg","keywords":["Colima","Efra\u00edn Angulo Rodr\u00edguez","Jos\u00e9 Ignacio Peralta S\u00e1nchez"],"articleSection":["Destinos"],"inLanguage":"es-MX","potentialAction":[{"@type":"CommentAction","name":"Comment","target":["https:\/\/nitu.mx\/index.php\/2019\/03\/08\/escandalo-orilla-al-secretario-de-turismo-de-colima-a-presentar-su-renuncia\/#respond"]}]},{"@type":"WebPage","@id":"https:\/\/nitu.mx\/index.php\/2019\/03\/08\/escandalo-orilla-al-secretario-de-turismo-de-colima-a-presentar-su-renuncia\/","url":"https:\/\/nitu.mx\/index.php\/2019\/03\/08\/escandalo-orilla-al-secretario-de-turismo-de-colima-a-presentar-su-renuncia\/","name":"Esc\u00e1ndalo orilla al secretario de Turismo de Colima a presentar su renuncia - Nitu - Noticias de la Industria Turistica","isPartOf":{"@id":"https:\/\/nitu.mx\/#website"},"primaryImageOfPage":{"@id":"https:\/\/nitu.mx\/index.php\/2019\/03\/08\/escandalo-orilla-al-secretario-de-turismo-de-colima-a-presentar-su-renuncia\/#primaryimage"},"image":{"@id":"https:\/\/nitu.mx\/index.php\/2019\/03\/08\/escandalo-orilla-al-secretario-de-turismo-de-colima-a-presentar-su-renuncia\/#primaryimage"},"thumbnailUrl":"https:\/\/nitu.mx\/wp-content\/uploads\/2019\/03\/colima.jpg","datePublished":"2019-03-08T06:05:15+00:00","dateModified":"2019-03-08T07:08:22+00:00","description":"La Secretar\u00eda de Turismo de Colima vuelve a quedar vacante en la administraci\u00f3n de Jos\u00e9 Ignacio Peralta S\u00e1nchez, pero ahora por el esc\u00e1ndalo que rodea a Efra\u00edn Angulo Rodr\u00edguez.","breadcrumb":{"@id":"https:\/\/nitu.mx\/index.php\/2019\/03\/08\/escandalo-orilla-al-secretario-de-turismo-de-colima-a-presentar-su-renuncia\/#breadcrumb"},"inLanguage":"es-MX","potentialAction":[{"@type":"ReadAction","target":["https:\/\/nitu.mx\/index.php\/2019\/03\/08\/escandalo-orilla-al-secretario-de-turismo-de-colima-a-presentar-su-renuncia\/"]}]},{"@type":"ImageObject","inLanguage":"es-MX","@id":"https:\/\/nitu.mx\/index.php\/2019\/03\/08\/escandalo-orilla-al-secretario-de-turismo-de-colima-a-presentar-su-renuncia\/#primaryimage","url":"https:\/\/nitu.mx\/wp-content\/uploads\/2019\/03\/colima.jpg","contentUrl":"https:\/\/nitu.mx\/wp-content\/uploads\/2019\/03\/colima.jpg","width":850,"height":480,"caption":"colima"},{"@type":"BreadcrumbList","@id":"https:\/\/nitu.mx\/index.php\/2019\/03\/08\/escandalo-orilla-al-secretario-de-turismo-de-colima-a-presentar-su-renuncia\/#breadcrumb","itemListElement":[{"@type":"ListItem","position":1,"name":"Inicio","item":"https:\/\/nitu.mx\/"},{"@type":"ListItem","position":2,"name":"Esc\u00e1ndalo orilla al secretario de Turismo de Colima a presentar su renuncia"}]},{"@type":"WebSite","@id":"https:\/\/nitu.mx\/#website","url":"https:\/\/nitu.mx\/","name":"Nitu - Noticias de la Industria Turistica","description":"Noticias de la Industria Turistica","publisher":{"@id":"https:\/\/nitu.mx\/#\/schema\/person\/ae7a53426417292d3dd07b45a33e01bc"},"alternateName":"Noticias de la Industria Turistica","potentialAction":[{"@type":"SearchAction","target":{"@type":"EntryPoint","urlTemplate":"https:\/\/nitu.mx\/?s={search_term_string}"},"query-input":"required name=search_term_string"}],"inLanguage":"es-MX"},{"@type":["Person","Organization"],"@id":"https:\/\/nitu.mx\/#\/schema\/person\/ae7a53426417292d3dd07b45a33e01bc","name":"Arturo Medina","image":{"@type":"ImageObject","inLanguage":"es-MX","@id":"https:\/\/nitu.mx\/#\/schema\/person\/image\/","url":"https:\/\/nitu.mx\/wp-content\/uploads\/2024\/04\/4A315622-1904-4D5C-B022-878CDC840E04-90x90-1.jpeg","contentUrl":"https:\/\/nitu.mx\/wp-content\/uploads\/2024\/04\/4A315622-1904-4D5C-B022-878CDC840E04-90x90-1.jpeg","width":90,"height":90,"caption":"Arturo Medina"},"logo":{"@id":"https:\/\/nitu.mx\/#\/schema\/person\/image\/"},"description":"Director NITU.mx, Egresado de la Escuela de Periodismo Carlos Septi\u00e9n Garc\u00eda. Periodista y analista especializado en turismo desde hace 35 a\u00f1os, radicado en Canc\u00fan Q.Roo. arturo@nitu.mx","sameAs":["https:\/\/nitu.mx","https:\/\/www.facebook.com\/NITUmx\/","medinacancun","https:\/\/twitter.com\/@Arturo_Medina_G"]},{"@type":"Person","@id":"https:\/\/nitu.mx\/#\/schema\/person\/afc52e313e27e660739556d421d3d6b4","name":"Mari Soto","image":{"@type":"ImageObject","inLanguage":"es-MX","@id":"https:\/\/nitu.mx\/#\/schema\/person\/image\/","url":"https:\/\/secure.gravatar.com\/avatar\/2619c282a180a20d89fcaea82a6736e2?s=96&d=mm&r=g","contentUrl":"https:\/\/secure.gravatar.com\/avatar\/2619c282a180a20d89fcaea82a6736e2?s=96&d=mm&r=g","caption":"Mari Soto"},"sameAs":["https:\/\/nitu.mx"],"url":"https:\/\/nitu.mx\/index.php\/author\/guadalupe\/"}]}},"views":449,"_links":{"self":[{"href":"https:\/\/nitu.mx\/index.php\/wp-json\/wp\/v2\/posts\/29904"}],"collection":[{"href":"https:\/\/nitu.mx\/index.php\/wp-json\/wp\/v2\/posts"}],"about":[{"href":"https:\/\/nitu.mx\/index.php\/wp-json\/wp\/v2\/types\/post"}],"author":[{"embeddable":true,"href":"https:\/\/nitu.mx\/index.php\/wp-json\/wp\/v2\/users\/5"}],"replies":[{"embeddable":true,"href":"https:\/\/nitu.mx\/index.php\/wp-json\/wp\/v2\/comments?post=29904"}],"version-history":[{"count":2,"href":"https:\/\/nitu.mx\/index.php\/wp-json\/wp\/v2\/posts\/29904\/revisions"}],"predecessor-version":[{"id":29914,"href":"https:\/\/nitu.mx\/index.php\/wp-json\/wp\/v2\/posts\/29904\/revisions\/29914"}],"wp:featuredmedia":[{"embeddable":true,"href":"https:\/\/nitu.mx\/index.php\/wp-json\/wp\/v2\/media\/29913"}],"wp:attachment":[{"href":"https:\/\/nitu.mx\/index.php\/wp-json\/wp\/v2\/media?parent=29904"}],"wp:term":[{"taxonomy":"category","embeddable":true,"href":"https:\/\/nitu.mx\/index.php\/wp-json\/wp\/v2\/categories?post=29904"},{"taxonomy":"post_tag","embeddable":true,"href":"https:\/\/nitu.mx\/index.php\/wp-json\/wp\/v2\/tags?post=29904"}],"curies":[{"name":"wp","href":"https:\/\/api.w.org\/{rel}","templated":true}]}}