{"id":29856,"date":"2019-03-07T01:38:36","date_gmt":"2019-03-07T06:38:36","guid":{"rendered":"https:\/\/www.dev.nitu.mx\/?p=29856"},"modified":"2019-03-07T02:21:54","modified_gmt":"2019-03-07T07:21:54","slug":"mantiene-interjet-tendencia-a-la-alza-en-la-transportacion-de-pasajeros-en-rutas-internacionales","status":"publish","type":"post","link":"https:\/\/nitu.mx\/index.php\/2019\/03\/07\/mantiene-interjet-tendencia-a-la-alza-en-la-transportacion-de-pasajeros-en-rutas-internacionales\/","title":{"rendered":"Mantiene Interjet tendencia a la alza en la transportaci\u00f3n de pasajeros en rutas internacionales"},"content":{"rendered":"<p>Interjet mantiene una tendencia a la alza en la transportaci\u00f3n de pasajeros en rutas internacionales, muestra de ello son los resultados que report\u00f3 la aerol\u00ednea durante el pasado mes de febrero, en los cuales destaca la movilizaci\u00f3n de 299 mil 610 pasajeros en dichas rutas, lo que se tradujo en un incremento del 30 por ciento en comparaci\u00f3n con el mismo mes del 2018.<br \/>\nEste comportamiento positivo es resultado de la apertura de nuevas rutas a nivel internacional, as\u00ed como a la preferencia de servicio y calidad por parte de los viajeros de placer y negocios.<\/p>\n<p>Durante 2018, la empresa transport\u00f3 en operaciones internacionales a 3 millones 708 mil 711 pasajeros, reportando as\u00ed un crecimiento del 33.9 por ciento respecto a cifras del 2017.<\/p>\n<p>En el transcurso de febrero pasado, Interjet registr\u00f3 un incremento del 15.5 por ciento en el n\u00famero de asientos, con relaci\u00f3n a la cifra registrada en igual mes de 2018, al haber ofertado 382 mil 599 de \u00e9stos en rutas internacionales durante sus m\u00e1s de 2 mil 556 operaciones, mismas que alcanzaron un factor ocupacional del 80 por ciento, gracias al crecimiento de 5 puntos porcentuales en este indicador.<\/p>\n<p>La aerol\u00ednea alcanz\u00f3 un crecimiento del 5.7 por ciento en el total de usuarios transportados durante el segundo mes del a\u00f1o en curso, ya que logr\u00f3 movilizar a un total de 987 mil 64 pasajeros en vuelos nacionales e internacionales.<br \/>\nInterjet se distingue por ser una empresa que brinda una alta experiencia de viaje, con un conjunto \u00fanico de servicios que proporciona a los viajeros el equilibrio perfecto entre costo y beneficio; tal es el caso de su pol\u00edtica de no sobreventa, disfrutar del mayor espacio entre asientos de su categor\u00eda en el continente americano, snacks y bebidas sin costo, as\u00ed como la posibilidad de documentar hasta 50 kilogramos de equipaje en tarifa Priority, entre otros.<\/p>\n","protected":false},"excerpt":{"rendered":"<p>Interjet mantiene una tendencia a la alza en la transportaci\u00f3n de pasajeros en rutas internacionales, muestra de ello son los resultados que report\u00f3 la aerol\u00ednea durante el pasado mes de febrero, en los cuales destaca la movilizaci\u00f3n de 299 mil 610 pasajeros en dichas rutas, lo que se tradujo en un incremento del 30 por [&hellip;]<\/p>\n","protected":false},"author":3,"featured_media":21961,"comment_status":"open","ping_status":"open","sticky":false,"template":"","format":"standard","meta":{"footnotes":""},"categories":[29],"tags":[125,172,11652,10612],"yoast_head":"<!-- This site is optimized with the Yoast SEO plugin v22.2 - https:\/\/yoast.com\/wordpress\/plugins\/seo\/ -->\n<title>Mantiene Interjet tendencia a la alza en la transportaci\u00f3n de pasajeros en rutas internacionales - Nitu - Noticias de la Industria Turistica<\/title>\n<meta name=\"robots\" content=\"index, follow, max-snippet:-1, max-image-preview:large, max-video-preview:-1\" \/>\n<link rel=\"canonical\" href=\"https:\/\/nitu.mx\/index.php\/2019\/03\/07\/mantiene-interjet-tendencia-a-la-alza-en-la-transportacion-de-pasajeros-en-rutas-internacionales\/\" \/>\n<meta name=\"twitter:card\" content=\"summary_large_image\" \/>\n<meta name=\"twitter:title\" content=\"Mantiene Interjet tendencia a la alza en la transportaci\u00f3n de pasajeros en rutas internacionales - Nitu - Noticias de la Industria Turistica\" \/>\n<meta name=\"twitter:description\" content=\"Interjet mantiene una tendencia a la alza en la transportaci\u00f3n de pasajeros en rutas internacionales, muestra de ello son los resultados que report\u00f3 la aerol\u00ednea durante el pasado mes de febrero, en los cuales destaca la movilizaci\u00f3n de 299 mil 610 pasajeros en dichas rutas, lo que se tradujo en un incremento del 30 por [&hellip;]\" \/>\n<meta name=\"twitter:image\" content=\"https:\/\/nitu.mx\/wp-content\/uploads\/2018\/06\/interjet.jpg\" \/>\n<meta name=\"twitter:creator\" content=\"@NITUmx\" \/>\n<meta name=\"twitter:site\" content=\"@Arturo_Medina_G\" \/>\n<meta name=\"twitter:label1\" content=\"Escrito por\" \/>\n\t<meta name=\"twitter:data1\" content=\"Alejandra Moncisbays\" \/>\n\t<meta name=\"twitter:label2\" content=\"Tiempo de lectura\" \/>\n\t<meta name=\"twitter:data2\" content=\"1 minuto\" \/>\n<script type=\"application\/ld+json\" class=\"yoast-schema-graph\">{\"@context\":\"https:\/\/schema.org\",\"@graph\":[{\"@type\":\"Article\",\"@id\":\"https:\/\/nitu.mx\/index.php\/2019\/03\/07\/mantiene-interjet-tendencia-a-la-alza-en-la-transportacion-de-pasajeros-en-rutas-internacionales\/#article\",\"isPartOf\":{\"@id\":\"https:\/\/nitu.mx\/index.php\/2019\/03\/07\/mantiene-interjet-tendencia-a-la-alza-en-la-transportacion-de-pasajeros-en-rutas-internacionales\/\"},\"author\":{\"name\":\"Alejandra Moncisbays\",\"@id\":\"https:\/\/nitu.mx\/#\/schema\/person\/2ecd887b19dfd3382d1f14fc5acf24a8\"},\"headline\":\"Mantiene Interjet tendencia a la alza en la transportaci\u00f3n de pasajeros en rutas internacionales\",\"datePublished\":\"2019-03-07T06:38:36+00:00\",\"dateModified\":\"2019-03-07T07:21:54+00:00\",\"mainEntityOfPage\":{\"@id\":\"https:\/\/nitu.mx\/index.php\/2019\/03\/07\/mantiene-interjet-tendencia-a-la-alza-en-la-transportacion-de-pasajeros-en-rutas-internacionales\/\"},\"wordCount\":313,\"commentCount\":0,\"publisher\":{\"@id\":\"https:\/\/nitu.mx\/#\/schema\/person\/ae7a53426417292d3dd07b45a33e01bc\"},\"image\":{\"@id\":\"https:\/\/nitu.mx\/index.php\/2019\/03\/07\/mantiene-interjet-tendencia-a-la-alza-en-la-transportacion-de-pasajeros-en-rutas-internacionales\/#primaryimage\"},\"thumbnailUrl\":\"https:\/\/nitu.mx\/wp-content\/uploads\/2018\/06\/interjet.jpg\",\"keywords\":[\"Ciudad de M\u00e9xico\",\"Interjet\",\"Priority\",\"rutas internacionales\"],\"articleSection\":[\"Aerol\u00edneas\"],\"inLanguage\":\"es-MX\",\"potentialAction\":[{\"@type\":\"CommentAction\",\"name\":\"Comment\",\"target\":[\"https:\/\/nitu.mx\/index.php\/2019\/03\/07\/mantiene-interjet-tendencia-a-la-alza-en-la-transportacion-de-pasajeros-en-rutas-internacionales\/#respond\"]}]},{\"@type\":\"WebPage\",\"@id\":\"https:\/\/nitu.mx\/index.php\/2019\/03\/07\/mantiene-interjet-tendencia-a-la-alza-en-la-transportacion-de-pasajeros-en-rutas-internacionales\/\",\"url\":\"https:\/\/nitu.mx\/index.php\/2019\/03\/07\/mantiene-interjet-tendencia-a-la-alza-en-la-transportacion-de-pasajeros-en-rutas-internacionales\/\",\"name\":\"Mantiene Interjet tendencia a la alza en la transportaci\u00f3n de pasajeros en rutas internacionales - Nitu - Noticias de la Industria Turistica\",\"isPartOf\":{\"@id\":\"https:\/\/nitu.mx\/#website\"},\"primaryImageOfPage\":{\"@id\":\"https:\/\/nitu.mx\/index.php\/2019\/03\/07\/mantiene-interjet-tendencia-a-la-alza-en-la-transportacion-de-pasajeros-en-rutas-internacionales\/#primaryimage\"},\"image\":{\"@id\":\"https:\/\/nitu.mx\/index.php\/2019\/03\/07\/mantiene-interjet-tendencia-a-la-alza-en-la-transportacion-de-pasajeros-en-rutas-internacionales\/#primaryimage\"},\"thumbnailUrl\":\"https:\/\/nitu.mx\/wp-content\/uploads\/2018\/06\/interjet.jpg\",\"datePublished\":\"2019-03-07T06:38:36+00:00\",\"dateModified\":\"2019-03-07T07:21:54+00:00\",\"breadcrumb\":{\"@id\":\"https:\/\/nitu.mx\/index.php\/2019\/03\/07\/mantiene-interjet-tendencia-a-la-alza-en-la-transportacion-de-pasajeros-en-rutas-internacionales\/#breadcrumb\"},\"inLanguage\":\"es-MX\",\"potentialAction\":[{\"@type\":\"ReadAction\",\"target\":[\"https:\/\/nitu.mx\/index.php\/2019\/03\/07\/mantiene-interjet-tendencia-a-la-alza-en-la-transportacion-de-pasajeros-en-rutas-internacionales\/\"]}]},{\"@type\":\"ImageObject\",\"inLanguage\":\"es-MX\",\"@id\":\"https:\/\/nitu.mx\/index.php\/2019\/03\/07\/mantiene-interjet-tendencia-a-la-alza-en-la-transportacion-de-pasajeros-en-rutas-internacionales\/#primaryimage\",\"url\":\"https:\/\/nitu.mx\/wp-content\/uploads\/2018\/06\/interjet.jpg\",\"contentUrl\":\"https:\/\/nitu.mx\/wp-content\/uploads\/2018\/06\/interjet.jpg\",\"width\":850,\"height\":480,\"caption\":\"interjet\"},{\"@type\":\"BreadcrumbList\",\"@id\":\"https:\/\/nitu.mx\/index.php\/2019\/03\/07\/mantiene-interjet-tendencia-a-la-alza-en-la-transportacion-de-pasajeros-en-rutas-internacionales\/#breadcrumb\",\"itemListElement\":[{\"@type\":\"ListItem\",\"position\":1,\"name\":\"Inicio\",\"item\":\"https:\/\/nitu.mx\/\"},{\"@type\":\"ListItem\",\"position\":2,\"name\":\"Mantiene Interjet tendencia a la alza en la transportaci\u00f3n de pasajeros en rutas internacionales\"}]},{\"@type\":\"WebSite\",\"@id\":\"https:\/\/nitu.mx\/#website\",\"url\":\"https:\/\/nitu.mx\/\",\"name\":\"Nitu - Noticias de la Industria Turistica\",\"description\":\"Noticias de la Industria Turistica\",\"publisher\":{\"@id\":\"https:\/\/nitu.mx\/#\/schema\/person\/ae7a53426417292d3dd07b45a33e01bc\"},\"alternateName\":\"Noticias de la Industria Turistica\",\"potentialAction\":[{\"@type\":\"SearchAction\",\"target\":{\"@type\":\"EntryPoint\",\"urlTemplate\":\"https:\/\/nitu.mx\/?s={search_term_string}\"},\"query-input\":\"required name=search_term_string\"}],\"inLanguage\":\"es-MX\"},{\"@type\":[\"Person\",\"Organization\"],\"@id\":\"https:\/\/nitu.mx\/#\/schema\/person\/ae7a53426417292d3dd07b45a33e01bc\",\"name\":\"Arturo Medina\",\"image\":{\"@type\":\"ImageObject\",\"inLanguage\":\"es-MX\",\"@id\":\"https:\/\/nitu.mx\/#\/schema\/person\/image\/\",\"url\":\"https:\/\/nitu.mx\/wp-content\/uploads\/2024\/04\/4A315622-1904-4D5C-B022-878CDC840E04-90x90-1.jpeg\",\"contentUrl\":\"https:\/\/nitu.mx\/wp-content\/uploads\/2024\/04\/4A315622-1904-4D5C-B022-878CDC840E04-90x90-1.jpeg\",\"width\":90,\"height\":90,\"caption\":\"Arturo Medina\"},\"logo\":{\"@id\":\"https:\/\/nitu.mx\/#\/schema\/person\/image\/\"},\"description\":\"Director NITU.mx, Egresado de la Escuela de Periodismo Carlos Septi\u00e9n Garc\u00eda. Periodista y analista especializado en turismo desde hace 35 a\u00f1os, radicado en Canc\u00fan Q.Roo. arturo@nitu.mx\",\"sameAs\":[\"https:\/\/nitu.mx\",\"https:\/\/www.facebook.com\/NITUmx\/\",\"medinacancun\",\"https:\/\/twitter.com\/@Arturo_Medina_G\"]},{\"@type\":\"Person\",\"@id\":\"https:\/\/nitu.mx\/#\/schema\/person\/2ecd887b19dfd3382d1f14fc5acf24a8\",\"name\":\"Alejandra Moncisbays\",\"image\":{\"@type\":\"ImageObject\",\"inLanguage\":\"es-MX\",\"@id\":\"https:\/\/nitu.mx\/#\/schema\/person\/image\/\",\"url\":\"https:\/\/secure.gravatar.com\/avatar\/e74f7af0be172b7804dacfd0bfbef787?s=96&d=mm&r=g\",\"contentUrl\":\"https:\/\/secure.gravatar.com\/avatar\/e74f7af0be172b7804dacfd0bfbef787?s=96&d=mm&r=g\",\"caption\":\"Alejandra Moncisbays\"},\"description\":\"Curs\u00e9 la carrera de Periodismo y Comunicaci\u00f3n en la Facultad de Estudios Profesionales Acatl\u00e1n. Vivo en Canc\u00fan desde hace 24 a\u00f1os. Fui reportera de La Tarde de Canc\u00fan, y Novedades de Quintana Roo, colabor\u00e9 en TVCUN, edit\u00e9 Cancun\u00edssimo y colabor\u00e9 en las revistas Latitud21, entre otras, con principal enfoque en los sectores empresarial y tur\u00edstico. Desde hace varios a\u00f1os soy Agente de Seguros con c\u00e9dula de la Comisi\u00f3n Nacional de Seguros y Fianzas. Actualmente, me desarrollo en los \u00e1mbitos del periodismo y el sector asegurador.\",\"sameAs\":[\"https:\/\/nitu.mx\"],\"url\":\"https:\/\/nitu.mx\/index.php\/author\/alejandra\/\"}]}<\/script>\n<!-- \/ Yoast SEO plugin. -->","yoast_head_json":{"title":"Mantiene Interjet tendencia a la alza en la transportaci\u00f3n de pasajeros en rutas internacionales - Nitu - Noticias de la Industria Turistica","robots":{"index":"index","follow":"follow","max-snippet":"max-snippet:-1","max-image-preview":"max-image-preview:large","max-video-preview":"max-video-preview:-1"},"canonical":"https:\/\/nitu.mx\/index.php\/2019\/03\/07\/mantiene-interjet-tendencia-a-la-alza-en-la-transportacion-de-pasajeros-en-rutas-internacionales\/","twitter_card":"summary_large_image","twitter_title":"Mantiene Interjet tendencia a la alza en la transportaci\u00f3n de pasajeros en rutas internacionales - Nitu - Noticias de la Industria Turistica","twitter_description":"Interjet mantiene una tendencia a la alza en la transportaci\u00f3n de pasajeros en rutas internacionales, muestra de ello son los resultados que report\u00f3 la aerol\u00ednea durante el pasado mes de febrero, en los cuales destaca la movilizaci\u00f3n de 299 mil 610 pasajeros en dichas rutas, lo que se tradujo en un incremento del 30 por [&hellip;]","twitter_image":"https:\/\/nitu.mx\/wp-content\/uploads\/2018\/06\/interjet.jpg","twitter_creator":"@NITUmx","twitter_site":"@Arturo_Medina_G","twitter_misc":{"Escrito por":"Alejandra Moncisbays","Tiempo de lectura":"1 minuto"},"schema":{"@context":"https:\/\/schema.org","@graph":[{"@type":"Article","@id":"https:\/\/nitu.mx\/index.php\/2019\/03\/07\/mantiene-interjet-tendencia-a-la-alza-en-la-transportacion-de-pasajeros-en-rutas-internacionales\/#article","isPartOf":{"@id":"https:\/\/nitu.mx\/index.php\/2019\/03\/07\/mantiene-interjet-tendencia-a-la-alza-en-la-transportacion-de-pasajeros-en-rutas-internacionales\/"},"author":{"name":"Alejandra Moncisbays","@id":"https:\/\/nitu.mx\/#\/schema\/person\/2ecd887b19dfd3382d1f14fc5acf24a8"},"headline":"Mantiene Interjet tendencia a la alza en la transportaci\u00f3n de pasajeros en rutas internacionales","datePublished":"2019-03-07T06:38:36+00:00","dateModified":"2019-03-07T07:21:54+00:00","mainEntityOfPage":{"@id":"https:\/\/nitu.mx\/index.php\/2019\/03\/07\/mantiene-interjet-tendencia-a-la-alza-en-la-transportacion-de-pasajeros-en-rutas-internacionales\/"},"wordCount":313,"commentCount":0,"publisher":{"@id":"https:\/\/nitu.mx\/#\/schema\/person\/ae7a53426417292d3dd07b45a33e01bc"},"image":{"@id":"https:\/\/nitu.mx\/index.php\/2019\/03\/07\/mantiene-interjet-tendencia-a-la-alza-en-la-transportacion-de-pasajeros-en-rutas-internacionales\/#primaryimage"},"thumbnailUrl":"https:\/\/nitu.mx\/wp-content\/uploads\/2018\/06\/interjet.jpg","keywords":["Ciudad de M\u00e9xico","Interjet","Priority","rutas internacionales"],"articleSection":["Aerol\u00edneas"],"inLanguage":"es-MX","potentialAction":[{"@type":"CommentAction","name":"Comment","target":["https:\/\/nitu.mx\/index.php\/2019\/03\/07\/mantiene-interjet-tendencia-a-la-alza-en-la-transportacion-de-pasajeros-en-rutas-internacionales\/#respond"]}]},{"@type":"WebPage","@id":"https:\/\/nitu.mx\/index.php\/2019\/03\/07\/mantiene-interjet-tendencia-a-la-alza-en-la-transportacion-de-pasajeros-en-rutas-internacionales\/","url":"https:\/\/nitu.mx\/index.php\/2019\/03\/07\/mantiene-interjet-tendencia-a-la-alza-en-la-transportacion-de-pasajeros-en-rutas-internacionales\/","name":"Mantiene Interjet tendencia a la alza en la transportaci\u00f3n de pasajeros en rutas internacionales - Nitu - Noticias de la Industria Turistica","isPartOf":{"@id":"https:\/\/nitu.mx\/#website"},"primaryImageOfPage":{"@id":"https:\/\/nitu.mx\/index.php\/2019\/03\/07\/mantiene-interjet-tendencia-a-la-alza-en-la-transportacion-de-pasajeros-en-rutas-internacionales\/#primaryimage"},"image":{"@id":"https:\/\/nitu.mx\/index.php\/2019\/03\/07\/mantiene-interjet-tendencia-a-la-alza-en-la-transportacion-de-pasajeros-en-rutas-internacionales\/#primaryimage"},"thumbnailUrl":"https:\/\/nitu.mx\/wp-content\/uploads\/2018\/06\/interjet.jpg","datePublished":"2019-03-07T06:38:36+00:00","dateModified":"2019-03-07T07:21:54+00:00","breadcrumb":{"@id":"https:\/\/nitu.mx\/index.php\/2019\/03\/07\/mantiene-interjet-tendencia-a-la-alza-en-la-transportacion-de-pasajeros-en-rutas-internacionales\/#breadcrumb"},"inLanguage":"es-MX","potentialAction":[{"@type":"ReadAction","target":["https:\/\/nitu.mx\/index.php\/2019\/03\/07\/mantiene-interjet-tendencia-a-la-alza-en-la-transportacion-de-pasajeros-en-rutas-internacionales\/"]}]},{"@type":"ImageObject","inLanguage":"es-MX","@id":"https:\/\/nitu.mx\/index.php\/2019\/03\/07\/mantiene-interjet-tendencia-a-la-alza-en-la-transportacion-de-pasajeros-en-rutas-internacionales\/#primaryimage","url":"https:\/\/nitu.mx\/wp-content\/uploads\/2018\/06\/interjet.jpg","contentUrl":"https:\/\/nitu.mx\/wp-content\/uploads\/2018\/06\/interjet.jpg","width":850,"height":480,"caption":"interjet"},{"@type":"BreadcrumbList","@id":"https:\/\/nitu.mx\/index.php\/2019\/03\/07\/mantiene-interjet-tendencia-a-la-alza-en-la-transportacion-de-pasajeros-en-rutas-internacionales\/#breadcrumb","itemListElement":[{"@type":"ListItem","position":1,"name":"Inicio","item":"https:\/\/nitu.mx\/"},{"@type":"ListItem","position":2,"name":"Mantiene Interjet tendencia a la alza en la transportaci\u00f3n de pasajeros en rutas internacionales"}]},{"@type":"WebSite","@id":"https:\/\/nitu.mx\/#website","url":"https:\/\/nitu.mx\/","name":"Nitu - Noticias de la Industria Turistica","description":"Noticias de la Industria Turistica","publisher":{"@id":"https:\/\/nitu.mx\/#\/schema\/person\/ae7a53426417292d3dd07b45a33e01bc"},"alternateName":"Noticias de la Industria Turistica","potentialAction":[{"@type":"SearchAction","target":{"@type":"EntryPoint","urlTemplate":"https:\/\/nitu.mx\/?s={search_term_string}"},"query-input":"required name=search_term_string"}],"inLanguage":"es-MX"},{"@type":["Person","Organization"],"@id":"https:\/\/nitu.mx\/#\/schema\/person\/ae7a53426417292d3dd07b45a33e01bc","name":"Arturo Medina","image":{"@type":"ImageObject","inLanguage":"es-MX","@id":"https:\/\/nitu.mx\/#\/schema\/person\/image\/","url":"https:\/\/nitu.mx\/wp-content\/uploads\/2024\/04\/4A315622-1904-4D5C-B022-878CDC840E04-90x90-1.jpeg","contentUrl":"https:\/\/nitu.mx\/wp-content\/uploads\/2024\/04\/4A315622-1904-4D5C-B022-878CDC840E04-90x90-1.jpeg","width":90,"height":90,"caption":"Arturo Medina"},"logo":{"@id":"https:\/\/nitu.mx\/#\/schema\/person\/image\/"},"description":"Director NITU.mx, Egresado de la Escuela de Periodismo Carlos Septi\u00e9n Garc\u00eda. Periodista y analista especializado en turismo desde hace 35 a\u00f1os, radicado en Canc\u00fan Q.Roo. arturo@nitu.mx","sameAs":["https:\/\/nitu.mx","https:\/\/www.facebook.com\/NITUmx\/","medinacancun","https:\/\/twitter.com\/@Arturo_Medina_G"]},{"@type":"Person","@id":"https:\/\/nitu.mx\/#\/schema\/person\/2ecd887b19dfd3382d1f14fc5acf24a8","name":"Alejandra Moncisbays","image":{"@type":"ImageObject","inLanguage":"es-MX","@id":"https:\/\/nitu.mx\/#\/schema\/person\/image\/","url":"https:\/\/secure.gravatar.com\/avatar\/e74f7af0be172b7804dacfd0bfbef787?s=96&d=mm&r=g","contentUrl":"https:\/\/secure.gravatar.com\/avatar\/e74f7af0be172b7804dacfd0bfbef787?s=96&d=mm&r=g","caption":"Alejandra Moncisbays"},"description":"Curs\u00e9 la carrera de Periodismo y Comunicaci\u00f3n en la Facultad de Estudios Profesionales Acatl\u00e1n. Vivo en Canc\u00fan desde hace 24 a\u00f1os. Fui reportera de La Tarde de Canc\u00fan, y Novedades de Quintana Roo, colabor\u00e9 en TVCUN, edit\u00e9 Cancun\u00edssimo y colabor\u00e9 en las revistas Latitud21, entre otras, con principal enfoque en los sectores empresarial y tur\u00edstico. Desde hace varios a\u00f1os soy Agente de Seguros con c\u00e9dula de la Comisi\u00f3n Nacional de Seguros y Fianzas. Actualmente, me desarrollo en los \u00e1mbitos del periodismo y el sector asegurador.","sameAs":["https:\/\/nitu.mx"],"url":"https:\/\/nitu.mx\/index.php\/author\/alejandra\/"}]}},"views":188,"_links":{"self":[{"href":"https:\/\/nitu.mx\/index.php\/wp-json\/wp\/v2\/posts\/29856"}],"collection":[{"href":"https:\/\/nitu.mx\/index.php\/wp-json\/wp\/v2\/posts"}],"about":[{"href":"https:\/\/nitu.mx\/index.php\/wp-json\/wp\/v2\/types\/post"}],"author":[{"embeddable":true,"href":"https:\/\/nitu.mx\/index.php\/wp-json\/wp\/v2\/users\/3"}],"replies":[{"embeddable":true,"href":"https:\/\/nitu.mx\/index.php\/wp-json\/wp\/v2\/comments?post=29856"}],"version-history":[{"count":1,"href":"https:\/\/nitu.mx\/index.php\/wp-json\/wp\/v2\/posts\/29856\/revisions"}],"predecessor-version":[{"id":29873,"href":"https:\/\/nitu.mx\/index.php\/wp-json\/wp\/v2\/posts\/29856\/revisions\/29873"}],"wp:featuredmedia":[{"embeddable":true,"href":"https:\/\/nitu.mx\/index.php\/wp-json\/wp\/v2\/media\/21961"}],"wp:attachment":[{"href":"https:\/\/nitu.mx\/index.php\/wp-json\/wp\/v2\/media?parent=29856"}],"wp:term":[{"taxonomy":"category","embeddable":true,"href":"https:\/\/nitu.mx\/index.php\/wp-json\/wp\/v2\/categories?post=29856"},{"taxonomy":"post_tag","embeddable":true,"href":"https:\/\/nitu.mx\/index.php\/wp-json\/wp\/v2\/tags?post=29856"}],"curies":[{"name":"wp","href":"https:\/\/api.w.org\/{rel}","templated":true}]}}