{"id":29811,"date":"2019-03-06T01:27:39","date_gmt":"2019-03-06T06:27:39","guid":{"rendered":"https:\/\/www.dev.nitu.mx\/?p=29811"},"modified":"2019-03-06T07:51:25","modified_gmt":"2019-03-06T12:51:25","slug":"para-impulsar-los-destinos-de-qr-en-europa-participa-caribe-mexicano-en-itb-berlin","status":"publish","type":"post","link":"https:\/\/nitu.mx\/index.php\/2019\/03\/06\/para-impulsar-los-destinos-de-qr-en-europa-participa-caribe-mexicano-en-itb-berlin\/","title":{"rendered":"Para impulsar los destinos de QR en Europa, participa Caribe Mexicano en ITB Berl\u00edn"},"content":{"rendered":"<p>La delegaci\u00f3n del Caribe Mexicano, encabezada por la secretaria de Turismo, Marisol Vanegas P\u00e9rez, e integrada por el Consejo de Promoci\u00f3n Tur\u00edstica de Quintana Roo (CPTQ), participa del 6 al 10 de marzo en la 53 edici\u00f3n de la Feria Tur\u00edstica ITB Berl\u00edn, donde se dar\u00e1n cita 10 mil empresas vinculadas al sector y representantes de 180 pa\u00edses.<\/p>\n<p>Gracias al apoyo del gobierno de Quintana Roo y, pese a la desaparici\u00f3n del Consejo de Promoci\u00f3n Tur\u00edstica, la promoci\u00f3n de los destinos del norte y del sur contin\u00faa.<\/p>\n<p>En representaci\u00f3n del gobernador Carlos Joaqu\u00edn, la titular de la Secretaria de Turismo, Marisol Vanegas destac\u00f3 que el Caribe Mexicano llega a la Feria Tur\u00edstica de Berl\u00edn con mucho \u00edmpetu para trabajar en conjunto con empresarios para dar impulso en Europa a los destinos del Caribe Mexicano, no obstante la reciente desaparici\u00f3n del Consejo de Promoci\u00f3n Tur\u00edstica de M\u00e9xico (CPTM).\u00a0<a title=\"En Berl\u00edn, Torruco definir\u00e1 estrategia de gobierno federal para ferias: Dar\u00edo Flota\" href=\"https:\/\/www.dev.nitu.mx\/index.php\/2019\/03\/06\/en-berlin-torruco-definira-estrategia-de-gobierno-federal-para-ferias-dario-flota\/\" rel=\"bookmark\">(En Berl\u00edn, Torruco definir\u00e1 estrategia de gobierno federal para ferias: Dar\u00edo Flota<\/a>).<\/p>\n<p>Destac\u00f3 que, gracias al apoyo del gobierno de Quintana Roo la promoci\u00f3n tur\u00edstica no se detiene, adem\u00e1s de la confianza y certeza en la inversi\u00f3n nacional y extranjera, demuestra el alto nivel de competitividad y la calidad ganada a pulso de los destinos de Quintana Roo.<\/p>\n<p>Solo por mencionar algunos proyectos \u2013dijo- tenemos la apuesta de algunas de las grandes firmas.<\/p>\n<p>Por ejemplo, la Academia Rafa Nadal en Costa Mujeres; el nuevo centro comercial de GICSA en Canc\u00fan; el hotel Breathless Canc\u00fan de Grupo Apple Leisure Group, o los centros de hospedaje Live Aqua Beach Resort Tulkal y Fiesta Americana Inclusive Tulkal de Grupo Posadas, proyectos que generar\u00e1n una inversi\u00f3n de m\u00e1s de 400 millones de d\u00f3lares.<\/p>\n<p>El Caribe Mexicano es un destino fuerte y competitivo. Recientemente \u2013expres\u00f3- el Grupo Aeroportuario del Sureste (ASUR) dio a conocer que en el cuarto trimestre de 2018, logr\u00f3 un crecimiento de 7.5 por ciento en tr\u00e1fico de pasajeros en M\u00e9xico, y fue este mismo grupo quien dio a conocer que Canc\u00fan fue el principal impulsor del crecimiento del tr\u00e1fico, reportando aumentos de 14.4 por ciento y 3.4 por ciento en el tr\u00e1fico dom\u00e9stico e internacional, respectivamente.<\/p>\n<p>En momento de grandes desaf\u00edos \u2013indic\u00f3 la secretaria de Turismo- requerimos actuar juntos y no perder de vista el gran producto que ofertamos. Necesitamos recuperar la velocidad de crecimiento del mercado norteamericano, alinear las acciones de seguridad y contrarrestar la percepci\u00f3n negativa de algunos acontecimientos, as\u00ed como atender el tema de sargazo y la adaptaci\u00f3n de nuevos actores y modelos de negocio como las plataformas digitales.<\/p>\n<p>&#8220;Ahora estamos aqu\u00ed en Berl\u00edn para hacer saber a mayoristas, tour operadores, medios de comunicaci\u00f3n y a todos nuestros aliados, el gran producto que ofertamos en Quintana Roo, las novedades de nuestros productos, as\u00ed como dar impulso a la promoci\u00f3n de nuestros destinos, gracias a los esfuerzos permanentes del gobierno de Quintana Roo por mantener su liderazgo y nivel de empleo&#8221;, subray\u00f3.<\/p>\n","protected":false},"excerpt":{"rendered":"<p>La delegaci\u00f3n del Caribe Mexicano, encabezada por la secretaria de Turismo, Marisol Vanegas P\u00e9rez, e integrada por el Consejo de Promoci\u00f3n Tur\u00edstica de Quintana Roo (CPTQ), participa del 6 al 10 de marzo en la 53 edici\u00f3n de la Feria Tur\u00edstica ITB Berl\u00edn, donde se dar\u00e1n cita 10 mil empresas vinculadas al sector y representantes [&hellip;]<\/p>\n","protected":false},"author":17,"featured_media":29844,"comment_status":"open","ping_status":"open","sticky":false,"template":"","format":"standard","meta":{"footnotes":""},"categories":[5,374],"tags":[83,3161,14824,260,12981],"yoast_head":"<!-- This site is optimized with the Yoast SEO plugin v22.2 - https:\/\/yoast.com\/wordpress\/plugins\/seo\/ -->\n<title>Para impulsar los destinos de QR en Europa, participa Caribe Mexicano en ITB Berl\u00edn - Nitu - Noticias de la Industria Turistica<\/title>\n<meta name=\"description\" content=\"El Caribe Mexicano participa del 6 al 10 de marzo en la 53 edici\u00f3n de la Feria Tur\u00edstica ITB Berl\u00edn, donde se dar\u00e1n cita 10 mil empresas.\" \/>\n<meta name=\"robots\" content=\"index, follow, max-snippet:-1, max-image-preview:large, max-video-preview:-1\" \/>\n<link rel=\"canonical\" href=\"https:\/\/nitu.mx\/index.php\/2019\/03\/06\/para-impulsar-los-destinos-de-qr-en-europa-participa-caribe-mexicano-en-itb-berlin\/\" \/>\n<meta name=\"twitter:card\" content=\"summary_large_image\" \/>\n<meta name=\"twitter:title\" content=\"Para impulsar los destinos de QR en Europa, participa Caribe Mexicano en ITB Berl\u00edn - Nitu - Noticias de la Industria Turistica\" \/>\n<meta name=\"twitter:description\" content=\"El Caribe Mexicano participa del 6 al 10 de marzo en la 53 edici\u00f3n de la Feria Tur\u00edstica ITB Berl\u00edn, donde se dar\u00e1n cita 10 mil empresas.\" \/>\n<meta name=\"twitter:image\" content=\"https:\/\/nitu.mx\/wp-content\/uploads\/2019\/03\/FE2D87D9-2592-4A47-8AB7-510EECA8C857.jpeg\" \/>\n<meta name=\"twitter:creator\" content=\"@NITUmx\" \/>\n<meta name=\"twitter:site\" content=\"@Arturo_Medina_G\" \/>\n<meta name=\"twitter:label1\" content=\"Escrito por\" \/>\n\t<meta name=\"twitter:data1\" content=\"Redacci\u00f3n\" \/>\n\t<meta name=\"twitter:label2\" content=\"Tiempo de lectura\" \/>\n\t<meta name=\"twitter:data2\" content=\"3 minutos\" \/>\n<script type=\"application\/ld+json\" class=\"yoast-schema-graph\">{\"@context\":\"https:\/\/schema.org\",\"@graph\":[{\"@type\":\"Article\",\"@id\":\"https:\/\/nitu.mx\/index.php\/2019\/03\/06\/para-impulsar-los-destinos-de-qr-en-europa-participa-caribe-mexicano-en-itb-berlin\/#article\",\"isPartOf\":{\"@id\":\"https:\/\/nitu.mx\/index.php\/2019\/03\/06\/para-impulsar-los-destinos-de-qr-en-europa-participa-caribe-mexicano-en-itb-berlin\/\"},\"author\":{\"name\":\"Redacci\u00f3n\",\"@id\":\"https:\/\/nitu.mx\/#\/schema\/person\/4a28fe9bd65924f7c90623773daf1b0b\"},\"headline\":\"Para impulsar los destinos de QR en Europa, participa Caribe Mexicano en ITB Berl\u00edn\",\"datePublished\":\"2019-03-06T06:27:39+00:00\",\"dateModified\":\"2019-03-06T12:51:25+00:00\",\"mainEntityOfPage\":{\"@id\":\"https:\/\/nitu.mx\/index.php\/2019\/03\/06\/para-impulsar-los-destinos-de-qr-en-europa-participa-caribe-mexicano-en-itb-berlin\/\"},\"wordCount\":532,\"commentCount\":0,\"publisher\":{\"@id\":\"https:\/\/nitu.mx\/#\/schema\/person\/ae7a53426417292d3dd07b45a33e01bc\"},\"image\":{\"@id\":\"https:\/\/nitu.mx\/index.php\/2019\/03\/06\/para-impulsar-los-destinos-de-qr-en-europa-participa-caribe-mexicano-en-itb-berlin\/#primaryimage\"},\"thumbnailUrl\":\"https:\/\/nitu.mx\/wp-content\/uploads\/2019\/03\/FE2D87D9-2592-4A47-8AB7-510EECA8C857.jpeg\",\"keywords\":[\"Caribe mexicano\",\"Consejo de Promoci\u00f3n Tur\u00edstica de Quintana Roo\",\"Feria Tur\u00edstica ITB de Berl\u00edn\",\"Quintana Roo\",\"Secretar\u00eda de Turismo Marisol Vanegas P\u00e9rez\"],\"articleSection\":[\"Destinos\",\"Internacional\"],\"inLanguage\":\"es-MX\",\"potentialAction\":[{\"@type\":\"CommentAction\",\"name\":\"Comment\",\"target\":[\"https:\/\/nitu.mx\/index.php\/2019\/03\/06\/para-impulsar-los-destinos-de-qr-en-europa-participa-caribe-mexicano-en-itb-berlin\/#respond\"]}]},{\"@type\":\"WebPage\",\"@id\":\"https:\/\/nitu.mx\/index.php\/2019\/03\/06\/para-impulsar-los-destinos-de-qr-en-europa-participa-caribe-mexicano-en-itb-berlin\/\",\"url\":\"https:\/\/nitu.mx\/index.php\/2019\/03\/06\/para-impulsar-los-destinos-de-qr-en-europa-participa-caribe-mexicano-en-itb-berlin\/\",\"name\":\"Para impulsar los destinos de QR en Europa, participa Caribe Mexicano en ITB Berl\u00edn - Nitu - Noticias de la Industria Turistica\",\"isPartOf\":{\"@id\":\"https:\/\/nitu.mx\/#website\"},\"primaryImageOfPage\":{\"@id\":\"https:\/\/nitu.mx\/index.php\/2019\/03\/06\/para-impulsar-los-destinos-de-qr-en-europa-participa-caribe-mexicano-en-itb-berlin\/#primaryimage\"},\"image\":{\"@id\":\"https:\/\/nitu.mx\/index.php\/2019\/03\/06\/para-impulsar-los-destinos-de-qr-en-europa-participa-caribe-mexicano-en-itb-berlin\/#primaryimage\"},\"thumbnailUrl\":\"https:\/\/nitu.mx\/wp-content\/uploads\/2019\/03\/FE2D87D9-2592-4A47-8AB7-510EECA8C857.jpeg\",\"datePublished\":\"2019-03-06T06:27:39+00:00\",\"dateModified\":\"2019-03-06T12:51:25+00:00\",\"description\":\"El Caribe Mexicano participa del 6 al 10 de marzo en la 53 edici\u00f3n de la Feria Tur\u00edstica ITB Berl\u00edn, donde se dar\u00e1n cita 10 mil empresas.\",\"breadcrumb\":{\"@id\":\"https:\/\/nitu.mx\/index.php\/2019\/03\/06\/para-impulsar-los-destinos-de-qr-en-europa-participa-caribe-mexicano-en-itb-berlin\/#breadcrumb\"},\"inLanguage\":\"es-MX\",\"potentialAction\":[{\"@type\":\"ReadAction\",\"target\":[\"https:\/\/nitu.mx\/index.php\/2019\/03\/06\/para-impulsar-los-destinos-de-qr-en-europa-participa-caribe-mexicano-en-itb-berlin\/\"]}]},{\"@type\":\"ImageObject\",\"inLanguage\":\"es-MX\",\"@id\":\"https:\/\/nitu.mx\/index.php\/2019\/03\/06\/para-impulsar-los-destinos-de-qr-en-europa-participa-caribe-mexicano-en-itb-berlin\/#primaryimage\",\"url\":\"https:\/\/nitu.mx\/wp-content\/uploads\/2019\/03\/FE2D87D9-2592-4A47-8AB7-510EECA8C857.jpeg\",\"contentUrl\":\"https:\/\/nitu.mx\/wp-content\/uploads\/2019\/03\/FE2D87D9-2592-4A47-8AB7-510EECA8C857.jpeg\",\"width\":1280,\"height\":960},{\"@type\":\"BreadcrumbList\",\"@id\":\"https:\/\/nitu.mx\/index.php\/2019\/03\/06\/para-impulsar-los-destinos-de-qr-en-europa-participa-caribe-mexicano-en-itb-berlin\/#breadcrumb\",\"itemListElement\":[{\"@type\":\"ListItem\",\"position\":1,\"name\":\"Inicio\",\"item\":\"https:\/\/nitu.mx\/\"},{\"@type\":\"ListItem\",\"position\":2,\"name\":\"Para impulsar los destinos de QR en Europa, participa Caribe Mexicano en ITB Berl\u00edn\"}]},{\"@type\":\"WebSite\",\"@id\":\"https:\/\/nitu.mx\/#website\",\"url\":\"https:\/\/nitu.mx\/\",\"name\":\"Nitu - Noticias de la Industria Turistica\",\"description\":\"Noticias de la Industria Turistica\",\"publisher\":{\"@id\":\"https:\/\/nitu.mx\/#\/schema\/person\/ae7a53426417292d3dd07b45a33e01bc\"},\"alternateName\":\"Noticias de la Industria Turistica\",\"potentialAction\":[{\"@type\":\"SearchAction\",\"target\":{\"@type\":\"EntryPoint\",\"urlTemplate\":\"https:\/\/nitu.mx\/?s={search_term_string}\"},\"query-input\":\"required name=search_term_string\"}],\"inLanguage\":\"es-MX\"},{\"@type\":[\"Person\",\"Organization\"],\"@id\":\"https:\/\/nitu.mx\/#\/schema\/person\/ae7a53426417292d3dd07b45a33e01bc\",\"name\":\"Arturo Medina\",\"image\":{\"@type\":\"ImageObject\",\"inLanguage\":\"es-MX\",\"@id\":\"https:\/\/nitu.mx\/#\/schema\/person\/image\/\",\"url\":\"https:\/\/nitu.mx\/wp-content\/uploads\/2024\/04\/4A315622-1904-4D5C-B022-878CDC840E04-90x90-1.jpeg\",\"contentUrl\":\"https:\/\/nitu.mx\/wp-content\/uploads\/2024\/04\/4A315622-1904-4D5C-B022-878CDC840E04-90x90-1.jpeg\",\"width\":90,\"height\":90,\"caption\":\"Arturo Medina\"},\"logo\":{\"@id\":\"https:\/\/nitu.mx\/#\/schema\/person\/image\/\"},\"description\":\"Director NITU.mx, Egresado de la Escuela de Periodismo Carlos Septi\u00e9n Garc\u00eda. Periodista y analista especializado en turismo desde hace 35 a\u00f1os, radicado en Canc\u00fan Q.Roo. arturo@nitu.mx\",\"sameAs\":[\"https:\/\/nitu.mx\",\"https:\/\/www.facebook.com\/NITUmx\/\",\"medinacancun\",\"https:\/\/twitter.com\/@Arturo_Medina_G\"]},{\"@type\":\"Person\",\"@id\":\"https:\/\/nitu.mx\/#\/schema\/person\/4a28fe9bd65924f7c90623773daf1b0b\",\"name\":\"Redacci\u00f3n\",\"image\":{\"@type\":\"ImageObject\",\"inLanguage\":\"es-MX\",\"@id\":\"https:\/\/nitu.mx\/#\/schema\/person\/image\/\",\"url\":\"https:\/\/secure.gravatar.com\/avatar\/5dd011c8ccfc5cd7e4c81e42252aab38?s=96&d=mm&r=g\",\"contentUrl\":\"https:\/\/secure.gravatar.com\/avatar\/5dd011c8ccfc5cd7e4c81e42252aab38?s=96&d=mm&r=g\",\"caption\":\"Redacci\u00f3n\"},\"url\":\"https:\/\/nitu.mx\/index.php\/author\/redaccion\/\"}]}<\/script>\n<!-- \/ Yoast SEO plugin. -->","yoast_head_json":{"title":"Para impulsar los destinos de QR en Europa, participa Caribe Mexicano en ITB Berl\u00edn - Nitu - Noticias de la Industria Turistica","description":"El Caribe Mexicano participa del 6 al 10 de marzo en la 53 edici\u00f3n de la Feria Tur\u00edstica ITB Berl\u00edn, donde se dar\u00e1n cita 10 mil empresas.","robots":{"index":"index","follow":"follow","max-snippet":"max-snippet:-1","max-image-preview":"max-image-preview:large","max-video-preview":"max-video-preview:-1"},"canonical":"https:\/\/nitu.mx\/index.php\/2019\/03\/06\/para-impulsar-los-destinos-de-qr-en-europa-participa-caribe-mexicano-en-itb-berlin\/","twitter_card":"summary_large_image","twitter_title":"Para impulsar los destinos de QR en Europa, participa Caribe Mexicano en ITB Berl\u00edn - Nitu - Noticias de la Industria Turistica","twitter_description":"El Caribe Mexicano participa del 6 al 10 de marzo en la 53 edici\u00f3n de la Feria Tur\u00edstica ITB Berl\u00edn, donde se dar\u00e1n cita 10 mil empresas.","twitter_image":"https:\/\/nitu.mx\/wp-content\/uploads\/2019\/03\/FE2D87D9-2592-4A47-8AB7-510EECA8C857.jpeg","twitter_creator":"@NITUmx","twitter_site":"@Arturo_Medina_G","twitter_misc":{"Escrito por":"Redacci\u00f3n","Tiempo de lectura":"3 minutos"},"schema":{"@context":"https:\/\/schema.org","@graph":[{"@type":"Article","@id":"https:\/\/nitu.mx\/index.php\/2019\/03\/06\/para-impulsar-los-destinos-de-qr-en-europa-participa-caribe-mexicano-en-itb-berlin\/#article","isPartOf":{"@id":"https:\/\/nitu.mx\/index.php\/2019\/03\/06\/para-impulsar-los-destinos-de-qr-en-europa-participa-caribe-mexicano-en-itb-berlin\/"},"author":{"name":"Redacci\u00f3n","@id":"https:\/\/nitu.mx\/#\/schema\/person\/4a28fe9bd65924f7c90623773daf1b0b"},"headline":"Para impulsar los destinos de QR en Europa, participa Caribe Mexicano en ITB Berl\u00edn","datePublished":"2019-03-06T06:27:39+00:00","dateModified":"2019-03-06T12:51:25+00:00","mainEntityOfPage":{"@id":"https:\/\/nitu.mx\/index.php\/2019\/03\/06\/para-impulsar-los-destinos-de-qr-en-europa-participa-caribe-mexicano-en-itb-berlin\/"},"wordCount":532,"commentCount":0,"publisher":{"@id":"https:\/\/nitu.mx\/#\/schema\/person\/ae7a53426417292d3dd07b45a33e01bc"},"image":{"@id":"https:\/\/nitu.mx\/index.php\/2019\/03\/06\/para-impulsar-los-destinos-de-qr-en-europa-participa-caribe-mexicano-en-itb-berlin\/#primaryimage"},"thumbnailUrl":"https:\/\/nitu.mx\/wp-content\/uploads\/2019\/03\/FE2D87D9-2592-4A47-8AB7-510EECA8C857.jpeg","keywords":["Caribe mexicano","Consejo de Promoci\u00f3n Tur\u00edstica de Quintana Roo","Feria Tur\u00edstica ITB de Berl\u00edn","Quintana Roo","Secretar\u00eda de Turismo Marisol Vanegas P\u00e9rez"],"articleSection":["Destinos","Internacional"],"inLanguage":"es-MX","potentialAction":[{"@type":"CommentAction","name":"Comment","target":["https:\/\/nitu.mx\/index.php\/2019\/03\/06\/para-impulsar-los-destinos-de-qr-en-europa-participa-caribe-mexicano-en-itb-berlin\/#respond"]}]},{"@type":"WebPage","@id":"https:\/\/nitu.mx\/index.php\/2019\/03\/06\/para-impulsar-los-destinos-de-qr-en-europa-participa-caribe-mexicano-en-itb-berlin\/","url":"https:\/\/nitu.mx\/index.php\/2019\/03\/06\/para-impulsar-los-destinos-de-qr-en-europa-participa-caribe-mexicano-en-itb-berlin\/","name":"Para impulsar los destinos de QR en Europa, participa Caribe Mexicano en ITB Berl\u00edn - Nitu - Noticias de la Industria Turistica","isPartOf":{"@id":"https:\/\/nitu.mx\/#website"},"primaryImageOfPage":{"@id":"https:\/\/nitu.mx\/index.php\/2019\/03\/06\/para-impulsar-los-destinos-de-qr-en-europa-participa-caribe-mexicano-en-itb-berlin\/#primaryimage"},"image":{"@id":"https:\/\/nitu.mx\/index.php\/2019\/03\/06\/para-impulsar-los-destinos-de-qr-en-europa-participa-caribe-mexicano-en-itb-berlin\/#primaryimage"},"thumbnailUrl":"https:\/\/nitu.mx\/wp-content\/uploads\/2019\/03\/FE2D87D9-2592-4A47-8AB7-510EECA8C857.jpeg","datePublished":"2019-03-06T06:27:39+00:00","dateModified":"2019-03-06T12:51:25+00:00","description":"El Caribe Mexicano participa del 6 al 10 de marzo en la 53 edici\u00f3n de la Feria Tur\u00edstica ITB Berl\u00edn, donde se dar\u00e1n cita 10 mil empresas.","breadcrumb":{"@id":"https:\/\/nitu.mx\/index.php\/2019\/03\/06\/para-impulsar-los-destinos-de-qr-en-europa-participa-caribe-mexicano-en-itb-berlin\/#breadcrumb"},"inLanguage":"es-MX","potentialAction":[{"@type":"ReadAction","target":["https:\/\/nitu.mx\/index.php\/2019\/03\/06\/para-impulsar-los-destinos-de-qr-en-europa-participa-caribe-mexicano-en-itb-berlin\/"]}]},{"@type":"ImageObject","inLanguage":"es-MX","@id":"https:\/\/nitu.mx\/index.php\/2019\/03\/06\/para-impulsar-los-destinos-de-qr-en-europa-participa-caribe-mexicano-en-itb-berlin\/#primaryimage","url":"https:\/\/nitu.mx\/wp-content\/uploads\/2019\/03\/FE2D87D9-2592-4A47-8AB7-510EECA8C857.jpeg","contentUrl":"https:\/\/nitu.mx\/wp-content\/uploads\/2019\/03\/FE2D87D9-2592-4A47-8AB7-510EECA8C857.jpeg","width":1280,"height":960},{"@type":"BreadcrumbList","@id":"https:\/\/nitu.mx\/index.php\/2019\/03\/06\/para-impulsar-los-destinos-de-qr-en-europa-participa-caribe-mexicano-en-itb-berlin\/#breadcrumb","itemListElement":[{"@type":"ListItem","position":1,"name":"Inicio","item":"https:\/\/nitu.mx\/"},{"@type":"ListItem","position":2,"name":"Para impulsar los destinos de QR en Europa, participa Caribe Mexicano en ITB Berl\u00edn"}]},{"@type":"WebSite","@id":"https:\/\/nitu.mx\/#website","url":"https:\/\/nitu.mx\/","name":"Nitu - Noticias de la Industria Turistica","description":"Noticias de la Industria Turistica","publisher":{"@id":"https:\/\/nitu.mx\/#\/schema\/person\/ae7a53426417292d3dd07b45a33e01bc"},"alternateName":"Noticias de la Industria Turistica","potentialAction":[{"@type":"SearchAction","target":{"@type":"EntryPoint","urlTemplate":"https:\/\/nitu.mx\/?s={search_term_string}"},"query-input":"required name=search_term_string"}],"inLanguage":"es-MX"},{"@type":["Person","Organization"],"@id":"https:\/\/nitu.mx\/#\/schema\/person\/ae7a53426417292d3dd07b45a33e01bc","name":"Arturo Medina","image":{"@type":"ImageObject","inLanguage":"es-MX","@id":"https:\/\/nitu.mx\/#\/schema\/person\/image\/","url":"https:\/\/nitu.mx\/wp-content\/uploads\/2024\/04\/4A315622-1904-4D5C-B022-878CDC840E04-90x90-1.jpeg","contentUrl":"https:\/\/nitu.mx\/wp-content\/uploads\/2024\/04\/4A315622-1904-4D5C-B022-878CDC840E04-90x90-1.jpeg","width":90,"height":90,"caption":"Arturo Medina"},"logo":{"@id":"https:\/\/nitu.mx\/#\/schema\/person\/image\/"},"description":"Director NITU.mx, Egresado de la Escuela de Periodismo Carlos Septi\u00e9n Garc\u00eda. Periodista y analista especializado en turismo desde hace 35 a\u00f1os, radicado en Canc\u00fan Q.Roo. arturo@nitu.mx","sameAs":["https:\/\/nitu.mx","https:\/\/www.facebook.com\/NITUmx\/","medinacancun","https:\/\/twitter.com\/@Arturo_Medina_G"]},{"@type":"Person","@id":"https:\/\/nitu.mx\/#\/schema\/person\/4a28fe9bd65924f7c90623773daf1b0b","name":"Redacci\u00f3n","image":{"@type":"ImageObject","inLanguage":"es-MX","@id":"https:\/\/nitu.mx\/#\/schema\/person\/image\/","url":"https:\/\/secure.gravatar.com\/avatar\/5dd011c8ccfc5cd7e4c81e42252aab38?s=96&d=mm&r=g","contentUrl":"https:\/\/secure.gravatar.com\/avatar\/5dd011c8ccfc5cd7e4c81e42252aab38?s=96&d=mm&r=g","caption":"Redacci\u00f3n"},"url":"https:\/\/nitu.mx\/index.php\/author\/redaccion\/"}]}},"views":281,"_links":{"self":[{"href":"https:\/\/nitu.mx\/index.php\/wp-json\/wp\/v2\/posts\/29811"}],"collection":[{"href":"https:\/\/nitu.mx\/index.php\/wp-json\/wp\/v2\/posts"}],"about":[{"href":"https:\/\/nitu.mx\/index.php\/wp-json\/wp\/v2\/types\/post"}],"author":[{"embeddable":true,"href":"https:\/\/nitu.mx\/index.php\/wp-json\/wp\/v2\/users\/17"}],"replies":[{"embeddable":true,"href":"https:\/\/nitu.mx\/index.php\/wp-json\/wp\/v2\/comments?post=29811"}],"version-history":[{"count":4,"href":"https:\/\/nitu.mx\/index.php\/wp-json\/wp\/v2\/posts\/29811\/revisions"}],"predecessor-version":[{"id":29841,"href":"https:\/\/nitu.mx\/index.php\/wp-json\/wp\/v2\/posts\/29811\/revisions\/29841"}],"wp:featuredmedia":[{"embeddable":true,"href":"https:\/\/nitu.mx\/index.php\/wp-json\/wp\/v2\/media\/29844"}],"wp:attachment":[{"href":"https:\/\/nitu.mx\/index.php\/wp-json\/wp\/v2\/media?parent=29811"}],"wp:term":[{"taxonomy":"category","embeddable":true,"href":"https:\/\/nitu.mx\/index.php\/wp-json\/wp\/v2\/categories?post=29811"},{"taxonomy":"post_tag","embeddable":true,"href":"https:\/\/nitu.mx\/index.php\/wp-json\/wp\/v2\/tags?post=29811"}],"curies":[{"name":"wp","href":"https:\/\/api.w.org\/{rel}","templated":true}]}}