{"id":29766,"date":"2019-03-05T00:38:40","date_gmt":"2019-03-05T05:38:40","guid":{"rendered":"https:\/\/www.dev.nitu.mx\/?p=29766"},"modified":"2019-03-05T01:47:56","modified_gmt":"2019-03-05T06:47:56","slug":"participa-interjet-en-el-outlet-quiero-viajar-con-atractivas-tarifas","status":"publish","type":"post","link":"https:\/\/nitu.mx\/index.php\/2019\/03\/05\/participa-interjet-en-el-outlet-quiero-viajar-con-atractivas-tarifas\/","title":{"rendered":"Participa Interjet en el Outlet Quiero Viajar con atractivas tarifas"},"content":{"rendered":"<p>Interjet anunci\u00f3 su venta Outlet Quiero Viajar en la cual los pasajeros podr\u00e1n encontrar tarifas desde 569 pesos en rutas nacionales y desde 99 d\u00f3lares en vuelos internacionales.\u00a0 Dichas tarifas aplican en vuelos sencillos y ya incluyen impuestos.<\/p>\n<p>El Outlet Interjet 2019 tiene como finalidad promover todos los destinos tur\u00edsticos nacionales e internacionales a los que opera, ofreciendo paquetes que se adecuen a los diferentes presupuestos de los viajeros locales y extranjeros.<\/p>\n<p>Esta promoci\u00f3n estar\u00e1 vigente del 4 al 10 de marzo, y los boletos ser\u00e1n v\u00e1lidos para viajar del 4 de marzo al 11 de diciembre del presente a\u00f1o y aplica para Interjet Vacations, lo que permite a los usuarios encontrar los mejores lugares para vacacionar con todos los gastos incluidos.<\/p>\n<p>Al volar con Interjet, los viajeros podr\u00e1n gozar de las ventajas que ofrece Interjet como el mayor espacio entre asientos, documentar hasta 50 kilogramos de equipaje en tarifas Optima y Priority, snacks y bebidas de cortes\u00eda, entre otras.\u00a0\u00a0<a title=\"Todo listo para la d\u00e9cima edici\u00f3n de Outlet Quiero Viajar 2019.\" href=\"https:\/\/www.dev.nitu.mx\/index.php\/2019\/02\/26\/todo-listo-para-la-decima-edicion-de-outlet-quiero-viajar-2019\/\" rel=\"bookmark\">(Todo listo para la d\u00e9cima edici\u00f3n de Outlet Quiero Viajar 2019).<\/a><\/p>\n","protected":false},"excerpt":{"rendered":"<p>Interjet anunci\u00f3 su venta Outlet Quiero Viajar en la cual los pasajeros podr\u00e1n encontrar tarifas desde 569 pesos en rutas nacionales y desde 99 d\u00f3lares en vuelos internacionales.\u00a0 Dichas tarifas aplican en vuelos sencillos y ya incluyen impuestos. El Outlet Interjet 2019 tiene como finalidad promover todos los destinos tur\u00edsticos nacionales e internacionales a los [&hellip;]<\/p>\n","protected":false},"author":17,"featured_media":28706,"comment_status":"open","ping_status":"open","sticky":false,"template":"","format":"standard","meta":{"footnotes":""},"categories":[29,6],"tags":[172,583],"yoast_head":"<!-- This site is optimized with the Yoast SEO plugin v22.2 - https:\/\/yoast.com\/wordpress\/plugins\/seo\/ -->\n<title>Participa Interjet en el Outlet Quiero Viajar con atractivas tarifas - Nitu - Noticias de la Industria Turistica<\/title>\n<meta name=\"description\" content=\"Interjet anunci\u00f3 su venta Outlet Quiero Viajar en la cual habr\u00e1 tarifas desde $569 en rutas nacionales y desde 99 USD en internacionales.\" \/>\n<meta name=\"robots\" content=\"index, follow, max-snippet:-1, max-image-preview:large, max-video-preview:-1\" \/>\n<link rel=\"canonical\" href=\"https:\/\/nitu.mx\/index.php\/2019\/03\/05\/participa-interjet-en-el-outlet-quiero-viajar-con-atractivas-tarifas\/\" \/>\n<meta name=\"twitter:card\" content=\"summary_large_image\" \/>\n<meta name=\"twitter:title\" content=\"Participa Interjet en el Outlet Quiero Viajar con atractivas tarifas - Nitu - Noticias de la Industria Turistica\" \/>\n<meta name=\"twitter:description\" content=\"Interjet anunci\u00f3 su venta Outlet Quiero Viajar en la cual habr\u00e1 tarifas desde $569 en rutas nacionales y desde 99 USD en internacionales.\" \/>\n<meta name=\"twitter:image\" content=\"https:\/\/nitu.mx\/wp-content\/uploads\/2019\/01\/Interjet-Air-Canada.jpg\" \/>\n<meta name=\"twitter:creator\" content=\"@NITUmx\" \/>\n<meta name=\"twitter:site\" content=\"@Arturo_Medina_G\" \/>\n<meta name=\"twitter:label1\" content=\"Escrito por\" \/>\n\t<meta name=\"twitter:data1\" content=\"Redacci\u00f3n\" \/>\n\t<meta name=\"twitter:label2\" content=\"Tiempo de lectura\" \/>\n\t<meta name=\"twitter:data2\" content=\"1 minuto\" \/>\n<script type=\"application\/ld+json\" class=\"yoast-schema-graph\">{\"@context\":\"https:\/\/schema.org\",\"@graph\":[{\"@type\":\"Article\",\"@id\":\"https:\/\/nitu.mx\/index.php\/2019\/03\/05\/participa-interjet-en-el-outlet-quiero-viajar-con-atractivas-tarifas\/#article\",\"isPartOf\":{\"@id\":\"https:\/\/nitu.mx\/index.php\/2019\/03\/05\/participa-interjet-en-el-outlet-quiero-viajar-con-atractivas-tarifas\/\"},\"author\":{\"name\":\"Redacci\u00f3n\",\"@id\":\"https:\/\/nitu.mx\/#\/schema\/person\/4a28fe9bd65924f7c90623773daf1b0b\"},\"headline\":\"Participa Interjet en el Outlet Quiero Viajar con atractivas tarifas\",\"datePublished\":\"2019-03-05T05:38:40+00:00\",\"dateModified\":\"2019-03-05T06:47:56+00:00\",\"mainEntityOfPage\":{\"@id\":\"https:\/\/nitu.mx\/index.php\/2019\/03\/05\/participa-interjet-en-el-outlet-quiero-viajar-con-atractivas-tarifas\/\"},\"wordCount\":183,\"commentCount\":0,\"publisher\":{\"@id\":\"https:\/\/nitu.mx\/#\/schema\/person\/ae7a53426417292d3dd07b45a33e01bc\"},\"image\":{\"@id\":\"https:\/\/nitu.mx\/index.php\/2019\/03\/05\/participa-interjet-en-el-outlet-quiero-viajar-con-atractivas-tarifas\/#primaryimage\"},\"thumbnailUrl\":\"https:\/\/nitu.mx\/wp-content\/uploads\/2019\/01\/Interjet-Air-Canada.jpg\",\"keywords\":[\"Interjet\",\"Outlet Quiero Viajar\"],\"articleSection\":[\"Aerol\u00edneas\",\"M\u00e9xico\"],\"inLanguage\":\"es-MX\",\"potentialAction\":[{\"@type\":\"CommentAction\",\"name\":\"Comment\",\"target\":[\"https:\/\/nitu.mx\/index.php\/2019\/03\/05\/participa-interjet-en-el-outlet-quiero-viajar-con-atractivas-tarifas\/#respond\"]}]},{\"@type\":\"WebPage\",\"@id\":\"https:\/\/nitu.mx\/index.php\/2019\/03\/05\/participa-interjet-en-el-outlet-quiero-viajar-con-atractivas-tarifas\/\",\"url\":\"https:\/\/nitu.mx\/index.php\/2019\/03\/05\/participa-interjet-en-el-outlet-quiero-viajar-con-atractivas-tarifas\/\",\"name\":\"Participa Interjet en el Outlet Quiero Viajar con atractivas tarifas - Nitu - Noticias de la Industria Turistica\",\"isPartOf\":{\"@id\":\"https:\/\/nitu.mx\/#website\"},\"primaryImageOfPage\":{\"@id\":\"https:\/\/nitu.mx\/index.php\/2019\/03\/05\/participa-interjet-en-el-outlet-quiero-viajar-con-atractivas-tarifas\/#primaryimage\"},\"image\":{\"@id\":\"https:\/\/nitu.mx\/index.php\/2019\/03\/05\/participa-interjet-en-el-outlet-quiero-viajar-con-atractivas-tarifas\/#primaryimage\"},\"thumbnailUrl\":\"https:\/\/nitu.mx\/wp-content\/uploads\/2019\/01\/Interjet-Air-Canada.jpg\",\"datePublished\":\"2019-03-05T05:38:40+00:00\",\"dateModified\":\"2019-03-05T06:47:56+00:00\",\"description\":\"Interjet anunci\u00f3 su venta Outlet Quiero Viajar en la cual habr\u00e1 tarifas desde $569 en rutas nacionales y desde 99 USD en internacionales.\",\"breadcrumb\":{\"@id\":\"https:\/\/nitu.mx\/index.php\/2019\/03\/05\/participa-interjet-en-el-outlet-quiero-viajar-con-atractivas-tarifas\/#breadcrumb\"},\"inLanguage\":\"es-MX\",\"potentialAction\":[{\"@type\":\"ReadAction\",\"target\":[\"https:\/\/nitu.mx\/index.php\/2019\/03\/05\/participa-interjet-en-el-outlet-quiero-viajar-con-atractivas-tarifas\/\"]}]},{\"@type\":\"ImageObject\",\"inLanguage\":\"es-MX\",\"@id\":\"https:\/\/nitu.mx\/index.php\/2019\/03\/05\/participa-interjet-en-el-outlet-quiero-viajar-con-atractivas-tarifas\/#primaryimage\",\"url\":\"https:\/\/nitu.mx\/wp-content\/uploads\/2019\/01\/Interjet-Air-Canada.jpg\",\"contentUrl\":\"https:\/\/nitu.mx\/wp-content\/uploads\/2019\/01\/Interjet-Air-Canada.jpg\",\"width\":850,\"height\":480,\"caption\":\"Interjet Air Canada Outlet Quiero Viajar\"},{\"@type\":\"BreadcrumbList\",\"@id\":\"https:\/\/nitu.mx\/index.php\/2019\/03\/05\/participa-interjet-en-el-outlet-quiero-viajar-con-atractivas-tarifas\/#breadcrumb\",\"itemListElement\":[{\"@type\":\"ListItem\",\"position\":1,\"name\":\"Inicio\",\"item\":\"https:\/\/nitu.mx\/\"},{\"@type\":\"ListItem\",\"position\":2,\"name\":\"Participa Interjet en el Outlet Quiero Viajar con atractivas tarifas\"}]},{\"@type\":\"WebSite\",\"@id\":\"https:\/\/nitu.mx\/#website\",\"url\":\"https:\/\/nitu.mx\/\",\"name\":\"Nitu - Noticias de la Industria Turistica\",\"description\":\"Noticias de la Industria Turistica\",\"publisher\":{\"@id\":\"https:\/\/nitu.mx\/#\/schema\/person\/ae7a53426417292d3dd07b45a33e01bc\"},\"alternateName\":\"Noticias de la Industria Turistica\",\"potentialAction\":[{\"@type\":\"SearchAction\",\"target\":{\"@type\":\"EntryPoint\",\"urlTemplate\":\"https:\/\/nitu.mx\/?s={search_term_string}\"},\"query-input\":\"required name=search_term_string\"}],\"inLanguage\":\"es-MX\"},{\"@type\":[\"Person\",\"Organization\"],\"@id\":\"https:\/\/nitu.mx\/#\/schema\/person\/ae7a53426417292d3dd07b45a33e01bc\",\"name\":\"Arturo Medina\",\"image\":{\"@type\":\"ImageObject\",\"inLanguage\":\"es-MX\",\"@id\":\"https:\/\/nitu.mx\/#\/schema\/person\/image\/\",\"url\":\"https:\/\/nitu.mx\/wp-content\/uploads\/2024\/04\/4A315622-1904-4D5C-B022-878CDC840E04-90x90-1.jpeg\",\"contentUrl\":\"https:\/\/nitu.mx\/wp-content\/uploads\/2024\/04\/4A315622-1904-4D5C-B022-878CDC840E04-90x90-1.jpeg\",\"width\":90,\"height\":90,\"caption\":\"Arturo Medina\"},\"logo\":{\"@id\":\"https:\/\/nitu.mx\/#\/schema\/person\/image\/\"},\"description\":\"Director NITU.mx, Egresado de la Escuela de Periodismo Carlos Septi\u00e9n Garc\u00eda. Periodista y analista especializado en turismo desde hace 35 a\u00f1os, radicado en Canc\u00fan Q.Roo. arturo@nitu.mx\",\"sameAs\":[\"https:\/\/nitu.mx\",\"https:\/\/www.facebook.com\/NITUmx\/\",\"medinacancun\",\"https:\/\/twitter.com\/@Arturo_Medina_G\"]},{\"@type\":\"Person\",\"@id\":\"https:\/\/nitu.mx\/#\/schema\/person\/4a28fe9bd65924f7c90623773daf1b0b\",\"name\":\"Redacci\u00f3n\",\"image\":{\"@type\":\"ImageObject\",\"inLanguage\":\"es-MX\",\"@id\":\"https:\/\/nitu.mx\/#\/schema\/person\/image\/\",\"url\":\"https:\/\/secure.gravatar.com\/avatar\/5dd011c8ccfc5cd7e4c81e42252aab38?s=96&d=mm&r=g\",\"contentUrl\":\"https:\/\/secure.gravatar.com\/avatar\/5dd011c8ccfc5cd7e4c81e42252aab38?s=96&d=mm&r=g\",\"caption\":\"Redacci\u00f3n\"},\"url\":\"https:\/\/nitu.mx\/index.php\/author\/redaccion\/\"}]}<\/script>\n<!-- \/ Yoast SEO plugin. -->","yoast_head_json":{"title":"Participa Interjet en el Outlet Quiero Viajar con atractivas tarifas - Nitu - Noticias de la Industria Turistica","description":"Interjet anunci\u00f3 su venta Outlet Quiero Viajar en la cual habr\u00e1 tarifas desde $569 en rutas nacionales y desde 99 USD en internacionales.","robots":{"index":"index","follow":"follow","max-snippet":"max-snippet:-1","max-image-preview":"max-image-preview:large","max-video-preview":"max-video-preview:-1"},"canonical":"https:\/\/nitu.mx\/index.php\/2019\/03\/05\/participa-interjet-en-el-outlet-quiero-viajar-con-atractivas-tarifas\/","twitter_card":"summary_large_image","twitter_title":"Participa Interjet en el Outlet Quiero Viajar con atractivas tarifas - Nitu - Noticias de la Industria Turistica","twitter_description":"Interjet anunci\u00f3 su venta Outlet Quiero Viajar en la cual habr\u00e1 tarifas desde $569 en rutas nacionales y desde 99 USD en internacionales.","twitter_image":"https:\/\/nitu.mx\/wp-content\/uploads\/2019\/01\/Interjet-Air-Canada.jpg","twitter_creator":"@NITUmx","twitter_site":"@Arturo_Medina_G","twitter_misc":{"Escrito por":"Redacci\u00f3n","Tiempo de lectura":"1 minuto"},"schema":{"@context":"https:\/\/schema.org","@graph":[{"@type":"Article","@id":"https:\/\/nitu.mx\/index.php\/2019\/03\/05\/participa-interjet-en-el-outlet-quiero-viajar-con-atractivas-tarifas\/#article","isPartOf":{"@id":"https:\/\/nitu.mx\/index.php\/2019\/03\/05\/participa-interjet-en-el-outlet-quiero-viajar-con-atractivas-tarifas\/"},"author":{"name":"Redacci\u00f3n","@id":"https:\/\/nitu.mx\/#\/schema\/person\/4a28fe9bd65924f7c90623773daf1b0b"},"headline":"Participa Interjet en el Outlet Quiero Viajar con atractivas tarifas","datePublished":"2019-03-05T05:38:40+00:00","dateModified":"2019-03-05T06:47:56+00:00","mainEntityOfPage":{"@id":"https:\/\/nitu.mx\/index.php\/2019\/03\/05\/participa-interjet-en-el-outlet-quiero-viajar-con-atractivas-tarifas\/"},"wordCount":183,"commentCount":0,"publisher":{"@id":"https:\/\/nitu.mx\/#\/schema\/person\/ae7a53426417292d3dd07b45a33e01bc"},"image":{"@id":"https:\/\/nitu.mx\/index.php\/2019\/03\/05\/participa-interjet-en-el-outlet-quiero-viajar-con-atractivas-tarifas\/#primaryimage"},"thumbnailUrl":"https:\/\/nitu.mx\/wp-content\/uploads\/2019\/01\/Interjet-Air-Canada.jpg","keywords":["Interjet","Outlet Quiero Viajar"],"articleSection":["Aerol\u00edneas","M\u00e9xico"],"inLanguage":"es-MX","potentialAction":[{"@type":"CommentAction","name":"Comment","target":["https:\/\/nitu.mx\/index.php\/2019\/03\/05\/participa-interjet-en-el-outlet-quiero-viajar-con-atractivas-tarifas\/#respond"]}]},{"@type":"WebPage","@id":"https:\/\/nitu.mx\/index.php\/2019\/03\/05\/participa-interjet-en-el-outlet-quiero-viajar-con-atractivas-tarifas\/","url":"https:\/\/nitu.mx\/index.php\/2019\/03\/05\/participa-interjet-en-el-outlet-quiero-viajar-con-atractivas-tarifas\/","name":"Participa Interjet en el Outlet Quiero Viajar con atractivas tarifas - Nitu - Noticias de la Industria Turistica","isPartOf":{"@id":"https:\/\/nitu.mx\/#website"},"primaryImageOfPage":{"@id":"https:\/\/nitu.mx\/index.php\/2019\/03\/05\/participa-interjet-en-el-outlet-quiero-viajar-con-atractivas-tarifas\/#primaryimage"},"image":{"@id":"https:\/\/nitu.mx\/index.php\/2019\/03\/05\/participa-interjet-en-el-outlet-quiero-viajar-con-atractivas-tarifas\/#primaryimage"},"thumbnailUrl":"https:\/\/nitu.mx\/wp-content\/uploads\/2019\/01\/Interjet-Air-Canada.jpg","datePublished":"2019-03-05T05:38:40+00:00","dateModified":"2019-03-05T06:47:56+00:00","description":"Interjet anunci\u00f3 su venta Outlet Quiero Viajar en la cual habr\u00e1 tarifas desde $569 en rutas nacionales y desde 99 USD en internacionales.","breadcrumb":{"@id":"https:\/\/nitu.mx\/index.php\/2019\/03\/05\/participa-interjet-en-el-outlet-quiero-viajar-con-atractivas-tarifas\/#breadcrumb"},"inLanguage":"es-MX","potentialAction":[{"@type":"ReadAction","target":["https:\/\/nitu.mx\/index.php\/2019\/03\/05\/participa-interjet-en-el-outlet-quiero-viajar-con-atractivas-tarifas\/"]}]},{"@type":"ImageObject","inLanguage":"es-MX","@id":"https:\/\/nitu.mx\/index.php\/2019\/03\/05\/participa-interjet-en-el-outlet-quiero-viajar-con-atractivas-tarifas\/#primaryimage","url":"https:\/\/nitu.mx\/wp-content\/uploads\/2019\/01\/Interjet-Air-Canada.jpg","contentUrl":"https:\/\/nitu.mx\/wp-content\/uploads\/2019\/01\/Interjet-Air-Canada.jpg","width":850,"height":480,"caption":"Interjet Air Canada Outlet Quiero Viajar"},{"@type":"BreadcrumbList","@id":"https:\/\/nitu.mx\/index.php\/2019\/03\/05\/participa-interjet-en-el-outlet-quiero-viajar-con-atractivas-tarifas\/#breadcrumb","itemListElement":[{"@type":"ListItem","position":1,"name":"Inicio","item":"https:\/\/nitu.mx\/"},{"@type":"ListItem","position":2,"name":"Participa Interjet en el Outlet Quiero Viajar con atractivas tarifas"}]},{"@type":"WebSite","@id":"https:\/\/nitu.mx\/#website","url":"https:\/\/nitu.mx\/","name":"Nitu - Noticias de la Industria Turistica","description":"Noticias de la Industria Turistica","publisher":{"@id":"https:\/\/nitu.mx\/#\/schema\/person\/ae7a53426417292d3dd07b45a33e01bc"},"alternateName":"Noticias de la Industria Turistica","potentialAction":[{"@type":"SearchAction","target":{"@type":"EntryPoint","urlTemplate":"https:\/\/nitu.mx\/?s={search_term_string}"},"query-input":"required name=search_term_string"}],"inLanguage":"es-MX"},{"@type":["Person","Organization"],"@id":"https:\/\/nitu.mx\/#\/schema\/person\/ae7a53426417292d3dd07b45a33e01bc","name":"Arturo Medina","image":{"@type":"ImageObject","inLanguage":"es-MX","@id":"https:\/\/nitu.mx\/#\/schema\/person\/image\/","url":"https:\/\/nitu.mx\/wp-content\/uploads\/2024\/04\/4A315622-1904-4D5C-B022-878CDC840E04-90x90-1.jpeg","contentUrl":"https:\/\/nitu.mx\/wp-content\/uploads\/2024\/04\/4A315622-1904-4D5C-B022-878CDC840E04-90x90-1.jpeg","width":90,"height":90,"caption":"Arturo Medina"},"logo":{"@id":"https:\/\/nitu.mx\/#\/schema\/person\/image\/"},"description":"Director NITU.mx, Egresado de la Escuela de Periodismo Carlos Septi\u00e9n Garc\u00eda. Periodista y analista especializado en turismo desde hace 35 a\u00f1os, radicado en Canc\u00fan Q.Roo. arturo@nitu.mx","sameAs":["https:\/\/nitu.mx","https:\/\/www.facebook.com\/NITUmx\/","medinacancun","https:\/\/twitter.com\/@Arturo_Medina_G"]},{"@type":"Person","@id":"https:\/\/nitu.mx\/#\/schema\/person\/4a28fe9bd65924f7c90623773daf1b0b","name":"Redacci\u00f3n","image":{"@type":"ImageObject","inLanguage":"es-MX","@id":"https:\/\/nitu.mx\/#\/schema\/person\/image\/","url":"https:\/\/secure.gravatar.com\/avatar\/5dd011c8ccfc5cd7e4c81e42252aab38?s=96&d=mm&r=g","contentUrl":"https:\/\/secure.gravatar.com\/avatar\/5dd011c8ccfc5cd7e4c81e42252aab38?s=96&d=mm&r=g","caption":"Redacci\u00f3n"},"url":"https:\/\/nitu.mx\/index.php\/author\/redaccion\/"}]}},"views":243,"_links":{"self":[{"href":"https:\/\/nitu.mx\/index.php\/wp-json\/wp\/v2\/posts\/29766"}],"collection":[{"href":"https:\/\/nitu.mx\/index.php\/wp-json\/wp\/v2\/posts"}],"about":[{"href":"https:\/\/nitu.mx\/index.php\/wp-json\/wp\/v2\/types\/post"}],"author":[{"embeddable":true,"href":"https:\/\/nitu.mx\/index.php\/wp-json\/wp\/v2\/users\/17"}],"replies":[{"embeddable":true,"href":"https:\/\/nitu.mx\/index.php\/wp-json\/wp\/v2\/comments?post=29766"}],"version-history":[{"count":3,"href":"https:\/\/nitu.mx\/index.php\/wp-json\/wp\/v2\/posts\/29766\/revisions"}],"predecessor-version":[{"id":29802,"href":"https:\/\/nitu.mx\/index.php\/wp-json\/wp\/v2\/posts\/29766\/revisions\/29802"}],"wp:featuredmedia":[{"embeddable":true,"href":"https:\/\/nitu.mx\/index.php\/wp-json\/wp\/v2\/media\/28706"}],"wp:attachment":[{"href":"https:\/\/nitu.mx\/index.php\/wp-json\/wp\/v2\/media?parent=29766"}],"wp:term":[{"taxonomy":"category","embeddable":true,"href":"https:\/\/nitu.mx\/index.php\/wp-json\/wp\/v2\/categories?post=29766"},{"taxonomy":"post_tag","embeddable":true,"href":"https:\/\/nitu.mx\/index.php\/wp-json\/wp\/v2\/tags?post=29766"}],"curies":[{"name":"wp","href":"https:\/\/api.w.org\/{rel}","templated":true}]}}