{"id":29730,"date":"2019-03-04T00:00:19","date_gmt":"2019-03-04T05:00:19","guid":{"rendered":"https:\/\/www.dev.nitu.mx\/?p=29730"},"modified":"2019-03-04T02:22:30","modified_gmt":"2019-03-04T07:22:30","slug":"punta-cana-segunda-ciudad-mas-visitada-de-latinoamerica-solo-detras-de-cancun","status":"publish","type":"post","link":"https:\/\/nitu.mx\/index.php\/2019\/03\/04\/punta-cana-segunda-ciudad-mas-visitada-de-latinoamerica-solo-detras-de-cancun\/","title":{"rendered":"Punta Cana, segunda ciudad m\u00e1s visitada de Latinoam\u00e9rica s\u00f3lo detr\u00e1s de Canc\u00fan"},"content":{"rendered":"<p>De acuerdo con el ranking de las 100 Ciudades Destino 2018 realizado por la consultora Euromonitor Internacional, Punta Cana se coloc\u00f3 como la segunda ciudad m\u00e1s visitada en Am\u00e9rica Latina, s\u00f3lo superada por Canc\u00fan.<\/p>\n<p>A nivel mundial, el polo tur\u00edstico de Rep\u00fablica Dominicana se ubica en el lugar 58, sin embargo, el reporte de la consultora refleja que Punta Cana fue la quinta ciudad del planeta con mayor crecimiento de turistas en 2018.<\/p>\n<p>El ranking de las 100 Ciudades Destino se basa en el n\u00famero de viajeros internacionales, sin considerar cruceristas ni pasajeros de tr\u00e1nsito. El a\u00f1o pasado, el destino dominicano tuvo un incremento de 19.3 por ciento al recibir 4 millones 348 mil 100 visitantes extranjeros, contra los 3 millones 643 mil 500 del 2017.<\/p>\n<p>Punta Cana ha estado presente en los informes de Euromonitor Internacional desde 2012, a\u00f1o en el que inici\u00f3 su ascenso de seis posiciones hasta 2017, y en un a\u00f1o logr\u00f3 otras tres posiciones m\u00e1s. El Ministerio de Turismo de Rep\u00fablica Dominicana (Mitur RD) se puso como meta llegar a 10 millones de turistas internacionales para 2023, as\u00ed como incrementar la conectividad a\u00e9rea.<\/p>\n<p>\u201cEs una gran satisfacci\u00f3n que Punta Cana se ubique entre las 100 plazas tur\u00edsticas m\u00e1s populares del mundo\u201d, afirm\u00f3 Magaly Toribio, asesora de Marketing del Mitur RD. \u201cEstos datos confirman el enorme atractivo que presenta este destino caracterizado por una oferta de primera categor\u00eda en hospedaje, entretenimiento, gastronom\u00eda, deportes y dem\u00e1s encuentros que busca el viajero actual\u201d, agreg\u00f3. (<a title=\"Rep\u00fablica Dominicana pretende quitarle el mercado a Caribe Mexicano en FITUR\" href=\"https:\/\/www.dev.nitu.mx\/index.php\/2019\/01\/16\/republica-dominicana-pretende-quitarle-el-mercado-a-caribe-mexicano-en-fitur\/\" rel=\"bookmark\">Rep\u00fablica Dominicana pretende quitarle el mercado a Caribe Mexicano en FITUR<\/a>).<\/p>\n<p>El paradisiaco destino ha cobrado mucho auge respecto a otros \u201ccompetidores\u201d del Mar Caribe, gracias a sus atractivos escenarios naturales de sol y playa, las actividades que ofrece a los turistas, y a la llegada de importantes inversiones principalmente del ramo hotelero.<\/p>\n","protected":false},"excerpt":{"rendered":"<p>De acuerdo con el ranking de las 100 Ciudades Destino 2018 realizado por la consultora Euromonitor Internacional, Punta Cana se coloc\u00f3 como la segunda ciudad m\u00e1s visitada en Am\u00e9rica Latina, s\u00f3lo superada por Canc\u00fan. A nivel mundial, el polo tur\u00edstico de Rep\u00fablica Dominicana se ubica en el lugar 58, sin embargo, el reporte de la [&hellip;]<\/p>\n","protected":false},"author":5,"featured_media":29731,"comment_status":"open","ping_status":"open","sticky":false,"template":"","format":"standard","meta":{"footnotes":""},"categories":[5,374],"tags":[14779,14781,14780,1258],"yoast_head":"<!-- This site is optimized with the Yoast SEO plugin v22.2 - https:\/\/yoast.com\/wordpress\/plugins\/seo\/ -->\n<title>Punta Cana, segunda ciudad m\u00e1s visitada de Latinoam\u00e9rica s\u00f3lo detr\u00e1s de Canc\u00fan - Nitu - Noticias de la Industria Turistica<\/title>\n<meta name=\"robots\" content=\"index, follow, max-snippet:-1, max-image-preview:large, max-video-preview:-1\" \/>\n<link rel=\"canonical\" href=\"https:\/\/nitu.mx\/index.php\/2019\/03\/04\/punta-cana-segunda-ciudad-mas-visitada-de-latinoamerica-solo-detras-de-cancun\/\" \/>\n<meta name=\"twitter:card\" content=\"summary_large_image\" \/>\n<meta name=\"twitter:title\" content=\"Punta Cana, segunda ciudad m\u00e1s visitada de Latinoam\u00e9rica s\u00f3lo detr\u00e1s de Canc\u00fan - Nitu - Noticias de la Industria Turistica\" \/>\n<meta name=\"twitter:description\" content=\"De acuerdo con el ranking de las 100 Ciudades Destino 2018 realizado por la consultora Euromonitor Internacional, Punta Cana se coloc\u00f3 como la segunda ciudad m\u00e1s visitada en Am\u00e9rica Latina, s\u00f3lo superada por Canc\u00fan. A nivel mundial, el polo tur\u00edstico de Rep\u00fablica Dominicana se ubica en el lugar 58, sin embargo, el reporte de la [&hellip;]\" \/>\n<meta name=\"twitter:image\" content=\"https:\/\/nitu.mx\/wp-content\/uploads\/2019\/03\/Punta-Cana.jpg\" \/>\n<meta name=\"twitter:creator\" content=\"@NITUmx\" \/>\n<meta name=\"twitter:site\" content=\"@Arturo_Medina_G\" \/>\n<meta name=\"twitter:label1\" content=\"Escrito por\" \/>\n\t<meta name=\"twitter:data1\" content=\"Mari Soto\" \/>\n\t<meta name=\"twitter:label2\" content=\"Tiempo de lectura\" \/>\n\t<meta name=\"twitter:data2\" content=\"2 minutos\" \/>\n<script type=\"application\/ld+json\" class=\"yoast-schema-graph\">{\"@context\":\"https:\/\/schema.org\",\"@graph\":[{\"@type\":\"Article\",\"@id\":\"https:\/\/nitu.mx\/index.php\/2019\/03\/04\/punta-cana-segunda-ciudad-mas-visitada-de-latinoamerica-solo-detras-de-cancun\/#article\",\"isPartOf\":{\"@id\":\"https:\/\/nitu.mx\/index.php\/2019\/03\/04\/punta-cana-segunda-ciudad-mas-visitada-de-latinoamerica-solo-detras-de-cancun\/\"},\"author\":{\"name\":\"Mari Soto\",\"@id\":\"https:\/\/nitu.mx\/#\/schema\/person\/afc52e313e27e660739556d421d3d6b4\"},\"headline\":\"Punta Cana, segunda ciudad m\u00e1s visitada de Latinoam\u00e9rica s\u00f3lo detr\u00e1s de Canc\u00fan\",\"datePublished\":\"2019-03-04T05:00:19+00:00\",\"dateModified\":\"2019-03-04T07:22:30+00:00\",\"mainEntityOfPage\":{\"@id\":\"https:\/\/nitu.mx\/index.php\/2019\/03\/04\/punta-cana-segunda-ciudad-mas-visitada-de-latinoamerica-solo-detras-de-cancun\/\"},\"wordCount\":319,\"commentCount\":0,\"publisher\":{\"@id\":\"https:\/\/nitu.mx\/#\/schema\/person\/ae7a53426417292d3dd07b45a33e01bc\"},\"image\":{\"@id\":\"https:\/\/nitu.mx\/index.php\/2019\/03\/04\/punta-cana-segunda-ciudad-mas-visitada-de-latinoamerica-solo-detras-de-cancun\/#primaryimage\"},\"thumbnailUrl\":\"https:\/\/nitu.mx\/wp-content\/uploads\/2019\/03\/Punta-Cana.jpg\",\"keywords\":[\"Euromonitor Internacional\",\"Magaly Toribio\",\"Mitur RD\",\"Punta Cana\"],\"articleSection\":[\"Destinos\",\"Internacional\"],\"inLanguage\":\"es-MX\",\"potentialAction\":[{\"@type\":\"CommentAction\",\"name\":\"Comment\",\"target\":[\"https:\/\/nitu.mx\/index.php\/2019\/03\/04\/punta-cana-segunda-ciudad-mas-visitada-de-latinoamerica-solo-detras-de-cancun\/#respond\"]}]},{\"@type\":\"WebPage\",\"@id\":\"https:\/\/nitu.mx\/index.php\/2019\/03\/04\/punta-cana-segunda-ciudad-mas-visitada-de-latinoamerica-solo-detras-de-cancun\/\",\"url\":\"https:\/\/nitu.mx\/index.php\/2019\/03\/04\/punta-cana-segunda-ciudad-mas-visitada-de-latinoamerica-solo-detras-de-cancun\/\",\"name\":\"Punta Cana, segunda ciudad m\u00e1s visitada de Latinoam\u00e9rica s\u00f3lo detr\u00e1s de Canc\u00fan - Nitu - Noticias de la Industria Turistica\",\"isPartOf\":{\"@id\":\"https:\/\/nitu.mx\/#website\"},\"primaryImageOfPage\":{\"@id\":\"https:\/\/nitu.mx\/index.php\/2019\/03\/04\/punta-cana-segunda-ciudad-mas-visitada-de-latinoamerica-solo-detras-de-cancun\/#primaryimage\"},\"image\":{\"@id\":\"https:\/\/nitu.mx\/index.php\/2019\/03\/04\/punta-cana-segunda-ciudad-mas-visitada-de-latinoamerica-solo-detras-de-cancun\/#primaryimage\"},\"thumbnailUrl\":\"https:\/\/nitu.mx\/wp-content\/uploads\/2019\/03\/Punta-Cana.jpg\",\"datePublished\":\"2019-03-04T05:00:19+00:00\",\"dateModified\":\"2019-03-04T07:22:30+00:00\",\"breadcrumb\":{\"@id\":\"https:\/\/nitu.mx\/index.php\/2019\/03\/04\/punta-cana-segunda-ciudad-mas-visitada-de-latinoamerica-solo-detras-de-cancun\/#breadcrumb\"},\"inLanguage\":\"es-MX\",\"potentialAction\":[{\"@type\":\"ReadAction\",\"target\":[\"https:\/\/nitu.mx\/index.php\/2019\/03\/04\/punta-cana-segunda-ciudad-mas-visitada-de-latinoamerica-solo-detras-de-cancun\/\"]}]},{\"@type\":\"ImageObject\",\"inLanguage\":\"es-MX\",\"@id\":\"https:\/\/nitu.mx\/index.php\/2019\/03\/04\/punta-cana-segunda-ciudad-mas-visitada-de-latinoamerica-solo-detras-de-cancun\/#primaryimage\",\"url\":\"https:\/\/nitu.mx\/wp-content\/uploads\/2019\/03\/Punta-Cana.jpg\",\"contentUrl\":\"https:\/\/nitu.mx\/wp-content\/uploads\/2019\/03\/Punta-Cana.jpg\",\"width\":850,\"height\":480,\"caption\":\"Punta Cana\"},{\"@type\":\"BreadcrumbList\",\"@id\":\"https:\/\/nitu.mx\/index.php\/2019\/03\/04\/punta-cana-segunda-ciudad-mas-visitada-de-latinoamerica-solo-detras-de-cancun\/#breadcrumb\",\"itemListElement\":[{\"@type\":\"ListItem\",\"position\":1,\"name\":\"Inicio\",\"item\":\"https:\/\/nitu.mx\/\"},{\"@type\":\"ListItem\",\"position\":2,\"name\":\"Punta Cana, segunda ciudad m\u00e1s visitada de Latinoam\u00e9rica s\u00f3lo detr\u00e1s de Canc\u00fan\"}]},{\"@type\":\"WebSite\",\"@id\":\"https:\/\/nitu.mx\/#website\",\"url\":\"https:\/\/nitu.mx\/\",\"name\":\"Nitu - Noticias de la Industria Turistica\",\"description\":\"Noticias de la Industria Turistica\",\"publisher\":{\"@id\":\"https:\/\/nitu.mx\/#\/schema\/person\/ae7a53426417292d3dd07b45a33e01bc\"},\"alternateName\":\"Noticias de la Industria Turistica\",\"potentialAction\":[{\"@type\":\"SearchAction\",\"target\":{\"@type\":\"EntryPoint\",\"urlTemplate\":\"https:\/\/nitu.mx\/?s={search_term_string}\"},\"query-input\":\"required name=search_term_string\"}],\"inLanguage\":\"es-MX\"},{\"@type\":[\"Person\",\"Organization\"],\"@id\":\"https:\/\/nitu.mx\/#\/schema\/person\/ae7a53426417292d3dd07b45a33e01bc\",\"name\":\"Arturo Medina\",\"image\":{\"@type\":\"ImageObject\",\"inLanguage\":\"es-MX\",\"@id\":\"https:\/\/nitu.mx\/#\/schema\/person\/image\/\",\"url\":\"https:\/\/nitu.mx\/wp-content\/uploads\/2024\/04\/4A315622-1904-4D5C-B022-878CDC840E04-90x90-1.jpeg\",\"contentUrl\":\"https:\/\/nitu.mx\/wp-content\/uploads\/2024\/04\/4A315622-1904-4D5C-B022-878CDC840E04-90x90-1.jpeg\",\"width\":90,\"height\":90,\"caption\":\"Arturo Medina\"},\"logo\":{\"@id\":\"https:\/\/nitu.mx\/#\/schema\/person\/image\/\"},\"description\":\"Director NITU.mx, Egresado de la Escuela de Periodismo Carlos Septi\u00e9n Garc\u00eda. Periodista y analista especializado en turismo desde hace 35 a\u00f1os, radicado en Canc\u00fan Q.Roo. arturo@nitu.mx\",\"sameAs\":[\"https:\/\/nitu.mx\",\"https:\/\/www.facebook.com\/NITUmx\/\",\"medinacancun\",\"https:\/\/twitter.com\/@Arturo_Medina_G\"]},{\"@type\":\"Person\",\"@id\":\"https:\/\/nitu.mx\/#\/schema\/person\/afc52e313e27e660739556d421d3d6b4\",\"name\":\"Mari Soto\",\"image\":{\"@type\":\"ImageObject\",\"inLanguage\":\"es-MX\",\"@id\":\"https:\/\/nitu.mx\/#\/schema\/person\/image\/\",\"url\":\"https:\/\/secure.gravatar.com\/avatar\/2619c282a180a20d89fcaea82a6736e2?s=96&d=mm&r=g\",\"contentUrl\":\"https:\/\/secure.gravatar.com\/avatar\/2619c282a180a20d89fcaea82a6736e2?s=96&d=mm&r=g\",\"caption\":\"Mari Soto\"},\"sameAs\":[\"https:\/\/nitu.mx\"],\"url\":\"https:\/\/nitu.mx\/index.php\/author\/guadalupe\/\"}]}<\/script>\n<!-- \/ Yoast SEO plugin. -->","yoast_head_json":{"title":"Punta Cana, segunda ciudad m\u00e1s visitada de Latinoam\u00e9rica s\u00f3lo detr\u00e1s de Canc\u00fan - Nitu - Noticias de la Industria Turistica","robots":{"index":"index","follow":"follow","max-snippet":"max-snippet:-1","max-image-preview":"max-image-preview:large","max-video-preview":"max-video-preview:-1"},"canonical":"https:\/\/nitu.mx\/index.php\/2019\/03\/04\/punta-cana-segunda-ciudad-mas-visitada-de-latinoamerica-solo-detras-de-cancun\/","twitter_card":"summary_large_image","twitter_title":"Punta Cana, segunda ciudad m\u00e1s visitada de Latinoam\u00e9rica s\u00f3lo detr\u00e1s de Canc\u00fan - Nitu - Noticias de la Industria Turistica","twitter_description":"De acuerdo con el ranking de las 100 Ciudades Destino 2018 realizado por la consultora Euromonitor Internacional, Punta Cana se coloc\u00f3 como la segunda ciudad m\u00e1s visitada en Am\u00e9rica Latina, s\u00f3lo superada por Canc\u00fan. A nivel mundial, el polo tur\u00edstico de Rep\u00fablica Dominicana se ubica en el lugar 58, sin embargo, el reporte de la [&hellip;]","twitter_image":"https:\/\/nitu.mx\/wp-content\/uploads\/2019\/03\/Punta-Cana.jpg","twitter_creator":"@NITUmx","twitter_site":"@Arturo_Medina_G","twitter_misc":{"Escrito por":"Mari Soto","Tiempo de lectura":"2 minutos"},"schema":{"@context":"https:\/\/schema.org","@graph":[{"@type":"Article","@id":"https:\/\/nitu.mx\/index.php\/2019\/03\/04\/punta-cana-segunda-ciudad-mas-visitada-de-latinoamerica-solo-detras-de-cancun\/#article","isPartOf":{"@id":"https:\/\/nitu.mx\/index.php\/2019\/03\/04\/punta-cana-segunda-ciudad-mas-visitada-de-latinoamerica-solo-detras-de-cancun\/"},"author":{"name":"Mari Soto","@id":"https:\/\/nitu.mx\/#\/schema\/person\/afc52e313e27e660739556d421d3d6b4"},"headline":"Punta Cana, segunda ciudad m\u00e1s visitada de Latinoam\u00e9rica s\u00f3lo detr\u00e1s de Canc\u00fan","datePublished":"2019-03-04T05:00:19+00:00","dateModified":"2019-03-04T07:22:30+00:00","mainEntityOfPage":{"@id":"https:\/\/nitu.mx\/index.php\/2019\/03\/04\/punta-cana-segunda-ciudad-mas-visitada-de-latinoamerica-solo-detras-de-cancun\/"},"wordCount":319,"commentCount":0,"publisher":{"@id":"https:\/\/nitu.mx\/#\/schema\/person\/ae7a53426417292d3dd07b45a33e01bc"},"image":{"@id":"https:\/\/nitu.mx\/index.php\/2019\/03\/04\/punta-cana-segunda-ciudad-mas-visitada-de-latinoamerica-solo-detras-de-cancun\/#primaryimage"},"thumbnailUrl":"https:\/\/nitu.mx\/wp-content\/uploads\/2019\/03\/Punta-Cana.jpg","keywords":["Euromonitor Internacional","Magaly Toribio","Mitur RD","Punta Cana"],"articleSection":["Destinos","Internacional"],"inLanguage":"es-MX","potentialAction":[{"@type":"CommentAction","name":"Comment","target":["https:\/\/nitu.mx\/index.php\/2019\/03\/04\/punta-cana-segunda-ciudad-mas-visitada-de-latinoamerica-solo-detras-de-cancun\/#respond"]}]},{"@type":"WebPage","@id":"https:\/\/nitu.mx\/index.php\/2019\/03\/04\/punta-cana-segunda-ciudad-mas-visitada-de-latinoamerica-solo-detras-de-cancun\/","url":"https:\/\/nitu.mx\/index.php\/2019\/03\/04\/punta-cana-segunda-ciudad-mas-visitada-de-latinoamerica-solo-detras-de-cancun\/","name":"Punta Cana, segunda ciudad m\u00e1s visitada de Latinoam\u00e9rica s\u00f3lo detr\u00e1s de Canc\u00fan - Nitu - Noticias de la Industria Turistica","isPartOf":{"@id":"https:\/\/nitu.mx\/#website"},"primaryImageOfPage":{"@id":"https:\/\/nitu.mx\/index.php\/2019\/03\/04\/punta-cana-segunda-ciudad-mas-visitada-de-latinoamerica-solo-detras-de-cancun\/#primaryimage"},"image":{"@id":"https:\/\/nitu.mx\/index.php\/2019\/03\/04\/punta-cana-segunda-ciudad-mas-visitada-de-latinoamerica-solo-detras-de-cancun\/#primaryimage"},"thumbnailUrl":"https:\/\/nitu.mx\/wp-content\/uploads\/2019\/03\/Punta-Cana.jpg","datePublished":"2019-03-04T05:00:19+00:00","dateModified":"2019-03-04T07:22:30+00:00","breadcrumb":{"@id":"https:\/\/nitu.mx\/index.php\/2019\/03\/04\/punta-cana-segunda-ciudad-mas-visitada-de-latinoamerica-solo-detras-de-cancun\/#breadcrumb"},"inLanguage":"es-MX","potentialAction":[{"@type":"ReadAction","target":["https:\/\/nitu.mx\/index.php\/2019\/03\/04\/punta-cana-segunda-ciudad-mas-visitada-de-latinoamerica-solo-detras-de-cancun\/"]}]},{"@type":"ImageObject","inLanguage":"es-MX","@id":"https:\/\/nitu.mx\/index.php\/2019\/03\/04\/punta-cana-segunda-ciudad-mas-visitada-de-latinoamerica-solo-detras-de-cancun\/#primaryimage","url":"https:\/\/nitu.mx\/wp-content\/uploads\/2019\/03\/Punta-Cana.jpg","contentUrl":"https:\/\/nitu.mx\/wp-content\/uploads\/2019\/03\/Punta-Cana.jpg","width":850,"height":480,"caption":"Punta Cana"},{"@type":"BreadcrumbList","@id":"https:\/\/nitu.mx\/index.php\/2019\/03\/04\/punta-cana-segunda-ciudad-mas-visitada-de-latinoamerica-solo-detras-de-cancun\/#breadcrumb","itemListElement":[{"@type":"ListItem","position":1,"name":"Inicio","item":"https:\/\/nitu.mx\/"},{"@type":"ListItem","position":2,"name":"Punta Cana, segunda ciudad m\u00e1s visitada de Latinoam\u00e9rica s\u00f3lo detr\u00e1s de Canc\u00fan"}]},{"@type":"WebSite","@id":"https:\/\/nitu.mx\/#website","url":"https:\/\/nitu.mx\/","name":"Nitu - Noticias de la Industria Turistica","description":"Noticias de la Industria Turistica","publisher":{"@id":"https:\/\/nitu.mx\/#\/schema\/person\/ae7a53426417292d3dd07b45a33e01bc"},"alternateName":"Noticias de la Industria Turistica","potentialAction":[{"@type":"SearchAction","target":{"@type":"EntryPoint","urlTemplate":"https:\/\/nitu.mx\/?s={search_term_string}"},"query-input":"required name=search_term_string"}],"inLanguage":"es-MX"},{"@type":["Person","Organization"],"@id":"https:\/\/nitu.mx\/#\/schema\/person\/ae7a53426417292d3dd07b45a33e01bc","name":"Arturo Medina","image":{"@type":"ImageObject","inLanguage":"es-MX","@id":"https:\/\/nitu.mx\/#\/schema\/person\/image\/","url":"https:\/\/nitu.mx\/wp-content\/uploads\/2024\/04\/4A315622-1904-4D5C-B022-878CDC840E04-90x90-1.jpeg","contentUrl":"https:\/\/nitu.mx\/wp-content\/uploads\/2024\/04\/4A315622-1904-4D5C-B022-878CDC840E04-90x90-1.jpeg","width":90,"height":90,"caption":"Arturo Medina"},"logo":{"@id":"https:\/\/nitu.mx\/#\/schema\/person\/image\/"},"description":"Director NITU.mx, Egresado de la Escuela de Periodismo Carlos Septi\u00e9n Garc\u00eda. Periodista y analista especializado en turismo desde hace 35 a\u00f1os, radicado en Canc\u00fan Q.Roo. arturo@nitu.mx","sameAs":["https:\/\/nitu.mx","https:\/\/www.facebook.com\/NITUmx\/","medinacancun","https:\/\/twitter.com\/@Arturo_Medina_G"]},{"@type":"Person","@id":"https:\/\/nitu.mx\/#\/schema\/person\/afc52e313e27e660739556d421d3d6b4","name":"Mari Soto","image":{"@type":"ImageObject","inLanguage":"es-MX","@id":"https:\/\/nitu.mx\/#\/schema\/person\/image\/","url":"https:\/\/secure.gravatar.com\/avatar\/2619c282a180a20d89fcaea82a6736e2?s=96&d=mm&r=g","contentUrl":"https:\/\/secure.gravatar.com\/avatar\/2619c282a180a20d89fcaea82a6736e2?s=96&d=mm&r=g","caption":"Mari Soto"},"sameAs":["https:\/\/nitu.mx"],"url":"https:\/\/nitu.mx\/index.php\/author\/guadalupe\/"}]}},"views":361,"_links":{"self":[{"href":"https:\/\/nitu.mx\/index.php\/wp-json\/wp\/v2\/posts\/29730"}],"collection":[{"href":"https:\/\/nitu.mx\/index.php\/wp-json\/wp\/v2\/posts"}],"about":[{"href":"https:\/\/nitu.mx\/index.php\/wp-json\/wp\/v2\/types\/post"}],"author":[{"embeddable":true,"href":"https:\/\/nitu.mx\/index.php\/wp-json\/wp\/v2\/users\/5"}],"replies":[{"embeddable":true,"href":"https:\/\/nitu.mx\/index.php\/wp-json\/wp\/v2\/comments?post=29730"}],"version-history":[{"count":1,"href":"https:\/\/nitu.mx\/index.php\/wp-json\/wp\/v2\/posts\/29730\/revisions"}],"predecessor-version":[{"id":29732,"href":"https:\/\/nitu.mx\/index.php\/wp-json\/wp\/v2\/posts\/29730\/revisions\/29732"}],"wp:featuredmedia":[{"embeddable":true,"href":"https:\/\/nitu.mx\/index.php\/wp-json\/wp\/v2\/media\/29731"}],"wp:attachment":[{"href":"https:\/\/nitu.mx\/index.php\/wp-json\/wp\/v2\/media?parent=29730"}],"wp:term":[{"taxonomy":"category","embeddable":true,"href":"https:\/\/nitu.mx\/index.php\/wp-json\/wp\/v2\/categories?post=29730"},{"taxonomy":"post_tag","embeddable":true,"href":"https:\/\/nitu.mx\/index.php\/wp-json\/wp\/v2\/tags?post=29730"}],"curies":[{"name":"wp","href":"https:\/\/api.w.org\/{rel}","templated":true}]}}