{"id":29711,"date":"2019-03-04T01:44:39","date_gmt":"2019-03-04T06:44:39","guid":{"rendered":"https:\/\/www.dev.nitu.mx\/?p=29711"},"modified":"2019-03-04T08:41:42","modified_gmt":"2019-03-04T13:41:42","slug":"interjet-llegara-a-medellin-y-preve-mas-rutas-en-centro-sudamerica-y-el-caribe","status":"publish","type":"post","link":"https:\/\/nitu.mx\/index.php\/2019\/03\/04\/interjet-llegara-a-medellin-y-preve-mas-rutas-en-centro-sudamerica-y-el-caribe\/","title":{"rendered":"Interjet llegar\u00e1 a Medell\u00edn y prev\u00e9 m\u00e1s rutas en Centro, Sudam\u00e9rica y el Caribe"},"content":{"rendered":"<p>Con el objetivo de impulsar su expansi\u00f3n en Latinoam\u00e9rica, Interjet, la aerol\u00ednea cien por ciento mexicana, comenzar\u00e1 operaciones en Medell\u00edn, Colombia, y prev\u00e9 la apertura de m\u00e1s vuelos en Centro, Sudam\u00e9rica y el Caribe.<\/p>\n<p>Esta expansi\u00f3n se suma a la nueva ruta que la compa\u00f1\u00eda comenz\u00f3 a operar hace unos meses en El Salvador, as\u00ed como el incremento de una nueva frecuencia en Lima, Per\u00fa.<\/p>\n<p>La ruta Medell\u00edn, Colombia, volando desde y hacia la Ciudad de M\u00e9xico y Canc\u00fan, tendr\u00e1 los siguientes itinerarios:<\/p>\n<p>Vuelo\u00a0 \u00a0 \u00a0 \u00a0Desde\u00a0 \u00a0 \u00a0 \u00a0 \u00a0 \u00a0 \u00a0 \u00a0 \u00a0Hacia\u00a0 \u00a0 \u00a0 \u00a0 \u00a0 \u00a0 \u00a0 \u00a0 \u00a0 \u00a0Sale \u00a0\u00a0\u00a0\u00a0\u00a0 Llega<\/p>\n<p>930 \u00a0\u00a0\u00a0\u00a0\u00a0\u00a0\u00a0 Canc\u00fan \u00a0\u00a0\u00a0\u00a0\u00a0\u00a0\u00a0\u00a0\u00a0\u00a0\u00a0\u00a0\u00a0\u00a0 Medell\u00edn \u00a0\u00a0\u00a0\u00a0\u00a0\u00a0\u00a0\u00a0\u00a0\u00a0\u00a0 16:00 \u00a0\u00a0\u00a0 19:00<\/p>\n<p>2098 \u00a0\u00a0\u00a0\u00a0 M\u00e9xico\u00a0 \u00a0 \u00a0 \u00a0 \u00a0 \u00a0 \u00a0 \u00a0 \u00a0Medell\u00edn \u00a0\u00a0\u00a0\u00a0\u00a0\u00a0\u00a0\u00a0\u00a0\u00a0\u00a0 16:00 \u00a0\u00a0\u00a0 20:15<\/p>\n<p>2099 \u00a0\u00a0\u00a0\u00a0 Medell\u00edn\u00a0 \u00a0 \u00a0 \u00a0 \u00a0 \u00a0 \u00a0 M\u00e9xico \u00a0\u00a0\u00a0\u00a0\u00a0\u00a0\u00a0\u00a0\u00a0\u00a0\u00a0\u00a0\u00a0\u00a0 20:10 \u00a0\u00a0\u00a0 00:30<\/p>\n<p>931 \u00a0\u00a0\u00a0\u00a0\u00a0\u00a0\u00a0 Medell\u00edn\u00a0 \u00a0 \u00a0 \u00a0 \u00a0 \u00a0 \u00a0 Canc\u00fan \u00a0\u00a0\u00a0\u00a0\u00a0\u00a0\u00a0\u00a0\u00a0\u00a0\u00a0\u00a0\u00a0\u00a0 06:00 \u00a0\u00a0\u00a0 09:15<\/p>\n<p>Es importante se\u00f1alar que, durante 2018, Interjet transport\u00f3 a un total de 3 millones 708 mil 711 pasajeros internacionales, reportando as\u00ed un alza de casi 34 por ciento con respecto a cifras de 2017.<\/p>\n<p>En enero de este a\u00f1o, moviliz\u00f3 a 374 mil 871 personas en operaciones internacionales, lo que se tradujo en un crecimiento de 25.5 por ciento con relaci\u00f3n a igual mes del a\u00f1o anterior. De esta manera se observa claramente el importante crecimiento sostenido que Interjet tiene en la transportaci\u00f3n de pasajeros a nivel internacional.<\/p>\n<p>Actualmente, la empresa ofrece servicio a 53 destinos en 9 pa\u00edses, de los cuales 5 se encuentran en Centro y Sudam\u00e9rica (Guatemala, El Salvador, Costa Rica, Per\u00fa y Colombia).<\/p>\n<p>Desde la apertura de las rutas M\u00e9xico\u2013Bogot\u00e1\u2013M\u00e9xico y\u00a0 Canc\u00fan\u2013Bogot\u00e1\u2013 Canc\u00fan,\u00a0 se ha movilizado a cerca de un mill\u00f3n de pasajeros, de los cuales 800 mil 190 corresponden a la primera ruta; en tanto, en la segunda se ha transportado a m\u00e1s de 195 mil 534 pasajeros. (<a title=\"Interjet crece 19 por ciento en su ruta Canc\u00fan-Colombia\" href=\"https:\/\/www.dev.nitu.mx\/index.php\/2018\/12\/28\/interjet-crece-19-por-ciento-en-su-ruta-cancun-colombia\/\" rel=\"bookmark\">Interjet crece 19 por ciento en su ruta Canc\u00fan-Colombia<\/a>).<\/p>\n<p>Hoy por hoy, se cuenta con 28 frecuencias y una oferta de 4 mil 200 asientos semanales en el vuelo que conecta a la Ciudad de M\u00e9xico con Bogot\u00e1, mientras que de Canc\u00fan hacia este mismo destino se ofertan 14 vuelos y 2 mil 688 asientos durante los siete d\u00edas de la semana. Ambas rutas registran un factor de ocupaci\u00f3n superior al 80 por ciento.<\/p>\n<p>Interjet se distingue por ser una empresa que brinda una alta experiencia de viaje, con un conjunto \u00fanico de servicios que proporciona a los usuarios el equilibrio perfecto entre costo y beneficio; tal es el caso de su pol\u00edtica de no sobreventa, disfrutar del mayor espacio entre asientos de su categor\u00eda en el continente americano, snacks y bebidas sin costo, as\u00ed como la posibilidad de documentar hasta 50 kilogramos de equipaje en tarifa Priority, entre otros.<\/p>\n","protected":false},"excerpt":{"rendered":"<p>Con el objetivo de impulsar su expansi\u00f3n en Latinoam\u00e9rica, Interjet, la aerol\u00ednea cien por ciento mexicana, comenzar\u00e1 operaciones en Medell\u00edn, Colombia, y prev\u00e9 la apertura de m\u00e1s vuelos en Centro, Sudam\u00e9rica y el Caribe. Esta expansi\u00f3n se suma a la nueva ruta que la compa\u00f1\u00eda comenz\u00f3 a operar hace unos meses en El Salvador, as\u00ed [&hellip;]<\/p>\n","protected":false},"author":17,"featured_media":6305,"comment_status":"open","ping_status":"open","sticky":false,"template":"","format":"standard","meta":{"footnotes":""},"categories":[29,374],"tags":[3735,404,1855,224,172,3151,2331,5168,249],"yoast_head":"<!-- This site is optimized with the Yoast SEO plugin v22.2 - https:\/\/yoast.com\/wordpress\/plugins\/seo\/ -->\n<title>Interjet llegar\u00e1 a Medell\u00edn y prev\u00e9 m\u00e1s rutas en Centro, Sudam\u00e9rica y el Caribe - Nitu - Noticias de la Industria Turistica<\/title>\n<meta name=\"description\" content=\"Con el objetivo de impulsar su expansi\u00f3n en Latinoam\u00e9rica, Interjet, la aerol\u00ednea cien por ciento mexicana, comenzar\u00e1 operaciones en Medell\u00edn, Colombia.\" \/>\n<meta name=\"robots\" content=\"index, follow, max-snippet:-1, max-image-preview:large, max-video-preview:-1\" \/>\n<link rel=\"canonical\" href=\"https:\/\/nitu.mx\/index.php\/2019\/03\/04\/interjet-llegara-a-medellin-y-preve-mas-rutas-en-centro-sudamerica-y-el-caribe\/\" \/>\n<meta name=\"twitter:card\" content=\"summary_large_image\" \/>\n<meta name=\"twitter:title\" content=\"Interjet llegar\u00e1 a Medell\u00edn y prev\u00e9 m\u00e1s rutas en Centro, Sudam\u00e9rica y el Caribe - Nitu - Noticias de la Industria Turistica\" \/>\n<meta name=\"twitter:description\" content=\"Con el objetivo de impulsar su expansi\u00f3n en Latinoam\u00e9rica, Interjet, la aerol\u00ednea cien por ciento mexicana, comenzar\u00e1 operaciones en Medell\u00edn, Colombia.\" \/>\n<meta name=\"twitter:image\" content=\"https:\/\/nitu.mx\/wp-content\/uploads\/2017\/01\/Interjet-vuela.jpg\" \/>\n<meta name=\"twitter:creator\" content=\"@NITUmx\" \/>\n<meta name=\"twitter:site\" content=\"@Arturo_Medina_G\" \/>\n<meta name=\"twitter:label1\" content=\"Escrito por\" \/>\n\t<meta name=\"twitter:data1\" content=\"Redacci\u00f3n\" \/>\n\t<meta name=\"twitter:label2\" content=\"Tiempo de lectura\" \/>\n\t<meta name=\"twitter:data2\" content=\"2 minutos\" \/>\n<script type=\"application\/ld+json\" class=\"yoast-schema-graph\">{\"@context\":\"https:\/\/schema.org\",\"@graph\":[{\"@type\":\"Article\",\"@id\":\"https:\/\/nitu.mx\/index.php\/2019\/03\/04\/interjet-llegara-a-medellin-y-preve-mas-rutas-en-centro-sudamerica-y-el-caribe\/#article\",\"isPartOf\":{\"@id\":\"https:\/\/nitu.mx\/index.php\/2019\/03\/04\/interjet-llegara-a-medellin-y-preve-mas-rutas-en-centro-sudamerica-y-el-caribe\/\"},\"author\":{\"name\":\"Redacci\u00f3n\",\"@id\":\"https:\/\/nitu.mx\/#\/schema\/person\/4a28fe9bd65924f7c90623773daf1b0b\"},\"headline\":\"Interjet llegar\u00e1 a Medell\u00edn y prev\u00e9 m\u00e1s rutas en Centro, Sudam\u00e9rica y el Caribe\",\"datePublished\":\"2019-03-04T06:44:39+00:00\",\"dateModified\":\"2019-03-04T13:41:42+00:00\",\"mainEntityOfPage\":{\"@id\":\"https:\/\/nitu.mx\/index.php\/2019\/03\/04\/interjet-llegara-a-medellin-y-preve-mas-rutas-en-centro-sudamerica-y-el-caribe\/\"},\"wordCount\":443,\"commentCount\":0,\"publisher\":{\"@id\":\"https:\/\/nitu.mx\/#\/schema\/person\/ae7a53426417292d3dd07b45a33e01bc\"},\"image\":{\"@id\":\"https:\/\/nitu.mx\/index.php\/2019\/03\/04\/interjet-llegara-a-medellin-y-preve-mas-rutas-en-centro-sudamerica-y-el-caribe\/#primaryimage\"},\"thumbnailUrl\":\"https:\/\/nitu.mx\/wp-content\/uploads\/2017\/01\/Interjet-vuela.jpg\",\"keywords\":[\"Aerol\u00ednea\",\"Caribe\",\"Centro\",\"Colombia\",\"Interjet\",\"Medell\u00edn\",\"Operaciones\",\"rutas\",\"Sudam\u00e9rica\"],\"articleSection\":[\"Aerol\u00edneas\",\"Internacional\"],\"inLanguage\":\"es-MX\",\"potentialAction\":[{\"@type\":\"CommentAction\",\"name\":\"Comment\",\"target\":[\"https:\/\/nitu.mx\/index.php\/2019\/03\/04\/interjet-llegara-a-medellin-y-preve-mas-rutas-en-centro-sudamerica-y-el-caribe\/#respond\"]}]},{\"@type\":\"WebPage\",\"@id\":\"https:\/\/nitu.mx\/index.php\/2019\/03\/04\/interjet-llegara-a-medellin-y-preve-mas-rutas-en-centro-sudamerica-y-el-caribe\/\",\"url\":\"https:\/\/nitu.mx\/index.php\/2019\/03\/04\/interjet-llegara-a-medellin-y-preve-mas-rutas-en-centro-sudamerica-y-el-caribe\/\",\"name\":\"Interjet llegar\u00e1 a Medell\u00edn y prev\u00e9 m\u00e1s rutas en Centro, Sudam\u00e9rica y el Caribe - Nitu - Noticias de la Industria Turistica\",\"isPartOf\":{\"@id\":\"https:\/\/nitu.mx\/#website\"},\"primaryImageOfPage\":{\"@id\":\"https:\/\/nitu.mx\/index.php\/2019\/03\/04\/interjet-llegara-a-medellin-y-preve-mas-rutas-en-centro-sudamerica-y-el-caribe\/#primaryimage\"},\"image\":{\"@id\":\"https:\/\/nitu.mx\/index.php\/2019\/03\/04\/interjet-llegara-a-medellin-y-preve-mas-rutas-en-centro-sudamerica-y-el-caribe\/#primaryimage\"},\"thumbnailUrl\":\"https:\/\/nitu.mx\/wp-content\/uploads\/2017\/01\/Interjet-vuela.jpg\",\"datePublished\":\"2019-03-04T06:44:39+00:00\",\"dateModified\":\"2019-03-04T13:41:42+00:00\",\"description\":\"Con el objetivo de impulsar su expansi\u00f3n en Latinoam\u00e9rica, Interjet, la aerol\u00ednea cien por ciento mexicana, comenzar\u00e1 operaciones en Medell\u00edn, Colombia.\",\"breadcrumb\":{\"@id\":\"https:\/\/nitu.mx\/index.php\/2019\/03\/04\/interjet-llegara-a-medellin-y-preve-mas-rutas-en-centro-sudamerica-y-el-caribe\/#breadcrumb\"},\"inLanguage\":\"es-MX\",\"potentialAction\":[{\"@type\":\"ReadAction\",\"target\":[\"https:\/\/nitu.mx\/index.php\/2019\/03\/04\/interjet-llegara-a-medellin-y-preve-mas-rutas-en-centro-sudamerica-y-el-caribe\/\"]}]},{\"@type\":\"ImageObject\",\"inLanguage\":\"es-MX\",\"@id\":\"https:\/\/nitu.mx\/index.php\/2019\/03\/04\/interjet-llegara-a-medellin-y-preve-mas-rutas-en-centro-sudamerica-y-el-caribe\/#primaryimage\",\"url\":\"https:\/\/nitu.mx\/wp-content\/uploads\/2017\/01\/Interjet-vuela.jpg\",\"contentUrl\":\"https:\/\/nitu.mx\/wp-content\/uploads\/2017\/01\/Interjet-vuela.jpg\",\"width\":850,\"height\":480,\"caption\":\"Interjet\"},{\"@type\":\"BreadcrumbList\",\"@id\":\"https:\/\/nitu.mx\/index.php\/2019\/03\/04\/interjet-llegara-a-medellin-y-preve-mas-rutas-en-centro-sudamerica-y-el-caribe\/#breadcrumb\",\"itemListElement\":[{\"@type\":\"ListItem\",\"position\":1,\"name\":\"Inicio\",\"item\":\"https:\/\/nitu.mx\/\"},{\"@type\":\"ListItem\",\"position\":2,\"name\":\"Interjet llegar\u00e1 a Medell\u00edn y prev\u00e9 m\u00e1s rutas en Centro, Sudam\u00e9rica y el Caribe\"}]},{\"@type\":\"WebSite\",\"@id\":\"https:\/\/nitu.mx\/#website\",\"url\":\"https:\/\/nitu.mx\/\",\"name\":\"Nitu - Noticias de la Industria Turistica\",\"description\":\"Noticias de la Industria Turistica\",\"publisher\":{\"@id\":\"https:\/\/nitu.mx\/#\/schema\/person\/ae7a53426417292d3dd07b45a33e01bc\"},\"alternateName\":\"Noticias de la Industria Turistica\",\"potentialAction\":[{\"@type\":\"SearchAction\",\"target\":{\"@type\":\"EntryPoint\",\"urlTemplate\":\"https:\/\/nitu.mx\/?s={search_term_string}\"},\"query-input\":\"required name=search_term_string\"}],\"inLanguage\":\"es-MX\"},{\"@type\":[\"Person\",\"Organization\"],\"@id\":\"https:\/\/nitu.mx\/#\/schema\/person\/ae7a53426417292d3dd07b45a33e01bc\",\"name\":\"Arturo Medina\",\"image\":{\"@type\":\"ImageObject\",\"inLanguage\":\"es-MX\",\"@id\":\"https:\/\/nitu.mx\/#\/schema\/person\/image\/\",\"url\":\"https:\/\/nitu.mx\/wp-content\/uploads\/2024\/04\/4A315622-1904-4D5C-B022-878CDC840E04-90x90-1.jpeg\",\"contentUrl\":\"https:\/\/nitu.mx\/wp-content\/uploads\/2024\/04\/4A315622-1904-4D5C-B022-878CDC840E04-90x90-1.jpeg\",\"width\":90,\"height\":90,\"caption\":\"Arturo Medina\"},\"logo\":{\"@id\":\"https:\/\/nitu.mx\/#\/schema\/person\/image\/\"},\"description\":\"Director NITU.mx, Egresado de la Escuela de Periodismo Carlos Septi\u00e9n Garc\u00eda. Periodista y analista especializado en turismo desde hace 35 a\u00f1os, radicado en Canc\u00fan Q.Roo. arturo@nitu.mx\",\"sameAs\":[\"https:\/\/nitu.mx\",\"https:\/\/www.facebook.com\/NITUmx\/\",\"medinacancun\",\"https:\/\/twitter.com\/@Arturo_Medina_G\"]},{\"@type\":\"Person\",\"@id\":\"https:\/\/nitu.mx\/#\/schema\/person\/4a28fe9bd65924f7c90623773daf1b0b\",\"name\":\"Redacci\u00f3n\",\"image\":{\"@type\":\"ImageObject\",\"inLanguage\":\"es-MX\",\"@id\":\"https:\/\/nitu.mx\/#\/schema\/person\/image\/\",\"url\":\"https:\/\/secure.gravatar.com\/avatar\/5dd011c8ccfc5cd7e4c81e42252aab38?s=96&d=mm&r=g\",\"contentUrl\":\"https:\/\/secure.gravatar.com\/avatar\/5dd011c8ccfc5cd7e4c81e42252aab38?s=96&d=mm&r=g\",\"caption\":\"Redacci\u00f3n\"},\"url\":\"https:\/\/nitu.mx\/index.php\/author\/redaccion\/\"}]}<\/script>\n<!-- \/ Yoast SEO plugin. -->","yoast_head_json":{"title":"Interjet llegar\u00e1 a Medell\u00edn y prev\u00e9 m\u00e1s rutas en Centro, Sudam\u00e9rica y el Caribe - Nitu - Noticias de la Industria Turistica","description":"Con el objetivo de impulsar su expansi\u00f3n en Latinoam\u00e9rica, Interjet, la aerol\u00ednea cien por ciento mexicana, comenzar\u00e1 operaciones en Medell\u00edn, Colombia.","robots":{"index":"index","follow":"follow","max-snippet":"max-snippet:-1","max-image-preview":"max-image-preview:large","max-video-preview":"max-video-preview:-1"},"canonical":"https:\/\/nitu.mx\/index.php\/2019\/03\/04\/interjet-llegara-a-medellin-y-preve-mas-rutas-en-centro-sudamerica-y-el-caribe\/","twitter_card":"summary_large_image","twitter_title":"Interjet llegar\u00e1 a Medell\u00edn y prev\u00e9 m\u00e1s rutas en Centro, Sudam\u00e9rica y el Caribe - Nitu - Noticias de la Industria Turistica","twitter_description":"Con el objetivo de impulsar su expansi\u00f3n en Latinoam\u00e9rica, Interjet, la aerol\u00ednea cien por ciento mexicana, comenzar\u00e1 operaciones en Medell\u00edn, Colombia.","twitter_image":"https:\/\/nitu.mx\/wp-content\/uploads\/2017\/01\/Interjet-vuela.jpg","twitter_creator":"@NITUmx","twitter_site":"@Arturo_Medina_G","twitter_misc":{"Escrito por":"Redacci\u00f3n","Tiempo de lectura":"2 minutos"},"schema":{"@context":"https:\/\/schema.org","@graph":[{"@type":"Article","@id":"https:\/\/nitu.mx\/index.php\/2019\/03\/04\/interjet-llegara-a-medellin-y-preve-mas-rutas-en-centro-sudamerica-y-el-caribe\/#article","isPartOf":{"@id":"https:\/\/nitu.mx\/index.php\/2019\/03\/04\/interjet-llegara-a-medellin-y-preve-mas-rutas-en-centro-sudamerica-y-el-caribe\/"},"author":{"name":"Redacci\u00f3n","@id":"https:\/\/nitu.mx\/#\/schema\/person\/4a28fe9bd65924f7c90623773daf1b0b"},"headline":"Interjet llegar\u00e1 a Medell\u00edn y prev\u00e9 m\u00e1s rutas en Centro, Sudam\u00e9rica y el Caribe","datePublished":"2019-03-04T06:44:39+00:00","dateModified":"2019-03-04T13:41:42+00:00","mainEntityOfPage":{"@id":"https:\/\/nitu.mx\/index.php\/2019\/03\/04\/interjet-llegara-a-medellin-y-preve-mas-rutas-en-centro-sudamerica-y-el-caribe\/"},"wordCount":443,"commentCount":0,"publisher":{"@id":"https:\/\/nitu.mx\/#\/schema\/person\/ae7a53426417292d3dd07b45a33e01bc"},"image":{"@id":"https:\/\/nitu.mx\/index.php\/2019\/03\/04\/interjet-llegara-a-medellin-y-preve-mas-rutas-en-centro-sudamerica-y-el-caribe\/#primaryimage"},"thumbnailUrl":"https:\/\/nitu.mx\/wp-content\/uploads\/2017\/01\/Interjet-vuela.jpg","keywords":["Aerol\u00ednea","Caribe","Centro","Colombia","Interjet","Medell\u00edn","Operaciones","rutas","Sudam\u00e9rica"],"articleSection":["Aerol\u00edneas","Internacional"],"inLanguage":"es-MX","potentialAction":[{"@type":"CommentAction","name":"Comment","target":["https:\/\/nitu.mx\/index.php\/2019\/03\/04\/interjet-llegara-a-medellin-y-preve-mas-rutas-en-centro-sudamerica-y-el-caribe\/#respond"]}]},{"@type":"WebPage","@id":"https:\/\/nitu.mx\/index.php\/2019\/03\/04\/interjet-llegara-a-medellin-y-preve-mas-rutas-en-centro-sudamerica-y-el-caribe\/","url":"https:\/\/nitu.mx\/index.php\/2019\/03\/04\/interjet-llegara-a-medellin-y-preve-mas-rutas-en-centro-sudamerica-y-el-caribe\/","name":"Interjet llegar\u00e1 a Medell\u00edn y prev\u00e9 m\u00e1s rutas en Centro, Sudam\u00e9rica y el Caribe - Nitu - Noticias de la Industria Turistica","isPartOf":{"@id":"https:\/\/nitu.mx\/#website"},"primaryImageOfPage":{"@id":"https:\/\/nitu.mx\/index.php\/2019\/03\/04\/interjet-llegara-a-medellin-y-preve-mas-rutas-en-centro-sudamerica-y-el-caribe\/#primaryimage"},"image":{"@id":"https:\/\/nitu.mx\/index.php\/2019\/03\/04\/interjet-llegara-a-medellin-y-preve-mas-rutas-en-centro-sudamerica-y-el-caribe\/#primaryimage"},"thumbnailUrl":"https:\/\/nitu.mx\/wp-content\/uploads\/2017\/01\/Interjet-vuela.jpg","datePublished":"2019-03-04T06:44:39+00:00","dateModified":"2019-03-04T13:41:42+00:00","description":"Con el objetivo de impulsar su expansi\u00f3n en Latinoam\u00e9rica, Interjet, la aerol\u00ednea cien por ciento mexicana, comenzar\u00e1 operaciones en Medell\u00edn, Colombia.","breadcrumb":{"@id":"https:\/\/nitu.mx\/index.php\/2019\/03\/04\/interjet-llegara-a-medellin-y-preve-mas-rutas-en-centro-sudamerica-y-el-caribe\/#breadcrumb"},"inLanguage":"es-MX","potentialAction":[{"@type":"ReadAction","target":["https:\/\/nitu.mx\/index.php\/2019\/03\/04\/interjet-llegara-a-medellin-y-preve-mas-rutas-en-centro-sudamerica-y-el-caribe\/"]}]},{"@type":"ImageObject","inLanguage":"es-MX","@id":"https:\/\/nitu.mx\/index.php\/2019\/03\/04\/interjet-llegara-a-medellin-y-preve-mas-rutas-en-centro-sudamerica-y-el-caribe\/#primaryimage","url":"https:\/\/nitu.mx\/wp-content\/uploads\/2017\/01\/Interjet-vuela.jpg","contentUrl":"https:\/\/nitu.mx\/wp-content\/uploads\/2017\/01\/Interjet-vuela.jpg","width":850,"height":480,"caption":"Interjet"},{"@type":"BreadcrumbList","@id":"https:\/\/nitu.mx\/index.php\/2019\/03\/04\/interjet-llegara-a-medellin-y-preve-mas-rutas-en-centro-sudamerica-y-el-caribe\/#breadcrumb","itemListElement":[{"@type":"ListItem","position":1,"name":"Inicio","item":"https:\/\/nitu.mx\/"},{"@type":"ListItem","position":2,"name":"Interjet llegar\u00e1 a Medell\u00edn y prev\u00e9 m\u00e1s rutas en Centro, Sudam\u00e9rica y el Caribe"}]},{"@type":"WebSite","@id":"https:\/\/nitu.mx\/#website","url":"https:\/\/nitu.mx\/","name":"Nitu - Noticias de la Industria Turistica","description":"Noticias de la Industria Turistica","publisher":{"@id":"https:\/\/nitu.mx\/#\/schema\/person\/ae7a53426417292d3dd07b45a33e01bc"},"alternateName":"Noticias de la Industria Turistica","potentialAction":[{"@type":"SearchAction","target":{"@type":"EntryPoint","urlTemplate":"https:\/\/nitu.mx\/?s={search_term_string}"},"query-input":"required name=search_term_string"}],"inLanguage":"es-MX"},{"@type":["Person","Organization"],"@id":"https:\/\/nitu.mx\/#\/schema\/person\/ae7a53426417292d3dd07b45a33e01bc","name":"Arturo Medina","image":{"@type":"ImageObject","inLanguage":"es-MX","@id":"https:\/\/nitu.mx\/#\/schema\/person\/image\/","url":"https:\/\/nitu.mx\/wp-content\/uploads\/2024\/04\/4A315622-1904-4D5C-B022-878CDC840E04-90x90-1.jpeg","contentUrl":"https:\/\/nitu.mx\/wp-content\/uploads\/2024\/04\/4A315622-1904-4D5C-B022-878CDC840E04-90x90-1.jpeg","width":90,"height":90,"caption":"Arturo Medina"},"logo":{"@id":"https:\/\/nitu.mx\/#\/schema\/person\/image\/"},"description":"Director NITU.mx, Egresado de la Escuela de Periodismo Carlos Septi\u00e9n Garc\u00eda. Periodista y analista especializado en turismo desde hace 35 a\u00f1os, radicado en Canc\u00fan Q.Roo. arturo@nitu.mx","sameAs":["https:\/\/nitu.mx","https:\/\/www.facebook.com\/NITUmx\/","medinacancun","https:\/\/twitter.com\/@Arturo_Medina_G"]},{"@type":"Person","@id":"https:\/\/nitu.mx\/#\/schema\/person\/4a28fe9bd65924f7c90623773daf1b0b","name":"Redacci\u00f3n","image":{"@type":"ImageObject","inLanguage":"es-MX","@id":"https:\/\/nitu.mx\/#\/schema\/person\/image\/","url":"https:\/\/secure.gravatar.com\/avatar\/5dd011c8ccfc5cd7e4c81e42252aab38?s=96&d=mm&r=g","contentUrl":"https:\/\/secure.gravatar.com\/avatar\/5dd011c8ccfc5cd7e4c81e42252aab38?s=96&d=mm&r=g","caption":"Redacci\u00f3n"},"url":"https:\/\/nitu.mx\/index.php\/author\/redaccion\/"}]}},"views":222,"_links":{"self":[{"href":"https:\/\/nitu.mx\/index.php\/wp-json\/wp\/v2\/posts\/29711"}],"collection":[{"href":"https:\/\/nitu.mx\/index.php\/wp-json\/wp\/v2\/posts"}],"about":[{"href":"https:\/\/nitu.mx\/index.php\/wp-json\/wp\/v2\/types\/post"}],"author":[{"embeddable":true,"href":"https:\/\/nitu.mx\/index.php\/wp-json\/wp\/v2\/users\/17"}],"replies":[{"embeddable":true,"href":"https:\/\/nitu.mx\/index.php\/wp-json\/wp\/v2\/comments?post=29711"}],"version-history":[{"count":3,"href":"https:\/\/nitu.mx\/index.php\/wp-json\/wp\/v2\/posts\/29711\/revisions"}],"predecessor-version":[{"id":29756,"href":"https:\/\/nitu.mx\/index.php\/wp-json\/wp\/v2\/posts\/29711\/revisions\/29756"}],"wp:featuredmedia":[{"embeddable":true,"href":"https:\/\/nitu.mx\/index.php\/wp-json\/wp\/v2\/media\/6305"}],"wp:attachment":[{"href":"https:\/\/nitu.mx\/index.php\/wp-json\/wp\/v2\/media?parent=29711"}],"wp:term":[{"taxonomy":"category","embeddable":true,"href":"https:\/\/nitu.mx\/index.php\/wp-json\/wp\/v2\/categories?post=29711"},{"taxonomy":"post_tag","embeddable":true,"href":"https:\/\/nitu.mx\/index.php\/wp-json\/wp\/v2\/tags?post=29711"}],"curies":[{"name":"wp","href":"https:\/\/api.w.org\/{rel}","templated":true}]}}