{"id":29560,"date":"2019-02-28T01:23:01","date_gmt":"2019-02-28T06:23:01","guid":{"rendered":"https:\/\/www.dev.nitu.mx\/?p=29560"},"modified":"2019-02-28T02:03:25","modified_gmt":"2019-02-28T07:03:25","slug":"promocionan-los-destinos-del-caribe-mexicano-en-colombia","status":"publish","type":"post","link":"https:\/\/nitu.mx\/index.php\/2019\/02\/28\/promocionan-los-destinos-del-caribe-mexicano-en-colombia\/","title":{"rendered":"Promocionan los destinos del Caribe Mexicano en Colombia"},"content":{"rendered":"<p>En representaci\u00f3n del gobernador Carlos Joaqu\u00edn, la secretaria de Turismo Marisol Vanegas P\u00e9rez inaugur\u00f3 el Pabell\u00f3n del Caribe Mexicano, en el marco de la 38 edici\u00f3n de feria de la Asociaci\u00f3n Colombiana de Agencias de Viajes y Turismo (ANATO) que se lleva a cabo en Bogot\u00e1 del 27 de febrero al 1 de marzo.<\/p>\n<p>\u00a8Esta ser\u00e1 la primera ocasi\u00f3n donde el pabell\u00f3n del Caribe Mexicano tambi\u00e9n tiene la autorizaci\u00f3n para el uso de la marca M\u00e9xico y encabeza la presencia de nuestro pa\u00eds en una feria internacional. Es muy importante para nosotros porque Colombia es el 5to mercado de turistas internacionales m\u00e1s importante para Quintana Roo\u00a8, sostuvo la titular de la SEDETUR.<\/p>\n<p>En el corte del list\u00f3n que inaugur\u00f3 el pabell\u00f3n, tambi\u00e9n estuvieron el Presidente de la Asociaci\u00f3n de hoteles de Cancun y Puerto Morelos, Roberto Cintr\u00f3n Gomez, el representante de la Canciller\u00eda de M\u00e9xico en Colombia Juan Roberto Gonz\u00e1lez y la Presidenta Municipal de Puerto Morelos Laura Fernandez.<\/p>\n<p>La Asociaci\u00f3n Colombiana de Agencias de Viajes y Turismo \u2013 ANATO\u2013, es el organizador de la Vitrina Tur\u00edstica, el evento m\u00e1s importante en materia de turismo en Colombia, el cual re\u00fane a profesionales del sector y este a\u00f1o espera recibir a m\u00e1s de 36 mil visitantes de 35 pa\u00edses y mil 400 expositores en 800 stands en el Centro Internacional de Negocios y Exposiciones de Bogot\u00e1 \u2013 CORFERIAS.<\/p>\n<p>La delegaci\u00f3n encabezada por la la Secretaria de Turismo Estatal Marisol Vanegas P\u00e9rez est\u00e1 integrada por el director del Consejo de Promoci\u00f3n Tur\u00edstica de Quintana Roo, Dar\u00edo Flota, por Lizzie Cole, directora de Promoci\u00f3n y Andr\u00e9s Mart\u00ednez, director de Mercadotecnia. En 2018, Quintana Roo recibi\u00f3 m\u00e1s de 210 mil visitantes de origen colombiano.<\/p>\n<p>De acuerdo con el Consejo de Promoci\u00f3n Tur\u00edstica de Quintana Roo (CPTQ), en seis a\u00f1os, el mercado colombiano pas\u00f3 de 45 mil a m\u00e1s de 210 mil turistas, lo que representa un crecimiento de 463 por ciento . Los colombianos tienen una estancia promedio de 6 noches. Actualmente se cuenta con mayor conectividad a\u00e9rea. En noviembre pasado se realiz\u00f3 la apertura de la ruta Medell\u00edn-Canc\u00fan por Aerom\u00e9xico y cerca del 50% de los colombianos que visitan M\u00e9xico viajan a Quintana Roo.<\/p>\n","protected":false},"excerpt":{"rendered":"<p>En representaci\u00f3n del gobernador Carlos Joaqu\u00edn, la secretaria de Turismo Marisol Vanegas P\u00e9rez inaugur\u00f3 el Pabell\u00f3n del Caribe Mexicano, en el marco de la 38 edici\u00f3n de feria de la Asociaci\u00f3n Colombiana de Agencias de Viajes y Turismo (ANATO) que se lleva a cabo en Bogot\u00e1 del 27 de febrero al 1 de marzo. \u00a8Esta [&hellip;]<\/p>\n","protected":false},"author":17,"featured_media":29563,"comment_status":"open","ping_status":"open","sticky":false,"template":"","format":"standard","meta":{"footnotes":""},"categories":[12,6],"tags":[2259,5996,14705,918,224,14706,14707,14704,260,5785],"yoast_head":"<!-- This site is optimized with the Yoast SEO plugin v22.2 - https:\/\/yoast.com\/wordpress\/plugins\/seo\/ -->\n<title>Promocionan los destinos del Caribe Mexicano en Colombia - Nitu - Noticias de la Industria Turistica<\/title>\n<meta name=\"description\" content=\"En representaci\u00f3n del gobernador Carlos Joaqu\u00edn, la secretaria de Turismo Marisol Vanegas P\u00e9rez inaugur\u00f3 el Pabell\u00f3n del Caribe Mexicano.\" \/>\n<meta name=\"robots\" content=\"index, follow, max-snippet:-1, max-image-preview:large, max-video-preview:-1\" \/>\n<link rel=\"canonical\" href=\"https:\/\/nitu.mx\/index.php\/2019\/02\/28\/promocionan-los-destinos-del-caribe-mexicano-en-colombia\/\" \/>\n<meta name=\"twitter:card\" content=\"summary_large_image\" \/>\n<meta name=\"twitter:title\" content=\"Promocionan los destinos del Caribe Mexicano en Colombia - Nitu - Noticias de la Industria Turistica\" \/>\n<meta name=\"twitter:description\" content=\"En representaci\u00f3n del gobernador Carlos Joaqu\u00edn, la secretaria de Turismo Marisol Vanegas P\u00e9rez inaugur\u00f3 el Pabell\u00f3n del Caribe Mexicano.\" \/>\n<meta name=\"twitter:image\" content=\"https:\/\/nitu.mx\/wp-content\/uploads\/2019\/02\/anato.jpg\" \/>\n<meta name=\"twitter:creator\" content=\"@NITUmx\" \/>\n<meta name=\"twitter:site\" content=\"@Arturo_Medina_G\" \/>\n<meta name=\"twitter:label1\" content=\"Escrito por\" \/>\n\t<meta name=\"twitter:data1\" content=\"Redacci\u00f3n\" \/>\n\t<meta name=\"twitter:label2\" content=\"Tiempo de lectura\" \/>\n\t<meta name=\"twitter:data2\" content=\"2 minutos\" \/>\n<script type=\"application\/ld+json\" class=\"yoast-schema-graph\">{\"@context\":\"https:\/\/schema.org\",\"@graph\":[{\"@type\":\"Article\",\"@id\":\"https:\/\/nitu.mx\/index.php\/2019\/02\/28\/promocionan-los-destinos-del-caribe-mexicano-en-colombia\/#article\",\"isPartOf\":{\"@id\":\"https:\/\/nitu.mx\/index.php\/2019\/02\/28\/promocionan-los-destinos-del-caribe-mexicano-en-colombia\/\"},\"author\":{\"name\":\"Redacci\u00f3n\",\"@id\":\"https:\/\/nitu.mx\/#\/schema\/person\/4a28fe9bd65924f7c90623773daf1b0b\"},\"headline\":\"Promocionan los destinos del Caribe Mexicano en Colombia\",\"datePublished\":\"2019-02-28T06:23:01+00:00\",\"dateModified\":\"2019-02-28T07:03:25+00:00\",\"mainEntityOfPage\":{\"@id\":\"https:\/\/nitu.mx\/index.php\/2019\/02\/28\/promocionan-los-destinos-del-caribe-mexicano-en-colombia\/\"},\"wordCount\":398,\"commentCount\":0,\"publisher\":{\"@id\":\"https:\/\/nitu.mx\/#\/schema\/person\/ae7a53426417292d3dd07b45a33e01bc\"},\"image\":{\"@id\":\"https:\/\/nitu.mx\/index.php\/2019\/02\/28\/promocionan-los-destinos-del-caribe-mexicano-en-colombia\/#primaryimage\"},\"thumbnailUrl\":\"https:\/\/nitu.mx\/wp-content\/uploads\/2019\/02\/anato.jpg\",\"keywords\":[\"aerol\u00edneas\",\"Agencias de Viaje\",\"agenda\",\"Bogot\u00e1\",\"Colombia\",\"del Caribe Mexicano\",\"en el marco de la 38 edici\u00f3n de feria de la Asociaci\u00f3n Colombiana de Agencias de Viajes y Turismo (ANATO)\",\"oferta tur\u00edstica\",\"Quintana Roo\",\"touroperadores\"],\"articleSection\":[\"Marketing\",\"M\u00e9xico\"],\"inLanguage\":\"es-MX\",\"potentialAction\":[{\"@type\":\"CommentAction\",\"name\":\"Comment\",\"target\":[\"https:\/\/nitu.mx\/index.php\/2019\/02\/28\/promocionan-los-destinos-del-caribe-mexicano-en-colombia\/#respond\"]}]},{\"@type\":\"WebPage\",\"@id\":\"https:\/\/nitu.mx\/index.php\/2019\/02\/28\/promocionan-los-destinos-del-caribe-mexicano-en-colombia\/\",\"url\":\"https:\/\/nitu.mx\/index.php\/2019\/02\/28\/promocionan-los-destinos-del-caribe-mexicano-en-colombia\/\",\"name\":\"Promocionan los destinos del Caribe Mexicano en Colombia - Nitu - Noticias de la Industria Turistica\",\"isPartOf\":{\"@id\":\"https:\/\/nitu.mx\/#website\"},\"primaryImageOfPage\":{\"@id\":\"https:\/\/nitu.mx\/index.php\/2019\/02\/28\/promocionan-los-destinos-del-caribe-mexicano-en-colombia\/#primaryimage\"},\"image\":{\"@id\":\"https:\/\/nitu.mx\/index.php\/2019\/02\/28\/promocionan-los-destinos-del-caribe-mexicano-en-colombia\/#primaryimage\"},\"thumbnailUrl\":\"https:\/\/nitu.mx\/wp-content\/uploads\/2019\/02\/anato.jpg\",\"datePublished\":\"2019-02-28T06:23:01+00:00\",\"dateModified\":\"2019-02-28T07:03:25+00:00\",\"description\":\"En representaci\u00f3n del gobernador Carlos Joaqu\u00edn, la secretaria de Turismo Marisol Vanegas P\u00e9rez inaugur\u00f3 el Pabell\u00f3n del Caribe Mexicano.\",\"breadcrumb\":{\"@id\":\"https:\/\/nitu.mx\/index.php\/2019\/02\/28\/promocionan-los-destinos-del-caribe-mexicano-en-colombia\/#breadcrumb\"},\"inLanguage\":\"es-MX\",\"potentialAction\":[{\"@type\":\"ReadAction\",\"target\":[\"https:\/\/nitu.mx\/index.php\/2019\/02\/28\/promocionan-los-destinos-del-caribe-mexicano-en-colombia\/\"]}]},{\"@type\":\"ImageObject\",\"inLanguage\":\"es-MX\",\"@id\":\"https:\/\/nitu.mx\/index.php\/2019\/02\/28\/promocionan-los-destinos-del-caribe-mexicano-en-colombia\/#primaryimage\",\"url\":\"https:\/\/nitu.mx\/wp-content\/uploads\/2019\/02\/anato.jpg\",\"contentUrl\":\"https:\/\/nitu.mx\/wp-content\/uploads\/2019\/02\/anato.jpg\",\"width\":1280,\"height\":853},{\"@type\":\"BreadcrumbList\",\"@id\":\"https:\/\/nitu.mx\/index.php\/2019\/02\/28\/promocionan-los-destinos-del-caribe-mexicano-en-colombia\/#breadcrumb\",\"itemListElement\":[{\"@type\":\"ListItem\",\"position\":1,\"name\":\"Inicio\",\"item\":\"https:\/\/nitu.mx\/\"},{\"@type\":\"ListItem\",\"position\":2,\"name\":\"Promocionan los destinos del Caribe Mexicano en Colombia\"}]},{\"@type\":\"WebSite\",\"@id\":\"https:\/\/nitu.mx\/#website\",\"url\":\"https:\/\/nitu.mx\/\",\"name\":\"Nitu - Noticias de la Industria Turistica\",\"description\":\"Noticias de la Industria Turistica\",\"publisher\":{\"@id\":\"https:\/\/nitu.mx\/#\/schema\/person\/ae7a53426417292d3dd07b45a33e01bc\"},\"alternateName\":\"Noticias de la Industria Turistica\",\"potentialAction\":[{\"@type\":\"SearchAction\",\"target\":{\"@type\":\"EntryPoint\",\"urlTemplate\":\"https:\/\/nitu.mx\/?s={search_term_string}\"},\"query-input\":\"required name=search_term_string\"}],\"inLanguage\":\"es-MX\"},{\"@type\":[\"Person\",\"Organization\"],\"@id\":\"https:\/\/nitu.mx\/#\/schema\/person\/ae7a53426417292d3dd07b45a33e01bc\",\"name\":\"Arturo Medina\",\"image\":{\"@type\":\"ImageObject\",\"inLanguage\":\"es-MX\",\"@id\":\"https:\/\/nitu.mx\/#\/schema\/person\/image\/\",\"url\":\"https:\/\/nitu.mx\/wp-content\/uploads\/2024\/04\/4A315622-1904-4D5C-B022-878CDC840E04-90x90-1.jpeg\",\"contentUrl\":\"https:\/\/nitu.mx\/wp-content\/uploads\/2024\/04\/4A315622-1904-4D5C-B022-878CDC840E04-90x90-1.jpeg\",\"width\":90,\"height\":90,\"caption\":\"Arturo Medina\"},\"logo\":{\"@id\":\"https:\/\/nitu.mx\/#\/schema\/person\/image\/\"},\"description\":\"Director NITU.mx, Egresado de la Escuela de Periodismo Carlos Septi\u00e9n Garc\u00eda. Periodista y analista especializado en turismo desde hace 35 a\u00f1os, radicado en Canc\u00fan Q.Roo. arturo@nitu.mx\",\"sameAs\":[\"https:\/\/nitu.mx\",\"https:\/\/www.facebook.com\/NITUmx\/\",\"medinacancun\",\"https:\/\/twitter.com\/@Arturo_Medina_G\"]},{\"@type\":\"Person\",\"@id\":\"https:\/\/nitu.mx\/#\/schema\/person\/4a28fe9bd65924f7c90623773daf1b0b\",\"name\":\"Redacci\u00f3n\",\"image\":{\"@type\":\"ImageObject\",\"inLanguage\":\"es-MX\",\"@id\":\"https:\/\/nitu.mx\/#\/schema\/person\/image\/\",\"url\":\"https:\/\/secure.gravatar.com\/avatar\/5dd011c8ccfc5cd7e4c81e42252aab38?s=96&d=mm&r=g\",\"contentUrl\":\"https:\/\/secure.gravatar.com\/avatar\/5dd011c8ccfc5cd7e4c81e42252aab38?s=96&d=mm&r=g\",\"caption\":\"Redacci\u00f3n\"},\"url\":\"https:\/\/nitu.mx\/index.php\/author\/redaccion\/\"}]}<\/script>\n<!-- \/ Yoast SEO plugin. -->","yoast_head_json":{"title":"Promocionan los destinos del Caribe Mexicano en Colombia - Nitu - Noticias de la Industria Turistica","description":"En representaci\u00f3n del gobernador Carlos Joaqu\u00edn, la secretaria de Turismo Marisol Vanegas P\u00e9rez inaugur\u00f3 el Pabell\u00f3n del Caribe Mexicano.","robots":{"index":"index","follow":"follow","max-snippet":"max-snippet:-1","max-image-preview":"max-image-preview:large","max-video-preview":"max-video-preview:-1"},"canonical":"https:\/\/nitu.mx\/index.php\/2019\/02\/28\/promocionan-los-destinos-del-caribe-mexicano-en-colombia\/","twitter_card":"summary_large_image","twitter_title":"Promocionan los destinos del Caribe Mexicano en Colombia - Nitu - Noticias de la Industria Turistica","twitter_description":"En representaci\u00f3n del gobernador Carlos Joaqu\u00edn, la secretaria de Turismo Marisol Vanegas P\u00e9rez inaugur\u00f3 el Pabell\u00f3n del Caribe Mexicano.","twitter_image":"https:\/\/nitu.mx\/wp-content\/uploads\/2019\/02\/anato.jpg","twitter_creator":"@NITUmx","twitter_site":"@Arturo_Medina_G","twitter_misc":{"Escrito por":"Redacci\u00f3n","Tiempo de lectura":"2 minutos"},"schema":{"@context":"https:\/\/schema.org","@graph":[{"@type":"Article","@id":"https:\/\/nitu.mx\/index.php\/2019\/02\/28\/promocionan-los-destinos-del-caribe-mexicano-en-colombia\/#article","isPartOf":{"@id":"https:\/\/nitu.mx\/index.php\/2019\/02\/28\/promocionan-los-destinos-del-caribe-mexicano-en-colombia\/"},"author":{"name":"Redacci\u00f3n","@id":"https:\/\/nitu.mx\/#\/schema\/person\/4a28fe9bd65924f7c90623773daf1b0b"},"headline":"Promocionan los destinos del Caribe Mexicano en Colombia","datePublished":"2019-02-28T06:23:01+00:00","dateModified":"2019-02-28T07:03:25+00:00","mainEntityOfPage":{"@id":"https:\/\/nitu.mx\/index.php\/2019\/02\/28\/promocionan-los-destinos-del-caribe-mexicano-en-colombia\/"},"wordCount":398,"commentCount":0,"publisher":{"@id":"https:\/\/nitu.mx\/#\/schema\/person\/ae7a53426417292d3dd07b45a33e01bc"},"image":{"@id":"https:\/\/nitu.mx\/index.php\/2019\/02\/28\/promocionan-los-destinos-del-caribe-mexicano-en-colombia\/#primaryimage"},"thumbnailUrl":"https:\/\/nitu.mx\/wp-content\/uploads\/2019\/02\/anato.jpg","keywords":["aerol\u00edneas","Agencias de Viaje","agenda","Bogot\u00e1","Colombia","del Caribe Mexicano","en el marco de la 38 edici\u00f3n de feria de la Asociaci\u00f3n Colombiana de Agencias de Viajes y Turismo (ANATO)","oferta tur\u00edstica","Quintana Roo","touroperadores"],"articleSection":["Marketing","M\u00e9xico"],"inLanguage":"es-MX","potentialAction":[{"@type":"CommentAction","name":"Comment","target":["https:\/\/nitu.mx\/index.php\/2019\/02\/28\/promocionan-los-destinos-del-caribe-mexicano-en-colombia\/#respond"]}]},{"@type":"WebPage","@id":"https:\/\/nitu.mx\/index.php\/2019\/02\/28\/promocionan-los-destinos-del-caribe-mexicano-en-colombia\/","url":"https:\/\/nitu.mx\/index.php\/2019\/02\/28\/promocionan-los-destinos-del-caribe-mexicano-en-colombia\/","name":"Promocionan los destinos del Caribe Mexicano en Colombia - Nitu - Noticias de la Industria Turistica","isPartOf":{"@id":"https:\/\/nitu.mx\/#website"},"primaryImageOfPage":{"@id":"https:\/\/nitu.mx\/index.php\/2019\/02\/28\/promocionan-los-destinos-del-caribe-mexicano-en-colombia\/#primaryimage"},"image":{"@id":"https:\/\/nitu.mx\/index.php\/2019\/02\/28\/promocionan-los-destinos-del-caribe-mexicano-en-colombia\/#primaryimage"},"thumbnailUrl":"https:\/\/nitu.mx\/wp-content\/uploads\/2019\/02\/anato.jpg","datePublished":"2019-02-28T06:23:01+00:00","dateModified":"2019-02-28T07:03:25+00:00","description":"En representaci\u00f3n del gobernador Carlos Joaqu\u00edn, la secretaria de Turismo Marisol Vanegas P\u00e9rez inaugur\u00f3 el Pabell\u00f3n del Caribe Mexicano.","breadcrumb":{"@id":"https:\/\/nitu.mx\/index.php\/2019\/02\/28\/promocionan-los-destinos-del-caribe-mexicano-en-colombia\/#breadcrumb"},"inLanguage":"es-MX","potentialAction":[{"@type":"ReadAction","target":["https:\/\/nitu.mx\/index.php\/2019\/02\/28\/promocionan-los-destinos-del-caribe-mexicano-en-colombia\/"]}]},{"@type":"ImageObject","inLanguage":"es-MX","@id":"https:\/\/nitu.mx\/index.php\/2019\/02\/28\/promocionan-los-destinos-del-caribe-mexicano-en-colombia\/#primaryimage","url":"https:\/\/nitu.mx\/wp-content\/uploads\/2019\/02\/anato.jpg","contentUrl":"https:\/\/nitu.mx\/wp-content\/uploads\/2019\/02\/anato.jpg","width":1280,"height":853},{"@type":"BreadcrumbList","@id":"https:\/\/nitu.mx\/index.php\/2019\/02\/28\/promocionan-los-destinos-del-caribe-mexicano-en-colombia\/#breadcrumb","itemListElement":[{"@type":"ListItem","position":1,"name":"Inicio","item":"https:\/\/nitu.mx\/"},{"@type":"ListItem","position":2,"name":"Promocionan los destinos del Caribe Mexicano en Colombia"}]},{"@type":"WebSite","@id":"https:\/\/nitu.mx\/#website","url":"https:\/\/nitu.mx\/","name":"Nitu - Noticias de la Industria Turistica","description":"Noticias de la Industria Turistica","publisher":{"@id":"https:\/\/nitu.mx\/#\/schema\/person\/ae7a53426417292d3dd07b45a33e01bc"},"alternateName":"Noticias de la Industria Turistica","potentialAction":[{"@type":"SearchAction","target":{"@type":"EntryPoint","urlTemplate":"https:\/\/nitu.mx\/?s={search_term_string}"},"query-input":"required name=search_term_string"}],"inLanguage":"es-MX"},{"@type":["Person","Organization"],"@id":"https:\/\/nitu.mx\/#\/schema\/person\/ae7a53426417292d3dd07b45a33e01bc","name":"Arturo Medina","image":{"@type":"ImageObject","inLanguage":"es-MX","@id":"https:\/\/nitu.mx\/#\/schema\/person\/image\/","url":"https:\/\/nitu.mx\/wp-content\/uploads\/2024\/04\/4A315622-1904-4D5C-B022-878CDC840E04-90x90-1.jpeg","contentUrl":"https:\/\/nitu.mx\/wp-content\/uploads\/2024\/04\/4A315622-1904-4D5C-B022-878CDC840E04-90x90-1.jpeg","width":90,"height":90,"caption":"Arturo Medina"},"logo":{"@id":"https:\/\/nitu.mx\/#\/schema\/person\/image\/"},"description":"Director NITU.mx, Egresado de la Escuela de Periodismo Carlos Septi\u00e9n Garc\u00eda. Periodista y analista especializado en turismo desde hace 35 a\u00f1os, radicado en Canc\u00fan Q.Roo. arturo@nitu.mx","sameAs":["https:\/\/nitu.mx","https:\/\/www.facebook.com\/NITUmx\/","medinacancun","https:\/\/twitter.com\/@Arturo_Medina_G"]},{"@type":"Person","@id":"https:\/\/nitu.mx\/#\/schema\/person\/4a28fe9bd65924f7c90623773daf1b0b","name":"Redacci\u00f3n","image":{"@type":"ImageObject","inLanguage":"es-MX","@id":"https:\/\/nitu.mx\/#\/schema\/person\/image\/","url":"https:\/\/secure.gravatar.com\/avatar\/5dd011c8ccfc5cd7e4c81e42252aab38?s=96&d=mm&r=g","contentUrl":"https:\/\/secure.gravatar.com\/avatar\/5dd011c8ccfc5cd7e4c81e42252aab38?s=96&d=mm&r=g","caption":"Redacci\u00f3n"},"url":"https:\/\/nitu.mx\/index.php\/author\/redaccion\/"}]}},"views":269,"_links":{"self":[{"href":"https:\/\/nitu.mx\/index.php\/wp-json\/wp\/v2\/posts\/29560"}],"collection":[{"href":"https:\/\/nitu.mx\/index.php\/wp-json\/wp\/v2\/posts"}],"about":[{"href":"https:\/\/nitu.mx\/index.php\/wp-json\/wp\/v2\/types\/post"}],"author":[{"embeddable":true,"href":"https:\/\/nitu.mx\/index.php\/wp-json\/wp\/v2\/users\/17"}],"replies":[{"embeddable":true,"href":"https:\/\/nitu.mx\/index.php\/wp-json\/wp\/v2\/comments?post=29560"}],"version-history":[{"count":5,"href":"https:\/\/nitu.mx\/index.php\/wp-json\/wp\/v2\/posts\/29560\/revisions"}],"predecessor-version":[{"id":29619,"href":"https:\/\/nitu.mx\/index.php\/wp-json\/wp\/v2\/posts\/29560\/revisions\/29619"}],"wp:featuredmedia":[{"embeddable":true,"href":"https:\/\/nitu.mx\/index.php\/wp-json\/wp\/v2\/media\/29563"}],"wp:attachment":[{"href":"https:\/\/nitu.mx\/index.php\/wp-json\/wp\/v2\/media?parent=29560"}],"wp:term":[{"taxonomy":"category","embeddable":true,"href":"https:\/\/nitu.mx\/index.php\/wp-json\/wp\/v2\/categories?post=29560"},{"taxonomy":"post_tag","embeddable":true,"href":"https:\/\/nitu.mx\/index.php\/wp-json\/wp\/v2\/tags?post=29560"}],"curies":[{"name":"wp","href":"https:\/\/api.w.org\/{rel}","templated":true}]}}