{"id":29533,"date":"2019-02-27T01:39:46","date_gmt":"2019-02-27T06:39:46","guid":{"rendered":"https:\/\/www.dev.nitu.mx\/?p=29533"},"modified":"2019-02-27T02:00:09","modified_gmt":"2019-02-27T07:00:09","slug":"ivan-ferrat-mancera-es-reelecto-como-presidente-de-anqr","status":"publish","type":"post","link":"https:\/\/nitu.mx\/index.php\/2019\/02\/27\/ivan-ferrat-mancera-es-reelecto-como-presidente-de-anqr\/","title":{"rendered":"Iv\u00e1n Ferrat Mancera es reelecto como presidente de ANQR"},"content":{"rendered":"<p>El nuevo Consejo Directivo 2019-2021 de Asociados Na\u00faticos de Quintana Roo (ANQR), tomo protesta, renovando la presidencia de Iv\u00e1n Ferrat Mancera y teniendo como equipo de trabajo al secretario, Miguel \u00c1ngel Diego Ver\u00e1stegui; la tesorera, Araceli Rodr\u00edguez Rodr\u00edguez; el vocal 1, Reynaldo Bret\u00f3n S\u00e1nchez y el vocal 2, C\u00e9sar Mart\u00ednez Faz.<\/p>\n<p>El hotel Ziva Hyatt, fue la sede del juramento de la toma de protesta, teniendo en la mesa del pres\u00eddium; Alicia Ricalde Maga\u00f1a, directora de administraci\u00f3n portuaria integral de Quintana Roo (Apiqroo),; Catalina Portillo Navarro, titular de la Secretar\u00eda del Trabajo y Previsi\u00f3n Social (Styps); Jos\u00e9 Francisco Estrada Hern\u00e1ndez, comandante de la 5ta Brigada de Infanter\u00eda de Marina;<\/p>\n<p>Rogelio Cardiel Aguill\u00f3n, mayor del 64 Batall\u00f3n de Infanter\u00eda; Antonio Vargas Aguirre, Capit\u00e1n Regional de Puerto Ju\u00e1rez.<br \/>\nEn el marco del evento, Iv\u00e1n Ferrat, rindi\u00f3 un informe de resultados a los socios afiliados del periodo de trabajo 2017-2019 y dio a conocer los nuevos retos y metas, a cumplir para la actual administraci\u00f3n 2019-2021.<\/p>\n<p>Destac\u00f3, que se ha elevado el n\u00famero de socios en un 50%, firmaron convenios de amistad y colaboraci\u00f3n con; el club n\u00e1utico internacional de Hemingway; AMPI; Fematurqroo; CCE; Coparmex; Observatorio ciudadano; Mesa de seguridad y justicia, Canc\u00fan e Isla Mujeres y se suben a la plataforma Caribeando.<\/p>\n<p>Asimismo se impulsa junto con la Universidad Tecnol\u00f3gica de Canc\u00fan (UT), la creaci\u00f3n de la primera carrera t\u00e9cnica en mec\u00e1nica naval, que esperan se pueda resolver a nivel nacional y que arranqu\u00e9 en el pr\u00f3ximo ciclo escolar.<\/p>\n<p>Coment\u00f3 que en el tema de la escalera n\u00e1utica, trabajan en promoci\u00f3n y colaboraci\u00f3n con Apiqroo y desean sumarse con el estado de Yucat\u00e1n, adem\u00e1s se lograron alianzas con la Asociaci\u00f3n Mexicana de Marinas Tur\u00edsticas (AMMT), las marinas de Quintana Roo tienen presencia en elbrochure internacional Visit Mexico que se reparte en ferias internacionales.<\/p>\n<p>Indic\u00f3 que se encuentran en pl\u00e1ticas con la diputada federal, M\u00f3nica Almeida, quien preside la Comisi\u00f3n de Marina y a la cual ya se le entreg\u00f3 una para que impulse reformas a la Ley y reglamento de navegaci\u00f3n, con el fin de incrementar y desarrollar la actividad econ\u00f3mica del sector n\u00e1utico del Estado.<\/p>\n<p>Recalc\u00f3 que son 43 socios, con una flotilla de m\u00e1s de mil 200 embarcaciones con presencia en 5 municipios e impactando en el servicio a m\u00e1s de 2.5 millones de turistas al a\u00f1o, asimismo participaron en el International Boat Show Miami 2019; actualmente est\u00e1n viendo la posibilidad de participar en abril en el Tianguis Tur\u00edstico de Acapulco.<\/p>\n<p>En el marco del evento se cont\u00f3 con la presencia de grandes invitados como la presidenta del CCE del Caribe, Inna Germ\u00e1n; el presidente de Coparmex Canc\u00fan, Adrian L\u00f3pez; la presidenta de AMPI Canc\u00fan, Mar\u00eda Tayde; entre otras personalidades.<\/p>\n","protected":false},"excerpt":{"rendered":"<p>El nuevo Consejo Directivo 2019-2021 de Asociados Na\u00faticos de Quintana Roo (ANQR), tomo protesta, renovando la presidencia de Iv\u00e1n Ferrat Mancera y teniendo como equipo de trabajo al secretario, Miguel \u00c1ngel Diego Ver\u00e1stegui; la tesorera, Araceli Rodr\u00edguez Rodr\u00edguez; el vocal 1, Reynaldo Bret\u00f3n S\u00e1nchez y el vocal 2, C\u00e9sar Mart\u00ednez Faz. El hotel Ziva Hyatt, [&hellip;]<\/p>\n","protected":false},"author":3,"featured_media":29555,"comment_status":"open","ping_status":"open","sticky":false,"template":"","format":"standard","meta":{"footnotes":""},"categories":[4,5],"tags":[2264,14693,6049,14694,14690,14696,14695,14692,14697,14691],"yoast_head":"<!-- This site is optimized with the Yoast SEO plugin v22.2 - https:\/\/yoast.com\/wordpress\/plugins\/seo\/ -->\n<title>Iv\u00e1n Ferrat Mancera es reelecto como presidente de ANQR - Nitu - Noticias de la Industria Turistica<\/title>\n<meta name=\"robots\" content=\"index, follow, max-snippet:-1, max-image-preview:large, max-video-preview:-1\" \/>\n<link rel=\"canonical\" href=\"https:\/\/nitu.mx\/index.php\/2019\/02\/27\/ivan-ferrat-mancera-es-reelecto-como-presidente-de-anqr\/\" \/>\n<meta name=\"twitter:card\" content=\"summary_large_image\" \/>\n<meta name=\"twitter:title\" content=\"Iv\u00e1n Ferrat Mancera es reelecto como presidente de ANQR - Nitu - Noticias de la Industria Turistica\" \/>\n<meta name=\"twitter:description\" content=\"El nuevo Consejo Directivo 2019-2021 de Asociados Na\u00faticos de Quintana Roo (ANQR), tomo protesta, renovando la presidencia de Iv\u00e1n Ferrat Mancera y teniendo como equipo de trabajo al secretario, Miguel \u00c1ngel Diego Ver\u00e1stegui; la tesorera, Araceli Rodr\u00edguez Rodr\u00edguez; el vocal 1, Reynaldo Bret\u00f3n S\u00e1nchez y el vocal 2, C\u00e9sar Mart\u00ednez Faz. El hotel Ziva Hyatt, [&hellip;]\" \/>\n<meta name=\"twitter:image\" content=\"https:\/\/nitu.mx\/wp-content\/uploads\/2019\/02\/Ivan-ferrat.jpg\" \/>\n<meta name=\"twitter:creator\" content=\"@NITUmx\" \/>\n<meta name=\"twitter:site\" content=\"@Arturo_Medina_G\" \/>\n<meta name=\"twitter:label1\" content=\"Escrito por\" \/>\n\t<meta name=\"twitter:data1\" content=\"Alejandra Moncisbays\" \/>\n\t<meta name=\"twitter:label2\" content=\"Tiempo de lectura\" \/>\n\t<meta name=\"twitter:data2\" content=\"2 minutos\" \/>\n<script type=\"application\/ld+json\" class=\"yoast-schema-graph\">{\"@context\":\"https:\/\/schema.org\",\"@graph\":[{\"@type\":\"Article\",\"@id\":\"https:\/\/nitu.mx\/index.php\/2019\/02\/27\/ivan-ferrat-mancera-es-reelecto-como-presidente-de-anqr\/#article\",\"isPartOf\":{\"@id\":\"https:\/\/nitu.mx\/index.php\/2019\/02\/27\/ivan-ferrat-mancera-es-reelecto-como-presidente-de-anqr\/\"},\"author\":{\"name\":\"Alejandra Moncisbays\",\"@id\":\"https:\/\/nitu.mx\/#\/schema\/person\/2ecd887b19dfd3382d1f14fc5acf24a8\"},\"headline\":\"Iv\u00e1n Ferrat Mancera es reelecto como presidente de ANQR\",\"datePublished\":\"2019-02-27T06:39:46+00:00\",\"dateModified\":\"2019-02-27T07:00:09+00:00\",\"mainEntityOfPage\":{\"@id\":\"https:\/\/nitu.mx\/index.php\/2019\/02\/27\/ivan-ferrat-mancera-es-reelecto-como-presidente-de-anqr\/\"},\"wordCount\":507,\"commentCount\":0,\"publisher\":{\"@id\":\"https:\/\/nitu.mx\/#\/schema\/person\/ae7a53426417292d3dd07b45a33e01bc\"},\"image\":{\"@id\":\"https:\/\/nitu.mx\/index.php\/2019\/02\/27\/ivan-ferrat-mancera-es-reelecto-como-presidente-de-anqr\/#primaryimage\"},\"thumbnailUrl\":\"https:\/\/nitu.mx\/wp-content\/uploads\/2019\/02\/Ivan-ferrat.jpg\",\"keywords\":[\"Alicia Ricalde Maga\u00f1a\",\"Araceli Rodr\u00edguez Rodr\u00edguez; Reynaldo Bret\u00f3n S\u00e1nchez\",\"Catalina Portillo Navarro\",\"C\u00e9sar Mart\u00ednez Faz\",\"Consejo Directivo 2019-2021 de Asociados Na\u00faticos de Quintana Roo (ANQR)\",\"directora de administraci\u00f3n portuaria integral de Quintana Roo (Apiqroo)\",\"hotel Ziva Hyatt\",\"Iv\u00e1n Ferrat Mancera Miguel \u00c1ngel Diego Ver\u00e1stegui; la tesorera\",\"Secretar\u00eda del Trabajo y Previsi\u00f3n Social (Styps); Jos\u00e9 Francisco Estrada Hern\u00e1ndez\",\"tomo protesta\"],\"articleSection\":[\"Cruceros\",\"Destinos\"],\"inLanguage\":\"es-MX\",\"potentialAction\":[{\"@type\":\"CommentAction\",\"name\":\"Comment\",\"target\":[\"https:\/\/nitu.mx\/index.php\/2019\/02\/27\/ivan-ferrat-mancera-es-reelecto-como-presidente-de-anqr\/#respond\"]}]},{\"@type\":\"WebPage\",\"@id\":\"https:\/\/nitu.mx\/index.php\/2019\/02\/27\/ivan-ferrat-mancera-es-reelecto-como-presidente-de-anqr\/\",\"url\":\"https:\/\/nitu.mx\/index.php\/2019\/02\/27\/ivan-ferrat-mancera-es-reelecto-como-presidente-de-anqr\/\",\"name\":\"Iv\u00e1n Ferrat Mancera es reelecto como presidente de ANQR - Nitu - Noticias de la Industria Turistica\",\"isPartOf\":{\"@id\":\"https:\/\/nitu.mx\/#website\"},\"primaryImageOfPage\":{\"@id\":\"https:\/\/nitu.mx\/index.php\/2019\/02\/27\/ivan-ferrat-mancera-es-reelecto-como-presidente-de-anqr\/#primaryimage\"},\"image\":{\"@id\":\"https:\/\/nitu.mx\/index.php\/2019\/02\/27\/ivan-ferrat-mancera-es-reelecto-como-presidente-de-anqr\/#primaryimage\"},\"thumbnailUrl\":\"https:\/\/nitu.mx\/wp-content\/uploads\/2019\/02\/Ivan-ferrat.jpg\",\"datePublished\":\"2019-02-27T06:39:46+00:00\",\"dateModified\":\"2019-02-27T07:00:09+00:00\",\"breadcrumb\":{\"@id\":\"https:\/\/nitu.mx\/index.php\/2019\/02\/27\/ivan-ferrat-mancera-es-reelecto-como-presidente-de-anqr\/#breadcrumb\"},\"inLanguage\":\"es-MX\",\"potentialAction\":[{\"@type\":\"ReadAction\",\"target\":[\"https:\/\/nitu.mx\/index.php\/2019\/02\/27\/ivan-ferrat-mancera-es-reelecto-como-presidente-de-anqr\/\"]}]},{\"@type\":\"ImageObject\",\"inLanguage\":\"es-MX\",\"@id\":\"https:\/\/nitu.mx\/index.php\/2019\/02\/27\/ivan-ferrat-mancera-es-reelecto-como-presidente-de-anqr\/#primaryimage\",\"url\":\"https:\/\/nitu.mx\/wp-content\/uploads\/2019\/02\/Ivan-ferrat.jpg\",\"contentUrl\":\"https:\/\/nitu.mx\/wp-content\/uploads\/2019\/02\/Ivan-ferrat.jpg\",\"width\":850,\"height\":480,\"caption\":\"Ivan ferrat ANQR\"},{\"@type\":\"BreadcrumbList\",\"@id\":\"https:\/\/nitu.mx\/index.php\/2019\/02\/27\/ivan-ferrat-mancera-es-reelecto-como-presidente-de-anqr\/#breadcrumb\",\"itemListElement\":[{\"@type\":\"ListItem\",\"position\":1,\"name\":\"Inicio\",\"item\":\"https:\/\/nitu.mx\/\"},{\"@type\":\"ListItem\",\"position\":2,\"name\":\"Iv\u00e1n Ferrat Mancera es reelecto como presidente de ANQR\"}]},{\"@type\":\"WebSite\",\"@id\":\"https:\/\/nitu.mx\/#website\",\"url\":\"https:\/\/nitu.mx\/\",\"name\":\"Nitu - Noticias de la Industria Turistica\",\"description\":\"Noticias de la Industria Turistica\",\"publisher\":{\"@id\":\"https:\/\/nitu.mx\/#\/schema\/person\/ae7a53426417292d3dd07b45a33e01bc\"},\"alternateName\":\"Noticias de la Industria Turistica\",\"potentialAction\":[{\"@type\":\"SearchAction\",\"target\":{\"@type\":\"EntryPoint\",\"urlTemplate\":\"https:\/\/nitu.mx\/?s={search_term_string}\"},\"query-input\":\"required name=search_term_string\"}],\"inLanguage\":\"es-MX\"},{\"@type\":[\"Person\",\"Organization\"],\"@id\":\"https:\/\/nitu.mx\/#\/schema\/person\/ae7a53426417292d3dd07b45a33e01bc\",\"name\":\"Arturo Medina\",\"image\":{\"@type\":\"ImageObject\",\"inLanguage\":\"es-MX\",\"@id\":\"https:\/\/nitu.mx\/#\/schema\/person\/image\/\",\"url\":\"https:\/\/nitu.mx\/wp-content\/uploads\/2024\/04\/4A315622-1904-4D5C-B022-878CDC840E04-90x90-1.jpeg\",\"contentUrl\":\"https:\/\/nitu.mx\/wp-content\/uploads\/2024\/04\/4A315622-1904-4D5C-B022-878CDC840E04-90x90-1.jpeg\",\"width\":90,\"height\":90,\"caption\":\"Arturo Medina\"},\"logo\":{\"@id\":\"https:\/\/nitu.mx\/#\/schema\/person\/image\/\"},\"description\":\"Director NITU.mx, Egresado de la Escuela de Periodismo Carlos Septi\u00e9n Garc\u00eda. Periodista y analista especializado en turismo desde hace 35 a\u00f1os, radicado en Canc\u00fan Q.Roo. arturo@nitu.mx\",\"sameAs\":[\"https:\/\/nitu.mx\",\"https:\/\/www.facebook.com\/NITUmx\/\",\"medinacancun\",\"https:\/\/twitter.com\/@Arturo_Medina_G\"]},{\"@type\":\"Person\",\"@id\":\"https:\/\/nitu.mx\/#\/schema\/person\/2ecd887b19dfd3382d1f14fc5acf24a8\",\"name\":\"Alejandra Moncisbays\",\"image\":{\"@type\":\"ImageObject\",\"inLanguage\":\"es-MX\",\"@id\":\"https:\/\/nitu.mx\/#\/schema\/person\/image\/\",\"url\":\"https:\/\/secure.gravatar.com\/avatar\/e74f7af0be172b7804dacfd0bfbef787?s=96&d=mm&r=g\",\"contentUrl\":\"https:\/\/secure.gravatar.com\/avatar\/e74f7af0be172b7804dacfd0bfbef787?s=96&d=mm&r=g\",\"caption\":\"Alejandra Moncisbays\"},\"description\":\"Curs\u00e9 la carrera de Periodismo y Comunicaci\u00f3n en la Facultad de Estudios Profesionales Acatl\u00e1n. Vivo en Canc\u00fan desde hace 24 a\u00f1os. Fui reportera de La Tarde de Canc\u00fan, y Novedades de Quintana Roo, colabor\u00e9 en TVCUN, edit\u00e9 Cancun\u00edssimo y colabor\u00e9 en las revistas Latitud21, entre otras, con principal enfoque en los sectores empresarial y tur\u00edstico. Desde hace varios a\u00f1os soy Agente de Seguros con c\u00e9dula de la Comisi\u00f3n Nacional de Seguros y Fianzas. Actualmente, me desarrollo en los \u00e1mbitos del periodismo y el sector asegurador.\",\"sameAs\":[\"https:\/\/nitu.mx\"],\"url\":\"https:\/\/nitu.mx\/index.php\/author\/alejandra\/\"}]}<\/script>\n<!-- \/ Yoast SEO plugin. -->","yoast_head_json":{"title":"Iv\u00e1n Ferrat Mancera es reelecto como presidente de ANQR - Nitu - Noticias de la Industria Turistica","robots":{"index":"index","follow":"follow","max-snippet":"max-snippet:-1","max-image-preview":"max-image-preview:large","max-video-preview":"max-video-preview:-1"},"canonical":"https:\/\/nitu.mx\/index.php\/2019\/02\/27\/ivan-ferrat-mancera-es-reelecto-como-presidente-de-anqr\/","twitter_card":"summary_large_image","twitter_title":"Iv\u00e1n Ferrat Mancera es reelecto como presidente de ANQR - Nitu - Noticias de la Industria Turistica","twitter_description":"El nuevo Consejo Directivo 2019-2021 de Asociados Na\u00faticos de Quintana Roo (ANQR), tomo protesta, renovando la presidencia de Iv\u00e1n Ferrat Mancera y teniendo como equipo de trabajo al secretario, Miguel \u00c1ngel Diego Ver\u00e1stegui; la tesorera, Araceli Rodr\u00edguez Rodr\u00edguez; el vocal 1, Reynaldo Bret\u00f3n S\u00e1nchez y el vocal 2, C\u00e9sar Mart\u00ednez Faz. El hotel Ziva Hyatt, [&hellip;]","twitter_image":"https:\/\/nitu.mx\/wp-content\/uploads\/2019\/02\/Ivan-ferrat.jpg","twitter_creator":"@NITUmx","twitter_site":"@Arturo_Medina_G","twitter_misc":{"Escrito por":"Alejandra Moncisbays","Tiempo de lectura":"2 minutos"},"schema":{"@context":"https:\/\/schema.org","@graph":[{"@type":"Article","@id":"https:\/\/nitu.mx\/index.php\/2019\/02\/27\/ivan-ferrat-mancera-es-reelecto-como-presidente-de-anqr\/#article","isPartOf":{"@id":"https:\/\/nitu.mx\/index.php\/2019\/02\/27\/ivan-ferrat-mancera-es-reelecto-como-presidente-de-anqr\/"},"author":{"name":"Alejandra Moncisbays","@id":"https:\/\/nitu.mx\/#\/schema\/person\/2ecd887b19dfd3382d1f14fc5acf24a8"},"headline":"Iv\u00e1n Ferrat Mancera es reelecto como presidente de ANQR","datePublished":"2019-02-27T06:39:46+00:00","dateModified":"2019-02-27T07:00:09+00:00","mainEntityOfPage":{"@id":"https:\/\/nitu.mx\/index.php\/2019\/02\/27\/ivan-ferrat-mancera-es-reelecto-como-presidente-de-anqr\/"},"wordCount":507,"commentCount":0,"publisher":{"@id":"https:\/\/nitu.mx\/#\/schema\/person\/ae7a53426417292d3dd07b45a33e01bc"},"image":{"@id":"https:\/\/nitu.mx\/index.php\/2019\/02\/27\/ivan-ferrat-mancera-es-reelecto-como-presidente-de-anqr\/#primaryimage"},"thumbnailUrl":"https:\/\/nitu.mx\/wp-content\/uploads\/2019\/02\/Ivan-ferrat.jpg","keywords":["Alicia Ricalde Maga\u00f1a","Araceli Rodr\u00edguez Rodr\u00edguez; Reynaldo Bret\u00f3n S\u00e1nchez","Catalina Portillo Navarro","C\u00e9sar Mart\u00ednez Faz","Consejo Directivo 2019-2021 de Asociados Na\u00faticos de Quintana Roo (ANQR)","directora de administraci\u00f3n portuaria integral de Quintana Roo (Apiqroo)","hotel Ziva Hyatt","Iv\u00e1n Ferrat Mancera Miguel \u00c1ngel Diego Ver\u00e1stegui; la tesorera","Secretar\u00eda del Trabajo y Previsi\u00f3n Social (Styps); Jos\u00e9 Francisco Estrada Hern\u00e1ndez","tomo protesta"],"articleSection":["Cruceros","Destinos"],"inLanguage":"es-MX","potentialAction":[{"@type":"CommentAction","name":"Comment","target":["https:\/\/nitu.mx\/index.php\/2019\/02\/27\/ivan-ferrat-mancera-es-reelecto-como-presidente-de-anqr\/#respond"]}]},{"@type":"WebPage","@id":"https:\/\/nitu.mx\/index.php\/2019\/02\/27\/ivan-ferrat-mancera-es-reelecto-como-presidente-de-anqr\/","url":"https:\/\/nitu.mx\/index.php\/2019\/02\/27\/ivan-ferrat-mancera-es-reelecto-como-presidente-de-anqr\/","name":"Iv\u00e1n Ferrat Mancera es reelecto como presidente de ANQR - Nitu - Noticias de la Industria Turistica","isPartOf":{"@id":"https:\/\/nitu.mx\/#website"},"primaryImageOfPage":{"@id":"https:\/\/nitu.mx\/index.php\/2019\/02\/27\/ivan-ferrat-mancera-es-reelecto-como-presidente-de-anqr\/#primaryimage"},"image":{"@id":"https:\/\/nitu.mx\/index.php\/2019\/02\/27\/ivan-ferrat-mancera-es-reelecto-como-presidente-de-anqr\/#primaryimage"},"thumbnailUrl":"https:\/\/nitu.mx\/wp-content\/uploads\/2019\/02\/Ivan-ferrat.jpg","datePublished":"2019-02-27T06:39:46+00:00","dateModified":"2019-02-27T07:00:09+00:00","breadcrumb":{"@id":"https:\/\/nitu.mx\/index.php\/2019\/02\/27\/ivan-ferrat-mancera-es-reelecto-como-presidente-de-anqr\/#breadcrumb"},"inLanguage":"es-MX","potentialAction":[{"@type":"ReadAction","target":["https:\/\/nitu.mx\/index.php\/2019\/02\/27\/ivan-ferrat-mancera-es-reelecto-como-presidente-de-anqr\/"]}]},{"@type":"ImageObject","inLanguage":"es-MX","@id":"https:\/\/nitu.mx\/index.php\/2019\/02\/27\/ivan-ferrat-mancera-es-reelecto-como-presidente-de-anqr\/#primaryimage","url":"https:\/\/nitu.mx\/wp-content\/uploads\/2019\/02\/Ivan-ferrat.jpg","contentUrl":"https:\/\/nitu.mx\/wp-content\/uploads\/2019\/02\/Ivan-ferrat.jpg","width":850,"height":480,"caption":"Ivan ferrat ANQR"},{"@type":"BreadcrumbList","@id":"https:\/\/nitu.mx\/index.php\/2019\/02\/27\/ivan-ferrat-mancera-es-reelecto-como-presidente-de-anqr\/#breadcrumb","itemListElement":[{"@type":"ListItem","position":1,"name":"Inicio","item":"https:\/\/nitu.mx\/"},{"@type":"ListItem","position":2,"name":"Iv\u00e1n Ferrat Mancera es reelecto como presidente de ANQR"}]},{"@type":"WebSite","@id":"https:\/\/nitu.mx\/#website","url":"https:\/\/nitu.mx\/","name":"Nitu - Noticias de la Industria Turistica","description":"Noticias de la Industria Turistica","publisher":{"@id":"https:\/\/nitu.mx\/#\/schema\/person\/ae7a53426417292d3dd07b45a33e01bc"},"alternateName":"Noticias de la Industria Turistica","potentialAction":[{"@type":"SearchAction","target":{"@type":"EntryPoint","urlTemplate":"https:\/\/nitu.mx\/?s={search_term_string}"},"query-input":"required name=search_term_string"}],"inLanguage":"es-MX"},{"@type":["Person","Organization"],"@id":"https:\/\/nitu.mx\/#\/schema\/person\/ae7a53426417292d3dd07b45a33e01bc","name":"Arturo Medina","image":{"@type":"ImageObject","inLanguage":"es-MX","@id":"https:\/\/nitu.mx\/#\/schema\/person\/image\/","url":"https:\/\/nitu.mx\/wp-content\/uploads\/2024\/04\/4A315622-1904-4D5C-B022-878CDC840E04-90x90-1.jpeg","contentUrl":"https:\/\/nitu.mx\/wp-content\/uploads\/2024\/04\/4A315622-1904-4D5C-B022-878CDC840E04-90x90-1.jpeg","width":90,"height":90,"caption":"Arturo Medina"},"logo":{"@id":"https:\/\/nitu.mx\/#\/schema\/person\/image\/"},"description":"Director NITU.mx, Egresado de la Escuela de Periodismo Carlos Septi\u00e9n Garc\u00eda. Periodista y analista especializado en turismo desde hace 35 a\u00f1os, radicado en Canc\u00fan Q.Roo. arturo@nitu.mx","sameAs":["https:\/\/nitu.mx","https:\/\/www.facebook.com\/NITUmx\/","medinacancun","https:\/\/twitter.com\/@Arturo_Medina_G"]},{"@type":"Person","@id":"https:\/\/nitu.mx\/#\/schema\/person\/2ecd887b19dfd3382d1f14fc5acf24a8","name":"Alejandra Moncisbays","image":{"@type":"ImageObject","inLanguage":"es-MX","@id":"https:\/\/nitu.mx\/#\/schema\/person\/image\/","url":"https:\/\/secure.gravatar.com\/avatar\/e74f7af0be172b7804dacfd0bfbef787?s=96&d=mm&r=g","contentUrl":"https:\/\/secure.gravatar.com\/avatar\/e74f7af0be172b7804dacfd0bfbef787?s=96&d=mm&r=g","caption":"Alejandra Moncisbays"},"description":"Curs\u00e9 la carrera de Periodismo y Comunicaci\u00f3n en la Facultad de Estudios Profesionales Acatl\u00e1n. Vivo en Canc\u00fan desde hace 24 a\u00f1os. Fui reportera de La Tarde de Canc\u00fan, y Novedades de Quintana Roo, colabor\u00e9 en TVCUN, edit\u00e9 Cancun\u00edssimo y colabor\u00e9 en las revistas Latitud21, entre otras, con principal enfoque en los sectores empresarial y tur\u00edstico. Desde hace varios a\u00f1os soy Agente de Seguros con c\u00e9dula de la Comisi\u00f3n Nacional de Seguros y Fianzas. Actualmente, me desarrollo en los \u00e1mbitos del periodismo y el sector asegurador.","sameAs":["https:\/\/nitu.mx"],"url":"https:\/\/nitu.mx\/index.php\/author\/alejandra\/"}]}},"views":255,"_links":{"self":[{"href":"https:\/\/nitu.mx\/index.php\/wp-json\/wp\/v2\/posts\/29533"}],"collection":[{"href":"https:\/\/nitu.mx\/index.php\/wp-json\/wp\/v2\/posts"}],"about":[{"href":"https:\/\/nitu.mx\/index.php\/wp-json\/wp\/v2\/types\/post"}],"author":[{"embeddable":true,"href":"https:\/\/nitu.mx\/index.php\/wp-json\/wp\/v2\/users\/3"}],"replies":[{"embeddable":true,"href":"https:\/\/nitu.mx\/index.php\/wp-json\/wp\/v2\/comments?post=29533"}],"version-history":[{"count":2,"href":"https:\/\/nitu.mx\/index.php\/wp-json\/wp\/v2\/posts\/29533\/revisions"}],"predecessor-version":[{"id":29556,"href":"https:\/\/nitu.mx\/index.php\/wp-json\/wp\/v2\/posts\/29533\/revisions\/29556"}],"wp:featuredmedia":[{"embeddable":true,"href":"https:\/\/nitu.mx\/index.php\/wp-json\/wp\/v2\/media\/29555"}],"wp:attachment":[{"href":"https:\/\/nitu.mx\/index.php\/wp-json\/wp\/v2\/media?parent=29533"}],"wp:term":[{"taxonomy":"category","embeddable":true,"href":"https:\/\/nitu.mx\/index.php\/wp-json\/wp\/v2\/categories?post=29533"},{"taxonomy":"post_tag","embeddable":true,"href":"https:\/\/nitu.mx\/index.php\/wp-json\/wp\/v2\/tags?post=29533"}],"curies":[{"name":"wp","href":"https:\/\/api.w.org\/{rel}","templated":true}]}}