{"id":29492,"date":"2019-02-26T01:21:16","date_gmt":"2019-02-26T06:21:16","guid":{"rendered":"https:\/\/www.dev.nitu.mx\/?p=29492"},"modified":"2019-02-26T01:25:46","modified_gmt":"2019-02-26T06:25:46","slug":"todo-listo-para-la-decima-edicion-de-outlet-quiero-viajar-2019","status":"publish","type":"post","link":"https:\/\/nitu.mx\/index.php\/2019\/02\/26\/todo-listo-para-la-decima-edicion-de-outlet-quiero-viajar-2019\/","title":{"rendered":"Todo listo para la d\u00e9cima edici\u00f3n de Outlet Quiero Viajar 2019."},"content":{"rendered":"<p>Todo esta listo para llevar a cabo la d\u00e9cima edici\u00f3n del Outlet Quiero Viajar del 4 al 8 de marzo. Como cada a\u00f1o, las mejores empresas de venta y servicios online de la industria de viajes ofrecer\u00e1n descuentos y promociones exclusivas.<\/p>\n<p>Outlet Quiero Viajar es organizada por la Asociaci\u00f3n Mexicana de Venta Online (AMVO) y se ha consolidado como la campa\u00f1a de ventas online de la industria de viajes m\u00e1s grande de M\u00e9xico. Para esta edici\u00f3n, PriceTravel ser\u00e1 el principal patrocinador del evento.<\/p>\n<p>El Outlet Quiero Viajar gener\u00f3 el a\u00f1o pasado ventas totales por dos mil 879 millones de pesos. Participaron\u00a0 578 mil compradores que, en promedio, registraron un ticket de compra de cinco mil 066 pesos, y los comercios participantes registraron un total de 21.3 millones de visitas a sus plataformas.<\/p>\n<p>De acuerdo con datos del Estudio Sobre Venta Online 2019, realizado por la AMVO, el alcance de los sitios de venta online de viajes creci\u00f3 23 por ciento en 2018 en comparaci\u00f3n con 2017, asimismo destac\u00f3 el aumento de visitas a estas plataformas desde dispositivos m\u00f3viles, al crecer 51 por ciento.<\/p>\n<p>El dato m\u00e1s relevante que arroja, es que los servicios que m\u00e1s se compran en l\u00ednea son: avi\u00f3n, autob\u00fas, hospedaje y paquetes tur\u00edsticos. Estos registran una penetraci\u00f3n de 61 por ciento entre compradores online.<\/p>\n<p>Outlet Quiero Viajar buscar\u00e1 seguir conectando a las empresas y consumidores que buscan las mejores opciones. Las empresas que deseen participar en esta d\u00e9cima edici\u00f3n tienen hasta el 25 de febrero para registrarse en la p\u00e1gina: https:\/\/www.outletquieroviajar.com\/, donde tambi\u00e9n se puede consultar mayor informaci\u00f3n sobre la campa\u00f1a y las empresas participantes.<\/p>\n<p>Este evento es una campa\u00f1a enfocada a ofrecer promociones exclusivas y descuentos en la categor\u00eda de viajes en compras por Internet. Algunas de las empresas participantes son: PriceTravel, Grupo Posadas, Interjet, Gran Plan Aerom\u00e9xico, Despegar.com, Volaris, VivaAerobus, Booking.com, Alamo, Hotel Xcaret, Hard Rock, United Vacations, AMResorts, Hoteles City Express, BestDay, Viajes Liverpool y Aeromar, entre otras.\u00a0<a title=\"Outlet Quiero Viajar cierra el a\u00f1o con ventas por 2 mil 879 millones de pesos\" href=\"https:\/\/www.dev.nitu.mx\/index.php\/2018\/12\/11\/outlet-quiero-viajar-cierra-el-ano-con-ventas-por-2-mil-879-millones-de-pesos\/\" rel=\"bookmark\">(Outlet Quiero Viajar cierra el a\u00f1o con ventas por 2 mil 879 millones de pesos<\/a>)<\/p>\n","protected":false},"excerpt":{"rendered":"<p>Todo esta listo para llevar a cabo la d\u00e9cima edici\u00f3n del Outlet Quiero Viajar del 4 al 8 de marzo. Como cada a\u00f1o, las mejores empresas de venta y servicios online de la industria de viajes ofrecer\u00e1n descuentos y promociones exclusivas. Outlet Quiero Viajar es organizada por la Asociaci\u00f3n Mexicana de Venta Online (AMVO) y [&hellip;]<\/p>\n","protected":false},"author":17,"featured_media":25601,"comment_status":"open","ping_status":"open","sticky":false,"template":"","format":"standard","meta":{"footnotes":""},"categories":[12,6],"tags":[2740,13761,1192,12376,612,865,528,14669,507,5279,248,172,583,756,5268,14670,293,131],"yoast_head":"<!-- This site is optimized with the Yoast SEO plugin v22.2 - https:\/\/yoast.com\/wordpress\/plugins\/seo\/ -->\n<title>Todo listo para la d\u00e9cima edici\u00f3n de Outlet Quiero Viajar 2019. - Nitu - Noticias de la Industria Turistica<\/title>\n<meta name=\"description\" content=\"Todo esta listo para llevar a cabo la d\u00e9cima edici\u00f3n del Outlet Quiero Viajar del 4 al 8 de marzo. Se ofrecer\u00e1n descuentos y promociones exclusivas.\" \/>\n<meta name=\"robots\" content=\"index, follow, max-snippet:-1, max-image-preview:large, max-video-preview:-1\" \/>\n<link rel=\"canonical\" href=\"https:\/\/nitu.mx\/index.php\/2019\/02\/26\/todo-listo-para-la-decima-edicion-de-outlet-quiero-viajar-2019\/\" \/>\n<meta name=\"twitter:card\" content=\"summary_large_image\" \/>\n<meta name=\"twitter:title\" content=\"Todo listo para la d\u00e9cima edici\u00f3n de Outlet Quiero Viajar 2019. - Nitu - Noticias de la Industria Turistica\" \/>\n<meta name=\"twitter:description\" content=\"Todo esta listo para llevar a cabo la d\u00e9cima edici\u00f3n del Outlet Quiero Viajar del 4 al 8 de marzo. Se ofrecer\u00e1n descuentos y promociones exclusivas.\" \/>\n<meta name=\"twitter:image\" content=\"https:\/\/nitu.mx\/wp-content\/uploads\/2018\/10\/Outlet-quiero-viajar.jpg\" \/>\n<meta name=\"twitter:creator\" content=\"@NITUmx\" \/>\n<meta name=\"twitter:site\" content=\"@Arturo_Medina_G\" \/>\n<meta name=\"twitter:label1\" content=\"Escrito por\" \/>\n\t<meta name=\"twitter:data1\" content=\"Redacci\u00f3n\" \/>\n\t<meta name=\"twitter:label2\" content=\"Tiempo de lectura\" \/>\n\t<meta name=\"twitter:data2\" content=\"2 minutos\" \/>\n<script type=\"application\/ld+json\" class=\"yoast-schema-graph\">{\"@context\":\"https:\/\/schema.org\",\"@graph\":[{\"@type\":\"Article\",\"@id\":\"https:\/\/nitu.mx\/index.php\/2019\/02\/26\/todo-listo-para-la-decima-edicion-de-outlet-quiero-viajar-2019\/#article\",\"isPartOf\":{\"@id\":\"https:\/\/nitu.mx\/index.php\/2019\/02\/26\/todo-listo-para-la-decima-edicion-de-outlet-quiero-viajar-2019\/\"},\"author\":{\"name\":\"Redacci\u00f3n\",\"@id\":\"https:\/\/nitu.mx\/#\/schema\/person\/4a28fe9bd65924f7c90623773daf1b0b\"},\"headline\":\"Todo listo para la d\u00e9cima edici\u00f3n de Outlet Quiero Viajar 2019.\",\"datePublished\":\"2019-02-26T06:21:16+00:00\",\"dateModified\":\"2019-02-26T06:25:46+00:00\",\"mainEntityOfPage\":{\"@id\":\"https:\/\/nitu.mx\/index.php\/2019\/02\/26\/todo-listo-para-la-decima-edicion-de-outlet-quiero-viajar-2019\/\"},\"wordCount\":370,\"commentCount\":0,\"publisher\":{\"@id\":\"https:\/\/nitu.mx\/#\/schema\/person\/ae7a53426417292d3dd07b45a33e01bc\"},\"image\":{\"@id\":\"https:\/\/nitu.mx\/index.php\/2019\/02\/26\/todo-listo-para-la-decima-edicion-de-outlet-quiero-viajar-2019\/#primaryimage\"},\"thumbnailUrl\":\"https:\/\/nitu.mx\/wp-content\/uploads\/2018\/10\/Outlet-quiero-viajar.jpg\",\"keywords\":[\"\u201cHotel Xcaret\u201d\",\"Alamo\",\"AMResorts\",\"AMVO\",\"Bestday\",\"booking.com\",\"Despegar.com\",\"Gran Plan Aerom\u00e9xico\",\"Grupo Posadas\",\"Hard Rock\",\"Hoteles City Express\",\"Interjet\",\"Outlet Quiero Viajar\",\"Price Travel\",\"United Vacations\",\"Viajes Liverpool\",\"VivaAerobus\",\"Volaris\"],\"articleSection\":[\"Marketing\",\"M\u00e9xico\"],\"inLanguage\":\"es-MX\",\"potentialAction\":[{\"@type\":\"CommentAction\",\"name\":\"Comment\",\"target\":[\"https:\/\/nitu.mx\/index.php\/2019\/02\/26\/todo-listo-para-la-decima-edicion-de-outlet-quiero-viajar-2019\/#respond\"]}]},{\"@type\":\"WebPage\",\"@id\":\"https:\/\/nitu.mx\/index.php\/2019\/02\/26\/todo-listo-para-la-decima-edicion-de-outlet-quiero-viajar-2019\/\",\"url\":\"https:\/\/nitu.mx\/index.php\/2019\/02\/26\/todo-listo-para-la-decima-edicion-de-outlet-quiero-viajar-2019\/\",\"name\":\"Todo listo para la d\u00e9cima edici\u00f3n de Outlet Quiero Viajar 2019. - Nitu - Noticias de la Industria Turistica\",\"isPartOf\":{\"@id\":\"https:\/\/nitu.mx\/#website\"},\"primaryImageOfPage\":{\"@id\":\"https:\/\/nitu.mx\/index.php\/2019\/02\/26\/todo-listo-para-la-decima-edicion-de-outlet-quiero-viajar-2019\/#primaryimage\"},\"image\":{\"@id\":\"https:\/\/nitu.mx\/index.php\/2019\/02\/26\/todo-listo-para-la-decima-edicion-de-outlet-quiero-viajar-2019\/#primaryimage\"},\"thumbnailUrl\":\"https:\/\/nitu.mx\/wp-content\/uploads\/2018\/10\/Outlet-quiero-viajar.jpg\",\"datePublished\":\"2019-02-26T06:21:16+00:00\",\"dateModified\":\"2019-02-26T06:25:46+00:00\",\"description\":\"Todo esta listo para llevar a cabo la d\u00e9cima edici\u00f3n del Outlet Quiero Viajar del 4 al 8 de marzo. Se ofrecer\u00e1n descuentos y promociones exclusivas.\",\"breadcrumb\":{\"@id\":\"https:\/\/nitu.mx\/index.php\/2019\/02\/26\/todo-listo-para-la-decima-edicion-de-outlet-quiero-viajar-2019\/#breadcrumb\"},\"inLanguage\":\"es-MX\",\"potentialAction\":[{\"@type\":\"ReadAction\",\"target\":[\"https:\/\/nitu.mx\/index.php\/2019\/02\/26\/todo-listo-para-la-decima-edicion-de-outlet-quiero-viajar-2019\/\"]}]},{\"@type\":\"ImageObject\",\"inLanguage\":\"es-MX\",\"@id\":\"https:\/\/nitu.mx\/index.php\/2019\/02\/26\/todo-listo-para-la-decima-edicion-de-outlet-quiero-viajar-2019\/#primaryimage\",\"url\":\"https:\/\/nitu.mx\/wp-content\/uploads\/2018\/10\/Outlet-quiero-viajar.jpg\",\"contentUrl\":\"https:\/\/nitu.mx\/wp-content\/uploads\/2018\/10\/Outlet-quiero-viajar.jpg\",\"width\":850,\"height\":480,\"caption\":\"Outlet quiero viajar\"},{\"@type\":\"BreadcrumbList\",\"@id\":\"https:\/\/nitu.mx\/index.php\/2019\/02\/26\/todo-listo-para-la-decima-edicion-de-outlet-quiero-viajar-2019\/#breadcrumb\",\"itemListElement\":[{\"@type\":\"ListItem\",\"position\":1,\"name\":\"Inicio\",\"item\":\"https:\/\/nitu.mx\/\"},{\"@type\":\"ListItem\",\"position\":2,\"name\":\"Todo listo para la d\u00e9cima edici\u00f3n de Outlet Quiero Viajar 2019.\"}]},{\"@type\":\"WebSite\",\"@id\":\"https:\/\/nitu.mx\/#website\",\"url\":\"https:\/\/nitu.mx\/\",\"name\":\"Nitu - Noticias de la Industria Turistica\",\"description\":\"Noticias de la Industria Turistica\",\"publisher\":{\"@id\":\"https:\/\/nitu.mx\/#\/schema\/person\/ae7a53426417292d3dd07b45a33e01bc\"},\"alternateName\":\"Noticias de la Industria Turistica\",\"potentialAction\":[{\"@type\":\"SearchAction\",\"target\":{\"@type\":\"EntryPoint\",\"urlTemplate\":\"https:\/\/nitu.mx\/?s={search_term_string}\"},\"query-input\":\"required name=search_term_string\"}],\"inLanguage\":\"es-MX\"},{\"@type\":[\"Person\",\"Organization\"],\"@id\":\"https:\/\/nitu.mx\/#\/schema\/person\/ae7a53426417292d3dd07b45a33e01bc\",\"name\":\"Arturo Medina\",\"image\":{\"@type\":\"ImageObject\",\"inLanguage\":\"es-MX\",\"@id\":\"https:\/\/nitu.mx\/#\/schema\/person\/image\/\",\"url\":\"https:\/\/nitu.mx\/wp-content\/uploads\/2024\/04\/4A315622-1904-4D5C-B022-878CDC840E04-90x90-1.jpeg\",\"contentUrl\":\"https:\/\/nitu.mx\/wp-content\/uploads\/2024\/04\/4A315622-1904-4D5C-B022-878CDC840E04-90x90-1.jpeg\",\"width\":90,\"height\":90,\"caption\":\"Arturo Medina\"},\"logo\":{\"@id\":\"https:\/\/nitu.mx\/#\/schema\/person\/image\/\"},\"description\":\"Director NITU.mx, Egresado de la Escuela de Periodismo Carlos Septi\u00e9n Garc\u00eda. Periodista y analista especializado en turismo desde hace 35 a\u00f1os, radicado en Canc\u00fan Q.Roo. arturo@nitu.mx\",\"sameAs\":[\"https:\/\/nitu.mx\",\"https:\/\/www.facebook.com\/NITUmx\/\",\"medinacancun\",\"https:\/\/twitter.com\/@Arturo_Medina_G\"]},{\"@type\":\"Person\",\"@id\":\"https:\/\/nitu.mx\/#\/schema\/person\/4a28fe9bd65924f7c90623773daf1b0b\",\"name\":\"Redacci\u00f3n\",\"image\":{\"@type\":\"ImageObject\",\"inLanguage\":\"es-MX\",\"@id\":\"https:\/\/nitu.mx\/#\/schema\/person\/image\/\",\"url\":\"https:\/\/secure.gravatar.com\/avatar\/5dd011c8ccfc5cd7e4c81e42252aab38?s=96&d=mm&r=g\",\"contentUrl\":\"https:\/\/secure.gravatar.com\/avatar\/5dd011c8ccfc5cd7e4c81e42252aab38?s=96&d=mm&r=g\",\"caption\":\"Redacci\u00f3n\"},\"url\":\"https:\/\/nitu.mx\/index.php\/author\/redaccion\/\"}]}<\/script>\n<!-- \/ Yoast SEO plugin. -->","yoast_head_json":{"title":"Todo listo para la d\u00e9cima edici\u00f3n de Outlet Quiero Viajar 2019. - Nitu - Noticias de la Industria Turistica","description":"Todo esta listo para llevar a cabo la d\u00e9cima edici\u00f3n del Outlet Quiero Viajar del 4 al 8 de marzo. Se ofrecer\u00e1n descuentos y promociones exclusivas.","robots":{"index":"index","follow":"follow","max-snippet":"max-snippet:-1","max-image-preview":"max-image-preview:large","max-video-preview":"max-video-preview:-1"},"canonical":"https:\/\/nitu.mx\/index.php\/2019\/02\/26\/todo-listo-para-la-decima-edicion-de-outlet-quiero-viajar-2019\/","twitter_card":"summary_large_image","twitter_title":"Todo listo para la d\u00e9cima edici\u00f3n de Outlet Quiero Viajar 2019. - Nitu - Noticias de la Industria Turistica","twitter_description":"Todo esta listo para llevar a cabo la d\u00e9cima edici\u00f3n del Outlet Quiero Viajar del 4 al 8 de marzo. Se ofrecer\u00e1n descuentos y promociones exclusivas.","twitter_image":"https:\/\/nitu.mx\/wp-content\/uploads\/2018\/10\/Outlet-quiero-viajar.jpg","twitter_creator":"@NITUmx","twitter_site":"@Arturo_Medina_G","twitter_misc":{"Escrito por":"Redacci\u00f3n","Tiempo de lectura":"2 minutos"},"schema":{"@context":"https:\/\/schema.org","@graph":[{"@type":"Article","@id":"https:\/\/nitu.mx\/index.php\/2019\/02\/26\/todo-listo-para-la-decima-edicion-de-outlet-quiero-viajar-2019\/#article","isPartOf":{"@id":"https:\/\/nitu.mx\/index.php\/2019\/02\/26\/todo-listo-para-la-decima-edicion-de-outlet-quiero-viajar-2019\/"},"author":{"name":"Redacci\u00f3n","@id":"https:\/\/nitu.mx\/#\/schema\/person\/4a28fe9bd65924f7c90623773daf1b0b"},"headline":"Todo listo para la d\u00e9cima edici\u00f3n de Outlet Quiero Viajar 2019.","datePublished":"2019-02-26T06:21:16+00:00","dateModified":"2019-02-26T06:25:46+00:00","mainEntityOfPage":{"@id":"https:\/\/nitu.mx\/index.php\/2019\/02\/26\/todo-listo-para-la-decima-edicion-de-outlet-quiero-viajar-2019\/"},"wordCount":370,"commentCount":0,"publisher":{"@id":"https:\/\/nitu.mx\/#\/schema\/person\/ae7a53426417292d3dd07b45a33e01bc"},"image":{"@id":"https:\/\/nitu.mx\/index.php\/2019\/02\/26\/todo-listo-para-la-decima-edicion-de-outlet-quiero-viajar-2019\/#primaryimage"},"thumbnailUrl":"https:\/\/nitu.mx\/wp-content\/uploads\/2018\/10\/Outlet-quiero-viajar.jpg","keywords":["\u201cHotel Xcaret\u201d","Alamo","AMResorts","AMVO","Bestday","booking.com","Despegar.com","Gran Plan Aerom\u00e9xico","Grupo Posadas","Hard Rock","Hoteles City Express","Interjet","Outlet Quiero Viajar","Price Travel","United Vacations","Viajes Liverpool","VivaAerobus","Volaris"],"articleSection":["Marketing","M\u00e9xico"],"inLanguage":"es-MX","potentialAction":[{"@type":"CommentAction","name":"Comment","target":["https:\/\/nitu.mx\/index.php\/2019\/02\/26\/todo-listo-para-la-decima-edicion-de-outlet-quiero-viajar-2019\/#respond"]}]},{"@type":"WebPage","@id":"https:\/\/nitu.mx\/index.php\/2019\/02\/26\/todo-listo-para-la-decima-edicion-de-outlet-quiero-viajar-2019\/","url":"https:\/\/nitu.mx\/index.php\/2019\/02\/26\/todo-listo-para-la-decima-edicion-de-outlet-quiero-viajar-2019\/","name":"Todo listo para la d\u00e9cima edici\u00f3n de Outlet Quiero Viajar 2019. - Nitu - Noticias de la Industria Turistica","isPartOf":{"@id":"https:\/\/nitu.mx\/#website"},"primaryImageOfPage":{"@id":"https:\/\/nitu.mx\/index.php\/2019\/02\/26\/todo-listo-para-la-decima-edicion-de-outlet-quiero-viajar-2019\/#primaryimage"},"image":{"@id":"https:\/\/nitu.mx\/index.php\/2019\/02\/26\/todo-listo-para-la-decima-edicion-de-outlet-quiero-viajar-2019\/#primaryimage"},"thumbnailUrl":"https:\/\/nitu.mx\/wp-content\/uploads\/2018\/10\/Outlet-quiero-viajar.jpg","datePublished":"2019-02-26T06:21:16+00:00","dateModified":"2019-02-26T06:25:46+00:00","description":"Todo esta listo para llevar a cabo la d\u00e9cima edici\u00f3n del Outlet Quiero Viajar del 4 al 8 de marzo. Se ofrecer\u00e1n descuentos y promociones exclusivas.","breadcrumb":{"@id":"https:\/\/nitu.mx\/index.php\/2019\/02\/26\/todo-listo-para-la-decima-edicion-de-outlet-quiero-viajar-2019\/#breadcrumb"},"inLanguage":"es-MX","potentialAction":[{"@type":"ReadAction","target":["https:\/\/nitu.mx\/index.php\/2019\/02\/26\/todo-listo-para-la-decima-edicion-de-outlet-quiero-viajar-2019\/"]}]},{"@type":"ImageObject","inLanguage":"es-MX","@id":"https:\/\/nitu.mx\/index.php\/2019\/02\/26\/todo-listo-para-la-decima-edicion-de-outlet-quiero-viajar-2019\/#primaryimage","url":"https:\/\/nitu.mx\/wp-content\/uploads\/2018\/10\/Outlet-quiero-viajar.jpg","contentUrl":"https:\/\/nitu.mx\/wp-content\/uploads\/2018\/10\/Outlet-quiero-viajar.jpg","width":850,"height":480,"caption":"Outlet quiero viajar"},{"@type":"BreadcrumbList","@id":"https:\/\/nitu.mx\/index.php\/2019\/02\/26\/todo-listo-para-la-decima-edicion-de-outlet-quiero-viajar-2019\/#breadcrumb","itemListElement":[{"@type":"ListItem","position":1,"name":"Inicio","item":"https:\/\/nitu.mx\/"},{"@type":"ListItem","position":2,"name":"Todo listo para la d\u00e9cima edici\u00f3n de Outlet Quiero Viajar 2019."}]},{"@type":"WebSite","@id":"https:\/\/nitu.mx\/#website","url":"https:\/\/nitu.mx\/","name":"Nitu - Noticias de la Industria Turistica","description":"Noticias de la Industria Turistica","publisher":{"@id":"https:\/\/nitu.mx\/#\/schema\/person\/ae7a53426417292d3dd07b45a33e01bc"},"alternateName":"Noticias de la Industria Turistica","potentialAction":[{"@type":"SearchAction","target":{"@type":"EntryPoint","urlTemplate":"https:\/\/nitu.mx\/?s={search_term_string}"},"query-input":"required name=search_term_string"}],"inLanguage":"es-MX"},{"@type":["Person","Organization"],"@id":"https:\/\/nitu.mx\/#\/schema\/person\/ae7a53426417292d3dd07b45a33e01bc","name":"Arturo Medina","image":{"@type":"ImageObject","inLanguage":"es-MX","@id":"https:\/\/nitu.mx\/#\/schema\/person\/image\/","url":"https:\/\/nitu.mx\/wp-content\/uploads\/2024\/04\/4A315622-1904-4D5C-B022-878CDC840E04-90x90-1.jpeg","contentUrl":"https:\/\/nitu.mx\/wp-content\/uploads\/2024\/04\/4A315622-1904-4D5C-B022-878CDC840E04-90x90-1.jpeg","width":90,"height":90,"caption":"Arturo Medina"},"logo":{"@id":"https:\/\/nitu.mx\/#\/schema\/person\/image\/"},"description":"Director NITU.mx, Egresado de la Escuela de Periodismo Carlos Septi\u00e9n Garc\u00eda. Periodista y analista especializado en turismo desde hace 35 a\u00f1os, radicado en Canc\u00fan Q.Roo. arturo@nitu.mx","sameAs":["https:\/\/nitu.mx","https:\/\/www.facebook.com\/NITUmx\/","medinacancun","https:\/\/twitter.com\/@Arturo_Medina_G"]},{"@type":"Person","@id":"https:\/\/nitu.mx\/#\/schema\/person\/4a28fe9bd65924f7c90623773daf1b0b","name":"Redacci\u00f3n","image":{"@type":"ImageObject","inLanguage":"es-MX","@id":"https:\/\/nitu.mx\/#\/schema\/person\/image\/","url":"https:\/\/secure.gravatar.com\/avatar\/5dd011c8ccfc5cd7e4c81e42252aab38?s=96&d=mm&r=g","contentUrl":"https:\/\/secure.gravatar.com\/avatar\/5dd011c8ccfc5cd7e4c81e42252aab38?s=96&d=mm&r=g","caption":"Redacci\u00f3n"},"url":"https:\/\/nitu.mx\/index.php\/author\/redaccion\/"}]}},"views":381,"_links":{"self":[{"href":"https:\/\/nitu.mx\/index.php\/wp-json\/wp\/v2\/posts\/29492"}],"collection":[{"href":"https:\/\/nitu.mx\/index.php\/wp-json\/wp\/v2\/posts"}],"about":[{"href":"https:\/\/nitu.mx\/index.php\/wp-json\/wp\/v2\/types\/post"}],"author":[{"embeddable":true,"href":"https:\/\/nitu.mx\/index.php\/wp-json\/wp\/v2\/users\/17"}],"replies":[{"embeddable":true,"href":"https:\/\/nitu.mx\/index.php\/wp-json\/wp\/v2\/comments?post=29492"}],"version-history":[{"count":4,"href":"https:\/\/nitu.mx\/index.php\/wp-json\/wp\/v2\/posts\/29492\/revisions"}],"predecessor-version":[{"id":29518,"href":"https:\/\/nitu.mx\/index.php\/wp-json\/wp\/v2\/posts\/29492\/revisions\/29518"}],"wp:featuredmedia":[{"embeddable":true,"href":"https:\/\/nitu.mx\/index.php\/wp-json\/wp\/v2\/media\/25601"}],"wp:attachment":[{"href":"https:\/\/nitu.mx\/index.php\/wp-json\/wp\/v2\/media?parent=29492"}],"wp:term":[{"taxonomy":"category","embeddable":true,"href":"https:\/\/nitu.mx\/index.php\/wp-json\/wp\/v2\/categories?post=29492"},{"taxonomy":"post_tag","embeddable":true,"href":"https:\/\/nitu.mx\/index.php\/wp-json\/wp\/v2\/tags?post=29492"}],"curies":[{"name":"wp","href":"https:\/\/api.w.org\/{rel}","templated":true}]}}