{"id":2949,"date":"2016-10-15T01:47:27","date_gmt":"2016-10-15T06:47:27","guid":{"rendered":"http:\/\/www.dev.nitu.mx\/?p=2949"},"modified":"2016-10-15T01:47:27","modified_gmt":"2016-10-15T06:47:27","slug":"cptm-planea-futuro-miras-2019","status":"publish","type":"post","link":"https:\/\/nitu.mx\/index.php\/2016\/10\/15\/cptm-planea-futuro-miras-2019\/","title":{"rendered":"CPTM planea a futuro con miras a 2019"},"content":{"rendered":"<p><span style=\"color: #000000; font-family: Calibri;\">La administraci\u00f3n en el Consejo de Promoci\u00f3n Tur\u00edstica de M\u00e9xico (CPTM), que dirige Lourdes Berho, est\u00e1 cambiando, pues ante los desv\u00edos de fondos y recortes la mira es a largo plazo. Dicha organizaci\u00f3n ya est\u00e1 terminando de pagar sus adeudos de 2015, por ello en 2016 fue muy poco lo que pudo invertir.<\/span><\/p>\n<p><span style=\"color: #000000; font-family: Calibri;\">Para 2017 todav\u00eda hay muchos compromisos adquiridos con anterioridad, pero sin duda el panorama ser\u00e1 menos restrictivo que en \u00e9ste para lo que se refiere a la promoci\u00f3n tur\u00edstica, se\u00f1ala Dinero.<\/span><\/p>\n<p><span style=\"color: #000000; font-family: Calibri;\">De hecho, Berho tiene como compromiso culminar la planeaci\u00f3n estrat\u00e9gica hasta el primer trimestre de 2019; est\u00e9 ella o no en el cargo y haya ganado el partido que fuera.<\/span><\/p>\n<p><span style=\"color: #000000; font-family: Calibri;\">El texto apunta que durante la Junta de Gobierno del organismo present\u00f3 un panorama sobre la situaci\u00f3n actual del turismo mexicano, en el que destaca un aumento en la llegada de turistas internacionales de 8.7 por ciento hasta agosto, que es m\u00e1s del doble que el promedio del turismo mundial.<\/span><\/p>\n<p><span style=\"color: #000000; font-family: Calibri;\">Mientras que los ingresos internacionales llegaron a 13 mil 324 millones de d\u00f3lares, una cifra 9.3 por ciento superior a la registrada entre enero y agosto de 2015.<\/span><\/p>\n<p><span style=\"color: #000000; font-family: Calibri;\">Tambi\u00e9n present\u00f3 un panorama por pa\u00edses emisores de viajeros y evidentemente, el dato m\u00e1s destacado es que los estadunidenses siguen creciendo al 12.1 por ciento, seg\u00fan las cifras del Instituto Nacional de Migraci\u00f3n (INM). <\/span><span style=\"color: #000000; font-family: Calibri;\">Reino Unido tambi\u00e9n tiene un aumento de 9.3%; Argentina de 24% y Alemania de 19.2%, seguido de Chile con 14.6% y Per\u00fa con 11.6%.<\/span><\/p>\n<p><span style=\"color: #000000; font-family: Calibri;\">Aqu\u00ed se ve el trabajo de a\u00f1os del CPTM en Reino Unido; las consecuencias positivas del A\u00f1o Dual con Alemania; el repunte de la econom\u00eda Argentina y tambi\u00e9n de la Alianza del Pac\u00edfico.<\/span><\/p>\n<p><span style=\"color: #000000; font-family: Calibri;\">En donde hubo resultados negativos fue en Canad\u00e1, pues descendi\u00f3 1% la llegada de viajeros de ese pa\u00eds, que es el segundo emisor hacia M\u00e9xico. Lo mismo que Brasil con 12.1% menos e Italia con -3.6%.<\/span><\/p>\n<p><span style=\"color: #000000; font-family: Calibri;\">De acuerdo con Berho, en el futuro una composici\u00f3n sana ser\u00eda que Estados Unidos s\u00f3lo llegara a representar 50% de los viajeros internacionales a M\u00e9xico; lo que no significa que se descuide ese mercado clave.<\/span><\/p>\n<p><span style=\"color: #000000; font-family: Calibri;\">El objetivo es que el \u201cpastel\u201d sea cada vez m\u00e1s grande y que no est\u00e9 tan concentrado, pues ello pone al pa\u00eds en una posici\u00f3n de debilidad, como fue claro durante la administraci\u00f3n pasada cuando cay\u00f3 ese mercado.<\/span><\/p>\n","protected":false},"excerpt":{"rendered":"<p>La administraci\u00f3n en el Consejo de Promoci\u00f3n Tur\u00edstica de M\u00e9xico (CPTM), que dirige Lourdes Berho, est\u00e1 cambiando, pues ante los desv\u00edos de fondos y recortes la mira es a largo plazo. Dicha organizaci\u00f3n ya est\u00e1 terminando de pagar sus adeudos de 2015, por ello en 2016 fue muy poco lo que pudo invertir. Para 2017 [&hellip;]<\/p>\n","protected":false},"author":3,"featured_media":2966,"comment_status":"open","ping_status":"open","sticky":false,"template":"","format":"standard","meta":{"footnotes":""},"categories":[12,6],"tags":[1110,1111,948],"yoast_head":"<!-- This site is optimized with the Yoast SEO plugin v22.2 - https:\/\/yoast.com\/wordpress\/plugins\/seo\/ -->\n<title>CPTM planea a futuro con miras a 2019 - Nitu - Noticias de la Industria Turistica<\/title>\n<meta name=\"robots\" content=\"index, follow, max-snippet:-1, max-image-preview:large, max-video-preview:-1\" \/>\n<link rel=\"canonical\" href=\"https:\/\/nitu.mx\/index.php\/2016\/10\/15\/cptm-planea-futuro-miras-2019\/\" \/>\n<meta name=\"twitter:card\" content=\"summary_large_image\" \/>\n<meta name=\"twitter:title\" content=\"CPTM planea a futuro con miras a 2019 - Nitu - Noticias de la Industria Turistica\" \/>\n<meta name=\"twitter:description\" content=\"La administraci\u00f3n en el Consejo de Promoci\u00f3n Tur\u00edstica de M\u00e9xico (CPTM), que dirige Lourdes Berho, est\u00e1 cambiando, pues ante los desv\u00edos de fondos y recortes la mira es a largo plazo. Dicha organizaci\u00f3n ya est\u00e1 terminando de pagar sus adeudos de 2015, por ello en 2016 fue muy poco lo que pudo invertir. Para 2017 [&hellip;]\" \/>\n<meta name=\"twitter:image\" content=\"https:\/\/nitu.mx\/wp-content\/uploads\/2016\/10\/IMG_7942.jpg\" \/>\n<meta name=\"twitter:creator\" content=\"@NITUmx\" \/>\n<meta name=\"twitter:site\" content=\"@Arturo_Medina_G\" \/>\n<meta name=\"twitter:label1\" content=\"Escrito por\" \/>\n\t<meta name=\"twitter:data1\" content=\"Alejandra Moncisbays\" \/>\n\t<meta name=\"twitter:label2\" content=\"Tiempo de lectura\" \/>\n\t<meta name=\"twitter:data2\" content=\"2 minutos\" \/>\n<script type=\"application\/ld+json\" class=\"yoast-schema-graph\">{\"@context\":\"https:\/\/schema.org\",\"@graph\":[{\"@type\":\"Article\",\"@id\":\"https:\/\/nitu.mx\/index.php\/2016\/10\/15\/cptm-planea-futuro-miras-2019\/#article\",\"isPartOf\":{\"@id\":\"https:\/\/nitu.mx\/index.php\/2016\/10\/15\/cptm-planea-futuro-miras-2019\/\"},\"author\":{\"name\":\"Alejandra Moncisbays\",\"@id\":\"https:\/\/nitu.mx\/#\/schema\/person\/2ecd887b19dfd3382d1f14fc5acf24a8\"},\"headline\":\"CPTM planea a futuro con miras a 2019\",\"datePublished\":\"2016-10-15T06:47:27+00:00\",\"dateModified\":\"2016-10-15T06:47:27+00:00\",\"mainEntityOfPage\":{\"@id\":\"https:\/\/nitu.mx\/index.php\/2016\/10\/15\/cptm-planea-futuro-miras-2019\/\"},\"wordCount\":417,\"commentCount\":0,\"publisher\":{\"@id\":\"https:\/\/nitu.mx\/#\/schema\/person\/ae7a53426417292d3dd07b45a33e01bc\"},\"image\":{\"@id\":\"https:\/\/nitu.mx\/index.php\/2016\/10\/15\/cptm-planea-futuro-miras-2019\/#primaryimage\"},\"thumbnailUrl\":\"https:\/\/nitu.mx\/wp-content\/uploads\/2016\/10\/IMG_7942.jpg\",\"keywords\":[\"Consejo de Promoci\u00f3n Tur\u00edstica de M\u00e9xico (CPTM)\",\"Junta de Gobierno\",\"Lourdes Behro\"],\"articleSection\":[\"Marketing\",\"M\u00e9xico\"],\"inLanguage\":\"es-MX\",\"potentialAction\":[{\"@type\":\"CommentAction\",\"name\":\"Comment\",\"target\":[\"https:\/\/nitu.mx\/index.php\/2016\/10\/15\/cptm-planea-futuro-miras-2019\/#respond\"]}]},{\"@type\":\"WebPage\",\"@id\":\"https:\/\/nitu.mx\/index.php\/2016\/10\/15\/cptm-planea-futuro-miras-2019\/\",\"url\":\"https:\/\/nitu.mx\/index.php\/2016\/10\/15\/cptm-planea-futuro-miras-2019\/\",\"name\":\"CPTM planea a futuro con miras a 2019 - Nitu - Noticias de la Industria Turistica\",\"isPartOf\":{\"@id\":\"https:\/\/nitu.mx\/#website\"},\"primaryImageOfPage\":{\"@id\":\"https:\/\/nitu.mx\/index.php\/2016\/10\/15\/cptm-planea-futuro-miras-2019\/#primaryimage\"},\"image\":{\"@id\":\"https:\/\/nitu.mx\/index.php\/2016\/10\/15\/cptm-planea-futuro-miras-2019\/#primaryimage\"},\"thumbnailUrl\":\"https:\/\/nitu.mx\/wp-content\/uploads\/2016\/10\/IMG_7942.jpg\",\"datePublished\":\"2016-10-15T06:47:27+00:00\",\"dateModified\":\"2016-10-15T06:47:27+00:00\",\"breadcrumb\":{\"@id\":\"https:\/\/nitu.mx\/index.php\/2016\/10\/15\/cptm-planea-futuro-miras-2019\/#breadcrumb\"},\"inLanguage\":\"es-MX\",\"potentialAction\":[{\"@type\":\"ReadAction\",\"target\":[\"https:\/\/nitu.mx\/index.php\/2016\/10\/15\/cptm-planea-futuro-miras-2019\/\"]}]},{\"@type\":\"ImageObject\",\"inLanguage\":\"es-MX\",\"@id\":\"https:\/\/nitu.mx\/index.php\/2016\/10\/15\/cptm-planea-futuro-miras-2019\/#primaryimage\",\"url\":\"https:\/\/nitu.mx\/wp-content\/uploads\/2016\/10\/IMG_7942.jpg\",\"contentUrl\":\"https:\/\/nitu.mx\/wp-content\/uploads\/2016\/10\/IMG_7942.jpg\",\"width\":615,\"height\":400},{\"@type\":\"BreadcrumbList\",\"@id\":\"https:\/\/nitu.mx\/index.php\/2016\/10\/15\/cptm-planea-futuro-miras-2019\/#breadcrumb\",\"itemListElement\":[{\"@type\":\"ListItem\",\"position\":1,\"name\":\"Inicio\",\"item\":\"https:\/\/nitu.mx\/\"},{\"@type\":\"ListItem\",\"position\":2,\"name\":\"CPTM planea a futuro con miras a 2019\"}]},{\"@type\":\"WebSite\",\"@id\":\"https:\/\/nitu.mx\/#website\",\"url\":\"https:\/\/nitu.mx\/\",\"name\":\"Nitu - Noticias de la Industria Turistica\",\"description\":\"Noticias de la Industria Turistica\",\"publisher\":{\"@id\":\"https:\/\/nitu.mx\/#\/schema\/person\/ae7a53426417292d3dd07b45a33e01bc\"},\"alternateName\":\"Noticias de la Industria Turistica\",\"potentialAction\":[{\"@type\":\"SearchAction\",\"target\":{\"@type\":\"EntryPoint\",\"urlTemplate\":\"https:\/\/nitu.mx\/?s={search_term_string}\"},\"query-input\":\"required name=search_term_string\"}],\"inLanguage\":\"es-MX\"},{\"@type\":[\"Person\",\"Organization\"],\"@id\":\"https:\/\/nitu.mx\/#\/schema\/person\/ae7a53426417292d3dd07b45a33e01bc\",\"name\":\"Arturo Medina\",\"image\":{\"@type\":\"ImageObject\",\"inLanguage\":\"es-MX\",\"@id\":\"https:\/\/nitu.mx\/#\/schema\/person\/image\/\",\"url\":\"https:\/\/nitu.mx\/wp-content\/uploads\/2024\/04\/4A315622-1904-4D5C-B022-878CDC840E04-90x90-1.jpeg\",\"contentUrl\":\"https:\/\/nitu.mx\/wp-content\/uploads\/2024\/04\/4A315622-1904-4D5C-B022-878CDC840E04-90x90-1.jpeg\",\"width\":90,\"height\":90,\"caption\":\"Arturo Medina\"},\"logo\":{\"@id\":\"https:\/\/nitu.mx\/#\/schema\/person\/image\/\"},\"description\":\"Director NITU.mx, Egresado de la Escuela de Periodismo Carlos Septi\u00e9n Garc\u00eda. Periodista y analista especializado en turismo desde hace 35 a\u00f1os, radicado en Canc\u00fan Q.Roo. arturo@nitu.mx\",\"sameAs\":[\"https:\/\/nitu.mx\",\"https:\/\/www.facebook.com\/NITUmx\/\",\"medinacancun\",\"https:\/\/twitter.com\/@Arturo_Medina_G\"]},{\"@type\":\"Person\",\"@id\":\"https:\/\/nitu.mx\/#\/schema\/person\/2ecd887b19dfd3382d1f14fc5acf24a8\",\"name\":\"Alejandra Moncisbays\",\"image\":{\"@type\":\"ImageObject\",\"inLanguage\":\"es-MX\",\"@id\":\"https:\/\/nitu.mx\/#\/schema\/person\/image\/\",\"url\":\"https:\/\/secure.gravatar.com\/avatar\/e74f7af0be172b7804dacfd0bfbef787?s=96&d=mm&r=g\",\"contentUrl\":\"https:\/\/secure.gravatar.com\/avatar\/e74f7af0be172b7804dacfd0bfbef787?s=96&d=mm&r=g\",\"caption\":\"Alejandra Moncisbays\"},\"description\":\"Curs\u00e9 la carrera de Periodismo y Comunicaci\u00f3n en la Facultad de Estudios Profesionales Acatl\u00e1n. Vivo en Canc\u00fan desde hace 24 a\u00f1os. Fui reportera de La Tarde de Canc\u00fan, y Novedades de Quintana Roo, colabor\u00e9 en TVCUN, edit\u00e9 Cancun\u00edssimo y colabor\u00e9 en las revistas Latitud21, entre otras, con principal enfoque en los sectores empresarial y tur\u00edstico. Desde hace varios a\u00f1os soy Agente de Seguros con c\u00e9dula de la Comisi\u00f3n Nacional de Seguros y Fianzas. Actualmente, me desarrollo en los \u00e1mbitos del periodismo y el sector asegurador.\",\"sameAs\":[\"https:\/\/nitu.mx\"],\"url\":\"https:\/\/nitu.mx\/index.php\/author\/alejandra\/\"}]}<\/script>\n<!-- \/ Yoast SEO plugin. -->","yoast_head_json":{"title":"CPTM planea a futuro con miras a 2019 - Nitu - Noticias de la Industria Turistica","robots":{"index":"index","follow":"follow","max-snippet":"max-snippet:-1","max-image-preview":"max-image-preview:large","max-video-preview":"max-video-preview:-1"},"canonical":"https:\/\/nitu.mx\/index.php\/2016\/10\/15\/cptm-planea-futuro-miras-2019\/","twitter_card":"summary_large_image","twitter_title":"CPTM planea a futuro con miras a 2019 - Nitu - Noticias de la Industria Turistica","twitter_description":"La administraci\u00f3n en el Consejo de Promoci\u00f3n Tur\u00edstica de M\u00e9xico (CPTM), que dirige Lourdes Berho, est\u00e1 cambiando, pues ante los desv\u00edos de fondos y recortes la mira es a largo plazo. Dicha organizaci\u00f3n ya est\u00e1 terminando de pagar sus adeudos de 2015, por ello en 2016 fue muy poco lo que pudo invertir. Para 2017 [&hellip;]","twitter_image":"https:\/\/nitu.mx\/wp-content\/uploads\/2016\/10\/IMG_7942.jpg","twitter_creator":"@NITUmx","twitter_site":"@Arturo_Medina_G","twitter_misc":{"Escrito por":"Alejandra Moncisbays","Tiempo de lectura":"2 minutos"},"schema":{"@context":"https:\/\/schema.org","@graph":[{"@type":"Article","@id":"https:\/\/nitu.mx\/index.php\/2016\/10\/15\/cptm-planea-futuro-miras-2019\/#article","isPartOf":{"@id":"https:\/\/nitu.mx\/index.php\/2016\/10\/15\/cptm-planea-futuro-miras-2019\/"},"author":{"name":"Alejandra Moncisbays","@id":"https:\/\/nitu.mx\/#\/schema\/person\/2ecd887b19dfd3382d1f14fc5acf24a8"},"headline":"CPTM planea a futuro con miras a 2019","datePublished":"2016-10-15T06:47:27+00:00","dateModified":"2016-10-15T06:47:27+00:00","mainEntityOfPage":{"@id":"https:\/\/nitu.mx\/index.php\/2016\/10\/15\/cptm-planea-futuro-miras-2019\/"},"wordCount":417,"commentCount":0,"publisher":{"@id":"https:\/\/nitu.mx\/#\/schema\/person\/ae7a53426417292d3dd07b45a33e01bc"},"image":{"@id":"https:\/\/nitu.mx\/index.php\/2016\/10\/15\/cptm-planea-futuro-miras-2019\/#primaryimage"},"thumbnailUrl":"https:\/\/nitu.mx\/wp-content\/uploads\/2016\/10\/IMG_7942.jpg","keywords":["Consejo de Promoci\u00f3n Tur\u00edstica de M\u00e9xico (CPTM)","Junta de Gobierno","Lourdes Behro"],"articleSection":["Marketing","M\u00e9xico"],"inLanguage":"es-MX","potentialAction":[{"@type":"CommentAction","name":"Comment","target":["https:\/\/nitu.mx\/index.php\/2016\/10\/15\/cptm-planea-futuro-miras-2019\/#respond"]}]},{"@type":"WebPage","@id":"https:\/\/nitu.mx\/index.php\/2016\/10\/15\/cptm-planea-futuro-miras-2019\/","url":"https:\/\/nitu.mx\/index.php\/2016\/10\/15\/cptm-planea-futuro-miras-2019\/","name":"CPTM planea a futuro con miras a 2019 - Nitu - Noticias de la Industria Turistica","isPartOf":{"@id":"https:\/\/nitu.mx\/#website"},"primaryImageOfPage":{"@id":"https:\/\/nitu.mx\/index.php\/2016\/10\/15\/cptm-planea-futuro-miras-2019\/#primaryimage"},"image":{"@id":"https:\/\/nitu.mx\/index.php\/2016\/10\/15\/cptm-planea-futuro-miras-2019\/#primaryimage"},"thumbnailUrl":"https:\/\/nitu.mx\/wp-content\/uploads\/2016\/10\/IMG_7942.jpg","datePublished":"2016-10-15T06:47:27+00:00","dateModified":"2016-10-15T06:47:27+00:00","breadcrumb":{"@id":"https:\/\/nitu.mx\/index.php\/2016\/10\/15\/cptm-planea-futuro-miras-2019\/#breadcrumb"},"inLanguage":"es-MX","potentialAction":[{"@type":"ReadAction","target":["https:\/\/nitu.mx\/index.php\/2016\/10\/15\/cptm-planea-futuro-miras-2019\/"]}]},{"@type":"ImageObject","inLanguage":"es-MX","@id":"https:\/\/nitu.mx\/index.php\/2016\/10\/15\/cptm-planea-futuro-miras-2019\/#primaryimage","url":"https:\/\/nitu.mx\/wp-content\/uploads\/2016\/10\/IMG_7942.jpg","contentUrl":"https:\/\/nitu.mx\/wp-content\/uploads\/2016\/10\/IMG_7942.jpg","width":615,"height":400},{"@type":"BreadcrumbList","@id":"https:\/\/nitu.mx\/index.php\/2016\/10\/15\/cptm-planea-futuro-miras-2019\/#breadcrumb","itemListElement":[{"@type":"ListItem","position":1,"name":"Inicio","item":"https:\/\/nitu.mx\/"},{"@type":"ListItem","position":2,"name":"CPTM planea a futuro con miras a 2019"}]},{"@type":"WebSite","@id":"https:\/\/nitu.mx\/#website","url":"https:\/\/nitu.mx\/","name":"Nitu - Noticias de la Industria Turistica","description":"Noticias de la Industria Turistica","publisher":{"@id":"https:\/\/nitu.mx\/#\/schema\/person\/ae7a53426417292d3dd07b45a33e01bc"},"alternateName":"Noticias de la Industria Turistica","potentialAction":[{"@type":"SearchAction","target":{"@type":"EntryPoint","urlTemplate":"https:\/\/nitu.mx\/?s={search_term_string}"},"query-input":"required name=search_term_string"}],"inLanguage":"es-MX"},{"@type":["Person","Organization"],"@id":"https:\/\/nitu.mx\/#\/schema\/person\/ae7a53426417292d3dd07b45a33e01bc","name":"Arturo Medina","image":{"@type":"ImageObject","inLanguage":"es-MX","@id":"https:\/\/nitu.mx\/#\/schema\/person\/image\/","url":"https:\/\/nitu.mx\/wp-content\/uploads\/2024\/04\/4A315622-1904-4D5C-B022-878CDC840E04-90x90-1.jpeg","contentUrl":"https:\/\/nitu.mx\/wp-content\/uploads\/2024\/04\/4A315622-1904-4D5C-B022-878CDC840E04-90x90-1.jpeg","width":90,"height":90,"caption":"Arturo Medina"},"logo":{"@id":"https:\/\/nitu.mx\/#\/schema\/person\/image\/"},"description":"Director NITU.mx, Egresado de la Escuela de Periodismo Carlos Septi\u00e9n Garc\u00eda. Periodista y analista especializado en turismo desde hace 35 a\u00f1os, radicado en Canc\u00fan Q.Roo. arturo@nitu.mx","sameAs":["https:\/\/nitu.mx","https:\/\/www.facebook.com\/NITUmx\/","medinacancun","https:\/\/twitter.com\/@Arturo_Medina_G"]},{"@type":"Person","@id":"https:\/\/nitu.mx\/#\/schema\/person\/2ecd887b19dfd3382d1f14fc5acf24a8","name":"Alejandra Moncisbays","image":{"@type":"ImageObject","inLanguage":"es-MX","@id":"https:\/\/nitu.mx\/#\/schema\/person\/image\/","url":"https:\/\/secure.gravatar.com\/avatar\/e74f7af0be172b7804dacfd0bfbef787?s=96&d=mm&r=g","contentUrl":"https:\/\/secure.gravatar.com\/avatar\/e74f7af0be172b7804dacfd0bfbef787?s=96&d=mm&r=g","caption":"Alejandra Moncisbays"},"description":"Curs\u00e9 la carrera de Periodismo y Comunicaci\u00f3n en la Facultad de Estudios Profesionales Acatl\u00e1n. Vivo en Canc\u00fan desde hace 24 a\u00f1os. Fui reportera de La Tarde de Canc\u00fan, y Novedades de Quintana Roo, colabor\u00e9 en TVCUN, edit\u00e9 Cancun\u00edssimo y colabor\u00e9 en las revistas Latitud21, entre otras, con principal enfoque en los sectores empresarial y tur\u00edstico. Desde hace varios a\u00f1os soy Agente de Seguros con c\u00e9dula de la Comisi\u00f3n Nacional de Seguros y Fianzas. Actualmente, me desarrollo en los \u00e1mbitos del periodismo y el sector asegurador.","sameAs":["https:\/\/nitu.mx"],"url":"https:\/\/nitu.mx\/index.php\/author\/alejandra\/"}]}},"views":226,"_links":{"self":[{"href":"https:\/\/nitu.mx\/index.php\/wp-json\/wp\/v2\/posts\/2949"}],"collection":[{"href":"https:\/\/nitu.mx\/index.php\/wp-json\/wp\/v2\/posts"}],"about":[{"href":"https:\/\/nitu.mx\/index.php\/wp-json\/wp\/v2\/types\/post"}],"author":[{"embeddable":true,"href":"https:\/\/nitu.mx\/index.php\/wp-json\/wp\/v2\/users\/3"}],"replies":[{"embeddable":true,"href":"https:\/\/nitu.mx\/index.php\/wp-json\/wp\/v2\/comments?post=2949"}],"version-history":[{"count":3,"href":"https:\/\/nitu.mx\/index.php\/wp-json\/wp\/v2\/posts\/2949\/revisions"}],"predecessor-version":[{"id":2967,"href":"https:\/\/nitu.mx\/index.php\/wp-json\/wp\/v2\/posts\/2949\/revisions\/2967"}],"wp:featuredmedia":[{"embeddable":true,"href":"https:\/\/nitu.mx\/index.php\/wp-json\/wp\/v2\/media\/2966"}],"wp:attachment":[{"href":"https:\/\/nitu.mx\/index.php\/wp-json\/wp\/v2\/media?parent=2949"}],"wp:term":[{"taxonomy":"category","embeddable":true,"href":"https:\/\/nitu.mx\/index.php\/wp-json\/wp\/v2\/categories?post=2949"},{"taxonomy":"post_tag","embeddable":true,"href":"https:\/\/nitu.mx\/index.php\/wp-json\/wp\/v2\/tags?post=2949"}],"curies":[{"name":"wp","href":"https:\/\/api.w.org\/{rel}","templated":true}]}}