{"id":29446,"date":"2019-02-24T23:36:31","date_gmt":"2019-02-25T04:36:31","guid":{"rendered":"https:\/\/www.dev.nitu.mx\/?p=29446"},"modified":"2019-02-25T01:19:37","modified_gmt":"2019-02-25T06:19:37","slug":"concanaco-servytur-coincide-con-estrategia-de-turismo-de-amlo","status":"publish","type":"post","link":"https:\/\/nitu.mx\/index.php\/2019\/02\/24\/concanaco-servytur-coincide-con-estrategia-de-turismo-de-amlo\/","title":{"rendered":"Concanaco Servytur coincide con estrategia de turismo de AMLO"},"content":{"rendered":"<p>Al concluir la reuni\u00f3n nacional \u201cTurismo el Gran Motor de la Econom\u00eda\u201d, organizada por la Confederaci\u00f3n de C\u00e1maras Nacionales de Comercio, Servicios y Turismo (Concanaco Servytur), su presidente, Jos\u00e9 Manuel L\u00f3pez Campos, apunt\u00f3 que mejorar la infraestructura, seguridad y promoci\u00f3n de los destinos es el reto de la industria sin chimeneas.<\/p>\n<p>El l\u00edder empresarial coincide as\u00ed, con los planes que se ha fijado el gobierno federal en materia de turismo, que apunta a desarrollar atractivos ancla en diversos destinos para diversificar la llegada de viajeros, mejorar los esquemas de promoci\u00f3n, tener una estrategia m\u00e1s asertiva en materia de seguridad, entre otras.<\/p>\n<p>L\u00f3pez Campos tambi\u00e9n destaca la importancia de incrementar la derrama econ\u00f3mica y la entrada de m\u00e1s divisas tur\u00edsticas, para mejorar la posici\u00f3n que actualmente ubica a M\u00e9xico en el lugar 15 de captaci\u00f3n y 45 en gasto per c\u00e1pita a nivel mundial. (<a title=\"Urgente conocer el nuevo mecanismo de promoci\u00f3n de turismo: Concanaco\" href=\"https:\/\/www.dev.nitu.mx\/index.php\/2018\/12\/06\/urgente-conocer-el-nuevo-mecanismo-de-promocion-de-turismo-concanaco\/\" rel=\"bookmark\">Urgente conocer el nuevo mecanismo de promoci\u00f3n de turismo: Concanaco<\/a>).<\/p>\n<p>Tal como lo ha reiterado el secretario de Turismo, Miguel Torruco Marqu\u00e9s, el presidente de la Concanaco Servytur declara: \u201cSe debe tener un atractivo ancla que apuntale a otros, para aumentar el flujo de visitantes, generar empleo y, en consecuencia, mejorar los niveles de bienestar y econ\u00f3micos de las comunidades que se encuentran en las diferentes zonas del pa\u00eds\u201d.<\/p>\n<p>En cuanto a seguridad, agreg\u00f3 que uno de los retos m\u00e1s importantes es mejorar los niveles que se tienen as\u00ed como la imagen, para evitar casos como las alertas de viajes de Estados Unidos, que invita a sus ciudadanos a no viajar a determinados destinos.<\/p>\n<p>Con estas acciones, Jos\u00e9 Manuel L\u00f3pez Campos asegura que el turismo seguir\u00e1 fortalecido como uno de los motores de la econom\u00eda nacional, que puede llegar f\u00e1cilmente a representar 10 por ciento del Producto Interno Bruto (PIB), desde el 8.7 que ocupa actualmente.<\/p>\n<p>El empresariado se comprometi\u00f3 a trabajar de la mano con el gobierno, como parte de las conclusiones de este foro en el que se dieron cita autoridades federales y locales del ramo, as\u00ed como representantes de la iniciativa privada del turismo.<\/p>\n","protected":false},"excerpt":{"rendered":"<p>Al concluir la reuni\u00f3n nacional \u201cTurismo el Gran Motor de la Econom\u00eda\u201d, organizada por la Confederaci\u00f3n de C\u00e1maras Nacionales de Comercio, Servicios y Turismo (Concanaco Servytur), su presidente, Jos\u00e9 Manuel L\u00f3pez Campos, apunt\u00f3 que mejorar la infraestructura, seguridad y promoci\u00f3n de los destinos es el reto de la industria sin chimeneas. El l\u00edder empresarial coincide [&hellip;]<\/p>\n","protected":false},"author":5,"featured_media":29481,"comment_status":"open","ping_status":"open","sticky":false,"template":"","format":"standard","meta":{"footnotes":""},"categories":[12,6],"tags":[1607,1713,1238],"yoast_head":"<!-- This site is optimized with the Yoast SEO plugin v22.2 - https:\/\/yoast.com\/wordpress\/plugins\/seo\/ -->\n<title>Concanaco Servytur coincide con estrategia de turismo de AMLO - Nitu - Noticias de la Industria Turistica<\/title>\n<meta name=\"description\" content=\"Concanaco apunta que mejorar la infraestructura, seguridad y promoci\u00f3n de los destinos es el reto de la industria sin chimeneas.\" \/>\n<meta name=\"robots\" content=\"index, follow, max-snippet:-1, max-image-preview:large, max-video-preview:-1\" \/>\n<link rel=\"canonical\" href=\"https:\/\/nitu.mx\/index.php\/2019\/02\/24\/concanaco-servytur-coincide-con-estrategia-de-turismo-de-amlo\/\" \/>\n<meta name=\"twitter:card\" content=\"summary_large_image\" \/>\n<meta name=\"twitter:title\" content=\"Concanaco Servytur coincide con estrategia de turismo de AMLO - Nitu - Noticias de la Industria Turistica\" \/>\n<meta name=\"twitter:description\" content=\"Concanaco apunta que mejorar la infraestructura, seguridad y promoci\u00f3n de los destinos es el reto de la industria sin chimeneas.\" \/>\n<meta name=\"twitter:image\" content=\"https:\/\/nitu.mx\/wp-content\/uploads\/2019\/02\/turismo-concanaco.jpg\" \/>\n<meta name=\"twitter:creator\" content=\"@NITUmx\" \/>\n<meta name=\"twitter:site\" content=\"@Arturo_Medina_G\" \/>\n<meta name=\"twitter:label1\" content=\"Escrito por\" \/>\n\t<meta name=\"twitter:data1\" content=\"Mari Soto\" \/>\n\t<meta name=\"twitter:label2\" content=\"Tiempo de lectura\" \/>\n\t<meta name=\"twitter:data2\" content=\"2 minutos\" \/>\n<script type=\"application\/ld+json\" class=\"yoast-schema-graph\">{\"@context\":\"https:\/\/schema.org\",\"@graph\":[{\"@type\":\"Article\",\"@id\":\"https:\/\/nitu.mx\/index.php\/2019\/02\/24\/concanaco-servytur-coincide-con-estrategia-de-turismo-de-amlo\/#article\",\"isPartOf\":{\"@id\":\"https:\/\/nitu.mx\/index.php\/2019\/02\/24\/concanaco-servytur-coincide-con-estrategia-de-turismo-de-amlo\/\"},\"author\":{\"name\":\"Mari Soto\",\"@id\":\"https:\/\/nitu.mx\/#\/schema\/person\/afc52e313e27e660739556d421d3d6b4\"},\"headline\":\"Concanaco Servytur coincide con estrategia de turismo de AMLO\",\"datePublished\":\"2019-02-25T04:36:31+00:00\",\"dateModified\":\"2019-02-25T06:19:37+00:00\",\"mainEntityOfPage\":{\"@id\":\"https:\/\/nitu.mx\/index.php\/2019\/02\/24\/concanaco-servytur-coincide-con-estrategia-de-turismo-de-amlo\/\"},\"wordCount\":371,\"commentCount\":0,\"publisher\":{\"@id\":\"https:\/\/nitu.mx\/#\/schema\/person\/ae7a53426417292d3dd07b45a33e01bc\"},\"image\":{\"@id\":\"https:\/\/nitu.mx\/index.php\/2019\/02\/24\/concanaco-servytur-coincide-con-estrategia-de-turismo-de-amlo\/#primaryimage\"},\"thumbnailUrl\":\"https:\/\/nitu.mx\/wp-content\/uploads\/2019\/02\/turismo-concanaco.jpg\",\"keywords\":[\"Concanaco Servytur\",\"Jos\u00e9 Manuel L\u00f3pez Campos\",\"Miguel Torruco Marqu\u00e9s\"],\"articleSection\":[\"Marketing\",\"M\u00e9xico\"],\"inLanguage\":\"es-MX\",\"potentialAction\":[{\"@type\":\"CommentAction\",\"name\":\"Comment\",\"target\":[\"https:\/\/nitu.mx\/index.php\/2019\/02\/24\/concanaco-servytur-coincide-con-estrategia-de-turismo-de-amlo\/#respond\"]}]},{\"@type\":\"WebPage\",\"@id\":\"https:\/\/nitu.mx\/index.php\/2019\/02\/24\/concanaco-servytur-coincide-con-estrategia-de-turismo-de-amlo\/\",\"url\":\"https:\/\/nitu.mx\/index.php\/2019\/02\/24\/concanaco-servytur-coincide-con-estrategia-de-turismo-de-amlo\/\",\"name\":\"Concanaco Servytur coincide con estrategia de turismo de AMLO - Nitu - Noticias de la Industria Turistica\",\"isPartOf\":{\"@id\":\"https:\/\/nitu.mx\/#website\"},\"primaryImageOfPage\":{\"@id\":\"https:\/\/nitu.mx\/index.php\/2019\/02\/24\/concanaco-servytur-coincide-con-estrategia-de-turismo-de-amlo\/#primaryimage\"},\"image\":{\"@id\":\"https:\/\/nitu.mx\/index.php\/2019\/02\/24\/concanaco-servytur-coincide-con-estrategia-de-turismo-de-amlo\/#primaryimage\"},\"thumbnailUrl\":\"https:\/\/nitu.mx\/wp-content\/uploads\/2019\/02\/turismo-concanaco.jpg\",\"datePublished\":\"2019-02-25T04:36:31+00:00\",\"dateModified\":\"2019-02-25T06:19:37+00:00\",\"description\":\"Concanaco apunta que mejorar la infraestructura, seguridad y promoci\u00f3n de los destinos es el reto de la industria sin chimeneas.\",\"breadcrumb\":{\"@id\":\"https:\/\/nitu.mx\/index.php\/2019\/02\/24\/concanaco-servytur-coincide-con-estrategia-de-turismo-de-amlo\/#breadcrumb\"},\"inLanguage\":\"es-MX\",\"potentialAction\":[{\"@type\":\"ReadAction\",\"target\":[\"https:\/\/nitu.mx\/index.php\/2019\/02\/24\/concanaco-servytur-coincide-con-estrategia-de-turismo-de-amlo\/\"]}]},{\"@type\":\"ImageObject\",\"inLanguage\":\"es-MX\",\"@id\":\"https:\/\/nitu.mx\/index.php\/2019\/02\/24\/concanaco-servytur-coincide-con-estrategia-de-turismo-de-amlo\/#primaryimage\",\"url\":\"https:\/\/nitu.mx\/wp-content\/uploads\/2019\/02\/turismo-concanaco.jpg\",\"contentUrl\":\"https:\/\/nitu.mx\/wp-content\/uploads\/2019\/02\/turismo-concanaco.jpg\",\"width\":850,\"height\":480,\"caption\":\"turismo concanaco\"},{\"@type\":\"BreadcrumbList\",\"@id\":\"https:\/\/nitu.mx\/index.php\/2019\/02\/24\/concanaco-servytur-coincide-con-estrategia-de-turismo-de-amlo\/#breadcrumb\",\"itemListElement\":[{\"@type\":\"ListItem\",\"position\":1,\"name\":\"Inicio\",\"item\":\"https:\/\/nitu.mx\/\"},{\"@type\":\"ListItem\",\"position\":2,\"name\":\"Concanaco Servytur coincide con estrategia de turismo de AMLO\"}]},{\"@type\":\"WebSite\",\"@id\":\"https:\/\/nitu.mx\/#website\",\"url\":\"https:\/\/nitu.mx\/\",\"name\":\"Nitu - Noticias de la Industria Turistica\",\"description\":\"Noticias de la Industria Turistica\",\"publisher\":{\"@id\":\"https:\/\/nitu.mx\/#\/schema\/person\/ae7a53426417292d3dd07b45a33e01bc\"},\"alternateName\":\"Noticias de la Industria Turistica\",\"potentialAction\":[{\"@type\":\"SearchAction\",\"target\":{\"@type\":\"EntryPoint\",\"urlTemplate\":\"https:\/\/nitu.mx\/?s={search_term_string}\"},\"query-input\":\"required name=search_term_string\"}],\"inLanguage\":\"es-MX\"},{\"@type\":[\"Person\",\"Organization\"],\"@id\":\"https:\/\/nitu.mx\/#\/schema\/person\/ae7a53426417292d3dd07b45a33e01bc\",\"name\":\"Arturo Medina\",\"image\":{\"@type\":\"ImageObject\",\"inLanguage\":\"es-MX\",\"@id\":\"https:\/\/nitu.mx\/#\/schema\/person\/image\/\",\"url\":\"https:\/\/nitu.mx\/wp-content\/uploads\/2024\/04\/4A315622-1904-4D5C-B022-878CDC840E04-90x90-1.jpeg\",\"contentUrl\":\"https:\/\/nitu.mx\/wp-content\/uploads\/2024\/04\/4A315622-1904-4D5C-B022-878CDC840E04-90x90-1.jpeg\",\"width\":90,\"height\":90,\"caption\":\"Arturo Medina\"},\"logo\":{\"@id\":\"https:\/\/nitu.mx\/#\/schema\/person\/image\/\"},\"description\":\"Director NITU.mx, Egresado de la Escuela de Periodismo Carlos Septi\u00e9n Garc\u00eda. Periodista y analista especializado en turismo desde hace 35 a\u00f1os, radicado en Canc\u00fan Q.Roo. arturo@nitu.mx\",\"sameAs\":[\"https:\/\/nitu.mx\",\"https:\/\/www.facebook.com\/NITUmx\/\",\"medinacancun\",\"https:\/\/twitter.com\/@Arturo_Medina_G\"]},{\"@type\":\"Person\",\"@id\":\"https:\/\/nitu.mx\/#\/schema\/person\/afc52e313e27e660739556d421d3d6b4\",\"name\":\"Mari Soto\",\"image\":{\"@type\":\"ImageObject\",\"inLanguage\":\"es-MX\",\"@id\":\"https:\/\/nitu.mx\/#\/schema\/person\/image\/\",\"url\":\"https:\/\/secure.gravatar.com\/avatar\/2619c282a180a20d89fcaea82a6736e2?s=96&d=mm&r=g\",\"contentUrl\":\"https:\/\/secure.gravatar.com\/avatar\/2619c282a180a20d89fcaea82a6736e2?s=96&d=mm&r=g\",\"caption\":\"Mari Soto\"},\"sameAs\":[\"https:\/\/nitu.mx\"],\"url\":\"https:\/\/nitu.mx\/index.php\/author\/guadalupe\/\"}]}<\/script>\n<!-- \/ Yoast SEO plugin. -->","yoast_head_json":{"title":"Concanaco Servytur coincide con estrategia de turismo de AMLO - Nitu - Noticias de la Industria Turistica","description":"Concanaco apunta que mejorar la infraestructura, seguridad y promoci\u00f3n de los destinos es el reto de la industria sin chimeneas.","robots":{"index":"index","follow":"follow","max-snippet":"max-snippet:-1","max-image-preview":"max-image-preview:large","max-video-preview":"max-video-preview:-1"},"canonical":"https:\/\/nitu.mx\/index.php\/2019\/02\/24\/concanaco-servytur-coincide-con-estrategia-de-turismo-de-amlo\/","twitter_card":"summary_large_image","twitter_title":"Concanaco Servytur coincide con estrategia de turismo de AMLO - Nitu - Noticias de la Industria Turistica","twitter_description":"Concanaco apunta que mejorar la infraestructura, seguridad y promoci\u00f3n de los destinos es el reto de la industria sin chimeneas.","twitter_image":"https:\/\/nitu.mx\/wp-content\/uploads\/2019\/02\/turismo-concanaco.jpg","twitter_creator":"@NITUmx","twitter_site":"@Arturo_Medina_G","twitter_misc":{"Escrito por":"Mari Soto","Tiempo de lectura":"2 minutos"},"schema":{"@context":"https:\/\/schema.org","@graph":[{"@type":"Article","@id":"https:\/\/nitu.mx\/index.php\/2019\/02\/24\/concanaco-servytur-coincide-con-estrategia-de-turismo-de-amlo\/#article","isPartOf":{"@id":"https:\/\/nitu.mx\/index.php\/2019\/02\/24\/concanaco-servytur-coincide-con-estrategia-de-turismo-de-amlo\/"},"author":{"name":"Mari Soto","@id":"https:\/\/nitu.mx\/#\/schema\/person\/afc52e313e27e660739556d421d3d6b4"},"headline":"Concanaco Servytur coincide con estrategia de turismo de AMLO","datePublished":"2019-02-25T04:36:31+00:00","dateModified":"2019-02-25T06:19:37+00:00","mainEntityOfPage":{"@id":"https:\/\/nitu.mx\/index.php\/2019\/02\/24\/concanaco-servytur-coincide-con-estrategia-de-turismo-de-amlo\/"},"wordCount":371,"commentCount":0,"publisher":{"@id":"https:\/\/nitu.mx\/#\/schema\/person\/ae7a53426417292d3dd07b45a33e01bc"},"image":{"@id":"https:\/\/nitu.mx\/index.php\/2019\/02\/24\/concanaco-servytur-coincide-con-estrategia-de-turismo-de-amlo\/#primaryimage"},"thumbnailUrl":"https:\/\/nitu.mx\/wp-content\/uploads\/2019\/02\/turismo-concanaco.jpg","keywords":["Concanaco Servytur","Jos\u00e9 Manuel L\u00f3pez Campos","Miguel Torruco Marqu\u00e9s"],"articleSection":["Marketing","M\u00e9xico"],"inLanguage":"es-MX","potentialAction":[{"@type":"CommentAction","name":"Comment","target":["https:\/\/nitu.mx\/index.php\/2019\/02\/24\/concanaco-servytur-coincide-con-estrategia-de-turismo-de-amlo\/#respond"]}]},{"@type":"WebPage","@id":"https:\/\/nitu.mx\/index.php\/2019\/02\/24\/concanaco-servytur-coincide-con-estrategia-de-turismo-de-amlo\/","url":"https:\/\/nitu.mx\/index.php\/2019\/02\/24\/concanaco-servytur-coincide-con-estrategia-de-turismo-de-amlo\/","name":"Concanaco Servytur coincide con estrategia de turismo de AMLO - Nitu - Noticias de la Industria Turistica","isPartOf":{"@id":"https:\/\/nitu.mx\/#website"},"primaryImageOfPage":{"@id":"https:\/\/nitu.mx\/index.php\/2019\/02\/24\/concanaco-servytur-coincide-con-estrategia-de-turismo-de-amlo\/#primaryimage"},"image":{"@id":"https:\/\/nitu.mx\/index.php\/2019\/02\/24\/concanaco-servytur-coincide-con-estrategia-de-turismo-de-amlo\/#primaryimage"},"thumbnailUrl":"https:\/\/nitu.mx\/wp-content\/uploads\/2019\/02\/turismo-concanaco.jpg","datePublished":"2019-02-25T04:36:31+00:00","dateModified":"2019-02-25T06:19:37+00:00","description":"Concanaco apunta que mejorar la infraestructura, seguridad y promoci\u00f3n de los destinos es el reto de la industria sin chimeneas.","breadcrumb":{"@id":"https:\/\/nitu.mx\/index.php\/2019\/02\/24\/concanaco-servytur-coincide-con-estrategia-de-turismo-de-amlo\/#breadcrumb"},"inLanguage":"es-MX","potentialAction":[{"@type":"ReadAction","target":["https:\/\/nitu.mx\/index.php\/2019\/02\/24\/concanaco-servytur-coincide-con-estrategia-de-turismo-de-amlo\/"]}]},{"@type":"ImageObject","inLanguage":"es-MX","@id":"https:\/\/nitu.mx\/index.php\/2019\/02\/24\/concanaco-servytur-coincide-con-estrategia-de-turismo-de-amlo\/#primaryimage","url":"https:\/\/nitu.mx\/wp-content\/uploads\/2019\/02\/turismo-concanaco.jpg","contentUrl":"https:\/\/nitu.mx\/wp-content\/uploads\/2019\/02\/turismo-concanaco.jpg","width":850,"height":480,"caption":"turismo concanaco"},{"@type":"BreadcrumbList","@id":"https:\/\/nitu.mx\/index.php\/2019\/02\/24\/concanaco-servytur-coincide-con-estrategia-de-turismo-de-amlo\/#breadcrumb","itemListElement":[{"@type":"ListItem","position":1,"name":"Inicio","item":"https:\/\/nitu.mx\/"},{"@type":"ListItem","position":2,"name":"Concanaco Servytur coincide con estrategia de turismo de AMLO"}]},{"@type":"WebSite","@id":"https:\/\/nitu.mx\/#website","url":"https:\/\/nitu.mx\/","name":"Nitu - Noticias de la Industria Turistica","description":"Noticias de la Industria Turistica","publisher":{"@id":"https:\/\/nitu.mx\/#\/schema\/person\/ae7a53426417292d3dd07b45a33e01bc"},"alternateName":"Noticias de la Industria Turistica","potentialAction":[{"@type":"SearchAction","target":{"@type":"EntryPoint","urlTemplate":"https:\/\/nitu.mx\/?s={search_term_string}"},"query-input":"required name=search_term_string"}],"inLanguage":"es-MX"},{"@type":["Person","Organization"],"@id":"https:\/\/nitu.mx\/#\/schema\/person\/ae7a53426417292d3dd07b45a33e01bc","name":"Arturo Medina","image":{"@type":"ImageObject","inLanguage":"es-MX","@id":"https:\/\/nitu.mx\/#\/schema\/person\/image\/","url":"https:\/\/nitu.mx\/wp-content\/uploads\/2024\/04\/4A315622-1904-4D5C-B022-878CDC840E04-90x90-1.jpeg","contentUrl":"https:\/\/nitu.mx\/wp-content\/uploads\/2024\/04\/4A315622-1904-4D5C-B022-878CDC840E04-90x90-1.jpeg","width":90,"height":90,"caption":"Arturo Medina"},"logo":{"@id":"https:\/\/nitu.mx\/#\/schema\/person\/image\/"},"description":"Director NITU.mx, Egresado de la Escuela de Periodismo Carlos Septi\u00e9n Garc\u00eda. Periodista y analista especializado en turismo desde hace 35 a\u00f1os, radicado en Canc\u00fan Q.Roo. arturo@nitu.mx","sameAs":["https:\/\/nitu.mx","https:\/\/www.facebook.com\/NITUmx\/","medinacancun","https:\/\/twitter.com\/@Arturo_Medina_G"]},{"@type":"Person","@id":"https:\/\/nitu.mx\/#\/schema\/person\/afc52e313e27e660739556d421d3d6b4","name":"Mari Soto","image":{"@type":"ImageObject","inLanguage":"es-MX","@id":"https:\/\/nitu.mx\/#\/schema\/person\/image\/","url":"https:\/\/secure.gravatar.com\/avatar\/2619c282a180a20d89fcaea82a6736e2?s=96&d=mm&r=g","contentUrl":"https:\/\/secure.gravatar.com\/avatar\/2619c282a180a20d89fcaea82a6736e2?s=96&d=mm&r=g","caption":"Mari Soto"},"sameAs":["https:\/\/nitu.mx"],"url":"https:\/\/nitu.mx\/index.php\/author\/guadalupe\/"}]}},"views":189,"_links":{"self":[{"href":"https:\/\/nitu.mx\/index.php\/wp-json\/wp\/v2\/posts\/29446"}],"collection":[{"href":"https:\/\/nitu.mx\/index.php\/wp-json\/wp\/v2\/posts"}],"about":[{"href":"https:\/\/nitu.mx\/index.php\/wp-json\/wp\/v2\/types\/post"}],"author":[{"embeddable":true,"href":"https:\/\/nitu.mx\/index.php\/wp-json\/wp\/v2\/users\/5"}],"replies":[{"embeddable":true,"href":"https:\/\/nitu.mx\/index.php\/wp-json\/wp\/v2\/comments?post=29446"}],"version-history":[{"count":1,"href":"https:\/\/nitu.mx\/index.php\/wp-json\/wp\/v2\/posts\/29446\/revisions"}],"predecessor-version":[{"id":29451,"href":"https:\/\/nitu.mx\/index.php\/wp-json\/wp\/v2\/posts\/29446\/revisions\/29451"}],"wp:featuredmedia":[{"embeddable":true,"href":"https:\/\/nitu.mx\/index.php\/wp-json\/wp\/v2\/media\/29481"}],"wp:attachment":[{"href":"https:\/\/nitu.mx\/index.php\/wp-json\/wp\/v2\/media?parent=29446"}],"wp:term":[{"taxonomy":"category","embeddable":true,"href":"https:\/\/nitu.mx\/index.php\/wp-json\/wp\/v2\/categories?post=29446"},{"taxonomy":"post_tag","embeddable":true,"href":"https:\/\/nitu.mx\/index.php\/wp-json\/wp\/v2\/tags?post=29446"}],"curies":[{"name":"wp","href":"https:\/\/api.w.org\/{rel}","templated":true}]}}