{"id":29286,"date":"2019-02-20T01:56:39","date_gmt":"2019-02-20T06:56:39","guid":{"rendered":"https:\/\/www.dev.nitu.mx\/?p=29286"},"modified":"2019-02-20T02:10:56","modified_gmt":"2019-02-20T07:10:56","slug":"promocionan-grand-costa-maya-y-cozumel-ante-agentes-de-viaje-en-guadalajara","status":"publish","type":"post","link":"https:\/\/nitu.mx\/index.php\/2019\/02\/20\/promocionan-grand-costa-maya-y-cozumel-ante-agentes-de-viaje-en-guadalajara\/","title":{"rendered":"Promocionan\u00a0Grand Costa\u00a0Maya\u00a0y\u00a0Cozumel\u00a0ante\u00a0agentes\u00a0de\u00a0viaje\u00a0en\u00a0Guadalajara"},"content":{"rendered":"<p>Una delegacio\u0301n del CPTQ encabezada por el director general Dar\u00edo Flota Ocampo y un grupo de veintido\u0301s empresarios chetumalen\u0303os yrepresentantes de la Asociacio\u0301n de Hoteles de Cozumel y hoteleros, viajaron en el recie\u0301n inaugurado vuelo de Chetumal a Guadalajara para realizar acciones de promocio\u0301n del sur del estado y de Isla Cozumel en un Trade Show para presentar el vuelo de Volaris procedente de Guadalajara hacia Chetumal, ante ma\u0301s de un centenar de agentes de viajes en la capital tapat\u00eda.<\/p>\n<p>Como parte de las acciones de la Administracio\u0301n del gobernador Carlos Joaqu\u0131\u00edn, el compromiso por contribuir al desarrollo y crecimiento de la econom\u0131\u0301a en Chetumal y Cozumel, se realizan acciones para que ma\u0301s visitantes conozcan parte de la oferta tur\u00edstica que ofrece el estado. Al respecto de las actividades programadas el director general Dar\u0131\u0301o Flota Ocampo comento\u0301: \u201cPara promocionar la ocupacio\u0301n que tiene Volaris desde Guadalajara tanto a Cozumel como a Chetumal, venimos a Guadalajara para presentar a agentes de viajes locales los atractivos que tiene la Grand Costa Maya y Cozumel e informarles de las novedades para sus clientes, este evento conto\u0301 con ma\u0301s de cien asistentes y esperamos tener muchos pasajeros tapat\u0131\u0301os visitando estas partes del estado que no conocen.\u201d<\/p>\n<p>Volaris tiene vuelos directos desde Guadalajara hacia Cozumel desde el 25 de Junio de 2017, con dos frecuencias semanales, viernes y domingo ( a partir de abril cambia a jueves y domingo), a Chetumal desde el 2 de febrero de 2019 tambie\u0301n con dosfrecuencias lunes y sa\u0301bado, ademas de las cinco llegadas al Aeropuerto Internacional de Cancu\u0301n al d\u00eda.<\/p>\n<p>La Grand Costa Maya conformada por los destinos de Chetumal, Bacalar y Mahahual ofrece entre sus atractivos naturales la Reserva de la Bio\u0301sfera de Banco Chinchorro \u2013el atolo\u0301n coralino ma\u0301s grande de Me\u0301xico\u2013 Xcalak, una de las u\u0301ltimas playas v\u00edrgenes de Me\u0301xico, la Laguna de lo Siente Colores, el Cenote Azul, Bah\u0131\u0301a de Chetumal, la cual ha sido declarada Santuario del Manat\u0131\u0301, y es el escenario perfecto para admirar los amaneceres ma\u0301s bellos del Caribe Mexicano, Calderitas y Laguna Milagros adema\u0301s de los sitios Arqueolo\u0301gicos de Chacchobe\u0301n, Kohunlich, Dzibanche\u0301, Kinichna\u0301 y Oxtankah.<\/p>\n<p>Cozumel es hogar de varias reservas ecolo\u0301gicas cautivadoras, Parque Nacional de Arrecifes de Cozumel \u2013 Forma parte de la segunda barrera de arrecifes ma\u0301s grande del planeta, Parque Natural Chankanaab adema\u0301s de el lugar ideal para la practica de buceo y esno\u0301rquel.<\/p>\n<p>La delegacio\u0301n del Consejo de Promocio\u0301n Tur\u0131stica que viajo\u0301 a Guadalajara est\u00e1compuesta por la directora de Promocio\u0301n Lizzie Cole, Evelin Pintado directora de publicidad y medios, y el representante de CPTQ en Cozumel Pablo Aguilar. Por parte de los hoteleros de Chetumal, viajo\u0301 la Presidente de la Asociacio\u0301n de Hoteles del Centro y sur de Quintana Roo Deborah Angulo, as\u0131\u0301como los empresarios y hoteleros de Casa Blanca, ABH, Cocos, Villa Diamante, Villanueva, Capital Plaza, Fiesta Inn,<\/p>\n<p>Bacalar Tours, Paraiso Tours, Iselitas Tours y Caracol Xulha. Adema\u0301s de IselaValenzuela de la Asociacio\u0301n de hoteles de Cozumel, Hotel B, Secrets Aura, Sunscape Sabor, El Cid la Ceiba, Fiesta Americana y The Explorean.<\/p>\n<p>El evento se realizo\u0301 en el hotel Fiesta Americana Guadalajara donde los asistentes disfrutaron de un desayuno.<\/p>\n","protected":false},"excerpt":{"rendered":"<p>Una delegacio\u0301n del CPTQ encabezada por el director general Dar\u00edo Flota Ocampo y un grupo de veintido\u0301s empresarios chetumalen\u0303os yrepresentantes de la Asociacio\u0301n de Hoteles de Cozumel y hoteleros, viajaron en el recie\u0301n inaugurado vuelo de Chetumal a Guadalajara para realizar acciones de promocio\u0301n del sur del estado y de Isla Cozumel en un Trade [&hellip;]<\/p>\n","protected":false},"author":17,"featured_media":29319,"comment_status":"open","ping_status":"open","sticky":false,"template":"","format":"standard","meta":{"footnotes":""},"categories":[1],"tags":[3735,2625,9811,454,110,8145,490,260,14577,131,4042],"yoast_head":"<!-- This site is optimized with the Yoast SEO plugin v22.2 - https:\/\/yoast.com\/wordpress\/plugins\/seo\/ -->\n<title>Promocionan\u00a0Grand Costa\u00a0Maya\u00a0y\u00a0Cozumel\u00a0ante\u00a0agentes\u00a0de\u00a0viaje\u00a0en\u00a0Guadalajara - Nitu - Noticias de la Industria Turistica<\/title>\n<meta name=\"robots\" content=\"index, follow, max-snippet:-1, max-image-preview:large, max-video-preview:-1\" \/>\n<link rel=\"canonical\" href=\"https:\/\/nitu.mx\/index.php\/2019\/02\/20\/promocionan-grand-costa-maya-y-cozumel-ante-agentes-de-viaje-en-guadalajara\/\" \/>\n<meta name=\"twitter:card\" content=\"summary_large_image\" \/>\n<meta name=\"twitter:title\" content=\"Promocionan\u00a0Grand Costa\u00a0Maya\u00a0y\u00a0Cozumel\u00a0ante\u00a0agentes\u00a0de\u00a0viaje\u00a0en\u00a0Guadalajara - Nitu - Noticias de la Industria Turistica\" \/>\n<meta name=\"twitter:description\" content=\"Una delegacio\u0301n del CPTQ encabezada por el director general Dar\u00edo Flota Ocampo y un grupo de veintido\u0301s empresarios chetumalen\u0303os yrepresentantes de la Asociacio\u0301n de Hoteles de Cozumel y hoteleros, viajaron en el recie\u0301n inaugurado vuelo de Chetumal a Guadalajara para realizar acciones de promocio\u0301n del sur del estado y de Isla Cozumel en un Trade [&hellip;]\" \/>\n<meta name=\"twitter:image\" content=\"https:\/\/nitu.mx\/wp-content\/uploads\/2019\/02\/Grand-Costa-Maya.jpg\" \/>\n<meta name=\"twitter:creator\" content=\"@NITUmx\" \/>\n<meta name=\"twitter:site\" content=\"@Arturo_Medina_G\" \/>\n<meta name=\"twitter:label1\" content=\"Escrito por\" \/>\n\t<meta name=\"twitter:data1\" content=\"Redacci\u00f3n\" \/>\n\t<meta name=\"twitter:label2\" content=\"Tiempo de lectura\" \/>\n\t<meta name=\"twitter:data2\" content=\"3 minutos\" \/>\n<script type=\"application\/ld+json\" class=\"yoast-schema-graph\">{\"@context\":\"https:\/\/schema.org\",\"@graph\":[{\"@type\":\"Article\",\"@id\":\"https:\/\/nitu.mx\/index.php\/2019\/02\/20\/promocionan-grand-costa-maya-y-cozumel-ante-agentes-de-viaje-en-guadalajara\/#article\",\"isPartOf\":{\"@id\":\"https:\/\/nitu.mx\/index.php\/2019\/02\/20\/promocionan-grand-costa-maya-y-cozumel-ante-agentes-de-viaje-en-guadalajara\/\"},\"author\":{\"name\":\"Redacci\u00f3n\",\"@id\":\"https:\/\/nitu.mx\/#\/schema\/person\/4a28fe9bd65924f7c90623773daf1b0b\"},\"headline\":\"Promocionan\u00a0Grand Costa\u00a0Maya\u00a0y\u00a0Cozumel\u00a0ante\u00a0agentes\u00a0de\u00a0viaje\u00a0en\u00a0Guadalajara\",\"datePublished\":\"2019-02-20T06:56:39+00:00\",\"dateModified\":\"2019-02-20T07:10:56+00:00\",\"mainEntityOfPage\":{\"@id\":\"https:\/\/nitu.mx\/index.php\/2019\/02\/20\/promocionan-grand-costa-maya-y-cozumel-ante-agentes-de-viaje-en-guadalajara\/\"},\"wordCount\":575,\"commentCount\":0,\"publisher\":{\"@id\":\"https:\/\/nitu.mx\/#\/schema\/person\/ae7a53426417292d3dd07b45a33e01bc\"},\"image\":{\"@id\":\"https:\/\/nitu.mx\/index.php\/2019\/02\/20\/promocionan-grand-costa-maya-y-cozumel-ante-agentes-de-viaje-en-guadalajara\/#primaryimage\"},\"thumbnailUrl\":\"https:\/\/nitu.mx\/wp-content\/uploads\/2019\/02\/Grand-Costa-Maya.jpg\",\"keywords\":[\"Aerol\u00ednea\",\"aeropuertos\",\"agentes de viaje\",\"Chetumal\",\"Cozumel\",\"CPTQ\",\"Guadalajara\",\"Quintana Roo\",\"Trade Show\",\"Volaris\",\"Vuelos\"],\"articleSection\":[\"Sin Categor\u00eda\"],\"inLanguage\":\"es-MX\",\"potentialAction\":[{\"@type\":\"CommentAction\",\"name\":\"Comment\",\"target\":[\"https:\/\/nitu.mx\/index.php\/2019\/02\/20\/promocionan-grand-costa-maya-y-cozumel-ante-agentes-de-viaje-en-guadalajara\/#respond\"]}]},{\"@type\":\"WebPage\",\"@id\":\"https:\/\/nitu.mx\/index.php\/2019\/02\/20\/promocionan-grand-costa-maya-y-cozumel-ante-agentes-de-viaje-en-guadalajara\/\",\"url\":\"https:\/\/nitu.mx\/index.php\/2019\/02\/20\/promocionan-grand-costa-maya-y-cozumel-ante-agentes-de-viaje-en-guadalajara\/\",\"name\":\"Promocionan\u00a0Grand Costa\u00a0Maya\u00a0y\u00a0Cozumel\u00a0ante\u00a0agentes\u00a0de\u00a0viaje\u00a0en\u00a0Guadalajara - Nitu - Noticias de la Industria Turistica\",\"isPartOf\":{\"@id\":\"https:\/\/nitu.mx\/#website\"},\"primaryImageOfPage\":{\"@id\":\"https:\/\/nitu.mx\/index.php\/2019\/02\/20\/promocionan-grand-costa-maya-y-cozumel-ante-agentes-de-viaje-en-guadalajara\/#primaryimage\"},\"image\":{\"@id\":\"https:\/\/nitu.mx\/index.php\/2019\/02\/20\/promocionan-grand-costa-maya-y-cozumel-ante-agentes-de-viaje-en-guadalajara\/#primaryimage\"},\"thumbnailUrl\":\"https:\/\/nitu.mx\/wp-content\/uploads\/2019\/02\/Grand-Costa-Maya.jpg\",\"datePublished\":\"2019-02-20T06:56:39+00:00\",\"dateModified\":\"2019-02-20T07:10:56+00:00\",\"breadcrumb\":{\"@id\":\"https:\/\/nitu.mx\/index.php\/2019\/02\/20\/promocionan-grand-costa-maya-y-cozumel-ante-agentes-de-viaje-en-guadalajara\/#breadcrumb\"},\"inLanguage\":\"es-MX\",\"potentialAction\":[{\"@type\":\"ReadAction\",\"target\":[\"https:\/\/nitu.mx\/index.php\/2019\/02\/20\/promocionan-grand-costa-maya-y-cozumel-ante-agentes-de-viaje-en-guadalajara\/\"]}]},{\"@type\":\"ImageObject\",\"inLanguage\":\"es-MX\",\"@id\":\"https:\/\/nitu.mx\/index.php\/2019\/02\/20\/promocionan-grand-costa-maya-y-cozumel-ante-agentes-de-viaje-en-guadalajara\/#primaryimage\",\"url\":\"https:\/\/nitu.mx\/wp-content\/uploads\/2019\/02\/Grand-Costa-Maya.jpg\",\"contentUrl\":\"https:\/\/nitu.mx\/wp-content\/uploads\/2019\/02\/Grand-Costa-Maya.jpg\",\"width\":850,\"height\":480,\"caption\":\"Grand Costa Maya\"},{\"@type\":\"BreadcrumbList\",\"@id\":\"https:\/\/nitu.mx\/index.php\/2019\/02\/20\/promocionan-grand-costa-maya-y-cozumel-ante-agentes-de-viaje-en-guadalajara\/#breadcrumb\",\"itemListElement\":[{\"@type\":\"ListItem\",\"position\":1,\"name\":\"Inicio\",\"item\":\"https:\/\/nitu.mx\/\"},{\"@type\":\"ListItem\",\"position\":2,\"name\":\"Promocionan\u00a0Grand Costa\u00a0Maya\u00a0y\u00a0Cozumel\u00a0ante\u00a0agentes\u00a0de\u00a0viaje\u00a0en\u00a0Guadalajara\"}]},{\"@type\":\"WebSite\",\"@id\":\"https:\/\/nitu.mx\/#website\",\"url\":\"https:\/\/nitu.mx\/\",\"name\":\"Nitu - Noticias de la Industria Turistica\",\"description\":\"Noticias de la Industria Turistica\",\"publisher\":{\"@id\":\"https:\/\/nitu.mx\/#\/schema\/person\/ae7a53426417292d3dd07b45a33e01bc\"},\"alternateName\":\"Noticias de la Industria Turistica\",\"potentialAction\":[{\"@type\":\"SearchAction\",\"target\":{\"@type\":\"EntryPoint\",\"urlTemplate\":\"https:\/\/nitu.mx\/?s={search_term_string}\"},\"query-input\":\"required name=search_term_string\"}],\"inLanguage\":\"es-MX\"},{\"@type\":[\"Person\",\"Organization\"],\"@id\":\"https:\/\/nitu.mx\/#\/schema\/person\/ae7a53426417292d3dd07b45a33e01bc\",\"name\":\"Arturo Medina\",\"image\":{\"@type\":\"ImageObject\",\"inLanguage\":\"es-MX\",\"@id\":\"https:\/\/nitu.mx\/#\/schema\/person\/image\/\",\"url\":\"https:\/\/nitu.mx\/wp-content\/uploads\/2024\/04\/4A315622-1904-4D5C-B022-878CDC840E04-90x90-1.jpeg\",\"contentUrl\":\"https:\/\/nitu.mx\/wp-content\/uploads\/2024\/04\/4A315622-1904-4D5C-B022-878CDC840E04-90x90-1.jpeg\",\"width\":90,\"height\":90,\"caption\":\"Arturo Medina\"},\"logo\":{\"@id\":\"https:\/\/nitu.mx\/#\/schema\/person\/image\/\"},\"description\":\"Director NITU.mx, Egresado de la Escuela de Periodismo Carlos Septi\u00e9n Garc\u00eda. Periodista y analista especializado en turismo desde hace 35 a\u00f1os, radicado en Canc\u00fan Q.Roo. arturo@nitu.mx\",\"sameAs\":[\"https:\/\/nitu.mx\",\"https:\/\/www.facebook.com\/NITUmx\/\",\"medinacancun\",\"https:\/\/twitter.com\/@Arturo_Medina_G\"]},{\"@type\":\"Person\",\"@id\":\"https:\/\/nitu.mx\/#\/schema\/person\/4a28fe9bd65924f7c90623773daf1b0b\",\"name\":\"Redacci\u00f3n\",\"image\":{\"@type\":\"ImageObject\",\"inLanguage\":\"es-MX\",\"@id\":\"https:\/\/nitu.mx\/#\/schema\/person\/image\/\",\"url\":\"https:\/\/secure.gravatar.com\/avatar\/5dd011c8ccfc5cd7e4c81e42252aab38?s=96&d=mm&r=g\",\"contentUrl\":\"https:\/\/secure.gravatar.com\/avatar\/5dd011c8ccfc5cd7e4c81e42252aab38?s=96&d=mm&r=g\",\"caption\":\"Redacci\u00f3n\"},\"url\":\"https:\/\/nitu.mx\/index.php\/author\/redaccion\/\"}]}<\/script>\n<!-- \/ Yoast SEO plugin. -->","yoast_head_json":{"title":"Promocionan\u00a0Grand Costa\u00a0Maya\u00a0y\u00a0Cozumel\u00a0ante\u00a0agentes\u00a0de\u00a0viaje\u00a0en\u00a0Guadalajara - Nitu - Noticias de la Industria Turistica","robots":{"index":"index","follow":"follow","max-snippet":"max-snippet:-1","max-image-preview":"max-image-preview:large","max-video-preview":"max-video-preview:-1"},"canonical":"https:\/\/nitu.mx\/index.php\/2019\/02\/20\/promocionan-grand-costa-maya-y-cozumel-ante-agentes-de-viaje-en-guadalajara\/","twitter_card":"summary_large_image","twitter_title":"Promocionan\u00a0Grand Costa\u00a0Maya\u00a0y\u00a0Cozumel\u00a0ante\u00a0agentes\u00a0de\u00a0viaje\u00a0en\u00a0Guadalajara - Nitu - Noticias de la Industria Turistica","twitter_description":"Una delegacio\u0301n del CPTQ encabezada por el director general Dar\u00edo Flota Ocampo y un grupo de veintido\u0301s empresarios chetumalen\u0303os yrepresentantes de la Asociacio\u0301n de Hoteles de Cozumel y hoteleros, viajaron en el recie\u0301n inaugurado vuelo de Chetumal a Guadalajara para realizar acciones de promocio\u0301n del sur del estado y de Isla Cozumel en un Trade [&hellip;]","twitter_image":"https:\/\/nitu.mx\/wp-content\/uploads\/2019\/02\/Grand-Costa-Maya.jpg","twitter_creator":"@NITUmx","twitter_site":"@Arturo_Medina_G","twitter_misc":{"Escrito por":"Redacci\u00f3n","Tiempo de lectura":"3 minutos"},"schema":{"@context":"https:\/\/schema.org","@graph":[{"@type":"Article","@id":"https:\/\/nitu.mx\/index.php\/2019\/02\/20\/promocionan-grand-costa-maya-y-cozumel-ante-agentes-de-viaje-en-guadalajara\/#article","isPartOf":{"@id":"https:\/\/nitu.mx\/index.php\/2019\/02\/20\/promocionan-grand-costa-maya-y-cozumel-ante-agentes-de-viaje-en-guadalajara\/"},"author":{"name":"Redacci\u00f3n","@id":"https:\/\/nitu.mx\/#\/schema\/person\/4a28fe9bd65924f7c90623773daf1b0b"},"headline":"Promocionan\u00a0Grand Costa\u00a0Maya\u00a0y\u00a0Cozumel\u00a0ante\u00a0agentes\u00a0de\u00a0viaje\u00a0en\u00a0Guadalajara","datePublished":"2019-02-20T06:56:39+00:00","dateModified":"2019-02-20T07:10:56+00:00","mainEntityOfPage":{"@id":"https:\/\/nitu.mx\/index.php\/2019\/02\/20\/promocionan-grand-costa-maya-y-cozumel-ante-agentes-de-viaje-en-guadalajara\/"},"wordCount":575,"commentCount":0,"publisher":{"@id":"https:\/\/nitu.mx\/#\/schema\/person\/ae7a53426417292d3dd07b45a33e01bc"},"image":{"@id":"https:\/\/nitu.mx\/index.php\/2019\/02\/20\/promocionan-grand-costa-maya-y-cozumel-ante-agentes-de-viaje-en-guadalajara\/#primaryimage"},"thumbnailUrl":"https:\/\/nitu.mx\/wp-content\/uploads\/2019\/02\/Grand-Costa-Maya.jpg","keywords":["Aerol\u00ednea","aeropuertos","agentes de viaje","Chetumal","Cozumel","CPTQ","Guadalajara","Quintana Roo","Trade Show","Volaris","Vuelos"],"articleSection":["Sin Categor\u00eda"],"inLanguage":"es-MX","potentialAction":[{"@type":"CommentAction","name":"Comment","target":["https:\/\/nitu.mx\/index.php\/2019\/02\/20\/promocionan-grand-costa-maya-y-cozumel-ante-agentes-de-viaje-en-guadalajara\/#respond"]}]},{"@type":"WebPage","@id":"https:\/\/nitu.mx\/index.php\/2019\/02\/20\/promocionan-grand-costa-maya-y-cozumel-ante-agentes-de-viaje-en-guadalajara\/","url":"https:\/\/nitu.mx\/index.php\/2019\/02\/20\/promocionan-grand-costa-maya-y-cozumel-ante-agentes-de-viaje-en-guadalajara\/","name":"Promocionan\u00a0Grand Costa\u00a0Maya\u00a0y\u00a0Cozumel\u00a0ante\u00a0agentes\u00a0de\u00a0viaje\u00a0en\u00a0Guadalajara - Nitu - Noticias de la Industria Turistica","isPartOf":{"@id":"https:\/\/nitu.mx\/#website"},"primaryImageOfPage":{"@id":"https:\/\/nitu.mx\/index.php\/2019\/02\/20\/promocionan-grand-costa-maya-y-cozumel-ante-agentes-de-viaje-en-guadalajara\/#primaryimage"},"image":{"@id":"https:\/\/nitu.mx\/index.php\/2019\/02\/20\/promocionan-grand-costa-maya-y-cozumel-ante-agentes-de-viaje-en-guadalajara\/#primaryimage"},"thumbnailUrl":"https:\/\/nitu.mx\/wp-content\/uploads\/2019\/02\/Grand-Costa-Maya.jpg","datePublished":"2019-02-20T06:56:39+00:00","dateModified":"2019-02-20T07:10:56+00:00","breadcrumb":{"@id":"https:\/\/nitu.mx\/index.php\/2019\/02\/20\/promocionan-grand-costa-maya-y-cozumel-ante-agentes-de-viaje-en-guadalajara\/#breadcrumb"},"inLanguage":"es-MX","potentialAction":[{"@type":"ReadAction","target":["https:\/\/nitu.mx\/index.php\/2019\/02\/20\/promocionan-grand-costa-maya-y-cozumel-ante-agentes-de-viaje-en-guadalajara\/"]}]},{"@type":"ImageObject","inLanguage":"es-MX","@id":"https:\/\/nitu.mx\/index.php\/2019\/02\/20\/promocionan-grand-costa-maya-y-cozumel-ante-agentes-de-viaje-en-guadalajara\/#primaryimage","url":"https:\/\/nitu.mx\/wp-content\/uploads\/2019\/02\/Grand-Costa-Maya.jpg","contentUrl":"https:\/\/nitu.mx\/wp-content\/uploads\/2019\/02\/Grand-Costa-Maya.jpg","width":850,"height":480,"caption":"Grand Costa Maya"},{"@type":"BreadcrumbList","@id":"https:\/\/nitu.mx\/index.php\/2019\/02\/20\/promocionan-grand-costa-maya-y-cozumel-ante-agentes-de-viaje-en-guadalajara\/#breadcrumb","itemListElement":[{"@type":"ListItem","position":1,"name":"Inicio","item":"https:\/\/nitu.mx\/"},{"@type":"ListItem","position":2,"name":"Promocionan\u00a0Grand Costa\u00a0Maya\u00a0y\u00a0Cozumel\u00a0ante\u00a0agentes\u00a0de\u00a0viaje\u00a0en\u00a0Guadalajara"}]},{"@type":"WebSite","@id":"https:\/\/nitu.mx\/#website","url":"https:\/\/nitu.mx\/","name":"Nitu - Noticias de la Industria Turistica","description":"Noticias de la Industria Turistica","publisher":{"@id":"https:\/\/nitu.mx\/#\/schema\/person\/ae7a53426417292d3dd07b45a33e01bc"},"alternateName":"Noticias de la Industria Turistica","potentialAction":[{"@type":"SearchAction","target":{"@type":"EntryPoint","urlTemplate":"https:\/\/nitu.mx\/?s={search_term_string}"},"query-input":"required name=search_term_string"}],"inLanguage":"es-MX"},{"@type":["Person","Organization"],"@id":"https:\/\/nitu.mx\/#\/schema\/person\/ae7a53426417292d3dd07b45a33e01bc","name":"Arturo Medina","image":{"@type":"ImageObject","inLanguage":"es-MX","@id":"https:\/\/nitu.mx\/#\/schema\/person\/image\/","url":"https:\/\/nitu.mx\/wp-content\/uploads\/2024\/04\/4A315622-1904-4D5C-B022-878CDC840E04-90x90-1.jpeg","contentUrl":"https:\/\/nitu.mx\/wp-content\/uploads\/2024\/04\/4A315622-1904-4D5C-B022-878CDC840E04-90x90-1.jpeg","width":90,"height":90,"caption":"Arturo Medina"},"logo":{"@id":"https:\/\/nitu.mx\/#\/schema\/person\/image\/"},"description":"Director NITU.mx, Egresado de la Escuela de Periodismo Carlos Septi\u00e9n Garc\u00eda. Periodista y analista especializado en turismo desde hace 35 a\u00f1os, radicado en Canc\u00fan Q.Roo. arturo@nitu.mx","sameAs":["https:\/\/nitu.mx","https:\/\/www.facebook.com\/NITUmx\/","medinacancun","https:\/\/twitter.com\/@Arturo_Medina_G"]},{"@type":"Person","@id":"https:\/\/nitu.mx\/#\/schema\/person\/4a28fe9bd65924f7c90623773daf1b0b","name":"Redacci\u00f3n","image":{"@type":"ImageObject","inLanguage":"es-MX","@id":"https:\/\/nitu.mx\/#\/schema\/person\/image\/","url":"https:\/\/secure.gravatar.com\/avatar\/5dd011c8ccfc5cd7e4c81e42252aab38?s=96&d=mm&r=g","contentUrl":"https:\/\/secure.gravatar.com\/avatar\/5dd011c8ccfc5cd7e4c81e42252aab38?s=96&d=mm&r=g","caption":"Redacci\u00f3n"},"url":"https:\/\/nitu.mx\/index.php\/author\/redaccion\/"}]}},"views":300,"_links":{"self":[{"href":"https:\/\/nitu.mx\/index.php\/wp-json\/wp\/v2\/posts\/29286"}],"collection":[{"href":"https:\/\/nitu.mx\/index.php\/wp-json\/wp\/v2\/posts"}],"about":[{"href":"https:\/\/nitu.mx\/index.php\/wp-json\/wp\/v2\/types\/post"}],"author":[{"embeddable":true,"href":"https:\/\/nitu.mx\/index.php\/wp-json\/wp\/v2\/users\/17"}],"replies":[{"embeddable":true,"href":"https:\/\/nitu.mx\/index.php\/wp-json\/wp\/v2\/comments?post=29286"}],"version-history":[{"count":3,"href":"https:\/\/nitu.mx\/index.php\/wp-json\/wp\/v2\/posts\/29286\/revisions"}],"predecessor-version":[{"id":29321,"href":"https:\/\/nitu.mx\/index.php\/wp-json\/wp\/v2\/posts\/29286\/revisions\/29321"}],"wp:featuredmedia":[{"embeddable":true,"href":"https:\/\/nitu.mx\/index.php\/wp-json\/wp\/v2\/media\/29319"}],"wp:attachment":[{"href":"https:\/\/nitu.mx\/index.php\/wp-json\/wp\/v2\/media?parent=29286"}],"wp:term":[{"taxonomy":"category","embeddable":true,"href":"https:\/\/nitu.mx\/index.php\/wp-json\/wp\/v2\/categories?post=29286"},{"taxonomy":"post_tag","embeddable":true,"href":"https:\/\/nitu.mx\/index.php\/wp-json\/wp\/v2\/tags?post=29286"}],"curies":[{"name":"wp","href":"https:\/\/api.w.org\/{rel}","templated":true}]}}