{"id":2928,"date":"2016-10-14T00:55:55","date_gmt":"2016-10-14T05:55:55","guid":{"rendered":"http:\/\/www.dev.nitu.mx\/?p=2928"},"modified":"2016-10-14T01:29:03","modified_gmt":"2016-10-14T06:29:03","slug":"arranca-la-feria-nacional-de-pueblos-magicos-en-qro","status":"publish","type":"post","link":"https:\/\/nitu.mx\/index.php\/2016\/10\/14\/arranca-la-feria-nacional-de-pueblos-magicos-en-qro\/","title":{"rendered":"Arranca la Feria Nacional de Pueblos M\u00e1gicos en Quer\u00e9taro"},"content":{"rendered":"<p>El estado de Quer\u00e9taro espera la llegada de 30 mil personas que asistir\u00e1n a la Feria Nacional de Pueblos M\u00e1gicos, el evento considerado uno de los m\u00e1s importantes del sector tur\u00edstico en el pa\u00eds, despu\u00e9s del Tianguis Tur\u00edstico, que el pr\u00f3ximo a\u00f1o se llevar\u00e1 a cabo en Acapulco.<\/p>\n<p>Durante tres d\u00edas a partir del 14 de octubre, se reunir\u00e1n en un solo lugar los 111 Pueblos M\u00e1gicos del pa\u00eds y sus representantes, para exponer su oferta cultural, gastron\u00f3mica y los atractivos tur\u00edsticos con los que cuentan.<\/p>\n<p>Se contempla que a la feria acudan autoridades de los tres niveles de gobierno: el secretario de Turismo Federal, Enrique de la Madrid Cordero; los 111 Presidentes Municipales de las demarcaciones con nombramiento; presidentes de los comit\u00e9s ciudadanos de los Pueblos M\u00e1gicos; 20 dependencias gubernamentales y FONART.<\/p>\n<p>Dentro el evento, los asistentes podr\u00e1n disfrutar de un espacio de exposici\u00f3n con 111 stands, uno por cada Pueblo M\u00e1gico, una exibici\u00f3n de piezas artesanales premiadas a nivel internacional, pabellones institucionales de la Secretar\u00eda de Turismo Federal, Gobierno del Estado de Quer\u00e9taro, y un espacio comercial para agencias, tour operadores y aerol\u00edneas.<\/p>\n<p>Destaca la muestra gastron\u00f3mica que tendr\u00e1 cada uno de los destinos\u00a0participantes, la cual estar\u00e1 engalanada por el anfitri\u00f3n con platillos t\u00edpicos de la regi\u00f3n. Tambi\u00e9n habr\u00e1 un escenario central dentro del recinto, donde cada uno de los Pueblos M\u00e1gicos estar\u00e1 presentando de manera permanente danzas, m\u00fasica y conferencias relacionadas al tema tur\u00edstico.<\/p>\n<p>Durante esta edici\u00f3n el gobierno de Quer\u00e9taro lanzar\u00e1 la serie \u201cMagiando\u201d<strong><span style=\"font-family: Times;\">,<\/span><\/strong> donde a trav\u00e9s de 50 programas de televisi\u00f3n, producidos junto con el Instituto Polit\u00e9cnico Nacional (IPN) har\u00e1n promoci\u00f3n de los atractivos tur\u00edsticos de los cinco Pueblos M\u00e1gicos de la entidad: Cadereyta de Montes, Jalpan de Serra, Bernal en Ezequiel Montes, San Joaqu\u00edn y Tequisquiapan. (<a title=\"Quer\u00e9taro listo para la Feria Nacional de Pueblos M\u00e1gicos 2016\" href=\"http:\/\/www.dev.nitu.mx\/index.php\/2016\/09\/14\/queretaro-listo-para-la-feria-nacional-de-pueblos-magicos-2016\/\" rel=\"bookmark\">Quer\u00e9taro listo para la Feria Nacional de Pueblos M\u00e1gicos 2016<\/a>)<\/p>\n","protected":false},"excerpt":{"rendered":"<p>El estado de Quer\u00e9taro espera la llegada de 30 mil personas que asistir\u00e1n a la Feria Nacional de Pueblos M\u00e1gicos, el evento considerado uno de los m\u00e1s importantes del sector tur\u00edstico en el pa\u00eds, despu\u00e9s del Tianguis Tur\u00edstico, que el pr\u00f3ximo a\u00f1o se llevar\u00e1 a cabo en Acapulco. Durante tres d\u00edas a partir del 14 [&hellip;]<\/p>\n","protected":false},"author":17,"featured_media":2941,"comment_status":"open","ping_status":"open","sticky":false,"template":"","format":"standard","meta":{"footnotes":""},"categories":[5,6],"tags":[1097,1095,176,1093,1094,1096,335,1098,1099],"yoast_head":"<!-- This site is optimized with the Yoast SEO plugin v22.2 - https:\/\/yoast.com\/wordpress\/plugins\/seo\/ -->\n<title>Arranca la Feria Nacional de Pueblos M\u00e1gicos en Quer\u00e9taro - Nitu - Noticias de la Industria Turistica<\/title>\n<meta name=\"description\" content=\"Del 14 al 16 de octubre se llevar\u00e1 a cabo en Quer\u00e9taro la tercera edici\u00f3n de la Feria de Pueblos M\u00e1gicos, contar\u00e1 con la presencia de los 111 denominados.\" \/>\n<meta name=\"robots\" content=\"index, follow, max-snippet:-1, max-image-preview:large, max-video-preview:-1\" \/>\n<link rel=\"canonical\" href=\"https:\/\/nitu.mx\/index.php\/2016\/10\/14\/arranca-la-feria-nacional-de-pueblos-magicos-en-qro\/\" \/>\n<meta name=\"twitter:card\" content=\"summary_large_image\" \/>\n<meta name=\"twitter:title\" content=\"Arranca la Feria Nacional de Pueblos M\u00e1gicos en Quer\u00e9taro - Nitu - Noticias de la Industria Turistica\" \/>\n<meta name=\"twitter:description\" content=\"Del 14 al 16 de octubre se llevar\u00e1 a cabo en Quer\u00e9taro la tercera edici\u00f3n de la Feria de Pueblos M\u00e1gicos, contar\u00e1 con la presencia de los 111 denominados.\" \/>\n<meta name=\"twitter:image\" content=\"https:\/\/nitu.mx\/wp-content\/uploads\/2016\/10\/queretaro-pueblos-magicos.jpg\" \/>\n<meta name=\"twitter:creator\" content=\"@NITUmx\" \/>\n<meta name=\"twitter:site\" content=\"@Arturo_Medina_G\" \/>\n<meta name=\"twitter:label1\" content=\"Escrito por\" \/>\n\t<meta name=\"twitter:data1\" content=\"Redacci\u00f3n\" \/>\n\t<meta name=\"twitter:label2\" content=\"Tiempo de lectura\" \/>\n\t<meta name=\"twitter:data2\" content=\"2 minutos\" \/>\n<script type=\"application\/ld+json\" class=\"yoast-schema-graph\">{\"@context\":\"https:\/\/schema.org\",\"@graph\":[{\"@type\":\"Article\",\"@id\":\"https:\/\/nitu.mx\/index.php\/2016\/10\/14\/arranca-la-feria-nacional-de-pueblos-magicos-en-qro\/#article\",\"isPartOf\":{\"@id\":\"https:\/\/nitu.mx\/index.php\/2016\/10\/14\/arranca-la-feria-nacional-de-pueblos-magicos-en-qro\/\"},\"author\":{\"name\":\"Redacci\u00f3n\",\"@id\":\"https:\/\/nitu.mx\/#\/schema\/person\/4a28fe9bd65924f7c90623773daf1b0b\"},\"headline\":\"Arranca la Feria Nacional de Pueblos M\u00e1gicos en Quer\u00e9taro\",\"datePublished\":\"2016-10-14T05:55:55+00:00\",\"dateModified\":\"2016-10-14T06:29:03+00:00\",\"mainEntityOfPage\":{\"@id\":\"https:\/\/nitu.mx\/index.php\/2016\/10\/14\/arranca-la-feria-nacional-de-pueblos-magicos-en-qro\/\"},\"wordCount\":351,\"commentCount\":0,\"publisher\":{\"@id\":\"https:\/\/nitu.mx\/#\/schema\/person\/ae7a53426417292d3dd07b45a33e01bc\"},\"image\":{\"@id\":\"https:\/\/nitu.mx\/index.php\/2016\/10\/14\/arranca-la-feria-nacional-de-pueblos-magicos-en-qro\/#primaryimage\"},\"thumbnailUrl\":\"https:\/\/nitu.mx\/wp-content\/uploads\/2016\/10\/queretaro-pueblos-magicos.jpg\",\"keywords\":[\"Bernal en Ezequiel Montes\",\"Cadereyta de Montes\",\"Enrique de la Madrid\",\"FONART\",\"IPN\",\"Jalpan de Serra\",\"Pueblos M\u00e1gicos\",\"San Joaqu\u00edn\",\"Tequisquiapan\"],\"articleSection\":[\"Destinos\",\"M\u00e9xico\"],\"inLanguage\":\"es-MX\",\"potentialAction\":[{\"@type\":\"CommentAction\",\"name\":\"Comment\",\"target\":[\"https:\/\/nitu.mx\/index.php\/2016\/10\/14\/arranca-la-feria-nacional-de-pueblos-magicos-en-qro\/#respond\"]}]},{\"@type\":\"WebPage\",\"@id\":\"https:\/\/nitu.mx\/index.php\/2016\/10\/14\/arranca-la-feria-nacional-de-pueblos-magicos-en-qro\/\",\"url\":\"https:\/\/nitu.mx\/index.php\/2016\/10\/14\/arranca-la-feria-nacional-de-pueblos-magicos-en-qro\/\",\"name\":\"Arranca la Feria Nacional de Pueblos M\u00e1gicos en Quer\u00e9taro - Nitu - Noticias de la Industria Turistica\",\"isPartOf\":{\"@id\":\"https:\/\/nitu.mx\/#website\"},\"primaryImageOfPage\":{\"@id\":\"https:\/\/nitu.mx\/index.php\/2016\/10\/14\/arranca-la-feria-nacional-de-pueblos-magicos-en-qro\/#primaryimage\"},\"image\":{\"@id\":\"https:\/\/nitu.mx\/index.php\/2016\/10\/14\/arranca-la-feria-nacional-de-pueblos-magicos-en-qro\/#primaryimage\"},\"thumbnailUrl\":\"https:\/\/nitu.mx\/wp-content\/uploads\/2016\/10\/queretaro-pueblos-magicos.jpg\",\"datePublished\":\"2016-10-14T05:55:55+00:00\",\"dateModified\":\"2016-10-14T06:29:03+00:00\",\"description\":\"Del 14 al 16 de octubre se llevar\u00e1 a cabo en Quer\u00e9taro la tercera edici\u00f3n de la Feria de Pueblos M\u00e1gicos, contar\u00e1 con la presencia de los 111 denominados.\",\"breadcrumb\":{\"@id\":\"https:\/\/nitu.mx\/index.php\/2016\/10\/14\/arranca-la-feria-nacional-de-pueblos-magicos-en-qro\/#breadcrumb\"},\"inLanguage\":\"es-MX\",\"potentialAction\":[{\"@type\":\"ReadAction\",\"target\":[\"https:\/\/nitu.mx\/index.php\/2016\/10\/14\/arranca-la-feria-nacional-de-pueblos-magicos-en-qro\/\"]}]},{\"@type\":\"ImageObject\",\"inLanguage\":\"es-MX\",\"@id\":\"https:\/\/nitu.mx\/index.php\/2016\/10\/14\/arranca-la-feria-nacional-de-pueblos-magicos-en-qro\/#primaryimage\",\"url\":\"https:\/\/nitu.mx\/wp-content\/uploads\/2016\/10\/queretaro-pueblos-magicos.jpg\",\"contentUrl\":\"https:\/\/nitu.mx\/wp-content\/uploads\/2016\/10\/queretaro-pueblos-magicos.jpg\",\"width\":1592,\"height\":960,\"caption\":\"queretaro pueblos m\u00e1gicos\"},{\"@type\":\"BreadcrumbList\",\"@id\":\"https:\/\/nitu.mx\/index.php\/2016\/10\/14\/arranca-la-feria-nacional-de-pueblos-magicos-en-qro\/#breadcrumb\",\"itemListElement\":[{\"@type\":\"ListItem\",\"position\":1,\"name\":\"Inicio\",\"item\":\"https:\/\/nitu.mx\/\"},{\"@type\":\"ListItem\",\"position\":2,\"name\":\"Arranca la Feria Nacional de Pueblos M\u00e1gicos en Quer\u00e9taro\"}]},{\"@type\":\"WebSite\",\"@id\":\"https:\/\/nitu.mx\/#website\",\"url\":\"https:\/\/nitu.mx\/\",\"name\":\"Nitu - Noticias de la Industria Turistica\",\"description\":\"Noticias de la Industria Turistica\",\"publisher\":{\"@id\":\"https:\/\/nitu.mx\/#\/schema\/person\/ae7a53426417292d3dd07b45a33e01bc\"},\"alternateName\":\"Noticias de la Industria Turistica\",\"potentialAction\":[{\"@type\":\"SearchAction\",\"target\":{\"@type\":\"EntryPoint\",\"urlTemplate\":\"https:\/\/nitu.mx\/?s={search_term_string}\"},\"query-input\":\"required name=search_term_string\"}],\"inLanguage\":\"es-MX\"},{\"@type\":[\"Person\",\"Organization\"],\"@id\":\"https:\/\/nitu.mx\/#\/schema\/person\/ae7a53426417292d3dd07b45a33e01bc\",\"name\":\"Arturo Medina\",\"image\":{\"@type\":\"ImageObject\",\"inLanguage\":\"es-MX\",\"@id\":\"https:\/\/nitu.mx\/#\/schema\/person\/image\/\",\"url\":\"https:\/\/nitu.mx\/wp-content\/uploads\/2024\/04\/4A315622-1904-4D5C-B022-878CDC840E04-90x90-1.jpeg\",\"contentUrl\":\"https:\/\/nitu.mx\/wp-content\/uploads\/2024\/04\/4A315622-1904-4D5C-B022-878CDC840E04-90x90-1.jpeg\",\"width\":90,\"height\":90,\"caption\":\"Arturo Medina\"},\"logo\":{\"@id\":\"https:\/\/nitu.mx\/#\/schema\/person\/image\/\"},\"description\":\"Director NITU.mx, Egresado de la Escuela de Periodismo Carlos Septi\u00e9n Garc\u00eda. Periodista y analista especializado en turismo desde hace 35 a\u00f1os, radicado en Canc\u00fan Q.Roo. arturo@nitu.mx\",\"sameAs\":[\"https:\/\/nitu.mx\",\"https:\/\/www.facebook.com\/NITUmx\/\",\"medinacancun\",\"https:\/\/twitter.com\/@Arturo_Medina_G\"]},{\"@type\":\"Person\",\"@id\":\"https:\/\/nitu.mx\/#\/schema\/person\/4a28fe9bd65924f7c90623773daf1b0b\",\"name\":\"Redacci\u00f3n\",\"image\":{\"@type\":\"ImageObject\",\"inLanguage\":\"es-MX\",\"@id\":\"https:\/\/nitu.mx\/#\/schema\/person\/image\/\",\"url\":\"https:\/\/secure.gravatar.com\/avatar\/5dd011c8ccfc5cd7e4c81e42252aab38?s=96&d=mm&r=g\",\"contentUrl\":\"https:\/\/secure.gravatar.com\/avatar\/5dd011c8ccfc5cd7e4c81e42252aab38?s=96&d=mm&r=g\",\"caption\":\"Redacci\u00f3n\"},\"url\":\"https:\/\/nitu.mx\/index.php\/author\/redaccion\/\"}]}<\/script>\n<!-- \/ Yoast SEO plugin. -->","yoast_head_json":{"title":"Arranca la Feria Nacional de Pueblos M\u00e1gicos en Quer\u00e9taro - Nitu - Noticias de la Industria Turistica","description":"Del 14 al 16 de octubre se llevar\u00e1 a cabo en Quer\u00e9taro la tercera edici\u00f3n de la Feria de Pueblos M\u00e1gicos, contar\u00e1 con la presencia de los 111 denominados.","robots":{"index":"index","follow":"follow","max-snippet":"max-snippet:-1","max-image-preview":"max-image-preview:large","max-video-preview":"max-video-preview:-1"},"canonical":"https:\/\/nitu.mx\/index.php\/2016\/10\/14\/arranca-la-feria-nacional-de-pueblos-magicos-en-qro\/","twitter_card":"summary_large_image","twitter_title":"Arranca la Feria Nacional de Pueblos M\u00e1gicos en Quer\u00e9taro - Nitu - Noticias de la Industria Turistica","twitter_description":"Del 14 al 16 de octubre se llevar\u00e1 a cabo en Quer\u00e9taro la tercera edici\u00f3n de la Feria de Pueblos M\u00e1gicos, contar\u00e1 con la presencia de los 111 denominados.","twitter_image":"https:\/\/nitu.mx\/wp-content\/uploads\/2016\/10\/queretaro-pueblos-magicos.jpg","twitter_creator":"@NITUmx","twitter_site":"@Arturo_Medina_G","twitter_misc":{"Escrito por":"Redacci\u00f3n","Tiempo de lectura":"2 minutos"},"schema":{"@context":"https:\/\/schema.org","@graph":[{"@type":"Article","@id":"https:\/\/nitu.mx\/index.php\/2016\/10\/14\/arranca-la-feria-nacional-de-pueblos-magicos-en-qro\/#article","isPartOf":{"@id":"https:\/\/nitu.mx\/index.php\/2016\/10\/14\/arranca-la-feria-nacional-de-pueblos-magicos-en-qro\/"},"author":{"name":"Redacci\u00f3n","@id":"https:\/\/nitu.mx\/#\/schema\/person\/4a28fe9bd65924f7c90623773daf1b0b"},"headline":"Arranca la Feria Nacional de Pueblos M\u00e1gicos en Quer\u00e9taro","datePublished":"2016-10-14T05:55:55+00:00","dateModified":"2016-10-14T06:29:03+00:00","mainEntityOfPage":{"@id":"https:\/\/nitu.mx\/index.php\/2016\/10\/14\/arranca-la-feria-nacional-de-pueblos-magicos-en-qro\/"},"wordCount":351,"commentCount":0,"publisher":{"@id":"https:\/\/nitu.mx\/#\/schema\/person\/ae7a53426417292d3dd07b45a33e01bc"},"image":{"@id":"https:\/\/nitu.mx\/index.php\/2016\/10\/14\/arranca-la-feria-nacional-de-pueblos-magicos-en-qro\/#primaryimage"},"thumbnailUrl":"https:\/\/nitu.mx\/wp-content\/uploads\/2016\/10\/queretaro-pueblos-magicos.jpg","keywords":["Bernal en Ezequiel Montes","Cadereyta de Montes","Enrique de la Madrid","FONART","IPN","Jalpan de Serra","Pueblos M\u00e1gicos","San Joaqu\u00edn","Tequisquiapan"],"articleSection":["Destinos","M\u00e9xico"],"inLanguage":"es-MX","potentialAction":[{"@type":"CommentAction","name":"Comment","target":["https:\/\/nitu.mx\/index.php\/2016\/10\/14\/arranca-la-feria-nacional-de-pueblos-magicos-en-qro\/#respond"]}]},{"@type":"WebPage","@id":"https:\/\/nitu.mx\/index.php\/2016\/10\/14\/arranca-la-feria-nacional-de-pueblos-magicos-en-qro\/","url":"https:\/\/nitu.mx\/index.php\/2016\/10\/14\/arranca-la-feria-nacional-de-pueblos-magicos-en-qro\/","name":"Arranca la Feria Nacional de Pueblos M\u00e1gicos en Quer\u00e9taro - Nitu - Noticias de la Industria Turistica","isPartOf":{"@id":"https:\/\/nitu.mx\/#website"},"primaryImageOfPage":{"@id":"https:\/\/nitu.mx\/index.php\/2016\/10\/14\/arranca-la-feria-nacional-de-pueblos-magicos-en-qro\/#primaryimage"},"image":{"@id":"https:\/\/nitu.mx\/index.php\/2016\/10\/14\/arranca-la-feria-nacional-de-pueblos-magicos-en-qro\/#primaryimage"},"thumbnailUrl":"https:\/\/nitu.mx\/wp-content\/uploads\/2016\/10\/queretaro-pueblos-magicos.jpg","datePublished":"2016-10-14T05:55:55+00:00","dateModified":"2016-10-14T06:29:03+00:00","description":"Del 14 al 16 de octubre se llevar\u00e1 a cabo en Quer\u00e9taro la tercera edici\u00f3n de la Feria de Pueblos M\u00e1gicos, contar\u00e1 con la presencia de los 111 denominados.","breadcrumb":{"@id":"https:\/\/nitu.mx\/index.php\/2016\/10\/14\/arranca-la-feria-nacional-de-pueblos-magicos-en-qro\/#breadcrumb"},"inLanguage":"es-MX","potentialAction":[{"@type":"ReadAction","target":["https:\/\/nitu.mx\/index.php\/2016\/10\/14\/arranca-la-feria-nacional-de-pueblos-magicos-en-qro\/"]}]},{"@type":"ImageObject","inLanguage":"es-MX","@id":"https:\/\/nitu.mx\/index.php\/2016\/10\/14\/arranca-la-feria-nacional-de-pueblos-magicos-en-qro\/#primaryimage","url":"https:\/\/nitu.mx\/wp-content\/uploads\/2016\/10\/queretaro-pueblos-magicos.jpg","contentUrl":"https:\/\/nitu.mx\/wp-content\/uploads\/2016\/10\/queretaro-pueblos-magicos.jpg","width":1592,"height":960,"caption":"queretaro pueblos m\u00e1gicos"},{"@type":"BreadcrumbList","@id":"https:\/\/nitu.mx\/index.php\/2016\/10\/14\/arranca-la-feria-nacional-de-pueblos-magicos-en-qro\/#breadcrumb","itemListElement":[{"@type":"ListItem","position":1,"name":"Inicio","item":"https:\/\/nitu.mx\/"},{"@type":"ListItem","position":2,"name":"Arranca la Feria Nacional de Pueblos M\u00e1gicos en Quer\u00e9taro"}]},{"@type":"WebSite","@id":"https:\/\/nitu.mx\/#website","url":"https:\/\/nitu.mx\/","name":"Nitu - Noticias de la Industria Turistica","description":"Noticias de la Industria Turistica","publisher":{"@id":"https:\/\/nitu.mx\/#\/schema\/person\/ae7a53426417292d3dd07b45a33e01bc"},"alternateName":"Noticias de la Industria Turistica","potentialAction":[{"@type":"SearchAction","target":{"@type":"EntryPoint","urlTemplate":"https:\/\/nitu.mx\/?s={search_term_string}"},"query-input":"required name=search_term_string"}],"inLanguage":"es-MX"},{"@type":["Person","Organization"],"@id":"https:\/\/nitu.mx\/#\/schema\/person\/ae7a53426417292d3dd07b45a33e01bc","name":"Arturo Medina","image":{"@type":"ImageObject","inLanguage":"es-MX","@id":"https:\/\/nitu.mx\/#\/schema\/person\/image\/","url":"https:\/\/nitu.mx\/wp-content\/uploads\/2024\/04\/4A315622-1904-4D5C-B022-878CDC840E04-90x90-1.jpeg","contentUrl":"https:\/\/nitu.mx\/wp-content\/uploads\/2024\/04\/4A315622-1904-4D5C-B022-878CDC840E04-90x90-1.jpeg","width":90,"height":90,"caption":"Arturo Medina"},"logo":{"@id":"https:\/\/nitu.mx\/#\/schema\/person\/image\/"},"description":"Director NITU.mx, Egresado de la Escuela de Periodismo Carlos Septi\u00e9n Garc\u00eda. Periodista y analista especializado en turismo desde hace 35 a\u00f1os, radicado en Canc\u00fan Q.Roo. arturo@nitu.mx","sameAs":["https:\/\/nitu.mx","https:\/\/www.facebook.com\/NITUmx\/","medinacancun","https:\/\/twitter.com\/@Arturo_Medina_G"]},{"@type":"Person","@id":"https:\/\/nitu.mx\/#\/schema\/person\/4a28fe9bd65924f7c90623773daf1b0b","name":"Redacci\u00f3n","image":{"@type":"ImageObject","inLanguage":"es-MX","@id":"https:\/\/nitu.mx\/#\/schema\/person\/image\/","url":"https:\/\/secure.gravatar.com\/avatar\/5dd011c8ccfc5cd7e4c81e42252aab38?s=96&d=mm&r=g","contentUrl":"https:\/\/secure.gravatar.com\/avatar\/5dd011c8ccfc5cd7e4c81e42252aab38?s=96&d=mm&r=g","caption":"Redacci\u00f3n"},"url":"https:\/\/nitu.mx\/index.php\/author\/redaccion\/"}]}},"views":360,"_links":{"self":[{"href":"https:\/\/nitu.mx\/index.php\/wp-json\/wp\/v2\/posts\/2928"}],"collection":[{"href":"https:\/\/nitu.mx\/index.php\/wp-json\/wp\/v2\/posts"}],"about":[{"href":"https:\/\/nitu.mx\/index.php\/wp-json\/wp\/v2\/types\/post"}],"author":[{"embeddable":true,"href":"https:\/\/nitu.mx\/index.php\/wp-json\/wp\/v2\/users\/17"}],"replies":[{"embeddable":true,"href":"https:\/\/nitu.mx\/index.php\/wp-json\/wp\/v2\/comments?post=2928"}],"version-history":[{"count":5,"href":"https:\/\/nitu.mx\/index.php\/wp-json\/wp\/v2\/posts\/2928\/revisions"}],"predecessor-version":[{"id":2946,"href":"https:\/\/nitu.mx\/index.php\/wp-json\/wp\/v2\/posts\/2928\/revisions\/2946"}],"wp:featuredmedia":[{"embeddable":true,"href":"https:\/\/nitu.mx\/index.php\/wp-json\/wp\/v2\/media\/2941"}],"wp:attachment":[{"href":"https:\/\/nitu.mx\/index.php\/wp-json\/wp\/v2\/media?parent=2928"}],"wp:term":[{"taxonomy":"category","embeddable":true,"href":"https:\/\/nitu.mx\/index.php\/wp-json\/wp\/v2\/categories?post=2928"},{"taxonomy":"post_tag","embeddable":true,"href":"https:\/\/nitu.mx\/index.php\/wp-json\/wp\/v2\/tags?post=2928"}],"curies":[{"name":"wp","href":"https:\/\/api.w.org\/{rel}","templated":true}]}}