{"id":2920,"date":"2016-10-13T22:05:08","date_gmt":"2016-10-14T03:05:08","guid":{"rendered":"http:\/\/www.dev.nitu.mx\/?p=2920"},"modified":"2016-10-14T01:12:10","modified_gmt":"2016-10-14T06:12:10","slug":"berho-la-madrid-la-apertura-del-travel-mart-cancun","status":"publish","type":"post","link":"https:\/\/nitu.mx\/index.php\/2016\/10\/13\/berho-la-madrid-la-apertura-del-travel-mart-cancun\/","title":{"rendered":"Berho y De la Madrid en la apertura del Travel Mart de Canc\u00fan"},"content":{"rendered":"<p>La directora del Consejo de Promoci\u00f3n Tur\u00edstica de M\u00e9xico (CPTM), Lourdes Berho y el Secretario de Turismo, Enrique de la Madrid, estar\u00e1n presentes en la apertura del Travel Mart Canc\u00fan 2016.<\/p>\n<p>Este evento es el segundo en importancia en M\u00e9xico, s\u00f3lo detr\u00e1s del Tianguis Tur\u00edstico; aunque a nivel hotelero de Canc\u00fan y Riviera Maya, es quiz\u00e1 incluso m\u00e1s trascendente, no por la cantidad, sino por la calidad de los asistentes.<\/p>\n<p>Este es el segundo a\u00f1o en el que Carlos Gosselin ser\u00e1 el anfitri\u00f3n, como presidente de los hoteleros de Canc\u00fan y Puerto Morelos, y la segunda ocasi\u00f3n en la que De la Madrid acude al evento, el a\u00f1o anterior casi estren\u00e1ndose en el cargo escuch\u00f3 la petici\u00f3n de los hoteleros de eliminar la reclasificaci\u00f3n hotelera, situaci\u00f3n que hoy sabemos consiguieron despu\u00e9s de una larga gesti\u00f3n, que inicio en Canc\u00fan.<\/p>\n<p>Para Lourdes Berho, ser\u00e1 su primera visita oficial a Canc\u00fan desde que fue nombrada en el cargo hace ya casi 4 meses, sustituyendo a Rodolfo L\u00f3pez Negrete, y ser\u00e1 de entrada por salida, ya que un dia despu\u00e9s presentar\u00e1 el proyecto de M\u00e9xico en materia de turismo de incentivos y convenciones en el IMEX Am\u00e9rica, en la ciudad de Las Vegas en Nevada en los Estados Unidos.<\/p>\n<p>Para la Asociaci\u00f3n de Hoteles de Canc\u00fan y Puerto Morelos, han sido meses aciagos de negociaci\u00f3n y lobbying para definir el futuro de la promoci\u00f3n tur\u00edstica en el estado y con sus socios que presionan para que los invitados al Travel Mart, solo tengan reuniones con los inscritos oficialmente, ya que muchos que no participan directamente, aprovechan la presencia de los potenciales clientes para hacer negociaciones.<\/p>\n<p>El Travel Mart surgi\u00f3 en 1988 para promover el destino despu\u00e9s del paso del hurac\u00e1n Gilberto y ahora cumple 28 a\u00f1os, como una oportunidad negocio productivo y personal con compradores calificados y proveedores de Canc\u00fan, Riviera Maya y M\u00e9xico en general.<\/p>\n<p>Travel Mart son 2 d\u00edas completos de citas programadas con compradores y proveedores de Estados Unidos, Canad\u00e1, Am\u00e9rica Latina, Europa, Asia y el Pac\u00edfico, todos de alto nivel que pueden tomar decisiones al momento.<\/p>\n","protected":false},"excerpt":{"rendered":"<p>La directora del Consejo de Promoci\u00f3n Tur\u00edstica de M\u00e9xico (CPTM), Lourdes Berho y el Secretario de Turismo, Enrique de la Madrid, estar\u00e1n presentes en la apertura del Travel Mart Canc\u00fan 2016. Este evento es el segundo en importancia en M\u00e9xico, s\u00f3lo detr\u00e1s del Tianguis Tur\u00edstico; aunque a nivel hotelero de Canc\u00fan y Riviera Maya, es [&hellip;]<\/p>\n","protected":false},"author":2,"featured_media":2922,"comment_status":"open","ping_status":"open","sticky":false,"template":"","format":"standard","meta":{"footnotes":""},"categories":[12,6],"tags":[36,43,256,320,176,492,86,80,254,1092],"yoast_head":"<!-- This site is optimized with the Yoast SEO plugin v22.2 - https:\/\/yoast.com\/wordpress\/plugins\/seo\/ -->\n<title>Berho y De la Madrid en la apertura del Travel Mart de Canc\u00fan - Nitu - Noticias de la Industria Turistica<\/title>\n<meta name=\"robots\" content=\"index, follow, max-snippet:-1, max-image-preview:large, max-video-preview:-1\" \/>\n<link rel=\"canonical\" href=\"https:\/\/nitu.mx\/index.php\/2016\/10\/13\/berho-la-madrid-la-apertura-del-travel-mart-cancun\/\" \/>\n<meta name=\"twitter:card\" content=\"summary_large_image\" \/>\n<meta name=\"twitter:title\" content=\"Berho y De la Madrid en la apertura del Travel Mart de Canc\u00fan - Nitu - Noticias de la Industria Turistica\" \/>\n<meta name=\"twitter:description\" content=\"La directora del Consejo de Promoci\u00f3n Tur\u00edstica de M\u00e9xico (CPTM), Lourdes Berho y el Secretario de Turismo, Enrique de la Madrid, estar\u00e1n presentes en la apertura del Travel Mart Canc\u00fan 2016. Este evento es el segundo en importancia en M\u00e9xico, s\u00f3lo detr\u00e1s del Tianguis Tur\u00edstico; aunque a nivel hotelero de Canc\u00fan y Riviera Maya, es [&hellip;]\" \/>\n<meta name=\"twitter:image\" content=\"https:\/\/nitu.mx\/wp-content\/uploads\/2016\/10\/Berho-De-la-Madrid.jpg\" \/>\n<meta name=\"twitter:creator\" content=\"@Arturo_Medina_G\" \/>\n<meta name=\"twitter:site\" content=\"@Arturo_Medina_G\" \/>\n<meta name=\"twitter:label1\" content=\"Escrito por\" \/>\n\t<meta name=\"twitter:data1\" content=\"Arturo Medina\" \/>\n\t<meta name=\"twitter:label2\" content=\"Tiempo de lectura\" \/>\n\t<meta name=\"twitter:data2\" content=\"2 minutos\" \/>\n<script type=\"application\/ld+json\" class=\"yoast-schema-graph\">{\"@context\":\"https:\/\/schema.org\",\"@graph\":[{\"@type\":\"Article\",\"@id\":\"https:\/\/nitu.mx\/index.php\/2016\/10\/13\/berho-la-madrid-la-apertura-del-travel-mart-cancun\/#article\",\"isPartOf\":{\"@id\":\"https:\/\/nitu.mx\/index.php\/2016\/10\/13\/berho-la-madrid-la-apertura-del-travel-mart-cancun\/\"},\"author\":{\"name\":\"Arturo Medina\",\"@id\":\"https:\/\/nitu.mx\/#\/schema\/person\/ae7a53426417292d3dd07b45a33e01bc\"},\"headline\":\"Berho y De la Madrid en la apertura del Travel Mart de Canc\u00fan\",\"datePublished\":\"2016-10-14T03:05:08+00:00\",\"dateModified\":\"2016-10-14T06:12:10+00:00\",\"mainEntityOfPage\":{\"@id\":\"https:\/\/nitu.mx\/index.php\/2016\/10\/13\/berho-la-madrid-la-apertura-del-travel-mart-cancun\/\"},\"wordCount\":397,\"commentCount\":0,\"publisher\":{\"@id\":\"https:\/\/nitu.mx\/#\/schema\/person\/ae7a53426417292d3dd07b45a33e01bc\"},\"image\":{\"@id\":\"https:\/\/nitu.mx\/index.php\/2016\/10\/13\/berho-la-madrid-la-apertura-del-travel-mart-cancun\/#primaryimage\"},\"thumbnailUrl\":\"https:\/\/nitu.mx\/wp-content\/uploads\/2016\/10\/Berho-De-la-Madrid.jpg\",\"keywords\":[\"Asociacion de Hoteles de Canc\u00fan y Puerto Morelos (AHC)\",\"Canc\u00fan\",\"Carlos Gosselin Maurel\",\"Consejo de Promoci\u00f3n Tur\u00edstica de M\u00e9xico\",\"Enrique de la Madrid\",\"Lourdes Berho (CPTM)\",\"Puerto Morelos\",\"Riviera Maya\",\"Secretar\u00eda de Turismo\",\"Travel Mart Canc\u00fan\"],\"articleSection\":[\"Marketing\",\"M\u00e9xico\"],\"inLanguage\":\"es-MX\",\"potentialAction\":[{\"@type\":\"CommentAction\",\"name\":\"Comment\",\"target\":[\"https:\/\/nitu.mx\/index.php\/2016\/10\/13\/berho-la-madrid-la-apertura-del-travel-mart-cancun\/#respond\"]}]},{\"@type\":\"WebPage\",\"@id\":\"https:\/\/nitu.mx\/index.php\/2016\/10\/13\/berho-la-madrid-la-apertura-del-travel-mart-cancun\/\",\"url\":\"https:\/\/nitu.mx\/index.php\/2016\/10\/13\/berho-la-madrid-la-apertura-del-travel-mart-cancun\/\",\"name\":\"Berho y De la Madrid en la apertura del Travel Mart de Canc\u00fan - Nitu - Noticias de la Industria Turistica\",\"isPartOf\":{\"@id\":\"https:\/\/nitu.mx\/#website\"},\"primaryImageOfPage\":{\"@id\":\"https:\/\/nitu.mx\/index.php\/2016\/10\/13\/berho-la-madrid-la-apertura-del-travel-mart-cancun\/#primaryimage\"},\"image\":{\"@id\":\"https:\/\/nitu.mx\/index.php\/2016\/10\/13\/berho-la-madrid-la-apertura-del-travel-mart-cancun\/#primaryimage\"},\"thumbnailUrl\":\"https:\/\/nitu.mx\/wp-content\/uploads\/2016\/10\/Berho-De-la-Madrid.jpg\",\"datePublished\":\"2016-10-14T03:05:08+00:00\",\"dateModified\":\"2016-10-14T06:12:10+00:00\",\"breadcrumb\":{\"@id\":\"https:\/\/nitu.mx\/index.php\/2016\/10\/13\/berho-la-madrid-la-apertura-del-travel-mart-cancun\/#breadcrumb\"},\"inLanguage\":\"es-MX\",\"potentialAction\":[{\"@type\":\"ReadAction\",\"target\":[\"https:\/\/nitu.mx\/index.php\/2016\/10\/13\/berho-la-madrid-la-apertura-del-travel-mart-cancun\/\"]}]},{\"@type\":\"ImageObject\",\"inLanguage\":\"es-MX\",\"@id\":\"https:\/\/nitu.mx\/index.php\/2016\/10\/13\/berho-la-madrid-la-apertura-del-travel-mart-cancun\/#primaryimage\",\"url\":\"https:\/\/nitu.mx\/wp-content\/uploads\/2016\/10\/Berho-De-la-Madrid.jpg\",\"contentUrl\":\"https:\/\/nitu.mx\/wp-content\/uploads\/2016\/10\/Berho-De-la-Madrid.jpg\",\"width\":640,\"height\":480,\"caption\":\"berho de la madrid sectur\"},{\"@type\":\"BreadcrumbList\",\"@id\":\"https:\/\/nitu.mx\/index.php\/2016\/10\/13\/berho-la-madrid-la-apertura-del-travel-mart-cancun\/#breadcrumb\",\"itemListElement\":[{\"@type\":\"ListItem\",\"position\":1,\"name\":\"Inicio\",\"item\":\"https:\/\/nitu.mx\/\"},{\"@type\":\"ListItem\",\"position\":2,\"name\":\"Berho y De la Madrid en la apertura del Travel Mart de Canc\u00fan\"}]},{\"@type\":\"WebSite\",\"@id\":\"https:\/\/nitu.mx\/#website\",\"url\":\"https:\/\/nitu.mx\/\",\"name\":\"Nitu - Noticias de la Industria Turistica\",\"description\":\"Noticias de la Industria Turistica\",\"publisher\":{\"@id\":\"https:\/\/nitu.mx\/#\/schema\/person\/ae7a53426417292d3dd07b45a33e01bc\"},\"alternateName\":\"Noticias de la Industria Turistica\",\"potentialAction\":[{\"@type\":\"SearchAction\",\"target\":{\"@type\":\"EntryPoint\",\"urlTemplate\":\"https:\/\/nitu.mx\/?s={search_term_string}\"},\"query-input\":\"required name=search_term_string\"}],\"inLanguage\":\"es-MX\"},{\"@type\":[\"Person\",\"Organization\"],\"@id\":\"https:\/\/nitu.mx\/#\/schema\/person\/ae7a53426417292d3dd07b45a33e01bc\",\"name\":\"Arturo Medina\",\"image\":{\"@type\":\"ImageObject\",\"inLanguage\":\"es-MX\",\"@id\":\"https:\/\/nitu.mx\/#\/schema\/person\/image\/\",\"url\":\"https:\/\/nitu.mx\/wp-content\/uploads\/2024\/04\/4A315622-1904-4D5C-B022-878CDC840E04-90x90-1.jpeg\",\"contentUrl\":\"https:\/\/nitu.mx\/wp-content\/uploads\/2024\/04\/4A315622-1904-4D5C-B022-878CDC840E04-90x90-1.jpeg\",\"width\":90,\"height\":90,\"caption\":\"Arturo Medina\"},\"logo\":{\"@id\":\"https:\/\/nitu.mx\/#\/schema\/person\/image\/\"},\"description\":\"Director NITU.mx, Egresado de la Escuela de Periodismo Carlos Septi\u00e9n Garc\u00eda. Periodista y analista especializado en turismo desde hace 35 a\u00f1os, radicado en Canc\u00fan Q.Roo. arturo@nitu.mx\",\"sameAs\":[\"https:\/\/nitu.mx\",\"https:\/\/www.facebook.com\/NITUmx\/\",\"medinacancun\",\"https:\/\/twitter.com\/@Arturo_Medina_G\"],\"url\":\"https:\/\/nitu.mx\/index.php\/author\/arturo-medina\/\"}]}<\/script>\n<!-- \/ Yoast SEO plugin. -->","yoast_head_json":{"title":"Berho y De la Madrid en la apertura del Travel Mart de Canc\u00fan - Nitu - Noticias de la Industria Turistica","robots":{"index":"index","follow":"follow","max-snippet":"max-snippet:-1","max-image-preview":"max-image-preview:large","max-video-preview":"max-video-preview:-1"},"canonical":"https:\/\/nitu.mx\/index.php\/2016\/10\/13\/berho-la-madrid-la-apertura-del-travel-mart-cancun\/","twitter_card":"summary_large_image","twitter_title":"Berho y De la Madrid en la apertura del Travel Mart de Canc\u00fan - Nitu - Noticias de la Industria Turistica","twitter_description":"La directora del Consejo de Promoci\u00f3n Tur\u00edstica de M\u00e9xico (CPTM), Lourdes Berho y el Secretario de Turismo, Enrique de la Madrid, estar\u00e1n presentes en la apertura del Travel Mart Canc\u00fan 2016. Este evento es el segundo en importancia en M\u00e9xico, s\u00f3lo detr\u00e1s del Tianguis Tur\u00edstico; aunque a nivel hotelero de Canc\u00fan y Riviera Maya, es [&hellip;]","twitter_image":"https:\/\/nitu.mx\/wp-content\/uploads\/2016\/10\/Berho-De-la-Madrid.jpg","twitter_creator":"@Arturo_Medina_G","twitter_site":"@Arturo_Medina_G","twitter_misc":{"Escrito por":"Arturo Medina","Tiempo de lectura":"2 minutos"},"schema":{"@context":"https:\/\/schema.org","@graph":[{"@type":"Article","@id":"https:\/\/nitu.mx\/index.php\/2016\/10\/13\/berho-la-madrid-la-apertura-del-travel-mart-cancun\/#article","isPartOf":{"@id":"https:\/\/nitu.mx\/index.php\/2016\/10\/13\/berho-la-madrid-la-apertura-del-travel-mart-cancun\/"},"author":{"name":"Arturo Medina","@id":"https:\/\/nitu.mx\/#\/schema\/person\/ae7a53426417292d3dd07b45a33e01bc"},"headline":"Berho y De la Madrid en la apertura del Travel Mart de Canc\u00fan","datePublished":"2016-10-14T03:05:08+00:00","dateModified":"2016-10-14T06:12:10+00:00","mainEntityOfPage":{"@id":"https:\/\/nitu.mx\/index.php\/2016\/10\/13\/berho-la-madrid-la-apertura-del-travel-mart-cancun\/"},"wordCount":397,"commentCount":0,"publisher":{"@id":"https:\/\/nitu.mx\/#\/schema\/person\/ae7a53426417292d3dd07b45a33e01bc"},"image":{"@id":"https:\/\/nitu.mx\/index.php\/2016\/10\/13\/berho-la-madrid-la-apertura-del-travel-mart-cancun\/#primaryimage"},"thumbnailUrl":"https:\/\/nitu.mx\/wp-content\/uploads\/2016\/10\/Berho-De-la-Madrid.jpg","keywords":["Asociacion de Hoteles de Canc\u00fan y Puerto Morelos (AHC)","Canc\u00fan","Carlos Gosselin Maurel","Consejo de Promoci\u00f3n Tur\u00edstica de M\u00e9xico","Enrique de la Madrid","Lourdes Berho (CPTM)","Puerto Morelos","Riviera Maya","Secretar\u00eda de Turismo","Travel Mart Canc\u00fan"],"articleSection":["Marketing","M\u00e9xico"],"inLanguage":"es-MX","potentialAction":[{"@type":"CommentAction","name":"Comment","target":["https:\/\/nitu.mx\/index.php\/2016\/10\/13\/berho-la-madrid-la-apertura-del-travel-mart-cancun\/#respond"]}]},{"@type":"WebPage","@id":"https:\/\/nitu.mx\/index.php\/2016\/10\/13\/berho-la-madrid-la-apertura-del-travel-mart-cancun\/","url":"https:\/\/nitu.mx\/index.php\/2016\/10\/13\/berho-la-madrid-la-apertura-del-travel-mart-cancun\/","name":"Berho y De la Madrid en la apertura del Travel Mart de Canc\u00fan - Nitu - Noticias de la Industria Turistica","isPartOf":{"@id":"https:\/\/nitu.mx\/#website"},"primaryImageOfPage":{"@id":"https:\/\/nitu.mx\/index.php\/2016\/10\/13\/berho-la-madrid-la-apertura-del-travel-mart-cancun\/#primaryimage"},"image":{"@id":"https:\/\/nitu.mx\/index.php\/2016\/10\/13\/berho-la-madrid-la-apertura-del-travel-mart-cancun\/#primaryimage"},"thumbnailUrl":"https:\/\/nitu.mx\/wp-content\/uploads\/2016\/10\/Berho-De-la-Madrid.jpg","datePublished":"2016-10-14T03:05:08+00:00","dateModified":"2016-10-14T06:12:10+00:00","breadcrumb":{"@id":"https:\/\/nitu.mx\/index.php\/2016\/10\/13\/berho-la-madrid-la-apertura-del-travel-mart-cancun\/#breadcrumb"},"inLanguage":"es-MX","potentialAction":[{"@type":"ReadAction","target":["https:\/\/nitu.mx\/index.php\/2016\/10\/13\/berho-la-madrid-la-apertura-del-travel-mart-cancun\/"]}]},{"@type":"ImageObject","inLanguage":"es-MX","@id":"https:\/\/nitu.mx\/index.php\/2016\/10\/13\/berho-la-madrid-la-apertura-del-travel-mart-cancun\/#primaryimage","url":"https:\/\/nitu.mx\/wp-content\/uploads\/2016\/10\/Berho-De-la-Madrid.jpg","contentUrl":"https:\/\/nitu.mx\/wp-content\/uploads\/2016\/10\/Berho-De-la-Madrid.jpg","width":640,"height":480,"caption":"berho de la madrid sectur"},{"@type":"BreadcrumbList","@id":"https:\/\/nitu.mx\/index.php\/2016\/10\/13\/berho-la-madrid-la-apertura-del-travel-mart-cancun\/#breadcrumb","itemListElement":[{"@type":"ListItem","position":1,"name":"Inicio","item":"https:\/\/nitu.mx\/"},{"@type":"ListItem","position":2,"name":"Berho y De la Madrid en la apertura del Travel Mart de Canc\u00fan"}]},{"@type":"WebSite","@id":"https:\/\/nitu.mx\/#website","url":"https:\/\/nitu.mx\/","name":"Nitu - Noticias de la Industria Turistica","description":"Noticias de la Industria Turistica","publisher":{"@id":"https:\/\/nitu.mx\/#\/schema\/person\/ae7a53426417292d3dd07b45a33e01bc"},"alternateName":"Noticias de la Industria Turistica","potentialAction":[{"@type":"SearchAction","target":{"@type":"EntryPoint","urlTemplate":"https:\/\/nitu.mx\/?s={search_term_string}"},"query-input":"required name=search_term_string"}],"inLanguage":"es-MX"},{"@type":["Person","Organization"],"@id":"https:\/\/nitu.mx\/#\/schema\/person\/ae7a53426417292d3dd07b45a33e01bc","name":"Arturo Medina","image":{"@type":"ImageObject","inLanguage":"es-MX","@id":"https:\/\/nitu.mx\/#\/schema\/person\/image\/","url":"https:\/\/nitu.mx\/wp-content\/uploads\/2024\/04\/4A315622-1904-4D5C-B022-878CDC840E04-90x90-1.jpeg","contentUrl":"https:\/\/nitu.mx\/wp-content\/uploads\/2024\/04\/4A315622-1904-4D5C-B022-878CDC840E04-90x90-1.jpeg","width":90,"height":90,"caption":"Arturo Medina"},"logo":{"@id":"https:\/\/nitu.mx\/#\/schema\/person\/image\/"},"description":"Director NITU.mx, Egresado de la Escuela de Periodismo Carlos Septi\u00e9n Garc\u00eda. Periodista y analista especializado en turismo desde hace 35 a\u00f1os, radicado en Canc\u00fan Q.Roo. arturo@nitu.mx","sameAs":["https:\/\/nitu.mx","https:\/\/www.facebook.com\/NITUmx\/","medinacancun","https:\/\/twitter.com\/@Arturo_Medina_G"],"url":"https:\/\/nitu.mx\/index.php\/author\/arturo-medina\/"}]}},"views":339,"_links":{"self":[{"href":"https:\/\/nitu.mx\/index.php\/wp-json\/wp\/v2\/posts\/2920"}],"collection":[{"href":"https:\/\/nitu.mx\/index.php\/wp-json\/wp\/v2\/posts"}],"about":[{"href":"https:\/\/nitu.mx\/index.php\/wp-json\/wp\/v2\/types\/post"}],"author":[{"embeddable":true,"href":"https:\/\/nitu.mx\/index.php\/wp-json\/wp\/v2\/users\/2"}],"replies":[{"embeddable":true,"href":"https:\/\/nitu.mx\/index.php\/wp-json\/wp\/v2\/comments?post=2920"}],"version-history":[{"count":4,"href":"https:\/\/nitu.mx\/index.php\/wp-json\/wp\/v2\/posts\/2920\/revisions"}],"predecessor-version":[{"id":2936,"href":"https:\/\/nitu.mx\/index.php\/wp-json\/wp\/v2\/posts\/2920\/revisions\/2936"}],"wp:featuredmedia":[{"embeddable":true,"href":"https:\/\/nitu.mx\/index.php\/wp-json\/wp\/v2\/media\/2922"}],"wp:attachment":[{"href":"https:\/\/nitu.mx\/index.php\/wp-json\/wp\/v2\/media?parent=2920"}],"wp:term":[{"taxonomy":"category","embeddable":true,"href":"https:\/\/nitu.mx\/index.php\/wp-json\/wp\/v2\/categories?post=2920"},{"taxonomy":"post_tag","embeddable":true,"href":"https:\/\/nitu.mx\/index.php\/wp-json\/wp\/v2\/tags?post=2920"}],"curies":[{"name":"wp","href":"https:\/\/api.w.org\/{rel}","templated":true}]}}