{"id":29044,"date":"2019-02-13T01:51:32","date_gmt":"2019-02-13T06:51:32","guid":{"rendered":"https:\/\/www.dev.nitu.mx\/?p=29044"},"modified":"2019-02-13T02:03:12","modified_gmt":"2019-02-13T07:03:12","slug":"programa-de-pueblos-magicos-continuara-en-gobierno-de-amlo","status":"publish","type":"post","link":"https:\/\/nitu.mx\/index.php\/2019\/02\/13\/programa-de-pueblos-magicos-continuara-en-gobierno-de-amlo\/","title":{"rendered":"Programa de Pueblos M\u00e1gicos continuar\u00e1 en gobierno de AMLO"},"content":{"rendered":"<p>La Secretar\u00eda de Turismo (Sectur) confirm\u00f3 que el programa de Pueblos M\u00e1gicos de M\u00e9xico continuar\u00e1 en este sexenio, adem\u00e1s apoyar\u00e1 a los estados en la obtenci\u00f3n de cr\u00e9ditos a trav\u00e9s de la banca de desarrollo que ser\u00e1n redirigidos a esta iniciativa.<\/p>\n<p>\u201cContin\u00faa y m\u00e1s fuerte que nunca. Haremos las gestiones de evaluaci\u00f3n t\u00e9cnica, factibilidad de proyectos, que los Pueblos M\u00e1gicos tengan la calificaci\u00f3n para recibir cr\u00e9dito de Bancomext, Nacional Financiera, Fira, Banobras y Fonadin\u201d, expuso el subsecretario de Desarrollo y Regulaci\u00f3n Tur\u00edstica, Humberto Hern\u00e1ndez.<\/p>\n<p>En el marco de la inauguraci\u00f3n de la Presencia de Michoac\u00e1n en el Senado de la Rep\u00fablica, precis\u00f3 que, anteriormente, la federaci\u00f3n aportaba una parte del presupuesto destinado a este programa, es decir, por cada peso que destinaba, los estados y municipios pon\u00edan dos pesos o un poco m\u00e1s.<\/p>\n<p>\u201cNo todo gira entorno del presupuesto federal, gira entorno de la calidad t\u00e9cnica, financiable de los proyectos tur\u00edsticos\u201d, dijo en entrevista.<\/p>\n<p><strong>En detalle<\/strong><\/p>\n<p>En este sentido, mencion\u00f3 que ser\u00e1n los gobernadores quienes decidan la orientaci\u00f3n presupuestal en cada entidad que tengan Pueblos M\u00e1gicos.<\/p>\n<p>Mientras que en el caso de la Sectur, realizar\u00e1n la gesti\u00f3n nacional e internacional, uso de marca M\u00e9xico a trav\u00e9s de toda la red de embajadas y consulados en el mundo para promover los Pueblos M\u00e1gicos.<\/p>\n<p>\u201cHoy es necesario sumar esfuerzos, municipio, estados y federaci\u00f3n para un gran objetivo: el desarrollo tur\u00edstico de M\u00e9xico\u201d, abund\u00f3.<\/p>\n<p>Por su parte, la titular de la Secretar\u00eda de Turismo de Michoac\u00e1n, Claudia Ch\u00e1vez L\u00f3pez, mencion\u00f3 que la entidad trabajar\u00e1 en la promoci\u00f3n y fortalecimiento de estas acciones.<\/p>\n<p>Pero en cuesti\u00f3n de recursos, puntualiz\u00f3, se buscar\u00e1n convenios bipartitas, entre el estado y municipio, aunque tambi\u00e9n se solicitar\u00e1n en otras dependencias como las secretar\u00edas de Comunicaciones y Transportes (SCT) y de Desarrollo Agrario, Territorial y Urbano (Sedatu).<\/p>\n<p><strong>Puertas abiertas<\/strong><\/p>\n<p>\u201cNos han abierto las puertas para acompa\u00f1arnos en la gesti\u00f3n, siempre y cuando llevemos bien armados los proyectos y para eso tenemos una plataforma, en donde todos los municipios suben sus proyectos bajo reglas de operaci\u00f3n, nosotros las evaluamos y con esos vamos a gestionar recursos\u201d, a\u00f1adi\u00f3.<\/p>\n<p>Humberto Hern\u00e1ndez adelant\u00f3 que el gobierno federal presentar\u00e1 dentro de su Plan Nacional de Desarrollo 2019-2024, una propuesta tur\u00edstica moderna e innovadora con nuevos productos, aunque el detalle se conocer\u00e1 durante la presentaci\u00f3n del documento a finales de este mes en la C\u00e1mara de Diputados.<\/p>\n<p>\u201cTodo lo que sea la innovaci\u00f3n de la oferta tur\u00edstica de M\u00e9xico con incentivos a las comunidades locales, por una idea clara del presidente L\u00f3pez Obrador, el turismo debe tener un impacto econ\u00f3mico, social, en favor de las comunidades que no han recibido sus beneficios\u201d, detall\u00f3.<\/p>\n<p>Aclar\u00f3 que el Foro Nacional de Turismo, que se llevar\u00eda a cabo el pr\u00f3ximo fin de semana en Palenque, Chiapas, no fue cancelado, solo se difiri\u00f3 a otra sede. (Con infirmaci\u00f3n de Forbes).<\/p>\n","protected":false},"excerpt":{"rendered":"<p>La Secretar\u00eda de Turismo (Sectur) confirm\u00f3 que el programa de Pueblos M\u00e1gicos de M\u00e9xico continuar\u00e1 en este sexenio, adem\u00e1s apoyar\u00e1 a los estados en la obtenci\u00f3n de cr\u00e9ditos a trav\u00e9s de la banca de desarrollo que ser\u00e1n redirigidos a esta iniciativa. \u201cContin\u00faa y m\u00e1s fuerte que nunca. Haremos las gestiones de evaluaci\u00f3n t\u00e9cnica, factibilidad de [&hellip;]<\/p>\n","protected":false},"author":17,"featured_media":27709,"comment_status":"open","ping_status":"open","sticky":false,"template":"","format":"standard","meta":{"footnotes":""},"categories":[12,6],"tags":[14481,14480,335],"yoast_head":"<!-- This site is optimized with the Yoast SEO plugin v22.2 - https:\/\/yoast.com\/wordpress\/plugins\/seo\/ -->\n<title>Programa de Pueblos M\u00e1gicos continuar\u00e1 en gobierno de AMLO - Nitu - Noticias de la Industria Turistica<\/title>\n<meta name=\"description\" content=\"La Secretar\u00eda de Turismo (Sectur) confirm\u00f3 que el programa de Pueblos M\u00e1gicos de M\u00e9xico continuar\u00e1 en este sexenio, adem\u00e1s apoyar\u00e1 a los estados en la obtenci\u00f3n de cr\u00e9ditos.\" \/>\n<meta name=\"robots\" content=\"index, follow, max-snippet:-1, max-image-preview:large, max-video-preview:-1\" \/>\n<link rel=\"canonical\" href=\"https:\/\/nitu.mx\/index.php\/2019\/02\/13\/programa-de-pueblos-magicos-continuara-en-gobierno-de-amlo\/\" \/>\n<meta name=\"twitter:card\" content=\"summary_large_image\" \/>\n<meta name=\"twitter:title\" content=\"Programa de Pueblos M\u00e1gicos continuar\u00e1 en gobierno de AMLO - Nitu - Noticias de la Industria Turistica\" \/>\n<meta name=\"twitter:description\" content=\"La Secretar\u00eda de Turismo (Sectur) confirm\u00f3 que el programa de Pueblos M\u00e1gicos de M\u00e9xico continuar\u00e1 en este sexenio, adem\u00e1s apoyar\u00e1 a los estados en la obtenci\u00f3n de cr\u00e9ditos.\" \/>\n<meta name=\"twitter:image\" content=\"https:\/\/nitu.mx\/wp-content\/uploads\/2018\/12\/pueblos-magicos-amlo.jpg\" \/>\n<meta name=\"twitter:creator\" content=\"@NITUmx\" \/>\n<meta name=\"twitter:site\" content=\"@Arturo_Medina_G\" \/>\n<meta name=\"twitter:label1\" content=\"Escrito por\" \/>\n\t<meta name=\"twitter:data1\" content=\"Redacci\u00f3n\" \/>\n\t<meta name=\"twitter:label2\" content=\"Tiempo de lectura\" \/>\n\t<meta name=\"twitter:data2\" content=\"3 minutos\" \/>\n<script type=\"application\/ld+json\" class=\"yoast-schema-graph\">{\"@context\":\"https:\/\/schema.org\",\"@graph\":[{\"@type\":\"Article\",\"@id\":\"https:\/\/nitu.mx\/index.php\/2019\/02\/13\/programa-de-pueblos-magicos-continuara-en-gobierno-de-amlo\/#article\",\"isPartOf\":{\"@id\":\"https:\/\/nitu.mx\/index.php\/2019\/02\/13\/programa-de-pueblos-magicos-continuara-en-gobierno-de-amlo\/\"},\"author\":{\"name\":\"Redacci\u00f3n\",\"@id\":\"https:\/\/nitu.mx\/#\/schema\/person\/4a28fe9bd65924f7c90623773daf1b0b\"},\"headline\":\"Programa de Pueblos M\u00e1gicos continuar\u00e1 en gobierno de AMLO\",\"datePublished\":\"2019-02-13T06:51:32+00:00\",\"dateModified\":\"2019-02-13T07:03:12+00:00\",\"mainEntityOfPage\":{\"@id\":\"https:\/\/nitu.mx\/index.php\/2019\/02\/13\/programa-de-pueblos-magicos-continuara-en-gobierno-de-amlo\/\"},\"wordCount\":543,\"commentCount\":0,\"publisher\":{\"@id\":\"https:\/\/nitu.mx\/#\/schema\/person\/ae7a53426417292d3dd07b45a33e01bc\"},\"image\":{\"@id\":\"https:\/\/nitu.mx\/index.php\/2019\/02\/13\/programa-de-pueblos-magicos-continuara-en-gobierno-de-amlo\/#primaryimage\"},\"thumbnailUrl\":\"https:\/\/nitu.mx\/wp-content\/uploads\/2018\/12\/pueblos-magicos-amlo.jpg\",\"keywords\":[\"Desarrollo y Regulaci\u00f3n Tur\u00edstica\",\"Humberto Hern\u00e1ndez\",\"Pueblos M\u00e1gicos\"],\"articleSection\":[\"Marketing\",\"M\u00e9xico\"],\"inLanguage\":\"es-MX\",\"potentialAction\":[{\"@type\":\"CommentAction\",\"name\":\"Comment\",\"target\":[\"https:\/\/nitu.mx\/index.php\/2019\/02\/13\/programa-de-pueblos-magicos-continuara-en-gobierno-de-amlo\/#respond\"]}]},{\"@type\":\"WebPage\",\"@id\":\"https:\/\/nitu.mx\/index.php\/2019\/02\/13\/programa-de-pueblos-magicos-continuara-en-gobierno-de-amlo\/\",\"url\":\"https:\/\/nitu.mx\/index.php\/2019\/02\/13\/programa-de-pueblos-magicos-continuara-en-gobierno-de-amlo\/\",\"name\":\"Programa de Pueblos M\u00e1gicos continuar\u00e1 en gobierno de AMLO - Nitu - Noticias de la Industria Turistica\",\"isPartOf\":{\"@id\":\"https:\/\/nitu.mx\/#website\"},\"primaryImageOfPage\":{\"@id\":\"https:\/\/nitu.mx\/index.php\/2019\/02\/13\/programa-de-pueblos-magicos-continuara-en-gobierno-de-amlo\/#primaryimage\"},\"image\":{\"@id\":\"https:\/\/nitu.mx\/index.php\/2019\/02\/13\/programa-de-pueblos-magicos-continuara-en-gobierno-de-amlo\/#primaryimage\"},\"thumbnailUrl\":\"https:\/\/nitu.mx\/wp-content\/uploads\/2018\/12\/pueblos-magicos-amlo.jpg\",\"datePublished\":\"2019-02-13T06:51:32+00:00\",\"dateModified\":\"2019-02-13T07:03:12+00:00\",\"description\":\"La Secretar\u00eda de Turismo (Sectur) confirm\u00f3 que el programa de Pueblos M\u00e1gicos de M\u00e9xico continuar\u00e1 en este sexenio, adem\u00e1s apoyar\u00e1 a los estados en la obtenci\u00f3n de cr\u00e9ditos.\",\"breadcrumb\":{\"@id\":\"https:\/\/nitu.mx\/index.php\/2019\/02\/13\/programa-de-pueblos-magicos-continuara-en-gobierno-de-amlo\/#breadcrumb\"},\"inLanguage\":\"es-MX\",\"potentialAction\":[{\"@type\":\"ReadAction\",\"target\":[\"https:\/\/nitu.mx\/index.php\/2019\/02\/13\/programa-de-pueblos-magicos-continuara-en-gobierno-de-amlo\/\"]}]},{\"@type\":\"ImageObject\",\"inLanguage\":\"es-MX\",\"@id\":\"https:\/\/nitu.mx\/index.php\/2019\/02\/13\/programa-de-pueblos-magicos-continuara-en-gobierno-de-amlo\/#primaryimage\",\"url\":\"https:\/\/nitu.mx\/wp-content\/uploads\/2018\/12\/pueblos-magicos-amlo.jpg\",\"contentUrl\":\"https:\/\/nitu.mx\/wp-content\/uploads\/2018\/12\/pueblos-magicos-amlo.jpg\",\"width\":850,\"height\":480,\"caption\":\"pueblos magicos amlo\"},{\"@type\":\"BreadcrumbList\",\"@id\":\"https:\/\/nitu.mx\/index.php\/2019\/02\/13\/programa-de-pueblos-magicos-continuara-en-gobierno-de-amlo\/#breadcrumb\",\"itemListElement\":[{\"@type\":\"ListItem\",\"position\":1,\"name\":\"Inicio\",\"item\":\"https:\/\/nitu.mx\/\"},{\"@type\":\"ListItem\",\"position\":2,\"name\":\"Programa de Pueblos M\u00e1gicos continuar\u00e1 en gobierno de AMLO\"}]},{\"@type\":\"WebSite\",\"@id\":\"https:\/\/nitu.mx\/#website\",\"url\":\"https:\/\/nitu.mx\/\",\"name\":\"Nitu - Noticias de la Industria Turistica\",\"description\":\"Noticias de la Industria Turistica\",\"publisher\":{\"@id\":\"https:\/\/nitu.mx\/#\/schema\/person\/ae7a53426417292d3dd07b45a33e01bc\"},\"alternateName\":\"Noticias de la Industria Turistica\",\"potentialAction\":[{\"@type\":\"SearchAction\",\"target\":{\"@type\":\"EntryPoint\",\"urlTemplate\":\"https:\/\/nitu.mx\/?s={search_term_string}\"},\"query-input\":\"required name=search_term_string\"}],\"inLanguage\":\"es-MX\"},{\"@type\":[\"Person\",\"Organization\"],\"@id\":\"https:\/\/nitu.mx\/#\/schema\/person\/ae7a53426417292d3dd07b45a33e01bc\",\"name\":\"Arturo Medina\",\"image\":{\"@type\":\"ImageObject\",\"inLanguage\":\"es-MX\",\"@id\":\"https:\/\/nitu.mx\/#\/schema\/person\/image\/\",\"url\":\"https:\/\/nitu.mx\/wp-content\/uploads\/2024\/04\/4A315622-1904-4D5C-B022-878CDC840E04-90x90-1.jpeg\",\"contentUrl\":\"https:\/\/nitu.mx\/wp-content\/uploads\/2024\/04\/4A315622-1904-4D5C-B022-878CDC840E04-90x90-1.jpeg\",\"width\":90,\"height\":90,\"caption\":\"Arturo Medina\"},\"logo\":{\"@id\":\"https:\/\/nitu.mx\/#\/schema\/person\/image\/\"},\"description\":\"Director NITU.mx, Egresado de la Escuela de Periodismo Carlos Septi\u00e9n Garc\u00eda. Periodista y analista especializado en turismo desde hace 35 a\u00f1os, radicado en Canc\u00fan Q.Roo. arturo@nitu.mx\",\"sameAs\":[\"https:\/\/nitu.mx\",\"https:\/\/www.facebook.com\/NITUmx\/\",\"medinacancun\",\"https:\/\/twitter.com\/@Arturo_Medina_G\"]},{\"@type\":\"Person\",\"@id\":\"https:\/\/nitu.mx\/#\/schema\/person\/4a28fe9bd65924f7c90623773daf1b0b\",\"name\":\"Redacci\u00f3n\",\"image\":{\"@type\":\"ImageObject\",\"inLanguage\":\"es-MX\",\"@id\":\"https:\/\/nitu.mx\/#\/schema\/person\/image\/\",\"url\":\"https:\/\/secure.gravatar.com\/avatar\/5dd011c8ccfc5cd7e4c81e42252aab38?s=96&d=mm&r=g\",\"contentUrl\":\"https:\/\/secure.gravatar.com\/avatar\/5dd011c8ccfc5cd7e4c81e42252aab38?s=96&d=mm&r=g\",\"caption\":\"Redacci\u00f3n\"},\"url\":\"https:\/\/nitu.mx\/index.php\/author\/redaccion\/\"}]}<\/script>\n<!-- \/ Yoast SEO plugin. -->","yoast_head_json":{"title":"Programa de Pueblos M\u00e1gicos continuar\u00e1 en gobierno de AMLO - Nitu - Noticias de la Industria Turistica","description":"La Secretar\u00eda de Turismo (Sectur) confirm\u00f3 que el programa de Pueblos M\u00e1gicos de M\u00e9xico continuar\u00e1 en este sexenio, adem\u00e1s apoyar\u00e1 a los estados en la obtenci\u00f3n de cr\u00e9ditos.","robots":{"index":"index","follow":"follow","max-snippet":"max-snippet:-1","max-image-preview":"max-image-preview:large","max-video-preview":"max-video-preview:-1"},"canonical":"https:\/\/nitu.mx\/index.php\/2019\/02\/13\/programa-de-pueblos-magicos-continuara-en-gobierno-de-amlo\/","twitter_card":"summary_large_image","twitter_title":"Programa de Pueblos M\u00e1gicos continuar\u00e1 en gobierno de AMLO - Nitu - Noticias de la Industria Turistica","twitter_description":"La Secretar\u00eda de Turismo (Sectur) confirm\u00f3 que el programa de Pueblos M\u00e1gicos de M\u00e9xico continuar\u00e1 en este sexenio, adem\u00e1s apoyar\u00e1 a los estados en la obtenci\u00f3n de cr\u00e9ditos.","twitter_image":"https:\/\/nitu.mx\/wp-content\/uploads\/2018\/12\/pueblos-magicos-amlo.jpg","twitter_creator":"@NITUmx","twitter_site":"@Arturo_Medina_G","twitter_misc":{"Escrito por":"Redacci\u00f3n","Tiempo de lectura":"3 minutos"},"schema":{"@context":"https:\/\/schema.org","@graph":[{"@type":"Article","@id":"https:\/\/nitu.mx\/index.php\/2019\/02\/13\/programa-de-pueblos-magicos-continuara-en-gobierno-de-amlo\/#article","isPartOf":{"@id":"https:\/\/nitu.mx\/index.php\/2019\/02\/13\/programa-de-pueblos-magicos-continuara-en-gobierno-de-amlo\/"},"author":{"name":"Redacci\u00f3n","@id":"https:\/\/nitu.mx\/#\/schema\/person\/4a28fe9bd65924f7c90623773daf1b0b"},"headline":"Programa de Pueblos M\u00e1gicos continuar\u00e1 en gobierno de AMLO","datePublished":"2019-02-13T06:51:32+00:00","dateModified":"2019-02-13T07:03:12+00:00","mainEntityOfPage":{"@id":"https:\/\/nitu.mx\/index.php\/2019\/02\/13\/programa-de-pueblos-magicos-continuara-en-gobierno-de-amlo\/"},"wordCount":543,"commentCount":0,"publisher":{"@id":"https:\/\/nitu.mx\/#\/schema\/person\/ae7a53426417292d3dd07b45a33e01bc"},"image":{"@id":"https:\/\/nitu.mx\/index.php\/2019\/02\/13\/programa-de-pueblos-magicos-continuara-en-gobierno-de-amlo\/#primaryimage"},"thumbnailUrl":"https:\/\/nitu.mx\/wp-content\/uploads\/2018\/12\/pueblos-magicos-amlo.jpg","keywords":["Desarrollo y Regulaci\u00f3n Tur\u00edstica","Humberto Hern\u00e1ndez","Pueblos M\u00e1gicos"],"articleSection":["Marketing","M\u00e9xico"],"inLanguage":"es-MX","potentialAction":[{"@type":"CommentAction","name":"Comment","target":["https:\/\/nitu.mx\/index.php\/2019\/02\/13\/programa-de-pueblos-magicos-continuara-en-gobierno-de-amlo\/#respond"]}]},{"@type":"WebPage","@id":"https:\/\/nitu.mx\/index.php\/2019\/02\/13\/programa-de-pueblos-magicos-continuara-en-gobierno-de-amlo\/","url":"https:\/\/nitu.mx\/index.php\/2019\/02\/13\/programa-de-pueblos-magicos-continuara-en-gobierno-de-amlo\/","name":"Programa de Pueblos M\u00e1gicos continuar\u00e1 en gobierno de AMLO - Nitu - Noticias de la Industria Turistica","isPartOf":{"@id":"https:\/\/nitu.mx\/#website"},"primaryImageOfPage":{"@id":"https:\/\/nitu.mx\/index.php\/2019\/02\/13\/programa-de-pueblos-magicos-continuara-en-gobierno-de-amlo\/#primaryimage"},"image":{"@id":"https:\/\/nitu.mx\/index.php\/2019\/02\/13\/programa-de-pueblos-magicos-continuara-en-gobierno-de-amlo\/#primaryimage"},"thumbnailUrl":"https:\/\/nitu.mx\/wp-content\/uploads\/2018\/12\/pueblos-magicos-amlo.jpg","datePublished":"2019-02-13T06:51:32+00:00","dateModified":"2019-02-13T07:03:12+00:00","description":"La Secretar\u00eda de Turismo (Sectur) confirm\u00f3 que el programa de Pueblos M\u00e1gicos de M\u00e9xico continuar\u00e1 en este sexenio, adem\u00e1s apoyar\u00e1 a los estados en la obtenci\u00f3n de cr\u00e9ditos.","breadcrumb":{"@id":"https:\/\/nitu.mx\/index.php\/2019\/02\/13\/programa-de-pueblos-magicos-continuara-en-gobierno-de-amlo\/#breadcrumb"},"inLanguage":"es-MX","potentialAction":[{"@type":"ReadAction","target":["https:\/\/nitu.mx\/index.php\/2019\/02\/13\/programa-de-pueblos-magicos-continuara-en-gobierno-de-amlo\/"]}]},{"@type":"ImageObject","inLanguage":"es-MX","@id":"https:\/\/nitu.mx\/index.php\/2019\/02\/13\/programa-de-pueblos-magicos-continuara-en-gobierno-de-amlo\/#primaryimage","url":"https:\/\/nitu.mx\/wp-content\/uploads\/2018\/12\/pueblos-magicos-amlo.jpg","contentUrl":"https:\/\/nitu.mx\/wp-content\/uploads\/2018\/12\/pueblos-magicos-amlo.jpg","width":850,"height":480,"caption":"pueblos magicos amlo"},{"@type":"BreadcrumbList","@id":"https:\/\/nitu.mx\/index.php\/2019\/02\/13\/programa-de-pueblos-magicos-continuara-en-gobierno-de-amlo\/#breadcrumb","itemListElement":[{"@type":"ListItem","position":1,"name":"Inicio","item":"https:\/\/nitu.mx\/"},{"@type":"ListItem","position":2,"name":"Programa de Pueblos M\u00e1gicos continuar\u00e1 en gobierno de AMLO"}]},{"@type":"WebSite","@id":"https:\/\/nitu.mx\/#website","url":"https:\/\/nitu.mx\/","name":"Nitu - Noticias de la Industria Turistica","description":"Noticias de la Industria Turistica","publisher":{"@id":"https:\/\/nitu.mx\/#\/schema\/person\/ae7a53426417292d3dd07b45a33e01bc"},"alternateName":"Noticias de la Industria Turistica","potentialAction":[{"@type":"SearchAction","target":{"@type":"EntryPoint","urlTemplate":"https:\/\/nitu.mx\/?s={search_term_string}"},"query-input":"required name=search_term_string"}],"inLanguage":"es-MX"},{"@type":["Person","Organization"],"@id":"https:\/\/nitu.mx\/#\/schema\/person\/ae7a53426417292d3dd07b45a33e01bc","name":"Arturo Medina","image":{"@type":"ImageObject","inLanguage":"es-MX","@id":"https:\/\/nitu.mx\/#\/schema\/person\/image\/","url":"https:\/\/nitu.mx\/wp-content\/uploads\/2024\/04\/4A315622-1904-4D5C-B022-878CDC840E04-90x90-1.jpeg","contentUrl":"https:\/\/nitu.mx\/wp-content\/uploads\/2024\/04\/4A315622-1904-4D5C-B022-878CDC840E04-90x90-1.jpeg","width":90,"height":90,"caption":"Arturo Medina"},"logo":{"@id":"https:\/\/nitu.mx\/#\/schema\/person\/image\/"},"description":"Director NITU.mx, Egresado de la Escuela de Periodismo Carlos Septi\u00e9n Garc\u00eda. Periodista y analista especializado en turismo desde hace 35 a\u00f1os, radicado en Canc\u00fan Q.Roo. arturo@nitu.mx","sameAs":["https:\/\/nitu.mx","https:\/\/www.facebook.com\/NITUmx\/","medinacancun","https:\/\/twitter.com\/@Arturo_Medina_G"]},{"@type":"Person","@id":"https:\/\/nitu.mx\/#\/schema\/person\/4a28fe9bd65924f7c90623773daf1b0b","name":"Redacci\u00f3n","image":{"@type":"ImageObject","inLanguage":"es-MX","@id":"https:\/\/nitu.mx\/#\/schema\/person\/image\/","url":"https:\/\/secure.gravatar.com\/avatar\/5dd011c8ccfc5cd7e4c81e42252aab38?s=96&d=mm&r=g","contentUrl":"https:\/\/secure.gravatar.com\/avatar\/5dd011c8ccfc5cd7e4c81e42252aab38?s=96&d=mm&r=g","caption":"Redacci\u00f3n"},"url":"https:\/\/nitu.mx\/index.php\/author\/redaccion\/"}]}},"views":363,"_links":{"self":[{"href":"https:\/\/nitu.mx\/index.php\/wp-json\/wp\/v2\/posts\/29044"}],"collection":[{"href":"https:\/\/nitu.mx\/index.php\/wp-json\/wp\/v2\/posts"}],"about":[{"href":"https:\/\/nitu.mx\/index.php\/wp-json\/wp\/v2\/types\/post"}],"author":[{"embeddable":true,"href":"https:\/\/nitu.mx\/index.php\/wp-json\/wp\/v2\/users\/17"}],"replies":[{"embeddable":true,"href":"https:\/\/nitu.mx\/index.php\/wp-json\/wp\/v2\/comments?post=29044"}],"version-history":[{"count":3,"href":"https:\/\/nitu.mx\/index.php\/wp-json\/wp\/v2\/posts\/29044\/revisions"}],"predecessor-version":[{"id":29067,"href":"https:\/\/nitu.mx\/index.php\/wp-json\/wp\/v2\/posts\/29044\/revisions\/29067"}],"wp:featuredmedia":[{"embeddable":true,"href":"https:\/\/nitu.mx\/index.php\/wp-json\/wp\/v2\/media\/27709"}],"wp:attachment":[{"href":"https:\/\/nitu.mx\/index.php\/wp-json\/wp\/v2\/media?parent=29044"}],"wp:term":[{"taxonomy":"category","embeddable":true,"href":"https:\/\/nitu.mx\/index.php\/wp-json\/wp\/v2\/categories?post=29044"},{"taxonomy":"post_tag","embeddable":true,"href":"https:\/\/nitu.mx\/index.php\/wp-json\/wp\/v2\/tags?post=29044"}],"curies":[{"name":"wp","href":"https:\/\/api.w.org\/{rel}","templated":true}]}}