{"id":2862,"date":"2016-10-12T14:32:40","date_gmt":"2016-10-12T19:32:40","guid":{"rendered":"http:\/\/www.dev.nitu.mx\/?p=2862"},"modified":"2016-10-12T23:49:02","modified_gmt":"2016-10-13T04:49:02","slug":"en-2017-abrira-en-los-cabos-la-primera-inversion-de-hakkasan-group-con-grupo-vidanta","status":"publish","type":"post","link":"https:\/\/nitu.mx\/index.php\/2016\/10\/12\/en-2017-abrira-en-los-cabos-la-primera-inversion-de-hakkasan-group-con-grupo-vidanta\/","title":{"rendered":"En 2017 abrir\u00e1 en Los Cabos la primera inversi\u00f3n de Hakkasan Group con Grupo Vidanta"},"content":{"rendered":"<p><span style=\"color: #000000; font-family: Calibri;\">Hakkasan Group llegar\u00e1 a M\u00e9xico en 2017 a trav\u00e9s de su aclamado restaurante Herringbone, que tendr\u00e1 ubicaci\u00f3n en Los Cabos, M\u00e9xico, dentro del hotel The Grand Mayan Los Cabos, uno de los m\u00e1s exclusivos del lugar y propiedad de Daniel Ch\u00e1vez, quien preside Grupo Vidanta.<\/span><\/p>\n<p><span style=\"color: #000000; font-family: Calibri;\">Hace algunos meses Grupo Vidanta anunci\u00f3 su asociaci\u00f3n con Hakkasan Group para comenzar a traer a M\u00e9xico, innovadoras experiencias y entretenimiento, con una inversi\u00f3n conjunta de 150 millones de d\u00f3lares, que servir\u00e1n para consolidar nuevas ideas de clubes de playa, centros nocturnos, restaurantes y hasta hoteles, refiere Expansi\u00f3n.<\/span><\/p>\n<p><span style=\"color: #000000; font-family: Calibri;\">Haciendo un compromiso, ambas empresas dar\u00e1n a conocer su primera colaboraci\u00f3n en 2017 con la apertura de un club de playa \u2013 que por las noches se transformar\u00e1 \u2013 y dos conceptos culinarios en Los Cabos, en San Jos\u00e9 del Cabo. A partir de 2018, los grupos presentar\u00e1n anualmente un nuevo restaurante o club de playa en un destino que cuente con hoteles del Grupo Vidanta, se afirma.<\/span><\/p>\n<p><span style=\"color: #000000; font-family: Calibri;\">Grupo Hakkasan es una empresa mundial l\u00edder en hospitalidad y entretenimiento. El grupo fundado en el Reino Unido, hoy cuenta con sedes principales en Londres y Las Vegas, y tiene m\u00e1s de 50 establecimientos a lo largo de los Estados Unidos, As\u00eda, Europa y Medio Oriente.<\/span><\/p>\n<p><span style=\"color: #000000; font-family: Calibri;\">Nick McCabe, presidente de Hakkasan Group dijo: \u201cComo la primera incursi\u00f3n de Hakkasan Group en M\u00e9xico, estamos encantados de asociarnos con Grupo Vidanta, una compa\u00f1\u00eda que comparte nuestra visi\u00f3n de servicio inigualable, calidad y experiencia. Esta asociaci\u00f3n es el siguiente paso en la ambiciosa estrategia de crecimiento global de Hakkasan Group, y nos posicionar\u00e1 para tener una mayor expansi\u00f3n en toda la regi\u00f3n con nuestra actual cartera de marcas, as\u00ed como nuevos desarrollos conceptuales.\u201d<\/span><\/p>\n<p>Este proyecto se suma a la idea de incursionar en el mercado cubano como lo dimos a conocer en Nitu.mx.\u00a0(<a href=\"http:\/\/www.dev.nitu.mx\/index.php\/2016\/10\/06\/daniel-chavez-busca-llevar-vidanta-cuba\/\" target=\"_blank\">Daniel Ch\u00e1vez busca llevar Vidanta a Cuba<\/a>)<\/p>\n","protected":false},"excerpt":{"rendered":"<p>Hakkasan Group llegar\u00e1 a M\u00e9xico en 2017 a trav\u00e9s de su aclamado restaurante Herringbone, que tendr\u00e1 ubicaci\u00f3n en Los Cabos, M\u00e9xico, dentro del hotel The Grand Mayan Los Cabos, uno de los m\u00e1s exclusivos del lugar y propiedad de Daniel Ch\u00e1vez, quien preside Grupo Vidanta. Hace algunos meses Grupo Vidanta anunci\u00f3 su asociaci\u00f3n con Hakkasan [&hellip;]<\/p>\n","protected":false},"author":3,"featured_media":2889,"comment_status":"open","ping_status":"open","sticky":false,"template":"","format":"standard","meta":{"footnotes":""},"categories":[2,6],"tags":[258,939,100,120,938,1056,1057,130,1046,68,1059,1058],"yoast_head":"<!-- This site is optimized with the Yoast SEO plugin v22.2 - https:\/\/yoast.com\/wordpress\/plugins\/seo\/ -->\n<title>En 2017 abrir\u00e1 en Los Cabos la primera inversi\u00f3n de Hakkasan Group con Grupo Vidanta - Nitu - Noticias de la Industria Turistica<\/title>\n<meta name=\"description\" content=\"Hakkasan Group llegar\u00e1 a M\u00e9xico en 2017 dentro del hotel The Grand Mayan Los Cabos, propiedad de Daniel Ch\u00e1vez, quien preside Grupo Vidanta.\" \/>\n<meta name=\"robots\" content=\"index, follow, max-snippet:-1, max-image-preview:large, max-video-preview:-1\" \/>\n<link rel=\"canonical\" href=\"https:\/\/nitu.mx\/index.php\/2016\/10\/12\/en-2017-abrira-en-los-cabos-la-primera-inversion-de-hakkasan-group-con-grupo-vidanta\/\" \/>\n<meta name=\"twitter:card\" content=\"summary_large_image\" \/>\n<meta name=\"twitter:title\" content=\"En 2017 abrir\u00e1 en Los Cabos la primera inversi\u00f3n de Hakkasan Group con Grupo Vidanta - Nitu - Noticias de la Industria Turistica\" \/>\n<meta name=\"twitter:description\" content=\"Hakkasan Group llegar\u00e1 a M\u00e9xico en 2017 dentro del hotel The Grand Mayan Los Cabos, propiedad de Daniel Ch\u00e1vez, quien preside Grupo Vidanta.\" \/>\n<meta name=\"twitter:image\" content=\"https:\/\/nitu.mx\/wp-content\/uploads\/2016\/10\/grupo-hakkassan.jpg\" \/>\n<meta name=\"twitter:creator\" content=\"@NITUmx\" \/>\n<meta name=\"twitter:site\" content=\"@Arturo_Medina_G\" \/>\n<meta name=\"twitter:label1\" content=\"Escrito por\" \/>\n\t<meta name=\"twitter:data1\" content=\"Alejandra Moncisbays\" \/>\n\t<meta name=\"twitter:label2\" content=\"Tiempo de lectura\" \/>\n\t<meta name=\"twitter:data2\" content=\"2 minutos\" \/>\n<script type=\"application\/ld+json\" class=\"yoast-schema-graph\">{\"@context\":\"https:\/\/schema.org\",\"@graph\":[{\"@type\":\"Article\",\"@id\":\"https:\/\/nitu.mx\/index.php\/2016\/10\/12\/en-2017-abrira-en-los-cabos-la-primera-inversion-de-hakkasan-group-con-grupo-vidanta\/#article\",\"isPartOf\":{\"@id\":\"https:\/\/nitu.mx\/index.php\/2016\/10\/12\/en-2017-abrira-en-los-cabos-la-primera-inversion-de-hakkasan-group-con-grupo-vidanta\/\"},\"author\":{\"name\":\"Alejandra Moncisbays\",\"@id\":\"https:\/\/nitu.mx\/#\/schema\/person\/2ecd887b19dfd3382d1f14fc5acf24a8\"},\"headline\":\"En 2017 abrir\u00e1 en Los Cabos la primera inversi\u00f3n de Hakkasan Group con Grupo Vidanta\",\"datePublished\":\"2016-10-12T19:32:40+00:00\",\"dateModified\":\"2016-10-13T04:49:02+00:00\",\"mainEntityOfPage\":{\"@id\":\"https:\/\/nitu.mx\/index.php\/2016\/10\/12\/en-2017-abrira-en-los-cabos-la-primera-inversion-de-hakkasan-group-con-grupo-vidanta\/\"},\"wordCount\":343,\"commentCount\":0,\"publisher\":{\"@id\":\"https:\/\/nitu.mx\/#\/schema\/person\/ae7a53426417292d3dd07b45a33e01bc\"},\"image\":{\"@id\":\"https:\/\/nitu.mx\/index.php\/2016\/10\/12\/en-2017-abrira-en-los-cabos-la-primera-inversion-de-hakkasan-group-con-grupo-vidanta\/#primaryimage\"},\"thumbnailUrl\":\"https:\/\/nitu.mx\/wp-content\/uploads\/2016\/10\/grupo-hakkassan.jpg\",\"keywords\":[\"Asia\",\"Daniel Ch\u00e1vez\",\"Estados Unidos\",\"Europa\",\"Grupo Vidanta\",\"Hakkasan Group\",\"Herringbone\",\"Los Cabos\",\"Medio Oriente\",\"M\u00e9xico\",\"Nick McCabe\",\"The Grand Mayan Los Cabos\"],\"articleSection\":[\"Hoteles\",\"M\u00e9xico\"],\"inLanguage\":\"es-MX\",\"potentialAction\":[{\"@type\":\"CommentAction\",\"name\":\"Comment\",\"target\":[\"https:\/\/nitu.mx\/index.php\/2016\/10\/12\/en-2017-abrira-en-los-cabos-la-primera-inversion-de-hakkasan-group-con-grupo-vidanta\/#respond\"]}]},{\"@type\":\"WebPage\",\"@id\":\"https:\/\/nitu.mx\/index.php\/2016\/10\/12\/en-2017-abrira-en-los-cabos-la-primera-inversion-de-hakkasan-group-con-grupo-vidanta\/\",\"url\":\"https:\/\/nitu.mx\/index.php\/2016\/10\/12\/en-2017-abrira-en-los-cabos-la-primera-inversion-de-hakkasan-group-con-grupo-vidanta\/\",\"name\":\"En 2017 abrir\u00e1 en Los Cabos la primera inversi\u00f3n de Hakkasan Group con Grupo Vidanta - Nitu - Noticias de la Industria Turistica\",\"isPartOf\":{\"@id\":\"https:\/\/nitu.mx\/#website\"},\"primaryImageOfPage\":{\"@id\":\"https:\/\/nitu.mx\/index.php\/2016\/10\/12\/en-2017-abrira-en-los-cabos-la-primera-inversion-de-hakkasan-group-con-grupo-vidanta\/#primaryimage\"},\"image\":{\"@id\":\"https:\/\/nitu.mx\/index.php\/2016\/10\/12\/en-2017-abrira-en-los-cabos-la-primera-inversion-de-hakkasan-group-con-grupo-vidanta\/#primaryimage\"},\"thumbnailUrl\":\"https:\/\/nitu.mx\/wp-content\/uploads\/2016\/10\/grupo-hakkassan.jpg\",\"datePublished\":\"2016-10-12T19:32:40+00:00\",\"dateModified\":\"2016-10-13T04:49:02+00:00\",\"description\":\"Hakkasan Group llegar\u00e1 a M\u00e9xico en 2017 dentro del hotel The Grand Mayan Los Cabos, propiedad de Daniel Ch\u00e1vez, quien preside Grupo Vidanta.\",\"breadcrumb\":{\"@id\":\"https:\/\/nitu.mx\/index.php\/2016\/10\/12\/en-2017-abrira-en-los-cabos-la-primera-inversion-de-hakkasan-group-con-grupo-vidanta\/#breadcrumb\"},\"inLanguage\":\"es-MX\",\"potentialAction\":[{\"@type\":\"ReadAction\",\"target\":[\"https:\/\/nitu.mx\/index.php\/2016\/10\/12\/en-2017-abrira-en-los-cabos-la-primera-inversion-de-hakkasan-group-con-grupo-vidanta\/\"]}]},{\"@type\":\"ImageObject\",\"inLanguage\":\"es-MX\",\"@id\":\"https:\/\/nitu.mx\/index.php\/2016\/10\/12\/en-2017-abrira-en-los-cabos-la-primera-inversion-de-hakkasan-group-con-grupo-vidanta\/#primaryimage\",\"url\":\"https:\/\/nitu.mx\/wp-content\/uploads\/2016\/10\/grupo-hakkassan.jpg\",\"contentUrl\":\"https:\/\/nitu.mx\/wp-content\/uploads\/2016\/10\/grupo-hakkassan.jpg\",\"width\":1200,\"height\":724,\"caption\":\"grupo hakkassan\"},{\"@type\":\"BreadcrumbList\",\"@id\":\"https:\/\/nitu.mx\/index.php\/2016\/10\/12\/en-2017-abrira-en-los-cabos-la-primera-inversion-de-hakkasan-group-con-grupo-vidanta\/#breadcrumb\",\"itemListElement\":[{\"@type\":\"ListItem\",\"position\":1,\"name\":\"Inicio\",\"item\":\"https:\/\/nitu.mx\/\"},{\"@type\":\"ListItem\",\"position\":2,\"name\":\"En 2017 abrir\u00e1 en Los Cabos la primera inversi\u00f3n de Hakkasan Group con Grupo Vidanta\"}]},{\"@type\":\"WebSite\",\"@id\":\"https:\/\/nitu.mx\/#website\",\"url\":\"https:\/\/nitu.mx\/\",\"name\":\"Nitu - Noticias de la Industria Turistica\",\"description\":\"Noticias de la Industria Turistica\",\"publisher\":{\"@id\":\"https:\/\/nitu.mx\/#\/schema\/person\/ae7a53426417292d3dd07b45a33e01bc\"},\"alternateName\":\"Noticias de la Industria Turistica\",\"potentialAction\":[{\"@type\":\"SearchAction\",\"target\":{\"@type\":\"EntryPoint\",\"urlTemplate\":\"https:\/\/nitu.mx\/?s={search_term_string}\"},\"query-input\":\"required name=search_term_string\"}],\"inLanguage\":\"es-MX\"},{\"@type\":[\"Person\",\"Organization\"],\"@id\":\"https:\/\/nitu.mx\/#\/schema\/person\/ae7a53426417292d3dd07b45a33e01bc\",\"name\":\"Arturo Medina\",\"image\":{\"@type\":\"ImageObject\",\"inLanguage\":\"es-MX\",\"@id\":\"https:\/\/nitu.mx\/#\/schema\/person\/image\/\",\"url\":\"https:\/\/nitu.mx\/wp-content\/uploads\/2024\/04\/4A315622-1904-4D5C-B022-878CDC840E04-90x90-1.jpeg\",\"contentUrl\":\"https:\/\/nitu.mx\/wp-content\/uploads\/2024\/04\/4A315622-1904-4D5C-B022-878CDC840E04-90x90-1.jpeg\",\"width\":90,\"height\":90,\"caption\":\"Arturo Medina\"},\"logo\":{\"@id\":\"https:\/\/nitu.mx\/#\/schema\/person\/image\/\"},\"description\":\"Director NITU.mx, Egresado de la Escuela de Periodismo Carlos Septi\u00e9n Garc\u00eda. Periodista y analista especializado en turismo desde hace 35 a\u00f1os, radicado en Canc\u00fan Q.Roo. arturo@nitu.mx\",\"sameAs\":[\"https:\/\/nitu.mx\",\"https:\/\/www.facebook.com\/NITUmx\/\",\"medinacancun\",\"https:\/\/twitter.com\/@Arturo_Medina_G\"]},{\"@type\":\"Person\",\"@id\":\"https:\/\/nitu.mx\/#\/schema\/person\/2ecd887b19dfd3382d1f14fc5acf24a8\",\"name\":\"Alejandra Moncisbays\",\"image\":{\"@type\":\"ImageObject\",\"inLanguage\":\"es-MX\",\"@id\":\"https:\/\/nitu.mx\/#\/schema\/person\/image\/\",\"url\":\"https:\/\/secure.gravatar.com\/avatar\/e74f7af0be172b7804dacfd0bfbef787?s=96&d=mm&r=g\",\"contentUrl\":\"https:\/\/secure.gravatar.com\/avatar\/e74f7af0be172b7804dacfd0bfbef787?s=96&d=mm&r=g\",\"caption\":\"Alejandra Moncisbays\"},\"description\":\"Curs\u00e9 la carrera de Periodismo y Comunicaci\u00f3n en la Facultad de Estudios Profesionales Acatl\u00e1n. Vivo en Canc\u00fan desde hace 24 a\u00f1os. Fui reportera de La Tarde de Canc\u00fan, y Novedades de Quintana Roo, colabor\u00e9 en TVCUN, edit\u00e9 Cancun\u00edssimo y colabor\u00e9 en las revistas Latitud21, entre otras, con principal enfoque en los sectores empresarial y tur\u00edstico. Desde hace varios a\u00f1os soy Agente de Seguros con c\u00e9dula de la Comisi\u00f3n Nacional de Seguros y Fianzas. Actualmente, me desarrollo en los \u00e1mbitos del periodismo y el sector asegurador.\",\"sameAs\":[\"https:\/\/nitu.mx\"],\"url\":\"https:\/\/nitu.mx\/index.php\/author\/alejandra\/\"}]}<\/script>\n<!-- \/ Yoast SEO plugin. -->","yoast_head_json":{"title":"En 2017 abrir\u00e1 en Los Cabos la primera inversi\u00f3n de Hakkasan Group con Grupo Vidanta - Nitu - Noticias de la Industria Turistica","description":"Hakkasan Group llegar\u00e1 a M\u00e9xico en 2017 dentro del hotel The Grand Mayan Los Cabos, propiedad de Daniel Ch\u00e1vez, quien preside Grupo Vidanta.","robots":{"index":"index","follow":"follow","max-snippet":"max-snippet:-1","max-image-preview":"max-image-preview:large","max-video-preview":"max-video-preview:-1"},"canonical":"https:\/\/nitu.mx\/index.php\/2016\/10\/12\/en-2017-abrira-en-los-cabos-la-primera-inversion-de-hakkasan-group-con-grupo-vidanta\/","twitter_card":"summary_large_image","twitter_title":"En 2017 abrir\u00e1 en Los Cabos la primera inversi\u00f3n de Hakkasan Group con Grupo Vidanta - Nitu - Noticias de la Industria Turistica","twitter_description":"Hakkasan Group llegar\u00e1 a M\u00e9xico en 2017 dentro del hotel The Grand Mayan Los Cabos, propiedad de Daniel Ch\u00e1vez, quien preside Grupo Vidanta.","twitter_image":"https:\/\/nitu.mx\/wp-content\/uploads\/2016\/10\/grupo-hakkassan.jpg","twitter_creator":"@NITUmx","twitter_site":"@Arturo_Medina_G","twitter_misc":{"Escrito por":"Alejandra Moncisbays","Tiempo de lectura":"2 minutos"},"schema":{"@context":"https:\/\/schema.org","@graph":[{"@type":"Article","@id":"https:\/\/nitu.mx\/index.php\/2016\/10\/12\/en-2017-abrira-en-los-cabos-la-primera-inversion-de-hakkasan-group-con-grupo-vidanta\/#article","isPartOf":{"@id":"https:\/\/nitu.mx\/index.php\/2016\/10\/12\/en-2017-abrira-en-los-cabos-la-primera-inversion-de-hakkasan-group-con-grupo-vidanta\/"},"author":{"name":"Alejandra Moncisbays","@id":"https:\/\/nitu.mx\/#\/schema\/person\/2ecd887b19dfd3382d1f14fc5acf24a8"},"headline":"En 2017 abrir\u00e1 en Los Cabos la primera inversi\u00f3n de Hakkasan Group con Grupo Vidanta","datePublished":"2016-10-12T19:32:40+00:00","dateModified":"2016-10-13T04:49:02+00:00","mainEntityOfPage":{"@id":"https:\/\/nitu.mx\/index.php\/2016\/10\/12\/en-2017-abrira-en-los-cabos-la-primera-inversion-de-hakkasan-group-con-grupo-vidanta\/"},"wordCount":343,"commentCount":0,"publisher":{"@id":"https:\/\/nitu.mx\/#\/schema\/person\/ae7a53426417292d3dd07b45a33e01bc"},"image":{"@id":"https:\/\/nitu.mx\/index.php\/2016\/10\/12\/en-2017-abrira-en-los-cabos-la-primera-inversion-de-hakkasan-group-con-grupo-vidanta\/#primaryimage"},"thumbnailUrl":"https:\/\/nitu.mx\/wp-content\/uploads\/2016\/10\/grupo-hakkassan.jpg","keywords":["Asia","Daniel Ch\u00e1vez","Estados Unidos","Europa","Grupo Vidanta","Hakkasan Group","Herringbone","Los Cabos","Medio Oriente","M\u00e9xico","Nick McCabe","The Grand Mayan Los Cabos"],"articleSection":["Hoteles","M\u00e9xico"],"inLanguage":"es-MX","potentialAction":[{"@type":"CommentAction","name":"Comment","target":["https:\/\/nitu.mx\/index.php\/2016\/10\/12\/en-2017-abrira-en-los-cabos-la-primera-inversion-de-hakkasan-group-con-grupo-vidanta\/#respond"]}]},{"@type":"WebPage","@id":"https:\/\/nitu.mx\/index.php\/2016\/10\/12\/en-2017-abrira-en-los-cabos-la-primera-inversion-de-hakkasan-group-con-grupo-vidanta\/","url":"https:\/\/nitu.mx\/index.php\/2016\/10\/12\/en-2017-abrira-en-los-cabos-la-primera-inversion-de-hakkasan-group-con-grupo-vidanta\/","name":"En 2017 abrir\u00e1 en Los Cabos la primera inversi\u00f3n de Hakkasan Group con Grupo Vidanta - Nitu - Noticias de la Industria Turistica","isPartOf":{"@id":"https:\/\/nitu.mx\/#website"},"primaryImageOfPage":{"@id":"https:\/\/nitu.mx\/index.php\/2016\/10\/12\/en-2017-abrira-en-los-cabos-la-primera-inversion-de-hakkasan-group-con-grupo-vidanta\/#primaryimage"},"image":{"@id":"https:\/\/nitu.mx\/index.php\/2016\/10\/12\/en-2017-abrira-en-los-cabos-la-primera-inversion-de-hakkasan-group-con-grupo-vidanta\/#primaryimage"},"thumbnailUrl":"https:\/\/nitu.mx\/wp-content\/uploads\/2016\/10\/grupo-hakkassan.jpg","datePublished":"2016-10-12T19:32:40+00:00","dateModified":"2016-10-13T04:49:02+00:00","description":"Hakkasan Group llegar\u00e1 a M\u00e9xico en 2017 dentro del hotel The Grand Mayan Los Cabos, propiedad de Daniel Ch\u00e1vez, quien preside Grupo Vidanta.","breadcrumb":{"@id":"https:\/\/nitu.mx\/index.php\/2016\/10\/12\/en-2017-abrira-en-los-cabos-la-primera-inversion-de-hakkasan-group-con-grupo-vidanta\/#breadcrumb"},"inLanguage":"es-MX","potentialAction":[{"@type":"ReadAction","target":["https:\/\/nitu.mx\/index.php\/2016\/10\/12\/en-2017-abrira-en-los-cabos-la-primera-inversion-de-hakkasan-group-con-grupo-vidanta\/"]}]},{"@type":"ImageObject","inLanguage":"es-MX","@id":"https:\/\/nitu.mx\/index.php\/2016\/10\/12\/en-2017-abrira-en-los-cabos-la-primera-inversion-de-hakkasan-group-con-grupo-vidanta\/#primaryimage","url":"https:\/\/nitu.mx\/wp-content\/uploads\/2016\/10\/grupo-hakkassan.jpg","contentUrl":"https:\/\/nitu.mx\/wp-content\/uploads\/2016\/10\/grupo-hakkassan.jpg","width":1200,"height":724,"caption":"grupo hakkassan"},{"@type":"BreadcrumbList","@id":"https:\/\/nitu.mx\/index.php\/2016\/10\/12\/en-2017-abrira-en-los-cabos-la-primera-inversion-de-hakkasan-group-con-grupo-vidanta\/#breadcrumb","itemListElement":[{"@type":"ListItem","position":1,"name":"Inicio","item":"https:\/\/nitu.mx\/"},{"@type":"ListItem","position":2,"name":"En 2017 abrir\u00e1 en Los Cabos la primera inversi\u00f3n de Hakkasan Group con Grupo Vidanta"}]},{"@type":"WebSite","@id":"https:\/\/nitu.mx\/#website","url":"https:\/\/nitu.mx\/","name":"Nitu - Noticias de la Industria Turistica","description":"Noticias de la Industria Turistica","publisher":{"@id":"https:\/\/nitu.mx\/#\/schema\/person\/ae7a53426417292d3dd07b45a33e01bc"},"alternateName":"Noticias de la Industria Turistica","potentialAction":[{"@type":"SearchAction","target":{"@type":"EntryPoint","urlTemplate":"https:\/\/nitu.mx\/?s={search_term_string}"},"query-input":"required name=search_term_string"}],"inLanguage":"es-MX"},{"@type":["Person","Organization"],"@id":"https:\/\/nitu.mx\/#\/schema\/person\/ae7a53426417292d3dd07b45a33e01bc","name":"Arturo Medina","image":{"@type":"ImageObject","inLanguage":"es-MX","@id":"https:\/\/nitu.mx\/#\/schema\/person\/image\/","url":"https:\/\/nitu.mx\/wp-content\/uploads\/2024\/04\/4A315622-1904-4D5C-B022-878CDC840E04-90x90-1.jpeg","contentUrl":"https:\/\/nitu.mx\/wp-content\/uploads\/2024\/04\/4A315622-1904-4D5C-B022-878CDC840E04-90x90-1.jpeg","width":90,"height":90,"caption":"Arturo Medina"},"logo":{"@id":"https:\/\/nitu.mx\/#\/schema\/person\/image\/"},"description":"Director NITU.mx, Egresado de la Escuela de Periodismo Carlos Septi\u00e9n Garc\u00eda. Periodista y analista especializado en turismo desde hace 35 a\u00f1os, radicado en Canc\u00fan Q.Roo. arturo@nitu.mx","sameAs":["https:\/\/nitu.mx","https:\/\/www.facebook.com\/NITUmx\/","medinacancun","https:\/\/twitter.com\/@Arturo_Medina_G"]},{"@type":"Person","@id":"https:\/\/nitu.mx\/#\/schema\/person\/2ecd887b19dfd3382d1f14fc5acf24a8","name":"Alejandra Moncisbays","image":{"@type":"ImageObject","inLanguage":"es-MX","@id":"https:\/\/nitu.mx\/#\/schema\/person\/image\/","url":"https:\/\/secure.gravatar.com\/avatar\/e74f7af0be172b7804dacfd0bfbef787?s=96&d=mm&r=g","contentUrl":"https:\/\/secure.gravatar.com\/avatar\/e74f7af0be172b7804dacfd0bfbef787?s=96&d=mm&r=g","caption":"Alejandra Moncisbays"},"description":"Curs\u00e9 la carrera de Periodismo y Comunicaci\u00f3n en la Facultad de Estudios Profesionales Acatl\u00e1n. Vivo en Canc\u00fan desde hace 24 a\u00f1os. Fui reportera de La Tarde de Canc\u00fan, y Novedades de Quintana Roo, colabor\u00e9 en TVCUN, edit\u00e9 Cancun\u00edssimo y colabor\u00e9 en las revistas Latitud21, entre otras, con principal enfoque en los sectores empresarial y tur\u00edstico. Desde hace varios a\u00f1os soy Agente de Seguros con c\u00e9dula de la Comisi\u00f3n Nacional de Seguros y Fianzas. Actualmente, me desarrollo en los \u00e1mbitos del periodismo y el sector asegurador.","sameAs":["https:\/\/nitu.mx"],"url":"https:\/\/nitu.mx\/index.php\/author\/alejandra\/"}]}},"views":430,"_links":{"self":[{"href":"https:\/\/nitu.mx\/index.php\/wp-json\/wp\/v2\/posts\/2862"}],"collection":[{"href":"https:\/\/nitu.mx\/index.php\/wp-json\/wp\/v2\/posts"}],"about":[{"href":"https:\/\/nitu.mx\/index.php\/wp-json\/wp\/v2\/types\/post"}],"author":[{"embeddable":true,"href":"https:\/\/nitu.mx\/index.php\/wp-json\/wp\/v2\/users\/3"}],"replies":[{"embeddable":true,"href":"https:\/\/nitu.mx\/index.php\/wp-json\/wp\/v2\/comments?post=2862"}],"version-history":[{"count":3,"href":"https:\/\/nitu.mx\/index.php\/wp-json\/wp\/v2\/posts\/2862\/revisions"}],"predecessor-version":[{"id":2869,"href":"https:\/\/nitu.mx\/index.php\/wp-json\/wp\/v2\/posts\/2862\/revisions\/2869"}],"wp:featuredmedia":[{"embeddable":true,"href":"https:\/\/nitu.mx\/index.php\/wp-json\/wp\/v2\/media\/2889"}],"wp:attachment":[{"href":"https:\/\/nitu.mx\/index.php\/wp-json\/wp\/v2\/media?parent=2862"}],"wp:term":[{"taxonomy":"category","embeddable":true,"href":"https:\/\/nitu.mx\/index.php\/wp-json\/wp\/v2\/categories?post=2862"},{"taxonomy":"post_tag","embeddable":true,"href":"https:\/\/nitu.mx\/index.php\/wp-json\/wp\/v2\/tags?post=2862"}],"curies":[{"name":"wp","href":"https:\/\/api.w.org\/{rel}","templated":true}]}}