{"id":28615,"date":"2019-01-28T02:45:36","date_gmt":"2019-01-28T07:45:36","guid":{"rendered":"https:\/\/www.dev.nitu.mx\/?p=28615"},"modified":"2019-01-28T03:20:29","modified_gmt":"2019-01-28T08:20:29","slug":"cptq-sera-parte-del-consejo-mundial-de-viajes-y-turismo","status":"publish","type":"post","link":"https:\/\/nitu.mx\/index.php\/2019\/01\/28\/cptq-sera-parte-del-consejo-mundial-de-viajes-y-turismo\/","title":{"rendered":"CPTQ ser\u00e1 parte del Consejo Mundial de Viajes y Turismo"},"content":{"rendered":"<p>La Secretar\u00eda de Turismo de Quintana Roo (Sedetur) inform\u00f3 que durante su participaci\u00f3n en la Feria Internacional de Turismo de Espa\u00f1a se aprob\u00f3 la candidatura para que el Consejo de Promoci\u00f3n Tur\u00edstica de Quintana Roo (CPTQ) funja formalmente como miembro del Consejo Mundial de Viajes y Turismo (WTTC).<\/p>\n<p>Marisol Vanegas P\u00e9rez, titular de Sedetur anunci\u00f3 que el organismo de promoci\u00f3n creado en la administraci\u00f3n del gobernador Carlos Joaqu\u00edn apenas en diciembre de 2017, ahora formar\u00e1 parte del consejo de viajes del sector privado m\u00e1s importante del mundo. (<a title=\"Fortalece turismo y econom\u00eda presencia de Q.Roo en FITUR: Empresarios\" href=\"https:\/\/www.dev.nitu.mx\/index.php\/2019\/01\/23\/fortalece-turismo-y-economia-presencia-de-q-roo-en-fitur-empresarios\/\" rel=\"bookmark\">Fortalece turismo y econom\u00eda presencia de Q.Roo en FITUR: Empresarios<\/a>).<\/p>\n<p>El WTTC es el \u00fanico organismo internacional que agrupa a los principales actores del sector del viaje y el turismo, entre ellas, aerol\u00edneas, hoteles, cruceros, alquiler de veh\u00edculos, agencias de viajes, operadores, sistemas de distribuci\u00f3n global y empresas tecnol\u00f3gicas.<\/p>\n<p>Est\u00e1 conformado por directores y ejecutivos procedentes de m\u00e1s de 140 empresas l\u00edderes mundiales y cada a\u00f1o emiten el documento que orienta las tendencias del mercado y marcan todas las estrategias del sector tur\u00edstico en el mundo. (<a title=\"Quintana Roo participar\u00e1 en la FITUR 2019 con 800 citas programadas\" href=\"https:\/\/www.dev.nitu.mx\/index.php\/2019\/01\/21\/quintana-roo-participara-en-la-fitur-2019-con-800-citas-programadas\/\" rel=\"bookmark\">Quintana Roo participar\u00e1 en FITUR 2019 con 800 citas programadas<\/a>).<\/p>\n<p>Vanegas P\u00e9rez subray\u00f3 que orgullosamente ahora la entidad formar\u00e1 parte de una selecta agrupaci\u00f3n que integra \u00fanicamente a tres consejos de promoci\u00f3n tur\u00edstica en el mundo: el BCD USA, California y Nueva York.<\/p>\n<p>\u201cHan sido aceptadas nuestras solicitudes e iniciaremos el proceso en cuanto regresemos a Quintana Roo. Ser\u00edamos el cuarto consejo que pertenece a esta important\u00edsima organizaci\u00f3n y nos sentimos muy orgullosos\u201d, dijo. Con informaci\u00f3n de El Economista.<\/p>\n","protected":false},"excerpt":{"rendered":"<p>La Secretar\u00eda de Turismo de Quintana Roo (Sedetur) inform\u00f3 que durante su participaci\u00f3n en la Feria Internacional de Turismo de Espa\u00f1a se aprob\u00f3 la candidatura para que el Consejo de Promoci\u00f3n Tur\u00edstica de Quintana Roo (CPTQ) funja formalmente como miembro del Consejo Mundial de Viajes y Turismo (WTTC). Marisol Vanegas P\u00e9rez, titular de Sedetur anunci\u00f3 [&hellip;]<\/p>\n","protected":false},"author":17,"featured_media":24037,"comment_status":"open","ping_status":"open","sticky":false,"template":"","format":"standard","meta":{"footnotes":""},"categories":[1],"tags":[14292,2755,3161,4282,8145,14295,5861,686,452,353,1153,14296,4931],"yoast_head":"<!-- This site is optimized with the Yoast SEO plugin v22.2 - https:\/\/yoast.com\/wordpress\/plugins\/seo\/ -->\n<title>CPTQ ser\u00e1 parte del Consejo Mundial de Viajes y Turismo - Nitu - Noticias de la Industria Turistica<\/title>\n<meta name=\"description\" content=\"El Consejo de Promoci\u00f3n Tur\u00edstica de Quintana Roo (CPTQ) funjir\u00e1 formalmente como miembro del Consejo Mundial de Viajes y Turismo.\" \/>\n<meta name=\"robots\" content=\"index, follow, max-snippet:-1, max-image-preview:large, max-video-preview:-1\" \/>\n<link rel=\"canonical\" href=\"https:\/\/nitu.mx\/index.php\/2019\/01\/28\/cptq-sera-parte-del-consejo-mundial-de-viajes-y-turismo\/\" \/>\n<meta name=\"twitter:card\" content=\"summary_large_image\" \/>\n<meta name=\"twitter:title\" content=\"CPTQ ser\u00e1 parte del Consejo Mundial de Viajes y Turismo - Nitu - Noticias de la Industria Turistica\" \/>\n<meta name=\"twitter:description\" content=\"El Consejo de Promoci\u00f3n Tur\u00edstica de Quintana Roo (CPTQ) funjir\u00e1 formalmente como miembro del Consejo Mundial de Viajes y Turismo.\" \/>\n<meta name=\"twitter:image\" content=\"https:\/\/nitu.mx\/wp-content\/uploads\/2018\/08\/Caribe-mexicano.jpg\" \/>\n<meta name=\"twitter:creator\" content=\"@NITUmx\" \/>\n<meta name=\"twitter:site\" content=\"@Arturo_Medina_G\" \/>\n<meta name=\"twitter:label1\" content=\"Escrito por\" \/>\n\t<meta name=\"twitter:data1\" content=\"Redacci\u00f3n\" \/>\n\t<meta name=\"twitter:label2\" content=\"Tiempo de lectura\" \/>\n\t<meta name=\"twitter:data2\" content=\"1 minuto\" \/>\n<script type=\"application\/ld+json\" class=\"yoast-schema-graph\">{\"@context\":\"https:\/\/schema.org\",\"@graph\":[{\"@type\":\"Article\",\"@id\":\"https:\/\/nitu.mx\/index.php\/2019\/01\/28\/cptq-sera-parte-del-consejo-mundial-de-viajes-y-turismo\/#article\",\"isPartOf\":{\"@id\":\"https:\/\/nitu.mx\/index.php\/2019\/01\/28\/cptq-sera-parte-del-consejo-mundial-de-viajes-y-turismo\/\"},\"author\":{\"name\":\"Redacci\u00f3n\",\"@id\":\"https:\/\/nitu.mx\/#\/schema\/person\/4a28fe9bd65924f7c90623773daf1b0b\"},\"headline\":\"CPTQ ser\u00e1 parte del Consejo Mundial de Viajes y Turismo\",\"datePublished\":\"2019-01-28T07:45:36+00:00\",\"dateModified\":\"2019-01-28T08:20:29+00:00\",\"mainEntityOfPage\":{\"@id\":\"https:\/\/nitu.mx\/index.php\/2019\/01\/28\/cptq-sera-parte-del-consejo-mundial-de-viajes-y-turismo\/\"},\"wordCount\":286,\"commentCount\":0,\"publisher\":{\"@id\":\"https:\/\/nitu.mx\/#\/schema\/person\/ae7a53426417292d3dd07b45a33e01bc\"},\"image\":{\"@id\":\"https:\/\/nitu.mx\/index.php\/2019\/01\/28\/cptq-sera-parte-del-consejo-mundial-de-viajes-y-turismo\/#primaryimage\"},\"thumbnailUrl\":\"https:\/\/nitu.mx\/wp-content\/uploads\/2018\/08\/Caribe-mexicano.jpg\",\"keywords\":[\"BCD USA\",\"California\",\"Consejo de Promoci\u00f3n Tur\u00edstica de Quintana Roo\",\"Consejo Mundial de Viajes y Turismo\",\"CPTQ\",\"Feria Internacional de Turismo de Espa\u00f1a\",\"Gobernador Carlos Joaqu\u00edn\",\"Marisol Vanegas P\u00e9rez\",\"Nueva York\",\"Secretaria de Turismo de Quintana Roo\",\"Sedetur\",\"titular de Sedetur\",\"WTTC\"],\"articleSection\":[\"Sin Categor\u00eda\"],\"inLanguage\":\"es-MX\",\"potentialAction\":[{\"@type\":\"CommentAction\",\"name\":\"Comment\",\"target\":[\"https:\/\/nitu.mx\/index.php\/2019\/01\/28\/cptq-sera-parte-del-consejo-mundial-de-viajes-y-turismo\/#respond\"]}]},{\"@type\":\"WebPage\",\"@id\":\"https:\/\/nitu.mx\/index.php\/2019\/01\/28\/cptq-sera-parte-del-consejo-mundial-de-viajes-y-turismo\/\",\"url\":\"https:\/\/nitu.mx\/index.php\/2019\/01\/28\/cptq-sera-parte-del-consejo-mundial-de-viajes-y-turismo\/\",\"name\":\"CPTQ ser\u00e1 parte del Consejo Mundial de Viajes y Turismo - Nitu - Noticias de la Industria Turistica\",\"isPartOf\":{\"@id\":\"https:\/\/nitu.mx\/#website\"},\"primaryImageOfPage\":{\"@id\":\"https:\/\/nitu.mx\/index.php\/2019\/01\/28\/cptq-sera-parte-del-consejo-mundial-de-viajes-y-turismo\/#primaryimage\"},\"image\":{\"@id\":\"https:\/\/nitu.mx\/index.php\/2019\/01\/28\/cptq-sera-parte-del-consejo-mundial-de-viajes-y-turismo\/#primaryimage\"},\"thumbnailUrl\":\"https:\/\/nitu.mx\/wp-content\/uploads\/2018\/08\/Caribe-mexicano.jpg\",\"datePublished\":\"2019-01-28T07:45:36+00:00\",\"dateModified\":\"2019-01-28T08:20:29+00:00\",\"description\":\"El Consejo de Promoci\u00f3n Tur\u00edstica de Quintana Roo (CPTQ) funjir\u00e1 formalmente como miembro del Consejo Mundial de Viajes y Turismo.\",\"breadcrumb\":{\"@id\":\"https:\/\/nitu.mx\/index.php\/2019\/01\/28\/cptq-sera-parte-del-consejo-mundial-de-viajes-y-turismo\/#breadcrumb\"},\"inLanguage\":\"es-MX\",\"potentialAction\":[{\"@type\":\"ReadAction\",\"target\":[\"https:\/\/nitu.mx\/index.php\/2019\/01\/28\/cptq-sera-parte-del-consejo-mundial-de-viajes-y-turismo\/\"]}]},{\"@type\":\"ImageObject\",\"inLanguage\":\"es-MX\",\"@id\":\"https:\/\/nitu.mx\/index.php\/2019\/01\/28\/cptq-sera-parte-del-consejo-mundial-de-viajes-y-turismo\/#primaryimage\",\"url\":\"https:\/\/nitu.mx\/wp-content\/uploads\/2018\/08\/Caribe-mexicano.jpg\",\"contentUrl\":\"https:\/\/nitu.mx\/wp-content\/uploads\/2018\/08\/Caribe-mexicano.jpg\",\"width\":850,\"height\":480,\"caption\":\"Caribe mexicano WTM Quintana Roo\"},{\"@type\":\"BreadcrumbList\",\"@id\":\"https:\/\/nitu.mx\/index.php\/2019\/01\/28\/cptq-sera-parte-del-consejo-mundial-de-viajes-y-turismo\/#breadcrumb\",\"itemListElement\":[{\"@type\":\"ListItem\",\"position\":1,\"name\":\"Inicio\",\"item\":\"https:\/\/nitu.mx\/\"},{\"@type\":\"ListItem\",\"position\":2,\"name\":\"CPTQ ser\u00e1 parte del Consejo Mundial de Viajes y Turismo\"}]},{\"@type\":\"WebSite\",\"@id\":\"https:\/\/nitu.mx\/#website\",\"url\":\"https:\/\/nitu.mx\/\",\"name\":\"Nitu - Noticias de la Industria Turistica\",\"description\":\"Noticias de la Industria Turistica\",\"publisher\":{\"@id\":\"https:\/\/nitu.mx\/#\/schema\/person\/ae7a53426417292d3dd07b45a33e01bc\"},\"alternateName\":\"Noticias de la Industria Turistica\",\"potentialAction\":[{\"@type\":\"SearchAction\",\"target\":{\"@type\":\"EntryPoint\",\"urlTemplate\":\"https:\/\/nitu.mx\/?s={search_term_string}\"},\"query-input\":\"required name=search_term_string\"}],\"inLanguage\":\"es-MX\"},{\"@type\":[\"Person\",\"Organization\"],\"@id\":\"https:\/\/nitu.mx\/#\/schema\/person\/ae7a53426417292d3dd07b45a33e01bc\",\"name\":\"Arturo Medina\",\"image\":{\"@type\":\"ImageObject\",\"inLanguage\":\"es-MX\",\"@id\":\"https:\/\/nitu.mx\/#\/schema\/person\/image\/\",\"url\":\"https:\/\/nitu.mx\/wp-content\/uploads\/2024\/04\/4A315622-1904-4D5C-B022-878CDC840E04-90x90-1.jpeg\",\"contentUrl\":\"https:\/\/nitu.mx\/wp-content\/uploads\/2024\/04\/4A315622-1904-4D5C-B022-878CDC840E04-90x90-1.jpeg\",\"width\":90,\"height\":90,\"caption\":\"Arturo Medina\"},\"logo\":{\"@id\":\"https:\/\/nitu.mx\/#\/schema\/person\/image\/\"},\"description\":\"Director NITU.mx, Egresado de la Escuela de Periodismo Carlos Septi\u00e9n Garc\u00eda. Periodista y analista especializado en turismo desde hace 35 a\u00f1os, radicado en Canc\u00fan Q.Roo. arturo@nitu.mx\",\"sameAs\":[\"https:\/\/nitu.mx\",\"https:\/\/www.facebook.com\/NITUmx\/\",\"medinacancun\",\"https:\/\/twitter.com\/@Arturo_Medina_G\"]},{\"@type\":\"Person\",\"@id\":\"https:\/\/nitu.mx\/#\/schema\/person\/4a28fe9bd65924f7c90623773daf1b0b\",\"name\":\"Redacci\u00f3n\",\"image\":{\"@type\":\"ImageObject\",\"inLanguage\":\"es-MX\",\"@id\":\"https:\/\/nitu.mx\/#\/schema\/person\/image\/\",\"url\":\"https:\/\/secure.gravatar.com\/avatar\/5dd011c8ccfc5cd7e4c81e42252aab38?s=96&d=mm&r=g\",\"contentUrl\":\"https:\/\/secure.gravatar.com\/avatar\/5dd011c8ccfc5cd7e4c81e42252aab38?s=96&d=mm&r=g\",\"caption\":\"Redacci\u00f3n\"},\"url\":\"https:\/\/nitu.mx\/index.php\/author\/redaccion\/\"}]}<\/script>\n<!-- \/ Yoast SEO plugin. -->","yoast_head_json":{"title":"CPTQ ser\u00e1 parte del Consejo Mundial de Viajes y Turismo - Nitu - Noticias de la Industria Turistica","description":"El Consejo de Promoci\u00f3n Tur\u00edstica de Quintana Roo (CPTQ) funjir\u00e1 formalmente como miembro del Consejo Mundial de Viajes y Turismo.","robots":{"index":"index","follow":"follow","max-snippet":"max-snippet:-1","max-image-preview":"max-image-preview:large","max-video-preview":"max-video-preview:-1"},"canonical":"https:\/\/nitu.mx\/index.php\/2019\/01\/28\/cptq-sera-parte-del-consejo-mundial-de-viajes-y-turismo\/","twitter_card":"summary_large_image","twitter_title":"CPTQ ser\u00e1 parte del Consejo Mundial de Viajes y Turismo - Nitu - Noticias de la Industria Turistica","twitter_description":"El Consejo de Promoci\u00f3n Tur\u00edstica de Quintana Roo (CPTQ) funjir\u00e1 formalmente como miembro del Consejo Mundial de Viajes y Turismo.","twitter_image":"https:\/\/nitu.mx\/wp-content\/uploads\/2018\/08\/Caribe-mexicano.jpg","twitter_creator":"@NITUmx","twitter_site":"@Arturo_Medina_G","twitter_misc":{"Escrito por":"Redacci\u00f3n","Tiempo de lectura":"1 minuto"},"schema":{"@context":"https:\/\/schema.org","@graph":[{"@type":"Article","@id":"https:\/\/nitu.mx\/index.php\/2019\/01\/28\/cptq-sera-parte-del-consejo-mundial-de-viajes-y-turismo\/#article","isPartOf":{"@id":"https:\/\/nitu.mx\/index.php\/2019\/01\/28\/cptq-sera-parte-del-consejo-mundial-de-viajes-y-turismo\/"},"author":{"name":"Redacci\u00f3n","@id":"https:\/\/nitu.mx\/#\/schema\/person\/4a28fe9bd65924f7c90623773daf1b0b"},"headline":"CPTQ ser\u00e1 parte del Consejo Mundial de Viajes y Turismo","datePublished":"2019-01-28T07:45:36+00:00","dateModified":"2019-01-28T08:20:29+00:00","mainEntityOfPage":{"@id":"https:\/\/nitu.mx\/index.php\/2019\/01\/28\/cptq-sera-parte-del-consejo-mundial-de-viajes-y-turismo\/"},"wordCount":286,"commentCount":0,"publisher":{"@id":"https:\/\/nitu.mx\/#\/schema\/person\/ae7a53426417292d3dd07b45a33e01bc"},"image":{"@id":"https:\/\/nitu.mx\/index.php\/2019\/01\/28\/cptq-sera-parte-del-consejo-mundial-de-viajes-y-turismo\/#primaryimage"},"thumbnailUrl":"https:\/\/nitu.mx\/wp-content\/uploads\/2018\/08\/Caribe-mexicano.jpg","keywords":["BCD USA","California","Consejo de Promoci\u00f3n Tur\u00edstica de Quintana Roo","Consejo Mundial de Viajes y Turismo","CPTQ","Feria Internacional de Turismo de Espa\u00f1a","Gobernador Carlos Joaqu\u00edn","Marisol Vanegas P\u00e9rez","Nueva York","Secretaria de Turismo de Quintana Roo","Sedetur","titular de Sedetur","WTTC"],"articleSection":["Sin Categor\u00eda"],"inLanguage":"es-MX","potentialAction":[{"@type":"CommentAction","name":"Comment","target":["https:\/\/nitu.mx\/index.php\/2019\/01\/28\/cptq-sera-parte-del-consejo-mundial-de-viajes-y-turismo\/#respond"]}]},{"@type":"WebPage","@id":"https:\/\/nitu.mx\/index.php\/2019\/01\/28\/cptq-sera-parte-del-consejo-mundial-de-viajes-y-turismo\/","url":"https:\/\/nitu.mx\/index.php\/2019\/01\/28\/cptq-sera-parte-del-consejo-mundial-de-viajes-y-turismo\/","name":"CPTQ ser\u00e1 parte del Consejo Mundial de Viajes y Turismo - Nitu - Noticias de la Industria Turistica","isPartOf":{"@id":"https:\/\/nitu.mx\/#website"},"primaryImageOfPage":{"@id":"https:\/\/nitu.mx\/index.php\/2019\/01\/28\/cptq-sera-parte-del-consejo-mundial-de-viajes-y-turismo\/#primaryimage"},"image":{"@id":"https:\/\/nitu.mx\/index.php\/2019\/01\/28\/cptq-sera-parte-del-consejo-mundial-de-viajes-y-turismo\/#primaryimage"},"thumbnailUrl":"https:\/\/nitu.mx\/wp-content\/uploads\/2018\/08\/Caribe-mexicano.jpg","datePublished":"2019-01-28T07:45:36+00:00","dateModified":"2019-01-28T08:20:29+00:00","description":"El Consejo de Promoci\u00f3n Tur\u00edstica de Quintana Roo (CPTQ) funjir\u00e1 formalmente como miembro del Consejo Mundial de Viajes y Turismo.","breadcrumb":{"@id":"https:\/\/nitu.mx\/index.php\/2019\/01\/28\/cptq-sera-parte-del-consejo-mundial-de-viajes-y-turismo\/#breadcrumb"},"inLanguage":"es-MX","potentialAction":[{"@type":"ReadAction","target":["https:\/\/nitu.mx\/index.php\/2019\/01\/28\/cptq-sera-parte-del-consejo-mundial-de-viajes-y-turismo\/"]}]},{"@type":"ImageObject","inLanguage":"es-MX","@id":"https:\/\/nitu.mx\/index.php\/2019\/01\/28\/cptq-sera-parte-del-consejo-mundial-de-viajes-y-turismo\/#primaryimage","url":"https:\/\/nitu.mx\/wp-content\/uploads\/2018\/08\/Caribe-mexicano.jpg","contentUrl":"https:\/\/nitu.mx\/wp-content\/uploads\/2018\/08\/Caribe-mexicano.jpg","width":850,"height":480,"caption":"Caribe mexicano WTM Quintana Roo"},{"@type":"BreadcrumbList","@id":"https:\/\/nitu.mx\/index.php\/2019\/01\/28\/cptq-sera-parte-del-consejo-mundial-de-viajes-y-turismo\/#breadcrumb","itemListElement":[{"@type":"ListItem","position":1,"name":"Inicio","item":"https:\/\/nitu.mx\/"},{"@type":"ListItem","position":2,"name":"CPTQ ser\u00e1 parte del Consejo Mundial de Viajes y Turismo"}]},{"@type":"WebSite","@id":"https:\/\/nitu.mx\/#website","url":"https:\/\/nitu.mx\/","name":"Nitu - Noticias de la Industria Turistica","description":"Noticias de la Industria Turistica","publisher":{"@id":"https:\/\/nitu.mx\/#\/schema\/person\/ae7a53426417292d3dd07b45a33e01bc"},"alternateName":"Noticias de la Industria Turistica","potentialAction":[{"@type":"SearchAction","target":{"@type":"EntryPoint","urlTemplate":"https:\/\/nitu.mx\/?s={search_term_string}"},"query-input":"required name=search_term_string"}],"inLanguage":"es-MX"},{"@type":["Person","Organization"],"@id":"https:\/\/nitu.mx\/#\/schema\/person\/ae7a53426417292d3dd07b45a33e01bc","name":"Arturo Medina","image":{"@type":"ImageObject","inLanguage":"es-MX","@id":"https:\/\/nitu.mx\/#\/schema\/person\/image\/","url":"https:\/\/nitu.mx\/wp-content\/uploads\/2024\/04\/4A315622-1904-4D5C-B022-878CDC840E04-90x90-1.jpeg","contentUrl":"https:\/\/nitu.mx\/wp-content\/uploads\/2024\/04\/4A315622-1904-4D5C-B022-878CDC840E04-90x90-1.jpeg","width":90,"height":90,"caption":"Arturo Medina"},"logo":{"@id":"https:\/\/nitu.mx\/#\/schema\/person\/image\/"},"description":"Director NITU.mx, Egresado de la Escuela de Periodismo Carlos Septi\u00e9n Garc\u00eda. Periodista y analista especializado en turismo desde hace 35 a\u00f1os, radicado en Canc\u00fan Q.Roo. arturo@nitu.mx","sameAs":["https:\/\/nitu.mx","https:\/\/www.facebook.com\/NITUmx\/","medinacancun","https:\/\/twitter.com\/@Arturo_Medina_G"]},{"@type":"Person","@id":"https:\/\/nitu.mx\/#\/schema\/person\/4a28fe9bd65924f7c90623773daf1b0b","name":"Redacci\u00f3n","image":{"@type":"ImageObject","inLanguage":"es-MX","@id":"https:\/\/nitu.mx\/#\/schema\/person\/image\/","url":"https:\/\/secure.gravatar.com\/avatar\/5dd011c8ccfc5cd7e4c81e42252aab38?s=96&d=mm&r=g","contentUrl":"https:\/\/secure.gravatar.com\/avatar\/5dd011c8ccfc5cd7e4c81e42252aab38?s=96&d=mm&r=g","caption":"Redacci\u00f3n"},"url":"https:\/\/nitu.mx\/index.php\/author\/redaccion\/"}]}},"views":324,"_links":{"self":[{"href":"https:\/\/nitu.mx\/index.php\/wp-json\/wp\/v2\/posts\/28615"}],"collection":[{"href":"https:\/\/nitu.mx\/index.php\/wp-json\/wp\/v2\/posts"}],"about":[{"href":"https:\/\/nitu.mx\/index.php\/wp-json\/wp\/v2\/types\/post"}],"author":[{"embeddable":true,"href":"https:\/\/nitu.mx\/index.php\/wp-json\/wp\/v2\/users\/17"}],"replies":[{"embeddable":true,"href":"https:\/\/nitu.mx\/index.php\/wp-json\/wp\/v2\/comments?post=28615"}],"version-history":[{"count":3,"href":"https:\/\/nitu.mx\/index.php\/wp-json\/wp\/v2\/posts\/28615\/revisions"}],"predecessor-version":[{"id":28640,"href":"https:\/\/nitu.mx\/index.php\/wp-json\/wp\/v2\/posts\/28615\/revisions\/28640"}],"wp:featuredmedia":[{"embeddable":true,"href":"https:\/\/nitu.mx\/index.php\/wp-json\/wp\/v2\/media\/24037"}],"wp:attachment":[{"href":"https:\/\/nitu.mx\/index.php\/wp-json\/wp\/v2\/media?parent=28615"}],"wp:term":[{"taxonomy":"category","embeddable":true,"href":"https:\/\/nitu.mx\/index.php\/wp-json\/wp\/v2\/categories?post=28615"},{"taxonomy":"post_tag","embeddable":true,"href":"https:\/\/nitu.mx\/index.php\/wp-json\/wp\/v2\/tags?post=28615"}],"curies":[{"name":"wp","href":"https:\/\/api.w.org\/{rel}","templated":true}]}}