{"id":28613,"date":"2019-01-28T03:14:31","date_gmt":"2019-01-28T08:14:31","guid":{"rendered":"https:\/\/www.dev.nitu.mx\/?p=28613"},"modified":"2019-01-28T03:20:42","modified_gmt":"2019-01-28T08:20:42","slug":"presentan-ante-inversionistas-espanoles-el-portafolio-para-la-promocion-de-la-inversion-turistica-de-q-roo","status":"publish","type":"post","link":"https:\/\/nitu.mx\/index.php\/2019\/01\/28\/presentan-ante-inversionistas-espanoles-el-portafolio-para-la-promocion-de-la-inversion-turistica-de-q-roo\/","title":{"rendered":"Presentan ante inversionistas espa\u00f1oles el portafolio para la Promoci\u00f3n de la Inversi\u00f3n Tur\u00edstica de Q. Roo"},"content":{"rendered":"<p>Para continuar fomentando el desarrollo, la inversi\u00f3n y la generaci\u00f3n de m\u00e1s y mejores empleos en la administraci\u00f3n del gobernador Carlos Joaqu\u00edn, la secretaria de Turismo Marisol Vanegas P\u00e9rez present\u00f3 a diversos grupos de inversionistas y desarrolladores el \u201cPortafolio para la Promoci\u00f3n de la Inversi\u00f3n Tur\u00edstica en el estado de Quintana Roo\u201d.<\/p>\n<p>En el marco de la 39 edici\u00f3n de FITUR, que se celebra en Madrid, la secretaria de Turismo destac\u00f3 que el documento concentra informaci\u00f3n de proyectos estrat\u00e9gicos impulsados por el gobernador Carlos Joaqu\u00edn, y que son desarrollados por las oficinas de la Agencia de Proyectos Estrat\u00e9gicos de Quintana Roo (AGEPRO), el Instituto para el Desarrollo y Financiamiento del Estado de Quintana Roo (IDEFIN), Secretar\u00eda de Desarrollo Econ\u00f3mico SEDE y la Secretar\u00eda de Turismo (SEDETUR).<\/p>\n<p>Con 103 mil habitaciones en operaci\u00f3n y 30 mil nuevos cuartos en proceso de construcci\u00f3n, Quintana Roo es un destino fuerte y competitivo que genera confianza entre inversionistas, ya que existe certeza en la calidad de su producto.<\/p>\n<p>El gobernador Carlos Joaqu\u00edn impulsa pol\u00edticas p\u00fablicas para atraer m\u00e1s inversiones que consolidan a la entidad como potencia tur\u00edstica regional y para que la econom\u00eda de Quintana Roo se mantenga entre las cinco m\u00e1s importantes del pa\u00eds, para contribuir a disminuir la desigualdad con m\u00e1s y mejores oportunidades para que la gente viva mejor.<\/p>\n<p>El Portafolio \u2013a\u00f1adi\u00f3 la secretaria Vanegas P\u00e9rez \u2013 contiene informaci\u00f3n relevante que permitir\u00e1 facilitar las decisiones de inversi\u00f3n al se\u00f1alar los destinos que ya se han desarrollado y que se encuentran consolidados o en proceso, as\u00ed como aquellos en los que se estima que existen espacios para iniciar emprendimientos.<\/p>\n<p>Los inversionistas podr\u00e1n conocer informaci\u00f3n relevante, as\u00ed como el marco legal y t\u00e9cnico que les permitir\u00e1 soportar sus proyectos y propiciar la ampliaci\u00f3n de infraestructura b\u00e1sica y complementaria relacionada directa o indirectamente con el turismo, que permiten avanzar juntos en la protecci\u00f3n y la preservaci\u00f3n de la riqueza natural, de la que est\u00e1n orgullosos los quintanarroenses.<\/p>\n","protected":false},"excerpt":{"rendered":"<p>Para continuar fomentando el desarrollo, la inversi\u00f3n y la generaci\u00f3n de m\u00e1s y mejores empleos en la administraci\u00f3n del gobernador Carlos Joaqu\u00edn, la secretaria de Turismo Marisol Vanegas P\u00e9rez present\u00f3 a diversos grupos de inversionistas y desarrolladores el \u201cPortafolio para la Promoci\u00f3n de la Inversi\u00f3n Tur\u00edstica en el estado de Quintana Roo\u201d. En el marco [&hellip;]<\/p>\n","protected":false},"author":17,"featured_media":24395,"comment_status":"open","ping_status":"open","sticky":false,"template":"","format":"standard","meta":{"footnotes":""},"categories":[5,6],"tags":[14294,14293,5861,8797,4217,12981],"yoast_head":"<!-- This site is optimized with the Yoast SEO plugin v22.2 - https:\/\/yoast.com\/wordpress\/plugins\/seo\/ -->\n<title>Presentan ante inversionistas espa\u00f1oles el portafolio para la Promoci\u00f3n de la Inversi\u00f3n Tur\u00edstica de Q. Roo - Nitu - Noticias de la Industria Turistica<\/title>\n<meta name=\"robots\" content=\"index, follow, max-snippet:-1, max-image-preview:large, max-video-preview:-1\" \/>\n<link rel=\"canonical\" href=\"https:\/\/nitu.mx\/index.php\/2019\/01\/28\/presentan-ante-inversionistas-espanoles-el-portafolio-para-la-promocion-de-la-inversion-turistica-de-q-roo\/\" \/>\n<meta name=\"twitter:card\" content=\"summary_large_image\" \/>\n<meta name=\"twitter:title\" content=\"Presentan ante inversionistas espa\u00f1oles el portafolio para la Promoci\u00f3n de la Inversi\u00f3n Tur\u00edstica de Q. Roo - Nitu - Noticias de la Industria Turistica\" \/>\n<meta name=\"twitter:description\" content=\"Para continuar fomentando el desarrollo, la inversi\u00f3n y la generaci\u00f3n de m\u00e1s y mejores empleos en la administraci\u00f3n del gobernador Carlos Joaqu\u00edn, la secretaria de Turismo Marisol Vanegas P\u00e9rez present\u00f3 a diversos grupos de inversionistas y desarrolladores el \u201cPortafolio para la Promoci\u00f3n de la Inversi\u00f3n Tur\u00edstica en el estado de Quintana Roo\u201d. En el marco [&hellip;]\" \/>\n<meta name=\"twitter:image\" content=\"https:\/\/nitu.mx\/wp-content\/uploads\/2018\/09\/Sedetur-Marisol-Vanegas.jpg\" \/>\n<meta name=\"twitter:creator\" content=\"@NITUmx\" \/>\n<meta name=\"twitter:site\" content=\"@Arturo_Medina_G\" \/>\n<meta name=\"twitter:label1\" content=\"Escrito por\" \/>\n\t<meta name=\"twitter:data1\" content=\"Redacci\u00f3n\" \/>\n\t<meta name=\"twitter:label2\" content=\"Tiempo de lectura\" \/>\n\t<meta name=\"twitter:data2\" content=\"2 minutos\" \/>\n<script type=\"application\/ld+json\" class=\"yoast-schema-graph\">{\"@context\":\"https:\/\/schema.org\",\"@graph\":[{\"@type\":\"Article\",\"@id\":\"https:\/\/nitu.mx\/index.php\/2019\/01\/28\/presentan-ante-inversionistas-espanoles-el-portafolio-para-la-promocion-de-la-inversion-turistica-de-q-roo\/#article\",\"isPartOf\":{\"@id\":\"https:\/\/nitu.mx\/index.php\/2019\/01\/28\/presentan-ante-inversionistas-espanoles-el-portafolio-para-la-promocion-de-la-inversion-turistica-de-q-roo\/\"},\"author\":{\"name\":\"Redacci\u00f3n\",\"@id\":\"https:\/\/nitu.mx\/#\/schema\/person\/4a28fe9bd65924f7c90623773daf1b0b\"},\"headline\":\"Presentan ante inversionistas espa\u00f1oles el portafolio para la Promoci\u00f3n de la Inversi\u00f3n Tur\u00edstica de Q. Roo\",\"datePublished\":\"2019-01-28T08:14:31+00:00\",\"dateModified\":\"2019-01-28T08:20:42+00:00\",\"mainEntityOfPage\":{\"@id\":\"https:\/\/nitu.mx\/index.php\/2019\/01\/28\/presentan-ante-inversionistas-espanoles-el-portafolio-para-la-promocion-de-la-inversion-turistica-de-q-roo\/\"},\"wordCount\":380,\"commentCount\":0,\"publisher\":{\"@id\":\"https:\/\/nitu.mx\/#\/schema\/person\/ae7a53426417292d3dd07b45a33e01bc\"},\"image\":{\"@id\":\"https:\/\/nitu.mx\/index.php\/2019\/01\/28\/presentan-ante-inversionistas-espanoles-el-portafolio-para-la-promocion-de-la-inversion-turistica-de-q-roo\/#primaryimage\"},\"thumbnailUrl\":\"https:\/\/nitu.mx\/wp-content\/uploads\/2018\/09\/Sedetur-Marisol-Vanegas.jpg\",\"keywords\":[\"\u201cPortafolio para la Promoci\u00f3n de la Inversi\u00f3n Tur\u00edstica en el estado de Quintana Roo\u201d\",\"desarrolladores\",\"Gobernador Carlos Joaqu\u00edn\",\"habitaciones\",\"Inversionistas\",\"Secretar\u00eda de Turismo Marisol Vanegas P\u00e9rez\"],\"articleSection\":[\"Destinos\",\"M\u00e9xico\"],\"inLanguage\":\"es-MX\",\"potentialAction\":[{\"@type\":\"CommentAction\",\"name\":\"Comment\",\"target\":[\"https:\/\/nitu.mx\/index.php\/2019\/01\/28\/presentan-ante-inversionistas-espanoles-el-portafolio-para-la-promocion-de-la-inversion-turistica-de-q-roo\/#respond\"]}]},{\"@type\":\"WebPage\",\"@id\":\"https:\/\/nitu.mx\/index.php\/2019\/01\/28\/presentan-ante-inversionistas-espanoles-el-portafolio-para-la-promocion-de-la-inversion-turistica-de-q-roo\/\",\"url\":\"https:\/\/nitu.mx\/index.php\/2019\/01\/28\/presentan-ante-inversionistas-espanoles-el-portafolio-para-la-promocion-de-la-inversion-turistica-de-q-roo\/\",\"name\":\"Presentan ante inversionistas espa\u00f1oles el portafolio para la Promoci\u00f3n de la Inversi\u00f3n Tur\u00edstica de Q. Roo - Nitu - Noticias de la Industria Turistica\",\"isPartOf\":{\"@id\":\"https:\/\/nitu.mx\/#website\"},\"primaryImageOfPage\":{\"@id\":\"https:\/\/nitu.mx\/index.php\/2019\/01\/28\/presentan-ante-inversionistas-espanoles-el-portafolio-para-la-promocion-de-la-inversion-turistica-de-q-roo\/#primaryimage\"},\"image\":{\"@id\":\"https:\/\/nitu.mx\/index.php\/2019\/01\/28\/presentan-ante-inversionistas-espanoles-el-portafolio-para-la-promocion-de-la-inversion-turistica-de-q-roo\/#primaryimage\"},\"thumbnailUrl\":\"https:\/\/nitu.mx\/wp-content\/uploads\/2018\/09\/Sedetur-Marisol-Vanegas.jpg\",\"datePublished\":\"2019-01-28T08:14:31+00:00\",\"dateModified\":\"2019-01-28T08:20:42+00:00\",\"breadcrumb\":{\"@id\":\"https:\/\/nitu.mx\/index.php\/2019\/01\/28\/presentan-ante-inversionistas-espanoles-el-portafolio-para-la-promocion-de-la-inversion-turistica-de-q-roo\/#breadcrumb\"},\"inLanguage\":\"es-MX\",\"potentialAction\":[{\"@type\":\"ReadAction\",\"target\":[\"https:\/\/nitu.mx\/index.php\/2019\/01\/28\/presentan-ante-inversionistas-espanoles-el-portafolio-para-la-promocion-de-la-inversion-turistica-de-q-roo\/\"]}]},{\"@type\":\"ImageObject\",\"inLanguage\":\"es-MX\",\"@id\":\"https:\/\/nitu.mx\/index.php\/2019\/01\/28\/presentan-ante-inversionistas-espanoles-el-portafolio-para-la-promocion-de-la-inversion-turistica-de-q-roo\/#primaryimage\",\"url\":\"https:\/\/nitu.mx\/wp-content\/uploads\/2018\/09\/Sedetur-Marisol-Vanegas.jpg\",\"contentUrl\":\"https:\/\/nitu.mx\/wp-content\/uploads\/2018\/09\/Sedetur-Marisol-Vanegas.jpg\",\"width\":850,\"height\":480,\"caption\":\"Sedetur\"},{\"@type\":\"BreadcrumbList\",\"@id\":\"https:\/\/nitu.mx\/index.php\/2019\/01\/28\/presentan-ante-inversionistas-espanoles-el-portafolio-para-la-promocion-de-la-inversion-turistica-de-q-roo\/#breadcrumb\",\"itemListElement\":[{\"@type\":\"ListItem\",\"position\":1,\"name\":\"Inicio\",\"item\":\"https:\/\/nitu.mx\/\"},{\"@type\":\"ListItem\",\"position\":2,\"name\":\"Presentan ante inversionistas espa\u00f1oles el portafolio para la Promoci\u00f3n de la Inversi\u00f3n Tur\u00edstica de Q. Roo\"}]},{\"@type\":\"WebSite\",\"@id\":\"https:\/\/nitu.mx\/#website\",\"url\":\"https:\/\/nitu.mx\/\",\"name\":\"Nitu - Noticias de la Industria Turistica\",\"description\":\"Noticias de la Industria Turistica\",\"publisher\":{\"@id\":\"https:\/\/nitu.mx\/#\/schema\/person\/ae7a53426417292d3dd07b45a33e01bc\"},\"alternateName\":\"Noticias de la Industria Turistica\",\"potentialAction\":[{\"@type\":\"SearchAction\",\"target\":{\"@type\":\"EntryPoint\",\"urlTemplate\":\"https:\/\/nitu.mx\/?s={search_term_string}\"},\"query-input\":\"required name=search_term_string\"}],\"inLanguage\":\"es-MX\"},{\"@type\":[\"Person\",\"Organization\"],\"@id\":\"https:\/\/nitu.mx\/#\/schema\/person\/ae7a53426417292d3dd07b45a33e01bc\",\"name\":\"Arturo Medina\",\"image\":{\"@type\":\"ImageObject\",\"inLanguage\":\"es-MX\",\"@id\":\"https:\/\/nitu.mx\/#\/schema\/person\/image\/\",\"url\":\"https:\/\/nitu.mx\/wp-content\/uploads\/2024\/04\/4A315622-1904-4D5C-B022-878CDC840E04-90x90-1.jpeg\",\"contentUrl\":\"https:\/\/nitu.mx\/wp-content\/uploads\/2024\/04\/4A315622-1904-4D5C-B022-878CDC840E04-90x90-1.jpeg\",\"width\":90,\"height\":90,\"caption\":\"Arturo Medina\"},\"logo\":{\"@id\":\"https:\/\/nitu.mx\/#\/schema\/person\/image\/\"},\"description\":\"Director NITU.mx, Egresado de la Escuela de Periodismo Carlos Septi\u00e9n Garc\u00eda. Periodista y analista especializado en turismo desde hace 35 a\u00f1os, radicado en Canc\u00fan Q.Roo. arturo@nitu.mx\",\"sameAs\":[\"https:\/\/nitu.mx\",\"https:\/\/www.facebook.com\/NITUmx\/\",\"medinacancun\",\"https:\/\/twitter.com\/@Arturo_Medina_G\"]},{\"@type\":\"Person\",\"@id\":\"https:\/\/nitu.mx\/#\/schema\/person\/4a28fe9bd65924f7c90623773daf1b0b\",\"name\":\"Redacci\u00f3n\",\"image\":{\"@type\":\"ImageObject\",\"inLanguage\":\"es-MX\",\"@id\":\"https:\/\/nitu.mx\/#\/schema\/person\/image\/\",\"url\":\"https:\/\/secure.gravatar.com\/avatar\/5dd011c8ccfc5cd7e4c81e42252aab38?s=96&d=mm&r=g\",\"contentUrl\":\"https:\/\/secure.gravatar.com\/avatar\/5dd011c8ccfc5cd7e4c81e42252aab38?s=96&d=mm&r=g\",\"caption\":\"Redacci\u00f3n\"},\"url\":\"https:\/\/nitu.mx\/index.php\/author\/redaccion\/\"}]}<\/script>\n<!-- \/ Yoast SEO plugin. -->","yoast_head_json":{"title":"Presentan ante inversionistas espa\u00f1oles el portafolio para la Promoci\u00f3n de la Inversi\u00f3n Tur\u00edstica de Q. Roo - Nitu - Noticias de la Industria Turistica","robots":{"index":"index","follow":"follow","max-snippet":"max-snippet:-1","max-image-preview":"max-image-preview:large","max-video-preview":"max-video-preview:-1"},"canonical":"https:\/\/nitu.mx\/index.php\/2019\/01\/28\/presentan-ante-inversionistas-espanoles-el-portafolio-para-la-promocion-de-la-inversion-turistica-de-q-roo\/","twitter_card":"summary_large_image","twitter_title":"Presentan ante inversionistas espa\u00f1oles el portafolio para la Promoci\u00f3n de la Inversi\u00f3n Tur\u00edstica de Q. Roo - Nitu - Noticias de la Industria Turistica","twitter_description":"Para continuar fomentando el desarrollo, la inversi\u00f3n y la generaci\u00f3n de m\u00e1s y mejores empleos en la administraci\u00f3n del gobernador Carlos Joaqu\u00edn, la secretaria de Turismo Marisol Vanegas P\u00e9rez present\u00f3 a diversos grupos de inversionistas y desarrolladores el \u201cPortafolio para la Promoci\u00f3n de la Inversi\u00f3n Tur\u00edstica en el estado de Quintana Roo\u201d. En el marco [&hellip;]","twitter_image":"https:\/\/nitu.mx\/wp-content\/uploads\/2018\/09\/Sedetur-Marisol-Vanegas.jpg","twitter_creator":"@NITUmx","twitter_site":"@Arturo_Medina_G","twitter_misc":{"Escrito por":"Redacci\u00f3n","Tiempo de lectura":"2 minutos"},"schema":{"@context":"https:\/\/schema.org","@graph":[{"@type":"Article","@id":"https:\/\/nitu.mx\/index.php\/2019\/01\/28\/presentan-ante-inversionistas-espanoles-el-portafolio-para-la-promocion-de-la-inversion-turistica-de-q-roo\/#article","isPartOf":{"@id":"https:\/\/nitu.mx\/index.php\/2019\/01\/28\/presentan-ante-inversionistas-espanoles-el-portafolio-para-la-promocion-de-la-inversion-turistica-de-q-roo\/"},"author":{"name":"Redacci\u00f3n","@id":"https:\/\/nitu.mx\/#\/schema\/person\/4a28fe9bd65924f7c90623773daf1b0b"},"headline":"Presentan ante inversionistas espa\u00f1oles el portafolio para la Promoci\u00f3n de la Inversi\u00f3n Tur\u00edstica de Q. Roo","datePublished":"2019-01-28T08:14:31+00:00","dateModified":"2019-01-28T08:20:42+00:00","mainEntityOfPage":{"@id":"https:\/\/nitu.mx\/index.php\/2019\/01\/28\/presentan-ante-inversionistas-espanoles-el-portafolio-para-la-promocion-de-la-inversion-turistica-de-q-roo\/"},"wordCount":380,"commentCount":0,"publisher":{"@id":"https:\/\/nitu.mx\/#\/schema\/person\/ae7a53426417292d3dd07b45a33e01bc"},"image":{"@id":"https:\/\/nitu.mx\/index.php\/2019\/01\/28\/presentan-ante-inversionistas-espanoles-el-portafolio-para-la-promocion-de-la-inversion-turistica-de-q-roo\/#primaryimage"},"thumbnailUrl":"https:\/\/nitu.mx\/wp-content\/uploads\/2018\/09\/Sedetur-Marisol-Vanegas.jpg","keywords":["\u201cPortafolio para la Promoci\u00f3n de la Inversi\u00f3n Tur\u00edstica en el estado de Quintana Roo\u201d","desarrolladores","Gobernador Carlos Joaqu\u00edn","habitaciones","Inversionistas","Secretar\u00eda de Turismo Marisol Vanegas P\u00e9rez"],"articleSection":["Destinos","M\u00e9xico"],"inLanguage":"es-MX","potentialAction":[{"@type":"CommentAction","name":"Comment","target":["https:\/\/nitu.mx\/index.php\/2019\/01\/28\/presentan-ante-inversionistas-espanoles-el-portafolio-para-la-promocion-de-la-inversion-turistica-de-q-roo\/#respond"]}]},{"@type":"WebPage","@id":"https:\/\/nitu.mx\/index.php\/2019\/01\/28\/presentan-ante-inversionistas-espanoles-el-portafolio-para-la-promocion-de-la-inversion-turistica-de-q-roo\/","url":"https:\/\/nitu.mx\/index.php\/2019\/01\/28\/presentan-ante-inversionistas-espanoles-el-portafolio-para-la-promocion-de-la-inversion-turistica-de-q-roo\/","name":"Presentan ante inversionistas espa\u00f1oles el portafolio para la Promoci\u00f3n de la Inversi\u00f3n Tur\u00edstica de Q. Roo - Nitu - Noticias de la Industria Turistica","isPartOf":{"@id":"https:\/\/nitu.mx\/#website"},"primaryImageOfPage":{"@id":"https:\/\/nitu.mx\/index.php\/2019\/01\/28\/presentan-ante-inversionistas-espanoles-el-portafolio-para-la-promocion-de-la-inversion-turistica-de-q-roo\/#primaryimage"},"image":{"@id":"https:\/\/nitu.mx\/index.php\/2019\/01\/28\/presentan-ante-inversionistas-espanoles-el-portafolio-para-la-promocion-de-la-inversion-turistica-de-q-roo\/#primaryimage"},"thumbnailUrl":"https:\/\/nitu.mx\/wp-content\/uploads\/2018\/09\/Sedetur-Marisol-Vanegas.jpg","datePublished":"2019-01-28T08:14:31+00:00","dateModified":"2019-01-28T08:20:42+00:00","breadcrumb":{"@id":"https:\/\/nitu.mx\/index.php\/2019\/01\/28\/presentan-ante-inversionistas-espanoles-el-portafolio-para-la-promocion-de-la-inversion-turistica-de-q-roo\/#breadcrumb"},"inLanguage":"es-MX","potentialAction":[{"@type":"ReadAction","target":["https:\/\/nitu.mx\/index.php\/2019\/01\/28\/presentan-ante-inversionistas-espanoles-el-portafolio-para-la-promocion-de-la-inversion-turistica-de-q-roo\/"]}]},{"@type":"ImageObject","inLanguage":"es-MX","@id":"https:\/\/nitu.mx\/index.php\/2019\/01\/28\/presentan-ante-inversionistas-espanoles-el-portafolio-para-la-promocion-de-la-inversion-turistica-de-q-roo\/#primaryimage","url":"https:\/\/nitu.mx\/wp-content\/uploads\/2018\/09\/Sedetur-Marisol-Vanegas.jpg","contentUrl":"https:\/\/nitu.mx\/wp-content\/uploads\/2018\/09\/Sedetur-Marisol-Vanegas.jpg","width":850,"height":480,"caption":"Sedetur"},{"@type":"BreadcrumbList","@id":"https:\/\/nitu.mx\/index.php\/2019\/01\/28\/presentan-ante-inversionistas-espanoles-el-portafolio-para-la-promocion-de-la-inversion-turistica-de-q-roo\/#breadcrumb","itemListElement":[{"@type":"ListItem","position":1,"name":"Inicio","item":"https:\/\/nitu.mx\/"},{"@type":"ListItem","position":2,"name":"Presentan ante inversionistas espa\u00f1oles el portafolio para la Promoci\u00f3n de la Inversi\u00f3n Tur\u00edstica de Q. Roo"}]},{"@type":"WebSite","@id":"https:\/\/nitu.mx\/#website","url":"https:\/\/nitu.mx\/","name":"Nitu - Noticias de la Industria Turistica","description":"Noticias de la Industria Turistica","publisher":{"@id":"https:\/\/nitu.mx\/#\/schema\/person\/ae7a53426417292d3dd07b45a33e01bc"},"alternateName":"Noticias de la Industria Turistica","potentialAction":[{"@type":"SearchAction","target":{"@type":"EntryPoint","urlTemplate":"https:\/\/nitu.mx\/?s={search_term_string}"},"query-input":"required name=search_term_string"}],"inLanguage":"es-MX"},{"@type":["Person","Organization"],"@id":"https:\/\/nitu.mx\/#\/schema\/person\/ae7a53426417292d3dd07b45a33e01bc","name":"Arturo Medina","image":{"@type":"ImageObject","inLanguage":"es-MX","@id":"https:\/\/nitu.mx\/#\/schema\/person\/image\/","url":"https:\/\/nitu.mx\/wp-content\/uploads\/2024\/04\/4A315622-1904-4D5C-B022-878CDC840E04-90x90-1.jpeg","contentUrl":"https:\/\/nitu.mx\/wp-content\/uploads\/2024\/04\/4A315622-1904-4D5C-B022-878CDC840E04-90x90-1.jpeg","width":90,"height":90,"caption":"Arturo Medina"},"logo":{"@id":"https:\/\/nitu.mx\/#\/schema\/person\/image\/"},"description":"Director NITU.mx, Egresado de la Escuela de Periodismo Carlos Septi\u00e9n Garc\u00eda. Periodista y analista especializado en turismo desde hace 35 a\u00f1os, radicado en Canc\u00fan Q.Roo. arturo@nitu.mx","sameAs":["https:\/\/nitu.mx","https:\/\/www.facebook.com\/NITUmx\/","medinacancun","https:\/\/twitter.com\/@Arturo_Medina_G"]},{"@type":"Person","@id":"https:\/\/nitu.mx\/#\/schema\/person\/4a28fe9bd65924f7c90623773daf1b0b","name":"Redacci\u00f3n","image":{"@type":"ImageObject","inLanguage":"es-MX","@id":"https:\/\/nitu.mx\/#\/schema\/person\/image\/","url":"https:\/\/secure.gravatar.com\/avatar\/5dd011c8ccfc5cd7e4c81e42252aab38?s=96&d=mm&r=g","contentUrl":"https:\/\/secure.gravatar.com\/avatar\/5dd011c8ccfc5cd7e4c81e42252aab38?s=96&d=mm&r=g","caption":"Redacci\u00f3n"},"url":"https:\/\/nitu.mx\/index.php\/author\/redaccion\/"}]}},"views":272,"_links":{"self":[{"href":"https:\/\/nitu.mx\/index.php\/wp-json\/wp\/v2\/posts\/28613"}],"collection":[{"href":"https:\/\/nitu.mx\/index.php\/wp-json\/wp\/v2\/posts"}],"about":[{"href":"https:\/\/nitu.mx\/index.php\/wp-json\/wp\/v2\/types\/post"}],"author":[{"embeddable":true,"href":"https:\/\/nitu.mx\/index.php\/wp-json\/wp\/v2\/users\/17"}],"replies":[{"embeddable":true,"href":"https:\/\/nitu.mx\/index.php\/wp-json\/wp\/v2\/comments?post=28613"}],"version-history":[{"count":3,"href":"https:\/\/nitu.mx\/index.php\/wp-json\/wp\/v2\/posts\/28613\/revisions"}],"predecessor-version":[{"id":28646,"href":"https:\/\/nitu.mx\/index.php\/wp-json\/wp\/v2\/posts\/28613\/revisions\/28646"}],"wp:featuredmedia":[{"embeddable":true,"href":"https:\/\/nitu.mx\/index.php\/wp-json\/wp\/v2\/media\/24395"}],"wp:attachment":[{"href":"https:\/\/nitu.mx\/index.php\/wp-json\/wp\/v2\/media?parent=28613"}],"wp:term":[{"taxonomy":"category","embeddable":true,"href":"https:\/\/nitu.mx\/index.php\/wp-json\/wp\/v2\/categories?post=28613"},{"taxonomy":"post_tag","embeddable":true,"href":"https:\/\/nitu.mx\/index.php\/wp-json\/wp\/v2\/tags?post=28613"}],"curies":[{"name":"wp","href":"https:\/\/api.w.org\/{rel}","templated":true}]}}