{"id":28609,"date":"2019-01-28T03:08:12","date_gmt":"2019-01-28T08:08:12","guid":{"rendered":"https:\/\/www.dev.nitu.mx\/?p=28609"},"modified":"2019-01-28T03:21:20","modified_gmt":"2019-01-28T08:21:20","slug":"la-delegacion-quintanarroense-concluye-con-exito-su-participacion-en-la-fitur-2019","status":"publish","type":"post","link":"https:\/\/nitu.mx\/index.php\/2019\/01\/28\/la-delegacion-quintanarroense-concluye-con-exito-su-participacion-en-la-fitur-2019\/","title":{"rendered":"La delegaci\u00f3n quintanarroense concluye con \u00e9xito su participaci\u00f3n en la FITUR 2019"},"content":{"rendered":"<p>La participaci\u00f3n de la delegaci\u00f3n quintanarroense en la Feria Internacional de Turismo (FITUR) 2019 concluy\u00f3 tras cuatro d\u00edas de actividades en las que se atendieron m\u00e1s de 800 citas de negocios y se proyectaron los principales destinos tur\u00edsticos de la entidad.<\/p>\n<p>Marisol Vanegas P\u00e9rez, secretaria de Turismo de Quintana Roo, se\u00f1al\u00f3 que en este evento se present\u00f3 a Quintana Roo con un producto s\u00f3lido y robusto: m\u00e1s de 103 mil habitaciones y m\u00e1s de 20 millones de visitantes en 2018, lo cual contribuy\u00f3 a la atracci\u00f3n de inversionistas para generar m\u00e1s empleos mejor pagados.<\/p>\n<p>Durante los cuatro d\u00edas de actividades se logr\u00f3, resultado de las acciones de promoci\u00f3n tur\u00edstica encabezadas por el gobernador Carlos Joaqu\u00edn, a trav\u00e9s del Consejo de Promoci\u00f3n Tur\u00edstica de Quintana Roo (CPTQ) y la Secretar\u00eda Estatal de Turismo (SEDETUR), el anuncio de la operaci\u00f3n de nuevos vuelos desde Mosc\u00fa, Rusia, y Quebec, Canad\u00e1.<\/p>\n<p>Dar\u00edo Flota Ocampo, director del Consejo de Promoci\u00f3n Tur\u00edstica de Quintana Roo (CPTQ), detall\u00f3 que la compa\u00f1\u00eda Anextur, que opera sus propios aviones en Canc\u00fan desde el invierno de 2018, extender\u00e1 sus vuelos al verano y probablemente durante todo el a\u00f1o.<\/p>\n<p>\u201cLa intenci\u00f3n de los operadores es que en el pr\u00f3ximo invierno la aerol\u00ednea pase de tener dos vuelos semanales a cinco y, eventualmente, que sean siete vuelos o uno diario\u201d, detall\u00f3 Flota Ocampo.<\/p>\n<p>A\u00f1adi\u00f3 que la aerol\u00ednea canadiense Swimming opera desde la provincia de Quebec un nuevo vuelo a Canc\u00fan, desde diciembre y hasta abril, con lo cual la aerol\u00ednea act\u00faa desde 23 ciudades diferentes de Canad\u00e1<\/p>\n<p>\u201cMayoristas, touroperadores e inversionistas nos han confirmado su gran inter\u00e9s en nuevas inversiones, en consolidar nuevos vuelos y en dar cabida a pr\u00f3ximas aperturas, principalmente en Canc\u00fan y la zona continental de Isla Mujeres, a lo que se suma la llegada de nuevos vuelos que consolidan a Quintana Roo como un destino altamente competitivo, fuerte y, en general, un sector tur\u00edstico robusto\u201d, sostuvo Vanegas P\u00e9rez.<\/p>\n<p>De igual manera, la delegaci\u00f3n de Quintana Roo en la FITUR tambi\u00e9n se reuni\u00f3 con Jaime Alberto Cabal, secretario general adjunto de la Organizaci\u00f3n Mundial del Turismo (OMT), y Alejandro Varela, director regional para las Am\u00e9ricas de la Organizaci\u00f3n Mundial del Turismo, con quienes se acord\u00f3 trabajar en temas de medio ambiente como el arribo del sargazo, con el fin de que los pa\u00edses que presenten estos retos puedan encontrar soluciones en conjunto.<\/p>\n<p>La secretaria de Turismo Marisol Vanegas subray\u00f3 que orgullosamente ahora la entidad formar\u00e1 parte de una selecta agrupaci\u00f3n que integra \u00fanicamente a tres consejos de promoci\u00f3n tur\u00edstica en el mundo: BCD USA, California y Nueva York.<\/p>\n<p>Durante la FITUR 2019, la delegaci\u00f3n quintanarroense sum\u00f3 esfuerzos con Yucat\u00e1n y Campeche para desarrollar la campa\u00f1a de promoci\u00f3n \u201cYucat\u00e1n Pen\u00ednsula\u201d, dieron a conocer de forma conjunta Dar\u00edo Flota Ocampo, director del Consejo de Promoci\u00f3n Tur\u00edstica de Quintana Roo, y Marisol Vanegas P\u00e9rez, secretaria de Turismo<\/p>\n<p>\u201cYucat\u00e1n Pen\u00ednsula\u201d se sum\u00f3 a las acciones que impulsa el gobernador Carlos Joaqu\u00edn de consolidar un Quintana Roo l\u00edder tur\u00edstico regional y seguir atrayendo inversiones que permitan generar m\u00e1s y mejores oportunidades para que la gente viva mejor.<\/p>\n<p>Para esta campa\u00f1a de promoci\u00f3n, cada estado aportar\u00e1 tres millones de pesos. En total, la bolsa suma nueve millones de pesos. As\u00ed, los tres estados que participen en una feria o evento seguramente lo har\u00e1n a trav\u00e9s de este instrumento o formando un multidestino.<\/p>\n","protected":false},"excerpt":{"rendered":"<p>La participaci\u00f3n de la delegaci\u00f3n quintanarroense en la Feria Internacional de Turismo (FITUR) 2019 concluy\u00f3 tras cuatro d\u00edas de actividades en las que se atendieron m\u00e1s de 800 citas de negocios y se proyectaron los principales destinos tur\u00edsticos de la entidad. Marisol Vanegas P\u00e9rez, secretaria de Turismo de Quintana Roo, se\u00f1al\u00f3 que en este evento [&hellip;]<\/p>\n","protected":false},"author":17,"featured_media":28642,"comment_status":"open","ping_status":"open","sticky":false,"template":"","format":"standard","meta":{"footnotes":""},"categories":[1],"tags":[14292,2755,1031,14291,452,260,229,4042],"yoast_head":"<!-- This site is optimized with the Yoast SEO plugin v22.2 - https:\/\/yoast.com\/wordpress\/plugins\/seo\/ -->\n<title>La delegaci\u00f3n quintanarroense concluye con \u00e9xito su participaci\u00f3n en la FITUR 2019 - Nitu - Noticias de la Industria Turistica<\/title>\n<meta name=\"robots\" content=\"index, follow, max-snippet:-1, max-image-preview:large, max-video-preview:-1\" \/>\n<link rel=\"canonical\" href=\"https:\/\/nitu.mx\/index.php\/2019\/01\/28\/la-delegacion-quintanarroense-concluye-con-exito-su-participacion-en-la-fitur-2019\/\" \/>\n<meta name=\"twitter:card\" content=\"summary_large_image\" \/>\n<meta name=\"twitter:title\" content=\"La delegaci\u00f3n quintanarroense concluye con \u00e9xito su participaci\u00f3n en la FITUR 2019 - Nitu - Noticias de la Industria Turistica\" \/>\n<meta name=\"twitter:description\" content=\"La participaci\u00f3n de la delegaci\u00f3n quintanarroense en la Feria Internacional de Turismo (FITUR) 2019 concluy\u00f3 tras cuatro d\u00edas de actividades en las que se atendieron m\u00e1s de 800 citas de negocios y se proyectaron los principales destinos tur\u00edsticos de la entidad. Marisol Vanegas P\u00e9rez, secretaria de Turismo de Quintana Roo, se\u00f1al\u00f3 que en este evento [&hellip;]\" \/>\n<meta name=\"twitter:image\" content=\"https:\/\/nitu.mx\/wp-content\/uploads\/2019\/01\/CPTQ-FITUR.jpg\" \/>\n<meta name=\"twitter:creator\" content=\"@NITUmx\" \/>\n<meta name=\"twitter:site\" content=\"@Arturo_Medina_G\" \/>\n<meta name=\"twitter:label1\" content=\"Escrito por\" \/>\n\t<meta name=\"twitter:data1\" content=\"Redacci\u00f3n\" \/>\n\t<meta name=\"twitter:label2\" content=\"Tiempo de lectura\" \/>\n\t<meta name=\"twitter:data2\" content=\"3 minutos\" \/>\n<script type=\"application\/ld+json\" class=\"yoast-schema-graph\">{\"@context\":\"https:\/\/schema.org\",\"@graph\":[{\"@type\":\"Article\",\"@id\":\"https:\/\/nitu.mx\/index.php\/2019\/01\/28\/la-delegacion-quintanarroense-concluye-con-exito-su-participacion-en-la-fitur-2019\/#article\",\"isPartOf\":{\"@id\":\"https:\/\/nitu.mx\/index.php\/2019\/01\/28\/la-delegacion-quintanarroense-concluye-con-exito-su-participacion-en-la-fitur-2019\/\"},\"author\":{\"name\":\"Redacci\u00f3n\",\"@id\":\"https:\/\/nitu.mx\/#\/schema\/person\/4a28fe9bd65924f7c90623773daf1b0b\"},\"headline\":\"La delegaci\u00f3n quintanarroense concluye con \u00e9xito su participaci\u00f3n en la FITUR 2019\",\"datePublished\":\"2019-01-28T08:08:12+00:00\",\"dateModified\":\"2019-01-28T08:21:20+00:00\",\"mainEntityOfPage\":{\"@id\":\"https:\/\/nitu.mx\/index.php\/2019\/01\/28\/la-delegacion-quintanarroense-concluye-con-exito-su-participacion-en-la-fitur-2019\/\"},\"wordCount\":631,\"commentCount\":0,\"publisher\":{\"@id\":\"https:\/\/nitu.mx\/#\/schema\/person\/ae7a53426417292d3dd07b45a33e01bc\"},\"image\":{\"@id\":\"https:\/\/nitu.mx\/index.php\/2019\/01\/28\/la-delegacion-quintanarroense-concluye-con-exito-su-participacion-en-la-fitur-2019\/#primaryimage\"},\"thumbnailUrl\":\"https:\/\/nitu.mx\/wp-content\/uploads\/2019\/01\/CPTQ-FITUR.jpg\",\"keywords\":[\"BCD USA\",\"California\",\"Canad\u00e1\",\"consejos de promoci\u00f3n tur\u00edstica\",\"Nueva York\",\"Quintana Roo\",\"Rusia\",\"Vuelos\"],\"articleSection\":[\"Sin Categor\u00eda\"],\"inLanguage\":\"es-MX\",\"potentialAction\":[{\"@type\":\"CommentAction\",\"name\":\"Comment\",\"target\":[\"https:\/\/nitu.mx\/index.php\/2019\/01\/28\/la-delegacion-quintanarroense-concluye-con-exito-su-participacion-en-la-fitur-2019\/#respond\"]}]},{\"@type\":\"WebPage\",\"@id\":\"https:\/\/nitu.mx\/index.php\/2019\/01\/28\/la-delegacion-quintanarroense-concluye-con-exito-su-participacion-en-la-fitur-2019\/\",\"url\":\"https:\/\/nitu.mx\/index.php\/2019\/01\/28\/la-delegacion-quintanarroense-concluye-con-exito-su-participacion-en-la-fitur-2019\/\",\"name\":\"La delegaci\u00f3n quintanarroense concluye con \u00e9xito su participaci\u00f3n en la FITUR 2019 - Nitu - Noticias de la Industria Turistica\",\"isPartOf\":{\"@id\":\"https:\/\/nitu.mx\/#website\"},\"primaryImageOfPage\":{\"@id\":\"https:\/\/nitu.mx\/index.php\/2019\/01\/28\/la-delegacion-quintanarroense-concluye-con-exito-su-participacion-en-la-fitur-2019\/#primaryimage\"},\"image\":{\"@id\":\"https:\/\/nitu.mx\/index.php\/2019\/01\/28\/la-delegacion-quintanarroense-concluye-con-exito-su-participacion-en-la-fitur-2019\/#primaryimage\"},\"thumbnailUrl\":\"https:\/\/nitu.mx\/wp-content\/uploads\/2019\/01\/CPTQ-FITUR.jpg\",\"datePublished\":\"2019-01-28T08:08:12+00:00\",\"dateModified\":\"2019-01-28T08:21:20+00:00\",\"breadcrumb\":{\"@id\":\"https:\/\/nitu.mx\/index.php\/2019\/01\/28\/la-delegacion-quintanarroense-concluye-con-exito-su-participacion-en-la-fitur-2019\/#breadcrumb\"},\"inLanguage\":\"es-MX\",\"potentialAction\":[{\"@type\":\"ReadAction\",\"target\":[\"https:\/\/nitu.mx\/index.php\/2019\/01\/28\/la-delegacion-quintanarroense-concluye-con-exito-su-participacion-en-la-fitur-2019\/\"]}]},{\"@type\":\"ImageObject\",\"inLanguage\":\"es-MX\",\"@id\":\"https:\/\/nitu.mx\/index.php\/2019\/01\/28\/la-delegacion-quintanarroense-concluye-con-exito-su-participacion-en-la-fitur-2019\/#primaryimage\",\"url\":\"https:\/\/nitu.mx\/wp-content\/uploads\/2019\/01\/CPTQ-FITUR.jpg\",\"contentUrl\":\"https:\/\/nitu.mx\/wp-content\/uploads\/2019\/01\/CPTQ-FITUR.jpg\",\"width\":850,\"height\":480,\"caption\":\"CPTQ FITUR\"},{\"@type\":\"BreadcrumbList\",\"@id\":\"https:\/\/nitu.mx\/index.php\/2019\/01\/28\/la-delegacion-quintanarroense-concluye-con-exito-su-participacion-en-la-fitur-2019\/#breadcrumb\",\"itemListElement\":[{\"@type\":\"ListItem\",\"position\":1,\"name\":\"Inicio\",\"item\":\"https:\/\/nitu.mx\/\"},{\"@type\":\"ListItem\",\"position\":2,\"name\":\"La delegaci\u00f3n quintanarroense concluye con \u00e9xito su participaci\u00f3n en la FITUR 2019\"}]},{\"@type\":\"WebSite\",\"@id\":\"https:\/\/nitu.mx\/#website\",\"url\":\"https:\/\/nitu.mx\/\",\"name\":\"Nitu - Noticias de la Industria Turistica\",\"description\":\"Noticias de la Industria Turistica\",\"publisher\":{\"@id\":\"https:\/\/nitu.mx\/#\/schema\/person\/ae7a53426417292d3dd07b45a33e01bc\"},\"alternateName\":\"Noticias de la Industria Turistica\",\"potentialAction\":[{\"@type\":\"SearchAction\",\"target\":{\"@type\":\"EntryPoint\",\"urlTemplate\":\"https:\/\/nitu.mx\/?s={search_term_string}\"},\"query-input\":\"required name=search_term_string\"}],\"inLanguage\":\"es-MX\"},{\"@type\":[\"Person\",\"Organization\"],\"@id\":\"https:\/\/nitu.mx\/#\/schema\/person\/ae7a53426417292d3dd07b45a33e01bc\",\"name\":\"Arturo Medina\",\"image\":{\"@type\":\"ImageObject\",\"inLanguage\":\"es-MX\",\"@id\":\"https:\/\/nitu.mx\/#\/schema\/person\/image\/\",\"url\":\"https:\/\/nitu.mx\/wp-content\/uploads\/2024\/04\/4A315622-1904-4D5C-B022-878CDC840E04-90x90-1.jpeg\",\"contentUrl\":\"https:\/\/nitu.mx\/wp-content\/uploads\/2024\/04\/4A315622-1904-4D5C-B022-878CDC840E04-90x90-1.jpeg\",\"width\":90,\"height\":90,\"caption\":\"Arturo Medina\"},\"logo\":{\"@id\":\"https:\/\/nitu.mx\/#\/schema\/person\/image\/\"},\"description\":\"Director NITU.mx, Egresado de la Escuela de Periodismo Carlos Septi\u00e9n Garc\u00eda. Periodista y analista especializado en turismo desde hace 35 a\u00f1os, radicado en Canc\u00fan Q.Roo. arturo@nitu.mx\",\"sameAs\":[\"https:\/\/nitu.mx\",\"https:\/\/www.facebook.com\/NITUmx\/\",\"medinacancun\",\"https:\/\/twitter.com\/@Arturo_Medina_G\"]},{\"@type\":\"Person\",\"@id\":\"https:\/\/nitu.mx\/#\/schema\/person\/4a28fe9bd65924f7c90623773daf1b0b\",\"name\":\"Redacci\u00f3n\",\"image\":{\"@type\":\"ImageObject\",\"inLanguage\":\"es-MX\",\"@id\":\"https:\/\/nitu.mx\/#\/schema\/person\/image\/\",\"url\":\"https:\/\/secure.gravatar.com\/avatar\/5dd011c8ccfc5cd7e4c81e42252aab38?s=96&d=mm&r=g\",\"contentUrl\":\"https:\/\/secure.gravatar.com\/avatar\/5dd011c8ccfc5cd7e4c81e42252aab38?s=96&d=mm&r=g\",\"caption\":\"Redacci\u00f3n\"},\"url\":\"https:\/\/nitu.mx\/index.php\/author\/redaccion\/\"}]}<\/script>\n<!-- \/ Yoast SEO plugin. -->","yoast_head_json":{"title":"La delegaci\u00f3n quintanarroense concluye con \u00e9xito su participaci\u00f3n en la FITUR 2019 - Nitu - Noticias de la Industria Turistica","robots":{"index":"index","follow":"follow","max-snippet":"max-snippet:-1","max-image-preview":"max-image-preview:large","max-video-preview":"max-video-preview:-1"},"canonical":"https:\/\/nitu.mx\/index.php\/2019\/01\/28\/la-delegacion-quintanarroense-concluye-con-exito-su-participacion-en-la-fitur-2019\/","twitter_card":"summary_large_image","twitter_title":"La delegaci\u00f3n quintanarroense concluye con \u00e9xito su participaci\u00f3n en la FITUR 2019 - Nitu - Noticias de la Industria Turistica","twitter_description":"La participaci\u00f3n de la delegaci\u00f3n quintanarroense en la Feria Internacional de Turismo (FITUR) 2019 concluy\u00f3 tras cuatro d\u00edas de actividades en las que se atendieron m\u00e1s de 800 citas de negocios y se proyectaron los principales destinos tur\u00edsticos de la entidad. Marisol Vanegas P\u00e9rez, secretaria de Turismo de Quintana Roo, se\u00f1al\u00f3 que en este evento [&hellip;]","twitter_image":"https:\/\/nitu.mx\/wp-content\/uploads\/2019\/01\/CPTQ-FITUR.jpg","twitter_creator":"@NITUmx","twitter_site":"@Arturo_Medina_G","twitter_misc":{"Escrito por":"Redacci\u00f3n","Tiempo de lectura":"3 minutos"},"schema":{"@context":"https:\/\/schema.org","@graph":[{"@type":"Article","@id":"https:\/\/nitu.mx\/index.php\/2019\/01\/28\/la-delegacion-quintanarroense-concluye-con-exito-su-participacion-en-la-fitur-2019\/#article","isPartOf":{"@id":"https:\/\/nitu.mx\/index.php\/2019\/01\/28\/la-delegacion-quintanarroense-concluye-con-exito-su-participacion-en-la-fitur-2019\/"},"author":{"name":"Redacci\u00f3n","@id":"https:\/\/nitu.mx\/#\/schema\/person\/4a28fe9bd65924f7c90623773daf1b0b"},"headline":"La delegaci\u00f3n quintanarroense concluye con \u00e9xito su participaci\u00f3n en la FITUR 2019","datePublished":"2019-01-28T08:08:12+00:00","dateModified":"2019-01-28T08:21:20+00:00","mainEntityOfPage":{"@id":"https:\/\/nitu.mx\/index.php\/2019\/01\/28\/la-delegacion-quintanarroense-concluye-con-exito-su-participacion-en-la-fitur-2019\/"},"wordCount":631,"commentCount":0,"publisher":{"@id":"https:\/\/nitu.mx\/#\/schema\/person\/ae7a53426417292d3dd07b45a33e01bc"},"image":{"@id":"https:\/\/nitu.mx\/index.php\/2019\/01\/28\/la-delegacion-quintanarroense-concluye-con-exito-su-participacion-en-la-fitur-2019\/#primaryimage"},"thumbnailUrl":"https:\/\/nitu.mx\/wp-content\/uploads\/2019\/01\/CPTQ-FITUR.jpg","keywords":["BCD USA","California","Canad\u00e1","consejos de promoci\u00f3n tur\u00edstica","Nueva York","Quintana Roo","Rusia","Vuelos"],"articleSection":["Sin Categor\u00eda"],"inLanguage":"es-MX","potentialAction":[{"@type":"CommentAction","name":"Comment","target":["https:\/\/nitu.mx\/index.php\/2019\/01\/28\/la-delegacion-quintanarroense-concluye-con-exito-su-participacion-en-la-fitur-2019\/#respond"]}]},{"@type":"WebPage","@id":"https:\/\/nitu.mx\/index.php\/2019\/01\/28\/la-delegacion-quintanarroense-concluye-con-exito-su-participacion-en-la-fitur-2019\/","url":"https:\/\/nitu.mx\/index.php\/2019\/01\/28\/la-delegacion-quintanarroense-concluye-con-exito-su-participacion-en-la-fitur-2019\/","name":"La delegaci\u00f3n quintanarroense concluye con \u00e9xito su participaci\u00f3n en la FITUR 2019 - Nitu - Noticias de la Industria Turistica","isPartOf":{"@id":"https:\/\/nitu.mx\/#website"},"primaryImageOfPage":{"@id":"https:\/\/nitu.mx\/index.php\/2019\/01\/28\/la-delegacion-quintanarroense-concluye-con-exito-su-participacion-en-la-fitur-2019\/#primaryimage"},"image":{"@id":"https:\/\/nitu.mx\/index.php\/2019\/01\/28\/la-delegacion-quintanarroense-concluye-con-exito-su-participacion-en-la-fitur-2019\/#primaryimage"},"thumbnailUrl":"https:\/\/nitu.mx\/wp-content\/uploads\/2019\/01\/CPTQ-FITUR.jpg","datePublished":"2019-01-28T08:08:12+00:00","dateModified":"2019-01-28T08:21:20+00:00","breadcrumb":{"@id":"https:\/\/nitu.mx\/index.php\/2019\/01\/28\/la-delegacion-quintanarroense-concluye-con-exito-su-participacion-en-la-fitur-2019\/#breadcrumb"},"inLanguage":"es-MX","potentialAction":[{"@type":"ReadAction","target":["https:\/\/nitu.mx\/index.php\/2019\/01\/28\/la-delegacion-quintanarroense-concluye-con-exito-su-participacion-en-la-fitur-2019\/"]}]},{"@type":"ImageObject","inLanguage":"es-MX","@id":"https:\/\/nitu.mx\/index.php\/2019\/01\/28\/la-delegacion-quintanarroense-concluye-con-exito-su-participacion-en-la-fitur-2019\/#primaryimage","url":"https:\/\/nitu.mx\/wp-content\/uploads\/2019\/01\/CPTQ-FITUR.jpg","contentUrl":"https:\/\/nitu.mx\/wp-content\/uploads\/2019\/01\/CPTQ-FITUR.jpg","width":850,"height":480,"caption":"CPTQ FITUR"},{"@type":"BreadcrumbList","@id":"https:\/\/nitu.mx\/index.php\/2019\/01\/28\/la-delegacion-quintanarroense-concluye-con-exito-su-participacion-en-la-fitur-2019\/#breadcrumb","itemListElement":[{"@type":"ListItem","position":1,"name":"Inicio","item":"https:\/\/nitu.mx\/"},{"@type":"ListItem","position":2,"name":"La delegaci\u00f3n quintanarroense concluye con \u00e9xito su participaci\u00f3n en la FITUR 2019"}]},{"@type":"WebSite","@id":"https:\/\/nitu.mx\/#website","url":"https:\/\/nitu.mx\/","name":"Nitu - Noticias de la Industria Turistica","description":"Noticias de la Industria Turistica","publisher":{"@id":"https:\/\/nitu.mx\/#\/schema\/person\/ae7a53426417292d3dd07b45a33e01bc"},"alternateName":"Noticias de la Industria Turistica","potentialAction":[{"@type":"SearchAction","target":{"@type":"EntryPoint","urlTemplate":"https:\/\/nitu.mx\/?s={search_term_string}"},"query-input":"required name=search_term_string"}],"inLanguage":"es-MX"},{"@type":["Person","Organization"],"@id":"https:\/\/nitu.mx\/#\/schema\/person\/ae7a53426417292d3dd07b45a33e01bc","name":"Arturo Medina","image":{"@type":"ImageObject","inLanguage":"es-MX","@id":"https:\/\/nitu.mx\/#\/schema\/person\/image\/","url":"https:\/\/nitu.mx\/wp-content\/uploads\/2024\/04\/4A315622-1904-4D5C-B022-878CDC840E04-90x90-1.jpeg","contentUrl":"https:\/\/nitu.mx\/wp-content\/uploads\/2024\/04\/4A315622-1904-4D5C-B022-878CDC840E04-90x90-1.jpeg","width":90,"height":90,"caption":"Arturo Medina"},"logo":{"@id":"https:\/\/nitu.mx\/#\/schema\/person\/image\/"},"description":"Director NITU.mx, Egresado de la Escuela de Periodismo Carlos Septi\u00e9n Garc\u00eda. Periodista y analista especializado en turismo desde hace 35 a\u00f1os, radicado en Canc\u00fan Q.Roo. arturo@nitu.mx","sameAs":["https:\/\/nitu.mx","https:\/\/www.facebook.com\/NITUmx\/","medinacancun","https:\/\/twitter.com\/@Arturo_Medina_G"]},{"@type":"Person","@id":"https:\/\/nitu.mx\/#\/schema\/person\/4a28fe9bd65924f7c90623773daf1b0b","name":"Redacci\u00f3n","image":{"@type":"ImageObject","inLanguage":"es-MX","@id":"https:\/\/nitu.mx\/#\/schema\/person\/image\/","url":"https:\/\/secure.gravatar.com\/avatar\/5dd011c8ccfc5cd7e4c81e42252aab38?s=96&d=mm&r=g","contentUrl":"https:\/\/secure.gravatar.com\/avatar\/5dd011c8ccfc5cd7e4c81e42252aab38?s=96&d=mm&r=g","caption":"Redacci\u00f3n"},"url":"https:\/\/nitu.mx\/index.php\/author\/redaccion\/"}]}},"views":290,"_links":{"self":[{"href":"https:\/\/nitu.mx\/index.php\/wp-json\/wp\/v2\/posts\/28609"}],"collection":[{"href":"https:\/\/nitu.mx\/index.php\/wp-json\/wp\/v2\/posts"}],"about":[{"href":"https:\/\/nitu.mx\/index.php\/wp-json\/wp\/v2\/types\/post"}],"author":[{"embeddable":true,"href":"https:\/\/nitu.mx\/index.php\/wp-json\/wp\/v2\/users\/17"}],"replies":[{"embeddable":true,"href":"https:\/\/nitu.mx\/index.php\/wp-json\/wp\/v2\/comments?post=28609"}],"version-history":[{"count":3,"href":"https:\/\/nitu.mx\/index.php\/wp-json\/wp\/v2\/posts\/28609\/revisions"}],"predecessor-version":[{"id":28644,"href":"https:\/\/nitu.mx\/index.php\/wp-json\/wp\/v2\/posts\/28609\/revisions\/28644"}],"wp:featuredmedia":[{"embeddable":true,"href":"https:\/\/nitu.mx\/index.php\/wp-json\/wp\/v2\/media\/28642"}],"wp:attachment":[{"href":"https:\/\/nitu.mx\/index.php\/wp-json\/wp\/v2\/media?parent=28609"}],"wp:term":[{"taxonomy":"category","embeddable":true,"href":"https:\/\/nitu.mx\/index.php\/wp-json\/wp\/v2\/categories?post=28609"},{"taxonomy":"post_tag","embeddable":true,"href":"https:\/\/nitu.mx\/index.php\/wp-json\/wp\/v2\/tags?post=28609"}],"curies":[{"name":"wp","href":"https:\/\/api.w.org\/{rel}","templated":true}]}}