{"id":28572,"date":"2019-01-25T01:20:06","date_gmt":"2019-01-25T06:20:06","guid":{"rendered":"https:\/\/www.dev.nitu.mx\/?p=28572"},"modified":"2019-01-25T02:22:14","modified_gmt":"2019-01-25T07:22:14","slug":"puerto-morelos-concreta-acuerdos-en-fitur","status":"publish","type":"post","link":"https:\/\/nitu.mx\/index.php\/2019\/01\/25\/puerto-morelos-concreta-acuerdos-en-fitur\/","title":{"rendered":"Puerto Morelos concreta acuerdos en Fitur"},"content":{"rendered":"<p style=\"font-weight: 400;\">En el marco de la Feria Internacional de Turismo (Fitur), la delegaci\u00f3n de Puerto Morelos ha concretado convenios que incrementen los visitantes, la derrama de divisas, compromisos de inversiones e incluso alianzas de promoci\u00f3n.<\/p>\n<p style=\"font-weight: 400;\">H\u00e9ctor Tamayo, director municipal de Turismo del ayuntamiento, inform\u00f3 que mantuvieron reuniones con tour operadores mayoristas y posibles inversionistas que permitir\u00edan aumentar la afluencia de turistas espa\u00f1oles y brit\u00e1nicos, principalmente.<\/p>\n<p style=\"font-weight: 400;\">Uno de los objetivos es posicionar a Puerto Morelos en el mapa mundial del turismo y el destino acude por tercer a\u00f1o consecutivo a la Fitur, a fin de ofertar un amplio cat\u00e1logo de atractivos naturales, gastron\u00f3micos, culturales e hist\u00f3ricos. (<a title=\"Puerto Morelos listo para participar en la FITUR 2019\" href=\"https:\/\/www.dev.nitu.mx\/index.php\/2019\/01\/20\/puerto-morelos-listo-para-participar-en-la-fitur-2019\/\" rel=\"bookmark\">Puerto Morelos listo para participar en la FITUR 2019).<\/a><\/p>\n<p style=\"font-weight: 400;\">El turismo europeo representa 17 por ciento de la ocupaci\u00f3n anual de Puerto Morelos, sobre todo espa\u00f1ol, y esta feria es una oportunidad para fortalecerlo.<\/p>\n<p style=\"font-weight: 400;\">\u201cTuvimos varias citas de negocios. Acordamos con la empresa alemana Tui estrategias de promoci\u00f3n para el mercado brit\u00e1nico, que viene en crecimiento para Quintana Roo&#8221;, explic\u00f3.<\/p>\n<p style=\"font-weight: 400;\">El funcionario dijo que tambi\u00e9n se reunieron con la agencia mayorista Travel Focus, con la cual dise\u00f1ar\u00e1n una estrategia destinada al mercado estadounidense.<\/p>\n<p style=\"font-weight: 400;\">Apunto que lograron concretar la organizaci\u00f3n de un evento deportivo internacional, a realizarse en el mes de noviembre.<\/p>\n<p style=\"font-weight: 400;\">El entrevistado destac\u00f3 que sostuvo una reuni\u00f3n con Luis Portero, fundador y director de la empresa espa\u00f1ola AwayColors, encargada de la gesti\u00f3n, equipamiento, promoci\u00f3n y organizaci\u00f3n de todo tipo de actividades deportivas, culturales, de recreaci\u00f3n, ocio y tiempo libre, incluidas las competiciones.<\/p>\n<p style=\"font-weight: 400;\">\u201cDurante la cita de negocio acordamos la organizaci\u00f3n de un torneo de futbol en el que participar\u00e1 un grupo de 250 controladores a\u00e9reos de diversas partes del mundo. Este es un evento anual que se realiza durante siete d\u00edas en alg\u00fan destino tur\u00edstico, y para este 2019 Puerto Morelos fue el elegido\u201d, agreg\u00f3.<\/p>\n<p style=\"font-weight: 400;\">Tamayo refiri\u00f3 que la competici\u00f3n se realizar\u00e1 en las instalaciones de El Rey Polo Country Club, ubicado en la Ruta de los Cenotes, y destac\u00f3 que la estancia en el destino de todos estos visitantes beneficiar\u00e1 a la hoteler\u00eda, a los prestadores de servicios tur\u00edsticos, restauranteros y comerciantes.<\/p>\n<p style=\"font-weight: 400;\">Otra de las citas de negocio que tuvo fue la sostenida con Jer\u00f3nima Rebassa, gerente de Ventas de Grupo CostaMed, con quien acord\u00f3 revisar y trazar estrategias en conjunto para impulsar el turismo de salud en Puerto Morelos.<\/p>\n","protected":false},"excerpt":{"rendered":"<p>En el marco de la Feria Internacional de Turismo (Fitur), la delegaci\u00f3n de Puerto Morelos ha concretado convenios que incrementen los visitantes, la derrama de divisas, compromisos de inversiones e incluso alianzas de promoci\u00f3n. H\u00e9ctor Tamayo, director municipal de Turismo del ayuntamiento, inform\u00f3 que mantuvieron reuniones con tour operadores mayoristas y posibles inversionistas que permitir\u00edan [&hellip;]<\/p>\n","protected":false},"author":17,"featured_media":22768,"comment_status":"open","ping_status":"open","sticky":false,"template":"","format":"standard","meta":{"footnotes":""},"categories":[5,374],"tags":[14277,14285,2703,14273,126,86,14275,7644],"yoast_head":"<!-- This site is optimized with the Yoast SEO plugin v22.2 - https:\/\/yoast.com\/wordpress\/plugins\/seo\/ -->\n<title>Puerto Morelos concreta acuerdos en Fitur - Nitu - Noticias de la Industria Turistica<\/title>\n<meta name=\"description\" content=\"En Fitur, la delegaci\u00f3n de Puerto Morelos ha concretado convenios que incrementen los visitantes, la derrama de divisas, inversiones y alianzas.\" \/>\n<meta name=\"robots\" content=\"index, follow, max-snippet:-1, max-image-preview:large, max-video-preview:-1\" \/>\n<link rel=\"canonical\" href=\"https:\/\/nitu.mx\/index.php\/2019\/01\/25\/puerto-morelos-concreta-acuerdos-en-fitur\/\" \/>\n<meta name=\"twitter:card\" content=\"summary_large_image\" \/>\n<meta name=\"twitter:title\" content=\"Puerto Morelos concreta acuerdos en Fitur - Nitu - Noticias de la Industria Turistica\" \/>\n<meta name=\"twitter:description\" content=\"En Fitur, la delegaci\u00f3n de Puerto Morelos ha concretado convenios que incrementen los visitantes, la derrama de divisas, inversiones y alianzas.\" \/>\n<meta name=\"twitter:image\" content=\"https:\/\/nitu.mx\/wp-content\/uploads\/2018\/07\/puerto-morelos-sargazo.jpg\" \/>\n<meta name=\"twitter:creator\" content=\"@NITUmx\" \/>\n<meta name=\"twitter:site\" content=\"@Arturo_Medina_G\" \/>\n<meta name=\"twitter:label1\" content=\"Escrito por\" \/>\n\t<meta name=\"twitter:data1\" content=\"Redacci\u00f3n\" \/>\n\t<meta name=\"twitter:label2\" content=\"Tiempo de lectura\" \/>\n\t<meta name=\"twitter:data2\" content=\"2 minutos\" \/>\n<script type=\"application\/ld+json\" class=\"yoast-schema-graph\">{\"@context\":\"https:\/\/schema.org\",\"@graph\":[{\"@type\":\"Article\",\"@id\":\"https:\/\/nitu.mx\/index.php\/2019\/01\/25\/puerto-morelos-concreta-acuerdos-en-fitur\/#article\",\"isPartOf\":{\"@id\":\"https:\/\/nitu.mx\/index.php\/2019\/01\/25\/puerto-morelos-concreta-acuerdos-en-fitur\/\"},\"author\":{\"name\":\"Redacci\u00f3n\",\"@id\":\"https:\/\/nitu.mx\/#\/schema\/person\/4a28fe9bd65924f7c90623773daf1b0b\"},\"headline\":\"Puerto Morelos concreta acuerdos en Fitur\",\"datePublished\":\"2019-01-25T06:20:06+00:00\",\"dateModified\":\"2019-01-25T07:22:14+00:00\",\"mainEntityOfPage\":{\"@id\":\"https:\/\/nitu.mx\/index.php\/2019\/01\/25\/puerto-morelos-concreta-acuerdos-en-fitur\/\"},\"wordCount\":421,\"commentCount\":0,\"publisher\":{\"@id\":\"https:\/\/nitu.mx\/#\/schema\/person\/ae7a53426417292d3dd07b45a33e01bc\"},\"image\":{\"@id\":\"https:\/\/nitu.mx\/index.php\/2019\/01\/25\/puerto-morelos-concreta-acuerdos-en-fitur\/#primaryimage\"},\"thumbnailUrl\":\"https:\/\/nitu.mx\/wp-content\/uploads\/2018\/07\/puerto-morelos-sargazo.jpg\",\"keywords\":[\"AwayColors\",\"CostaMed\",\"FITUR\",\"H\u00e9ctor Tamayo\",\"Madrid\",\"Puerto Morelos\",\"Travel Focus\",\"TUI\"],\"articleSection\":[\"Destinos\",\"Internacional\"],\"inLanguage\":\"es-MX\",\"potentialAction\":[{\"@type\":\"CommentAction\",\"name\":\"Comment\",\"target\":[\"https:\/\/nitu.mx\/index.php\/2019\/01\/25\/puerto-morelos-concreta-acuerdos-en-fitur\/#respond\"]}]},{\"@type\":\"WebPage\",\"@id\":\"https:\/\/nitu.mx\/index.php\/2019\/01\/25\/puerto-morelos-concreta-acuerdos-en-fitur\/\",\"url\":\"https:\/\/nitu.mx\/index.php\/2019\/01\/25\/puerto-morelos-concreta-acuerdos-en-fitur\/\",\"name\":\"Puerto Morelos concreta acuerdos en Fitur - Nitu - Noticias de la Industria Turistica\",\"isPartOf\":{\"@id\":\"https:\/\/nitu.mx\/#website\"},\"primaryImageOfPage\":{\"@id\":\"https:\/\/nitu.mx\/index.php\/2019\/01\/25\/puerto-morelos-concreta-acuerdos-en-fitur\/#primaryimage\"},\"image\":{\"@id\":\"https:\/\/nitu.mx\/index.php\/2019\/01\/25\/puerto-morelos-concreta-acuerdos-en-fitur\/#primaryimage\"},\"thumbnailUrl\":\"https:\/\/nitu.mx\/wp-content\/uploads\/2018\/07\/puerto-morelos-sargazo.jpg\",\"datePublished\":\"2019-01-25T06:20:06+00:00\",\"dateModified\":\"2019-01-25T07:22:14+00:00\",\"description\":\"En Fitur, la delegaci\u00f3n de Puerto Morelos ha concretado convenios que incrementen los visitantes, la derrama de divisas, inversiones y alianzas.\",\"breadcrumb\":{\"@id\":\"https:\/\/nitu.mx\/index.php\/2019\/01\/25\/puerto-morelos-concreta-acuerdos-en-fitur\/#breadcrumb\"},\"inLanguage\":\"es-MX\",\"potentialAction\":[{\"@type\":\"ReadAction\",\"target\":[\"https:\/\/nitu.mx\/index.php\/2019\/01\/25\/puerto-morelos-concreta-acuerdos-en-fitur\/\"]}]},{\"@type\":\"ImageObject\",\"inLanguage\":\"es-MX\",\"@id\":\"https:\/\/nitu.mx\/index.php\/2019\/01\/25\/puerto-morelos-concreta-acuerdos-en-fitur\/#primaryimage\",\"url\":\"https:\/\/nitu.mx\/wp-content\/uploads\/2018\/07\/puerto-morelos-sargazo.jpg\",\"contentUrl\":\"https:\/\/nitu.mx\/wp-content\/uploads\/2018\/07\/puerto-morelos-sargazo.jpg\",\"width\":850,\"height\":480,\"caption\":\"puerto morelos sargazo\"},{\"@type\":\"BreadcrumbList\",\"@id\":\"https:\/\/nitu.mx\/index.php\/2019\/01\/25\/puerto-morelos-concreta-acuerdos-en-fitur\/#breadcrumb\",\"itemListElement\":[{\"@type\":\"ListItem\",\"position\":1,\"name\":\"Inicio\",\"item\":\"https:\/\/nitu.mx\/\"},{\"@type\":\"ListItem\",\"position\":2,\"name\":\"Puerto Morelos concreta acuerdos en Fitur\"}]},{\"@type\":\"WebSite\",\"@id\":\"https:\/\/nitu.mx\/#website\",\"url\":\"https:\/\/nitu.mx\/\",\"name\":\"Nitu - Noticias de la Industria Turistica\",\"description\":\"Noticias de la Industria Turistica\",\"publisher\":{\"@id\":\"https:\/\/nitu.mx\/#\/schema\/person\/ae7a53426417292d3dd07b45a33e01bc\"},\"alternateName\":\"Noticias de la Industria Turistica\",\"potentialAction\":[{\"@type\":\"SearchAction\",\"target\":{\"@type\":\"EntryPoint\",\"urlTemplate\":\"https:\/\/nitu.mx\/?s={search_term_string}\"},\"query-input\":\"required name=search_term_string\"}],\"inLanguage\":\"es-MX\"},{\"@type\":[\"Person\",\"Organization\"],\"@id\":\"https:\/\/nitu.mx\/#\/schema\/person\/ae7a53426417292d3dd07b45a33e01bc\",\"name\":\"Arturo Medina\",\"image\":{\"@type\":\"ImageObject\",\"inLanguage\":\"es-MX\",\"@id\":\"https:\/\/nitu.mx\/#\/schema\/person\/image\/\",\"url\":\"https:\/\/nitu.mx\/wp-content\/uploads\/2024\/04\/4A315622-1904-4D5C-B022-878CDC840E04-90x90-1.jpeg\",\"contentUrl\":\"https:\/\/nitu.mx\/wp-content\/uploads\/2024\/04\/4A315622-1904-4D5C-B022-878CDC840E04-90x90-1.jpeg\",\"width\":90,\"height\":90,\"caption\":\"Arturo Medina\"},\"logo\":{\"@id\":\"https:\/\/nitu.mx\/#\/schema\/person\/image\/\"},\"description\":\"Director NITU.mx, Egresado de la Escuela de Periodismo Carlos Septi\u00e9n Garc\u00eda. Periodista y analista especializado en turismo desde hace 35 a\u00f1os, radicado en Canc\u00fan Q.Roo. arturo@nitu.mx\",\"sameAs\":[\"https:\/\/nitu.mx\",\"https:\/\/www.facebook.com\/NITUmx\/\",\"medinacancun\",\"https:\/\/twitter.com\/@Arturo_Medina_G\"]},{\"@type\":\"Person\",\"@id\":\"https:\/\/nitu.mx\/#\/schema\/person\/4a28fe9bd65924f7c90623773daf1b0b\",\"name\":\"Redacci\u00f3n\",\"image\":{\"@type\":\"ImageObject\",\"inLanguage\":\"es-MX\",\"@id\":\"https:\/\/nitu.mx\/#\/schema\/person\/image\/\",\"url\":\"https:\/\/secure.gravatar.com\/avatar\/5dd011c8ccfc5cd7e4c81e42252aab38?s=96&d=mm&r=g\",\"contentUrl\":\"https:\/\/secure.gravatar.com\/avatar\/5dd011c8ccfc5cd7e4c81e42252aab38?s=96&d=mm&r=g\",\"caption\":\"Redacci\u00f3n\"},\"url\":\"https:\/\/nitu.mx\/index.php\/author\/redaccion\/\"}]}<\/script>\n<!-- \/ Yoast SEO plugin. -->","yoast_head_json":{"title":"Puerto Morelos concreta acuerdos en Fitur - Nitu - Noticias de la Industria Turistica","description":"En Fitur, la delegaci\u00f3n de Puerto Morelos ha concretado convenios que incrementen los visitantes, la derrama de divisas, inversiones y alianzas.","robots":{"index":"index","follow":"follow","max-snippet":"max-snippet:-1","max-image-preview":"max-image-preview:large","max-video-preview":"max-video-preview:-1"},"canonical":"https:\/\/nitu.mx\/index.php\/2019\/01\/25\/puerto-morelos-concreta-acuerdos-en-fitur\/","twitter_card":"summary_large_image","twitter_title":"Puerto Morelos concreta acuerdos en Fitur - Nitu - Noticias de la Industria Turistica","twitter_description":"En Fitur, la delegaci\u00f3n de Puerto Morelos ha concretado convenios que incrementen los visitantes, la derrama de divisas, inversiones y alianzas.","twitter_image":"https:\/\/nitu.mx\/wp-content\/uploads\/2018\/07\/puerto-morelos-sargazo.jpg","twitter_creator":"@NITUmx","twitter_site":"@Arturo_Medina_G","twitter_misc":{"Escrito por":"Redacci\u00f3n","Tiempo de lectura":"2 minutos"},"schema":{"@context":"https:\/\/schema.org","@graph":[{"@type":"Article","@id":"https:\/\/nitu.mx\/index.php\/2019\/01\/25\/puerto-morelos-concreta-acuerdos-en-fitur\/#article","isPartOf":{"@id":"https:\/\/nitu.mx\/index.php\/2019\/01\/25\/puerto-morelos-concreta-acuerdos-en-fitur\/"},"author":{"name":"Redacci\u00f3n","@id":"https:\/\/nitu.mx\/#\/schema\/person\/4a28fe9bd65924f7c90623773daf1b0b"},"headline":"Puerto Morelos concreta acuerdos en Fitur","datePublished":"2019-01-25T06:20:06+00:00","dateModified":"2019-01-25T07:22:14+00:00","mainEntityOfPage":{"@id":"https:\/\/nitu.mx\/index.php\/2019\/01\/25\/puerto-morelos-concreta-acuerdos-en-fitur\/"},"wordCount":421,"commentCount":0,"publisher":{"@id":"https:\/\/nitu.mx\/#\/schema\/person\/ae7a53426417292d3dd07b45a33e01bc"},"image":{"@id":"https:\/\/nitu.mx\/index.php\/2019\/01\/25\/puerto-morelos-concreta-acuerdos-en-fitur\/#primaryimage"},"thumbnailUrl":"https:\/\/nitu.mx\/wp-content\/uploads\/2018\/07\/puerto-morelos-sargazo.jpg","keywords":["AwayColors","CostaMed","FITUR","H\u00e9ctor Tamayo","Madrid","Puerto Morelos","Travel Focus","TUI"],"articleSection":["Destinos","Internacional"],"inLanguage":"es-MX","potentialAction":[{"@type":"CommentAction","name":"Comment","target":["https:\/\/nitu.mx\/index.php\/2019\/01\/25\/puerto-morelos-concreta-acuerdos-en-fitur\/#respond"]}]},{"@type":"WebPage","@id":"https:\/\/nitu.mx\/index.php\/2019\/01\/25\/puerto-morelos-concreta-acuerdos-en-fitur\/","url":"https:\/\/nitu.mx\/index.php\/2019\/01\/25\/puerto-morelos-concreta-acuerdos-en-fitur\/","name":"Puerto Morelos concreta acuerdos en Fitur - Nitu - Noticias de la Industria Turistica","isPartOf":{"@id":"https:\/\/nitu.mx\/#website"},"primaryImageOfPage":{"@id":"https:\/\/nitu.mx\/index.php\/2019\/01\/25\/puerto-morelos-concreta-acuerdos-en-fitur\/#primaryimage"},"image":{"@id":"https:\/\/nitu.mx\/index.php\/2019\/01\/25\/puerto-morelos-concreta-acuerdos-en-fitur\/#primaryimage"},"thumbnailUrl":"https:\/\/nitu.mx\/wp-content\/uploads\/2018\/07\/puerto-morelos-sargazo.jpg","datePublished":"2019-01-25T06:20:06+00:00","dateModified":"2019-01-25T07:22:14+00:00","description":"En Fitur, la delegaci\u00f3n de Puerto Morelos ha concretado convenios que incrementen los visitantes, la derrama de divisas, inversiones y alianzas.","breadcrumb":{"@id":"https:\/\/nitu.mx\/index.php\/2019\/01\/25\/puerto-morelos-concreta-acuerdos-en-fitur\/#breadcrumb"},"inLanguage":"es-MX","potentialAction":[{"@type":"ReadAction","target":["https:\/\/nitu.mx\/index.php\/2019\/01\/25\/puerto-morelos-concreta-acuerdos-en-fitur\/"]}]},{"@type":"ImageObject","inLanguage":"es-MX","@id":"https:\/\/nitu.mx\/index.php\/2019\/01\/25\/puerto-morelos-concreta-acuerdos-en-fitur\/#primaryimage","url":"https:\/\/nitu.mx\/wp-content\/uploads\/2018\/07\/puerto-morelos-sargazo.jpg","contentUrl":"https:\/\/nitu.mx\/wp-content\/uploads\/2018\/07\/puerto-morelos-sargazo.jpg","width":850,"height":480,"caption":"puerto morelos sargazo"},{"@type":"BreadcrumbList","@id":"https:\/\/nitu.mx\/index.php\/2019\/01\/25\/puerto-morelos-concreta-acuerdos-en-fitur\/#breadcrumb","itemListElement":[{"@type":"ListItem","position":1,"name":"Inicio","item":"https:\/\/nitu.mx\/"},{"@type":"ListItem","position":2,"name":"Puerto Morelos concreta acuerdos en Fitur"}]},{"@type":"WebSite","@id":"https:\/\/nitu.mx\/#website","url":"https:\/\/nitu.mx\/","name":"Nitu - Noticias de la Industria Turistica","description":"Noticias de la Industria Turistica","publisher":{"@id":"https:\/\/nitu.mx\/#\/schema\/person\/ae7a53426417292d3dd07b45a33e01bc"},"alternateName":"Noticias de la Industria Turistica","potentialAction":[{"@type":"SearchAction","target":{"@type":"EntryPoint","urlTemplate":"https:\/\/nitu.mx\/?s={search_term_string}"},"query-input":"required name=search_term_string"}],"inLanguage":"es-MX"},{"@type":["Person","Organization"],"@id":"https:\/\/nitu.mx\/#\/schema\/person\/ae7a53426417292d3dd07b45a33e01bc","name":"Arturo Medina","image":{"@type":"ImageObject","inLanguage":"es-MX","@id":"https:\/\/nitu.mx\/#\/schema\/person\/image\/","url":"https:\/\/nitu.mx\/wp-content\/uploads\/2024\/04\/4A315622-1904-4D5C-B022-878CDC840E04-90x90-1.jpeg","contentUrl":"https:\/\/nitu.mx\/wp-content\/uploads\/2024\/04\/4A315622-1904-4D5C-B022-878CDC840E04-90x90-1.jpeg","width":90,"height":90,"caption":"Arturo Medina"},"logo":{"@id":"https:\/\/nitu.mx\/#\/schema\/person\/image\/"},"description":"Director NITU.mx, Egresado de la Escuela de Periodismo Carlos Septi\u00e9n Garc\u00eda. Periodista y analista especializado en turismo desde hace 35 a\u00f1os, radicado en Canc\u00fan Q.Roo. arturo@nitu.mx","sameAs":["https:\/\/nitu.mx","https:\/\/www.facebook.com\/NITUmx\/","medinacancun","https:\/\/twitter.com\/@Arturo_Medina_G"]},{"@type":"Person","@id":"https:\/\/nitu.mx\/#\/schema\/person\/4a28fe9bd65924f7c90623773daf1b0b","name":"Redacci\u00f3n","image":{"@type":"ImageObject","inLanguage":"es-MX","@id":"https:\/\/nitu.mx\/#\/schema\/person\/image\/","url":"https:\/\/secure.gravatar.com\/avatar\/5dd011c8ccfc5cd7e4c81e42252aab38?s=96&d=mm&r=g","contentUrl":"https:\/\/secure.gravatar.com\/avatar\/5dd011c8ccfc5cd7e4c81e42252aab38?s=96&d=mm&r=g","caption":"Redacci\u00f3n"},"url":"https:\/\/nitu.mx\/index.php\/author\/redaccion\/"}]}},"views":246,"_links":{"self":[{"href":"https:\/\/nitu.mx\/index.php\/wp-json\/wp\/v2\/posts\/28572"}],"collection":[{"href":"https:\/\/nitu.mx\/index.php\/wp-json\/wp\/v2\/posts"}],"about":[{"href":"https:\/\/nitu.mx\/index.php\/wp-json\/wp\/v2\/types\/post"}],"author":[{"embeddable":true,"href":"https:\/\/nitu.mx\/index.php\/wp-json\/wp\/v2\/users\/17"}],"replies":[{"embeddable":true,"href":"https:\/\/nitu.mx\/index.php\/wp-json\/wp\/v2\/comments?post=28572"}],"version-history":[{"count":3,"href":"https:\/\/nitu.mx\/index.php\/wp-json\/wp\/v2\/posts\/28572\/revisions"}],"predecessor-version":[{"id":28589,"href":"https:\/\/nitu.mx\/index.php\/wp-json\/wp\/v2\/posts\/28572\/revisions\/28589"}],"wp:featuredmedia":[{"embeddable":true,"href":"https:\/\/nitu.mx\/index.php\/wp-json\/wp\/v2\/media\/22768"}],"wp:attachment":[{"href":"https:\/\/nitu.mx\/index.php\/wp-json\/wp\/v2\/media?parent=28572"}],"wp:term":[{"taxonomy":"category","embeddable":true,"href":"https:\/\/nitu.mx\/index.php\/wp-json\/wp\/v2\/categories?post=28572"},{"taxonomy":"post_tag","embeddable":true,"href":"https:\/\/nitu.mx\/index.php\/wp-json\/wp\/v2\/tags?post=28572"}],"curies":[{"name":"wp","href":"https:\/\/api.w.org\/{rel}","templated":true}]}}