{"id":28569,"date":"2019-01-25T01:12:32","date_gmt":"2019-01-25T06:12:32","guid":{"rendered":"https:\/\/www.dev.nitu.mx\/?p=28569"},"modified":"2019-01-25T05:00:14","modified_gmt":"2019-01-25T10:00:14","slug":"operaran-nuevos-vuelos-desde-moscu-y-quebec-a-caribe-mexicano","status":"publish","type":"post","link":"https:\/\/nitu.mx\/index.php\/2019\/01\/25\/operaran-nuevos-vuelos-desde-moscu-y-quebec-a-caribe-mexicano\/","title":{"rendered":"Operar\u00e1n nuevos vuelos desde Mosc\u00fa y Quebec a Caribe Mexicano"},"content":{"rendered":"<p style=\"font-weight: 400;\">La ruta Moscu\u0301-Cancu\u0301n operado por Azurair, que tiene dos frecuencias semanales prevista originalmente para la temporada de invierno, martes y sa\u0301bado desde el pasado octubre, se mantendra\u0301 por primera vez para el mercado ruso durante el verano, y ya se planea para la pro\u0301xima temporada invernal el aumento de frecuencias a uno diario. El anuncio fue hecho en el marco de la 39 edicio\u0301n de la Feria Internacional de Turismo FITUR por la secretaria de Turismo estatal, Marisol Vanegas y el director general del Consejo de Promocio\u0301n Turi\u0301stica de Quintana Roo, Dari\u0301o Flota Ocampo, como resultado de la reunio\u0301n con Serhat Kockar, CEO y propietario del ATG, Anextour Group y Alfonso Nieto, director.<\/p>\n<p style=\"font-weight: 400;\">En conferencia de prensa en Madrid, la titular de la Secretar\u00eda Estatal de Turismo (SEDETUR), Marisol Vanegas P\u00e9rez, destac\u00f3 el \u00e9xito que despierta el Caribe mexicano en la edici\u00f3n 39 de la FITUR, considerada la mayor feria de turismo de Espa\u00f1a y una de las principales a nivel internacional.<\/p>\n<p style=\"font-weight: 400;\">Resultado de los productos y las acciones de promoci\u00f3n tur\u00edstica encabezadas por el gobernador Carlos Joaqu\u00edn, a trav\u00e9s del Consejo de Promoci\u00f3n Tur\u00edstica de Quintana Roo (CPTQ) y la Secretar\u00eda Estatal de Turismo (SEDETUR), se anunci\u00f3 la operaci\u00f3n de nuevos vuelos desde Mosc\u00fa, Rusia, y Quebec, Canad\u00e1.<\/p>\n<p style=\"font-weight: 400;\">\u201cMayoristas, touroperadores e inversionistas nos han confirmado su gran inter\u00e9s en nuevas inversiones, en consolidar nuevos vuelos y en dar cabida a pr\u00f3ximas aperturas, principalmente en Canc\u00fan y la zona continental de Isla Mujeres, a lo que se suma la llegada de nuevos vuelos que consolidan a Quintana Roo como un destino altamente competitivo, fuerte y, en general, un sector tur\u00edstico robusto\u201d, sostuvo Vanegas P\u00e9rez.\u00a0<a title=\"Quintana Roo participar\u00e1 en la FITUR 2019 con 800 citas programadas\" href=\"https:\/\/www.dev.nitu.mx\/index.php\/2019\/01\/21\/quintana-roo-participara-en-la-fitur-2019-con-800-citas-programadas\/\" rel=\"bookmark\">(Quintana Roo participar\u00e1 en la FITUR 2019 con 800 citas programadas<\/a>).<\/p>\n<p style=\"font-weight: 400;\">El presidente de la Asociaci\u00f3n de Hoteles de la Riviera Maya, Conrad Bergwerf, expres\u00f3 que la FITUR es relevante para el destino. \u201cEl mercado espa\u00f1ol para la Riviera Maya es casi un 30 por ciento de ocupaci\u00f3n hotelera y estamos aqu\u00ed reafirmando nuestra presencia. Una vez m\u00e1s haciendo contacto con los operadores que manejan el mercado con el mensaje de que estamos abiertos a negocio, es un destino seguro y que queremos m\u00e1s negocios, m\u00e1s turistas viniendo hacia lo que es Riviera Maya\u201d, declar\u00f3.<\/p>\n<p style=\"font-weight: 400;\">Dar\u00edo Flota Ocampo, director del Consejo de Promoci\u00f3n Tur\u00edstica de Quintana Roo (CPTQ), detall\u00f3 que la compa\u00f1\u00eda Anextur, que opera sus propios aviones en Canc\u00fan desde el invierno de 2018, extender\u00e1 sus vuelos al verano y probablemente durante todo el a\u00f1o.<\/p>\n<p style=\"font-weight: 400;\">\u201cLa intenci\u00f3n de los operadores es que en el pr\u00f3ximo invierno la aerol\u00ednea pase de tener dos vuelos semanales a cinco y, eventualmente, que sean siete vuelos o uno diario\u201d, detall\u00f3 Flota Ocampo.<\/p>\n<p style=\"font-weight: 400;\">A\u00f1adi\u00f3 que la aerol\u00ednea canadiense Swimming opera desde la provincia de Quebec un nuevo vuelo a Canc\u00fan, desde diciembre y hasta el mes de abril, con lo cual la aerol\u00ednea act\u00faa desde 23 ciudades diferentes de Canad\u00e1.<\/p>\n<p style=\"font-weight: 400;\">Con m\u00e1s de un mill\u00f3n 131 mil 305 llegadas internacionales a Canc\u00fan y un incremento anual del ocho por ciento, Canad\u00e1 es uno de los mercados que m\u00e1s creci\u00f3 el a\u00f1o pasado en Quintana Roo.<\/p>\n<p style=\"font-weight: 400;\">Con la difusi\u00f3n de materiales dirigidos a promover el estado de Quintana Roo, principalmente el sur, y destinos como Mahahual, Bacalar y la \u201cRuta de la Guerra de Castas\u201d, se despierta una gran expectativa entre agentes de viajes y mayoristas, mencion\u00f3 la titular de Turismo.<\/p>\n<p style=\"font-weight: 400;\">Tambi\u00e9n, en el segundo d\u00eda de actividades de la FITUR, Marisol Vanegas subray\u00f3 el \u00e9xito que despierta en la feria la presentaci\u00f3n del Portafolio de Inversiones de Quintana Roo para que los interesados cuenten con mayor informaci\u00f3n que pudiera concretarse, en corto o mediano plazo, a una gama de productos que suma m\u00e1s de 103 mil habitaciones y 30 mil en construcci\u00f3n para los pr\u00f3ximos a\u00f1os.<\/p>\n","protected":false},"excerpt":{"rendered":"<p>La ruta Moscu\u0301-Cancu\u0301n operado por Azurair, que tiene dos frecuencias semanales prevista originalmente para la temporada de invierno, martes y sa\u0301bado desde el pasado octubre, se mantendra\u0301 por primera vez para el mercado ruso durante el verano, y ya se planea para la pro\u0301xima temporada invernal el aumento de frecuencias a uno diario. El anuncio [&hellip;]<\/p>\n","protected":false},"author":17,"featured_media":25607,"comment_status":"open","ping_status":"open","sticky":false,"template":"","format":"standard","meta":{"footnotes":""},"categories":[29,5],"tags":[1031,3161,8145,1812,686,6303,1053,229,2239,4042],"yoast_head":"<!-- This site is optimized with the Yoast SEO plugin v22.2 - https:\/\/yoast.com\/wordpress\/plugins\/seo\/ -->\n<title>Operar\u00e1n nuevos vuelos desde Mosc\u00fa y Quebec a Caribe Mexicano - Nitu - Noticias de la Industria Turistica<\/title>\n<meta name=\"description\" content=\"La ruta Moscu\u0301-Cancu\u0301n operado por Azurair planea para la pro\u0301xima temporada invernal el aumento de frecuencias a uno diario al Caribe mexicano.\" \/>\n<meta name=\"robots\" content=\"index, follow, max-snippet:-1, max-image-preview:large, max-video-preview:-1\" \/>\n<link rel=\"canonical\" href=\"https:\/\/nitu.mx\/index.php\/2019\/01\/25\/operaran-nuevos-vuelos-desde-moscu-y-quebec-a-caribe-mexicano\/\" \/>\n<meta name=\"twitter:card\" content=\"summary_large_image\" \/>\n<meta name=\"twitter:title\" content=\"Operar\u00e1n nuevos vuelos desde Mosc\u00fa y Quebec a Caribe Mexicano - Nitu - Noticias de la Industria Turistica\" \/>\n<meta name=\"twitter:description\" content=\"La ruta Moscu\u0301-Cancu\u0301n operado por Azurair planea para la pro\u0301xima temporada invernal el aumento de frecuencias a uno diario al Caribe mexicano.\" \/>\n<meta name=\"twitter:image\" content=\"https:\/\/nitu.mx\/wp-content\/uploads\/2018\/10\/Caribe-mexicano-trump.jpg\" \/>\n<meta name=\"twitter:creator\" content=\"@NITUmx\" \/>\n<meta name=\"twitter:site\" content=\"@Arturo_Medina_G\" \/>\n<meta name=\"twitter:label1\" content=\"Escrito por\" \/>\n\t<meta name=\"twitter:data1\" content=\"Redacci\u00f3n\" \/>\n\t<meta name=\"twitter:label2\" content=\"Tiempo de lectura\" \/>\n\t<meta name=\"twitter:data2\" content=\"3 minutos\" \/>\n<script type=\"application\/ld+json\" class=\"yoast-schema-graph\">{\"@context\":\"https:\/\/schema.org\",\"@graph\":[{\"@type\":\"Article\",\"@id\":\"https:\/\/nitu.mx\/index.php\/2019\/01\/25\/operaran-nuevos-vuelos-desde-moscu-y-quebec-a-caribe-mexicano\/#article\",\"isPartOf\":{\"@id\":\"https:\/\/nitu.mx\/index.php\/2019\/01\/25\/operaran-nuevos-vuelos-desde-moscu-y-quebec-a-caribe-mexicano\/\"},\"author\":{\"name\":\"Redacci\u00f3n\",\"@id\":\"https:\/\/nitu.mx\/#\/schema\/person\/4a28fe9bd65924f7c90623773daf1b0b\"},\"headline\":\"Operar\u00e1n nuevos vuelos desde Mosc\u00fa y Quebec a Caribe Mexicano\",\"datePublished\":\"2019-01-25T06:12:32+00:00\",\"dateModified\":\"2019-01-25T10:00:14+00:00\",\"mainEntityOfPage\":{\"@id\":\"https:\/\/nitu.mx\/index.php\/2019\/01\/25\/operaran-nuevos-vuelos-desde-moscu-y-quebec-a-caribe-mexicano\/\"},\"wordCount\":686,\"commentCount\":0,\"publisher\":{\"@id\":\"https:\/\/nitu.mx\/#\/schema\/person\/ae7a53426417292d3dd07b45a33e01bc\"},\"image\":{\"@id\":\"https:\/\/nitu.mx\/index.php\/2019\/01\/25\/operaran-nuevos-vuelos-desde-moscu-y-quebec-a-caribe-mexicano\/#primaryimage\"},\"thumbnailUrl\":\"https:\/\/nitu.mx\/wp-content\/uploads\/2018\/10\/Caribe-mexicano-trump.jpg\",\"keywords\":[\"Canad\u00e1\",\"Consejo de Promoci\u00f3n Tur\u00edstica de Quintana Roo\",\"CPTQ\",\"Dar\u00edo Flota\",\"Marisol Vanegas P\u00e9rez\",\"Mosc\u00fa\",\"Quebec\",\"Rusia\",\"Secretar\u00eda de Turismo (Sedetur)\",\"Vuelos\"],\"articleSection\":[\"Aerol\u00edneas\",\"Destinos\"],\"inLanguage\":\"es-MX\",\"potentialAction\":[{\"@type\":\"CommentAction\",\"name\":\"Comment\",\"target\":[\"https:\/\/nitu.mx\/index.php\/2019\/01\/25\/operaran-nuevos-vuelos-desde-moscu-y-quebec-a-caribe-mexicano\/#respond\"]}]},{\"@type\":\"WebPage\",\"@id\":\"https:\/\/nitu.mx\/index.php\/2019\/01\/25\/operaran-nuevos-vuelos-desde-moscu-y-quebec-a-caribe-mexicano\/\",\"url\":\"https:\/\/nitu.mx\/index.php\/2019\/01\/25\/operaran-nuevos-vuelos-desde-moscu-y-quebec-a-caribe-mexicano\/\",\"name\":\"Operar\u00e1n nuevos vuelos desde Mosc\u00fa y Quebec a Caribe Mexicano - Nitu - Noticias de la Industria Turistica\",\"isPartOf\":{\"@id\":\"https:\/\/nitu.mx\/#website\"},\"primaryImageOfPage\":{\"@id\":\"https:\/\/nitu.mx\/index.php\/2019\/01\/25\/operaran-nuevos-vuelos-desde-moscu-y-quebec-a-caribe-mexicano\/#primaryimage\"},\"image\":{\"@id\":\"https:\/\/nitu.mx\/index.php\/2019\/01\/25\/operaran-nuevos-vuelos-desde-moscu-y-quebec-a-caribe-mexicano\/#primaryimage\"},\"thumbnailUrl\":\"https:\/\/nitu.mx\/wp-content\/uploads\/2018\/10\/Caribe-mexicano-trump.jpg\",\"datePublished\":\"2019-01-25T06:12:32+00:00\",\"dateModified\":\"2019-01-25T10:00:14+00:00\",\"description\":\"La ruta Moscu\u0301-Cancu\u0301n operado por Azurair planea para la pro\u0301xima temporada invernal el aumento de frecuencias a uno diario al Caribe mexicano.\",\"breadcrumb\":{\"@id\":\"https:\/\/nitu.mx\/index.php\/2019\/01\/25\/operaran-nuevos-vuelos-desde-moscu-y-quebec-a-caribe-mexicano\/#breadcrumb\"},\"inLanguage\":\"es-MX\",\"potentialAction\":[{\"@type\":\"ReadAction\",\"target\":[\"https:\/\/nitu.mx\/index.php\/2019\/01\/25\/operaran-nuevos-vuelos-desde-moscu-y-quebec-a-caribe-mexicano\/\"]}]},{\"@type\":\"ImageObject\",\"inLanguage\":\"es-MX\",\"@id\":\"https:\/\/nitu.mx\/index.php\/2019\/01\/25\/operaran-nuevos-vuelos-desde-moscu-y-quebec-a-caribe-mexicano\/#primaryimage\",\"url\":\"https:\/\/nitu.mx\/wp-content\/uploads\/2018\/10\/Caribe-mexicano-trump.jpg\",\"contentUrl\":\"https:\/\/nitu.mx\/wp-content\/uploads\/2018\/10\/Caribe-mexicano-trump.jpg\",\"width\":850,\"height\":480,\"caption\":\"Caribe mexicano trump amav\"},{\"@type\":\"BreadcrumbList\",\"@id\":\"https:\/\/nitu.mx\/index.php\/2019\/01\/25\/operaran-nuevos-vuelos-desde-moscu-y-quebec-a-caribe-mexicano\/#breadcrumb\",\"itemListElement\":[{\"@type\":\"ListItem\",\"position\":1,\"name\":\"Inicio\",\"item\":\"https:\/\/nitu.mx\/\"},{\"@type\":\"ListItem\",\"position\":2,\"name\":\"Operar\u00e1n nuevos vuelos desde Mosc\u00fa y Quebec a Caribe Mexicano\"}]},{\"@type\":\"WebSite\",\"@id\":\"https:\/\/nitu.mx\/#website\",\"url\":\"https:\/\/nitu.mx\/\",\"name\":\"Nitu - Noticias de la Industria Turistica\",\"description\":\"Noticias de la Industria Turistica\",\"publisher\":{\"@id\":\"https:\/\/nitu.mx\/#\/schema\/person\/ae7a53426417292d3dd07b45a33e01bc\"},\"alternateName\":\"Noticias de la Industria Turistica\",\"potentialAction\":[{\"@type\":\"SearchAction\",\"target\":{\"@type\":\"EntryPoint\",\"urlTemplate\":\"https:\/\/nitu.mx\/?s={search_term_string}\"},\"query-input\":\"required name=search_term_string\"}],\"inLanguage\":\"es-MX\"},{\"@type\":[\"Person\",\"Organization\"],\"@id\":\"https:\/\/nitu.mx\/#\/schema\/person\/ae7a53426417292d3dd07b45a33e01bc\",\"name\":\"Arturo Medina\",\"image\":{\"@type\":\"ImageObject\",\"inLanguage\":\"es-MX\",\"@id\":\"https:\/\/nitu.mx\/#\/schema\/person\/image\/\",\"url\":\"https:\/\/nitu.mx\/wp-content\/uploads\/2024\/04\/4A315622-1904-4D5C-B022-878CDC840E04-90x90-1.jpeg\",\"contentUrl\":\"https:\/\/nitu.mx\/wp-content\/uploads\/2024\/04\/4A315622-1904-4D5C-B022-878CDC840E04-90x90-1.jpeg\",\"width\":90,\"height\":90,\"caption\":\"Arturo Medina\"},\"logo\":{\"@id\":\"https:\/\/nitu.mx\/#\/schema\/person\/image\/\"},\"description\":\"Director NITU.mx, Egresado de la Escuela de Periodismo Carlos Septi\u00e9n Garc\u00eda. Periodista y analista especializado en turismo desde hace 35 a\u00f1os, radicado en Canc\u00fan Q.Roo. arturo@nitu.mx\",\"sameAs\":[\"https:\/\/nitu.mx\",\"https:\/\/www.facebook.com\/NITUmx\/\",\"medinacancun\",\"https:\/\/twitter.com\/@Arturo_Medina_G\"]},{\"@type\":\"Person\",\"@id\":\"https:\/\/nitu.mx\/#\/schema\/person\/4a28fe9bd65924f7c90623773daf1b0b\",\"name\":\"Redacci\u00f3n\",\"image\":{\"@type\":\"ImageObject\",\"inLanguage\":\"es-MX\",\"@id\":\"https:\/\/nitu.mx\/#\/schema\/person\/image\/\",\"url\":\"https:\/\/secure.gravatar.com\/avatar\/5dd011c8ccfc5cd7e4c81e42252aab38?s=96&d=mm&r=g\",\"contentUrl\":\"https:\/\/secure.gravatar.com\/avatar\/5dd011c8ccfc5cd7e4c81e42252aab38?s=96&d=mm&r=g\",\"caption\":\"Redacci\u00f3n\"},\"url\":\"https:\/\/nitu.mx\/index.php\/author\/redaccion\/\"}]}<\/script>\n<!-- \/ Yoast SEO plugin. -->","yoast_head_json":{"title":"Operar\u00e1n nuevos vuelos desde Mosc\u00fa y Quebec a Caribe Mexicano - Nitu - Noticias de la Industria Turistica","description":"La ruta Moscu\u0301-Cancu\u0301n operado por Azurair planea para la pro\u0301xima temporada invernal el aumento de frecuencias a uno diario al Caribe mexicano.","robots":{"index":"index","follow":"follow","max-snippet":"max-snippet:-1","max-image-preview":"max-image-preview:large","max-video-preview":"max-video-preview:-1"},"canonical":"https:\/\/nitu.mx\/index.php\/2019\/01\/25\/operaran-nuevos-vuelos-desde-moscu-y-quebec-a-caribe-mexicano\/","twitter_card":"summary_large_image","twitter_title":"Operar\u00e1n nuevos vuelos desde Mosc\u00fa y Quebec a Caribe Mexicano - Nitu - Noticias de la Industria Turistica","twitter_description":"La ruta Moscu\u0301-Cancu\u0301n operado por Azurair planea para la pro\u0301xima temporada invernal el aumento de frecuencias a uno diario al Caribe mexicano.","twitter_image":"https:\/\/nitu.mx\/wp-content\/uploads\/2018\/10\/Caribe-mexicano-trump.jpg","twitter_creator":"@NITUmx","twitter_site":"@Arturo_Medina_G","twitter_misc":{"Escrito por":"Redacci\u00f3n","Tiempo de lectura":"3 minutos"},"schema":{"@context":"https:\/\/schema.org","@graph":[{"@type":"Article","@id":"https:\/\/nitu.mx\/index.php\/2019\/01\/25\/operaran-nuevos-vuelos-desde-moscu-y-quebec-a-caribe-mexicano\/#article","isPartOf":{"@id":"https:\/\/nitu.mx\/index.php\/2019\/01\/25\/operaran-nuevos-vuelos-desde-moscu-y-quebec-a-caribe-mexicano\/"},"author":{"name":"Redacci\u00f3n","@id":"https:\/\/nitu.mx\/#\/schema\/person\/4a28fe9bd65924f7c90623773daf1b0b"},"headline":"Operar\u00e1n nuevos vuelos desde Mosc\u00fa y Quebec a Caribe Mexicano","datePublished":"2019-01-25T06:12:32+00:00","dateModified":"2019-01-25T10:00:14+00:00","mainEntityOfPage":{"@id":"https:\/\/nitu.mx\/index.php\/2019\/01\/25\/operaran-nuevos-vuelos-desde-moscu-y-quebec-a-caribe-mexicano\/"},"wordCount":686,"commentCount":0,"publisher":{"@id":"https:\/\/nitu.mx\/#\/schema\/person\/ae7a53426417292d3dd07b45a33e01bc"},"image":{"@id":"https:\/\/nitu.mx\/index.php\/2019\/01\/25\/operaran-nuevos-vuelos-desde-moscu-y-quebec-a-caribe-mexicano\/#primaryimage"},"thumbnailUrl":"https:\/\/nitu.mx\/wp-content\/uploads\/2018\/10\/Caribe-mexicano-trump.jpg","keywords":["Canad\u00e1","Consejo de Promoci\u00f3n Tur\u00edstica de Quintana Roo","CPTQ","Dar\u00edo Flota","Marisol Vanegas P\u00e9rez","Mosc\u00fa","Quebec","Rusia","Secretar\u00eda de Turismo (Sedetur)","Vuelos"],"articleSection":["Aerol\u00edneas","Destinos"],"inLanguage":"es-MX","potentialAction":[{"@type":"CommentAction","name":"Comment","target":["https:\/\/nitu.mx\/index.php\/2019\/01\/25\/operaran-nuevos-vuelos-desde-moscu-y-quebec-a-caribe-mexicano\/#respond"]}]},{"@type":"WebPage","@id":"https:\/\/nitu.mx\/index.php\/2019\/01\/25\/operaran-nuevos-vuelos-desde-moscu-y-quebec-a-caribe-mexicano\/","url":"https:\/\/nitu.mx\/index.php\/2019\/01\/25\/operaran-nuevos-vuelos-desde-moscu-y-quebec-a-caribe-mexicano\/","name":"Operar\u00e1n nuevos vuelos desde Mosc\u00fa y Quebec a Caribe Mexicano - Nitu - Noticias de la Industria Turistica","isPartOf":{"@id":"https:\/\/nitu.mx\/#website"},"primaryImageOfPage":{"@id":"https:\/\/nitu.mx\/index.php\/2019\/01\/25\/operaran-nuevos-vuelos-desde-moscu-y-quebec-a-caribe-mexicano\/#primaryimage"},"image":{"@id":"https:\/\/nitu.mx\/index.php\/2019\/01\/25\/operaran-nuevos-vuelos-desde-moscu-y-quebec-a-caribe-mexicano\/#primaryimage"},"thumbnailUrl":"https:\/\/nitu.mx\/wp-content\/uploads\/2018\/10\/Caribe-mexicano-trump.jpg","datePublished":"2019-01-25T06:12:32+00:00","dateModified":"2019-01-25T10:00:14+00:00","description":"La ruta Moscu\u0301-Cancu\u0301n operado por Azurair planea para la pro\u0301xima temporada invernal el aumento de frecuencias a uno diario al Caribe mexicano.","breadcrumb":{"@id":"https:\/\/nitu.mx\/index.php\/2019\/01\/25\/operaran-nuevos-vuelos-desde-moscu-y-quebec-a-caribe-mexicano\/#breadcrumb"},"inLanguage":"es-MX","potentialAction":[{"@type":"ReadAction","target":["https:\/\/nitu.mx\/index.php\/2019\/01\/25\/operaran-nuevos-vuelos-desde-moscu-y-quebec-a-caribe-mexicano\/"]}]},{"@type":"ImageObject","inLanguage":"es-MX","@id":"https:\/\/nitu.mx\/index.php\/2019\/01\/25\/operaran-nuevos-vuelos-desde-moscu-y-quebec-a-caribe-mexicano\/#primaryimage","url":"https:\/\/nitu.mx\/wp-content\/uploads\/2018\/10\/Caribe-mexicano-trump.jpg","contentUrl":"https:\/\/nitu.mx\/wp-content\/uploads\/2018\/10\/Caribe-mexicano-trump.jpg","width":850,"height":480,"caption":"Caribe mexicano trump amav"},{"@type":"BreadcrumbList","@id":"https:\/\/nitu.mx\/index.php\/2019\/01\/25\/operaran-nuevos-vuelos-desde-moscu-y-quebec-a-caribe-mexicano\/#breadcrumb","itemListElement":[{"@type":"ListItem","position":1,"name":"Inicio","item":"https:\/\/nitu.mx\/"},{"@type":"ListItem","position":2,"name":"Operar\u00e1n nuevos vuelos desde Mosc\u00fa y Quebec a Caribe Mexicano"}]},{"@type":"WebSite","@id":"https:\/\/nitu.mx\/#website","url":"https:\/\/nitu.mx\/","name":"Nitu - Noticias de la Industria Turistica","description":"Noticias de la Industria Turistica","publisher":{"@id":"https:\/\/nitu.mx\/#\/schema\/person\/ae7a53426417292d3dd07b45a33e01bc"},"alternateName":"Noticias de la Industria Turistica","potentialAction":[{"@type":"SearchAction","target":{"@type":"EntryPoint","urlTemplate":"https:\/\/nitu.mx\/?s={search_term_string}"},"query-input":"required name=search_term_string"}],"inLanguage":"es-MX"},{"@type":["Person","Organization"],"@id":"https:\/\/nitu.mx\/#\/schema\/person\/ae7a53426417292d3dd07b45a33e01bc","name":"Arturo Medina","image":{"@type":"ImageObject","inLanguage":"es-MX","@id":"https:\/\/nitu.mx\/#\/schema\/person\/image\/","url":"https:\/\/nitu.mx\/wp-content\/uploads\/2024\/04\/4A315622-1904-4D5C-B022-878CDC840E04-90x90-1.jpeg","contentUrl":"https:\/\/nitu.mx\/wp-content\/uploads\/2024\/04\/4A315622-1904-4D5C-B022-878CDC840E04-90x90-1.jpeg","width":90,"height":90,"caption":"Arturo Medina"},"logo":{"@id":"https:\/\/nitu.mx\/#\/schema\/person\/image\/"},"description":"Director NITU.mx, Egresado de la Escuela de Periodismo Carlos Septi\u00e9n Garc\u00eda. Periodista y analista especializado en turismo desde hace 35 a\u00f1os, radicado en Canc\u00fan Q.Roo. arturo@nitu.mx","sameAs":["https:\/\/nitu.mx","https:\/\/www.facebook.com\/NITUmx\/","medinacancun","https:\/\/twitter.com\/@Arturo_Medina_G"]},{"@type":"Person","@id":"https:\/\/nitu.mx\/#\/schema\/person\/4a28fe9bd65924f7c90623773daf1b0b","name":"Redacci\u00f3n","image":{"@type":"ImageObject","inLanguage":"es-MX","@id":"https:\/\/nitu.mx\/#\/schema\/person\/image\/","url":"https:\/\/secure.gravatar.com\/avatar\/5dd011c8ccfc5cd7e4c81e42252aab38?s=96&d=mm&r=g","contentUrl":"https:\/\/secure.gravatar.com\/avatar\/5dd011c8ccfc5cd7e4c81e42252aab38?s=96&d=mm&r=g","caption":"Redacci\u00f3n"},"url":"https:\/\/nitu.mx\/index.php\/author\/redaccion\/"}]}},"views":401,"_links":{"self":[{"href":"https:\/\/nitu.mx\/index.php\/wp-json\/wp\/v2\/posts\/28569"}],"collection":[{"href":"https:\/\/nitu.mx\/index.php\/wp-json\/wp\/v2\/posts"}],"about":[{"href":"https:\/\/nitu.mx\/index.php\/wp-json\/wp\/v2\/types\/post"}],"author":[{"embeddable":true,"href":"https:\/\/nitu.mx\/index.php\/wp-json\/wp\/v2\/users\/17"}],"replies":[{"embeddable":true,"href":"https:\/\/nitu.mx\/index.php\/wp-json\/wp\/v2\/comments?post=28569"}],"version-history":[{"count":4,"href":"https:\/\/nitu.mx\/index.php\/wp-json\/wp\/v2\/posts\/28569\/revisions"}],"predecessor-version":[{"id":28587,"href":"https:\/\/nitu.mx\/index.php\/wp-json\/wp\/v2\/posts\/28569\/revisions\/28587"}],"wp:featuredmedia":[{"embeddable":true,"href":"https:\/\/nitu.mx\/index.php\/wp-json\/wp\/v2\/media\/25607"}],"wp:attachment":[{"href":"https:\/\/nitu.mx\/index.php\/wp-json\/wp\/v2\/media?parent=28569"}],"wp:term":[{"taxonomy":"category","embeddable":true,"href":"https:\/\/nitu.mx\/index.php\/wp-json\/wp\/v2\/categories?post=28569"},{"taxonomy":"post_tag","embeddable":true,"href":"https:\/\/nitu.mx\/index.php\/wp-json\/wp\/v2\/tags?post=28569"}],"curies":[{"name":"wp","href":"https:\/\/api.w.org\/{rel}","templated":true}]}}