{"id":2854,"date":"2016-10-12T10:10:09","date_gmt":"2016-10-12T15:10:09","guid":{"rendered":"http:\/\/www.dev.nitu.mx\/?p=2854"},"modified":"2016-10-12T23:49:16","modified_gmt":"2016-10-13T04:49:16","slug":"a-partir-de-febrero-volaris-tendra-nuevas-rutas-hacia-eu-a-99-dolares","status":"publish","type":"post","link":"https:\/\/nitu.mx\/index.php\/2016\/10\/12\/a-partir-de-febrero-volaris-tendra-nuevas-rutas-hacia-eu-a-99-dolares\/","title":{"rendered":"A partir de febrero Volaris tendr\u00e1 nuevas rutas hacia EU a 99 d\u00f3lares"},"content":{"rendered":"<p>Volaris, la aerol\u00ednea mexicana de bajo costo, anunci\u00f3 el lanzamiento de las rutas desde la Ciudad de M\u00e9xico hacia Nueva York, Houston y Miami, as\u00ed como desde Guadalajara hacia Miami, revel\u00f3 la empresa en un comunicado.<\/p>\n<p>Holger Blankenstein, director ejecutivo Comercial de Volaris, celebr\u00f3 el lanzamiento de estas nuevas rutas. \u201cEstamos muy contentos de seguir ofreciendo mayor diversidad en la conectividad de nuestra amplia red de rutas, que se traduce en brindar a nuestros clientes m\u00e1s y mejores opciones para viajar de forma accesible, en este caso, por 99 d\u00f3lares por vuelo sencillo\u201d, se\u00f1al\u00f3.<\/p>\n<p>\u201cEstas nuevas rutas son reflejo de los recientes cambios en el Convenio Bilateral de Transporte A\u00e9reo entre M\u00e9xico y Estados Unidos, impulsado por las autoridades de ambos pa\u00edses, a quienes les agradecemos el gran trabajo realizado para generar estas condiciones de competitividad\u201d, dijo Holger Blankenstein.<\/p>\n<p>El 1\u00b0 de febrero de 2017, comienza la ruta Ciudad de M\u00e9xico \u2013 Miami, Florida (De lunes a domingo) y Guadalajara, Jalisco \u2013 Miami, Florida; (Martes, mi\u00e9rcoles, jueves y domingo).<\/p>\n<p>Desde el 1\u00b0 de marzo de 2017, inicia la ruta: Ciudad de M\u00e9xico \u2013 Nueva York, Nueva York (De lunes a domingo). Ciudad de M\u00e9xico \u2013 Houston, Texas, (Lunes, mi\u00e9rcoles, viernes y s\u00e1bado).<\/p>\n<p>La l\u00ednea a\u00e9rea de bajo costo suma estas rutas a sus 155 existentes, que llegan a 65 destinos nacionales e internacionales, y cuenta con una flota de 64 aviones, que han transportado a m\u00e1s de 65 millones de pasajeros.\u00a0(<a href=\"http:\/\/www.dev.nitu.mx\/index.php\/2016\/09\/30\/tras-10-anos-volaris-llega-65-millones-de-clientes-transportados\/\" target=\"_blank\">Tras 10 a\u00f1os Volaris llega a 65 millones de clientes transportados<\/a>)<\/p>\n","protected":false},"excerpt":{"rendered":"<p>Volaris, la aerol\u00ednea mexicana de bajo costo, anunci\u00f3 el lanzamiento de las rutas desde la Ciudad de M\u00e9xico hacia Nueva York, Houston y Miami, as\u00ed como desde Guadalajara hacia Miami, revel\u00f3 la empresa en un comunicado. Holger Blankenstein, director ejecutivo Comercial de Volaris, celebr\u00f3 el lanzamiento de estas nuevas rutas. \u201cEstamos muy contentos de seguir [&hellip;]<\/p>\n","protected":false},"author":3,"featured_media":2860,"comment_status":"open","ping_status":"open","sticky":false,"template":"","format":"standard","meta":{"footnotes":""},"categories":[29,6],"tags":[125,1054,490,1055,131],"yoast_head":"<!-- This site is optimized with the Yoast SEO plugin v22.2 - https:\/\/yoast.com\/wordpress\/plugins\/seo\/ -->\n<title>A partir de febrero Volaris tendr\u00e1 nuevas rutas hacia EU a 99 d\u00f3lares - Nitu - Noticias de la Industria Turistica<\/title>\n<meta name=\"description\" content=\"Volaris, anunci\u00f3 las rutas desde la Ciudad de M\u00e9xico hacia Nueva York, Houston y Miami, as\u00ed como desde Guadalajara hacia Miami.\" \/>\n<meta name=\"robots\" content=\"index, follow, max-snippet:-1, max-image-preview:large, max-video-preview:-1\" \/>\n<link rel=\"canonical\" href=\"https:\/\/nitu.mx\/index.php\/2016\/10\/12\/a-partir-de-febrero-volaris-tendra-nuevas-rutas-hacia-eu-a-99-dolares\/\" \/>\n<meta name=\"twitter:card\" content=\"summary_large_image\" \/>\n<meta name=\"twitter:title\" content=\"A partir de febrero Volaris tendr\u00e1 nuevas rutas hacia EU a 99 d\u00f3lares - Nitu - Noticias de la Industria Turistica\" \/>\n<meta name=\"twitter:description\" content=\"Volaris, anunci\u00f3 las rutas desde la Ciudad de M\u00e9xico hacia Nueva York, Houston y Miami, as\u00ed como desde Guadalajara hacia Miami.\" \/>\n<meta name=\"twitter:image\" content=\"https:\/\/nitu.mx\/wp-content\/uploads\/2016\/10\/volaris-avion.jpg\" \/>\n<meta name=\"twitter:creator\" content=\"@NITUmx\" \/>\n<meta name=\"twitter:site\" content=\"@Arturo_Medina_G\" \/>\n<meta name=\"twitter:label1\" content=\"Escrito por\" \/>\n\t<meta name=\"twitter:data1\" content=\"Alejandra Moncisbays\" \/>\n\t<meta name=\"twitter:label2\" content=\"Tiempo de lectura\" \/>\n\t<meta name=\"twitter:data2\" content=\"1 minuto\" \/>\n<script type=\"application\/ld+json\" class=\"yoast-schema-graph\">{\"@context\":\"https:\/\/schema.org\",\"@graph\":[{\"@type\":\"Article\",\"@id\":\"https:\/\/nitu.mx\/index.php\/2016\/10\/12\/a-partir-de-febrero-volaris-tendra-nuevas-rutas-hacia-eu-a-99-dolares\/#article\",\"isPartOf\":{\"@id\":\"https:\/\/nitu.mx\/index.php\/2016\/10\/12\/a-partir-de-febrero-volaris-tendra-nuevas-rutas-hacia-eu-a-99-dolares\/\"},\"author\":{\"name\":\"Alejandra Moncisbays\",\"@id\":\"https:\/\/nitu.mx\/#\/schema\/person\/2ecd887b19dfd3382d1f14fc5acf24a8\"},\"headline\":\"A partir de febrero Volaris tendr\u00e1 nuevas rutas hacia EU a 99 d\u00f3lares\",\"datePublished\":\"2016-10-12T15:10:09+00:00\",\"dateModified\":\"2016-10-13T04:49:16+00:00\",\"mainEntityOfPage\":{\"@id\":\"https:\/\/nitu.mx\/index.php\/2016\/10\/12\/a-partir-de-febrero-volaris-tendra-nuevas-rutas-hacia-eu-a-99-dolares\/\"},\"wordCount\":268,\"commentCount\":0,\"publisher\":{\"@id\":\"https:\/\/nitu.mx\/#\/schema\/person\/ae7a53426417292d3dd07b45a33e01bc\"},\"image\":{\"@id\":\"https:\/\/nitu.mx\/index.php\/2016\/10\/12\/a-partir-de-febrero-volaris-tendra-nuevas-rutas-hacia-eu-a-99-dolares\/#primaryimage\"},\"thumbnailUrl\":\"https:\/\/nitu.mx\/wp-content\/uploads\/2016\/10\/volaris-avion.jpg\",\"keywords\":[\"Ciudad de M\u00e9xico\",\"Convenio Bilateral de Transporte A\u00e9reo\",\"Guadalajara\",\"Uni\u00f3n Americana\",\"Volaris\"],\"articleSection\":[\"Aerol\u00edneas\",\"M\u00e9xico\"],\"inLanguage\":\"es-MX\",\"potentialAction\":[{\"@type\":\"CommentAction\",\"name\":\"Comment\",\"target\":[\"https:\/\/nitu.mx\/index.php\/2016\/10\/12\/a-partir-de-febrero-volaris-tendra-nuevas-rutas-hacia-eu-a-99-dolares\/#respond\"]}]},{\"@type\":\"WebPage\",\"@id\":\"https:\/\/nitu.mx\/index.php\/2016\/10\/12\/a-partir-de-febrero-volaris-tendra-nuevas-rutas-hacia-eu-a-99-dolares\/\",\"url\":\"https:\/\/nitu.mx\/index.php\/2016\/10\/12\/a-partir-de-febrero-volaris-tendra-nuevas-rutas-hacia-eu-a-99-dolares\/\",\"name\":\"A partir de febrero Volaris tendr\u00e1 nuevas rutas hacia EU a 99 d\u00f3lares - Nitu - Noticias de la Industria Turistica\",\"isPartOf\":{\"@id\":\"https:\/\/nitu.mx\/#website\"},\"primaryImageOfPage\":{\"@id\":\"https:\/\/nitu.mx\/index.php\/2016\/10\/12\/a-partir-de-febrero-volaris-tendra-nuevas-rutas-hacia-eu-a-99-dolares\/#primaryimage\"},\"image\":{\"@id\":\"https:\/\/nitu.mx\/index.php\/2016\/10\/12\/a-partir-de-febrero-volaris-tendra-nuevas-rutas-hacia-eu-a-99-dolares\/#primaryimage\"},\"thumbnailUrl\":\"https:\/\/nitu.mx\/wp-content\/uploads\/2016\/10\/volaris-avion.jpg\",\"datePublished\":\"2016-10-12T15:10:09+00:00\",\"dateModified\":\"2016-10-13T04:49:16+00:00\",\"description\":\"Volaris, anunci\u00f3 las rutas desde la Ciudad de M\u00e9xico hacia Nueva York, Houston y Miami, as\u00ed como desde Guadalajara hacia Miami.\",\"breadcrumb\":{\"@id\":\"https:\/\/nitu.mx\/index.php\/2016\/10\/12\/a-partir-de-febrero-volaris-tendra-nuevas-rutas-hacia-eu-a-99-dolares\/#breadcrumb\"},\"inLanguage\":\"es-MX\",\"potentialAction\":[{\"@type\":\"ReadAction\",\"target\":[\"https:\/\/nitu.mx\/index.php\/2016\/10\/12\/a-partir-de-febrero-volaris-tendra-nuevas-rutas-hacia-eu-a-99-dolares\/\"]}]},{\"@type\":\"ImageObject\",\"inLanguage\":\"es-MX\",\"@id\":\"https:\/\/nitu.mx\/index.php\/2016\/10\/12\/a-partir-de-febrero-volaris-tendra-nuevas-rutas-hacia-eu-a-99-dolares\/#primaryimage\",\"url\":\"https:\/\/nitu.mx\/wp-content\/uploads\/2016\/10\/volaris-avion.jpg\",\"contentUrl\":\"https:\/\/nitu.mx\/wp-content\/uploads\/2016\/10\/volaris-avion.jpg\",\"width\":1200,\"height\":815,\"caption\":\"volaris\"},{\"@type\":\"BreadcrumbList\",\"@id\":\"https:\/\/nitu.mx\/index.php\/2016\/10\/12\/a-partir-de-febrero-volaris-tendra-nuevas-rutas-hacia-eu-a-99-dolares\/#breadcrumb\",\"itemListElement\":[{\"@type\":\"ListItem\",\"position\":1,\"name\":\"Inicio\",\"item\":\"https:\/\/nitu.mx\/\"},{\"@type\":\"ListItem\",\"position\":2,\"name\":\"A partir de febrero Volaris tendr\u00e1 nuevas rutas hacia EU a 99 d\u00f3lares\"}]},{\"@type\":\"WebSite\",\"@id\":\"https:\/\/nitu.mx\/#website\",\"url\":\"https:\/\/nitu.mx\/\",\"name\":\"Nitu - Noticias de la Industria Turistica\",\"description\":\"Noticias de la Industria Turistica\",\"publisher\":{\"@id\":\"https:\/\/nitu.mx\/#\/schema\/person\/ae7a53426417292d3dd07b45a33e01bc\"},\"alternateName\":\"Noticias de la Industria Turistica\",\"potentialAction\":[{\"@type\":\"SearchAction\",\"target\":{\"@type\":\"EntryPoint\",\"urlTemplate\":\"https:\/\/nitu.mx\/?s={search_term_string}\"},\"query-input\":\"required name=search_term_string\"}],\"inLanguage\":\"es-MX\"},{\"@type\":[\"Person\",\"Organization\"],\"@id\":\"https:\/\/nitu.mx\/#\/schema\/person\/ae7a53426417292d3dd07b45a33e01bc\",\"name\":\"Arturo Medina\",\"image\":{\"@type\":\"ImageObject\",\"inLanguage\":\"es-MX\",\"@id\":\"https:\/\/nitu.mx\/#\/schema\/person\/image\/\",\"url\":\"https:\/\/nitu.mx\/wp-content\/uploads\/2024\/04\/4A315622-1904-4D5C-B022-878CDC840E04-90x90-1.jpeg\",\"contentUrl\":\"https:\/\/nitu.mx\/wp-content\/uploads\/2024\/04\/4A315622-1904-4D5C-B022-878CDC840E04-90x90-1.jpeg\",\"width\":90,\"height\":90,\"caption\":\"Arturo Medina\"},\"logo\":{\"@id\":\"https:\/\/nitu.mx\/#\/schema\/person\/image\/\"},\"description\":\"Director NITU.mx, Egresado de la Escuela de Periodismo Carlos Septi\u00e9n Garc\u00eda. Periodista y analista especializado en turismo desde hace 35 a\u00f1os, radicado en Canc\u00fan Q.Roo. arturo@nitu.mx\",\"sameAs\":[\"https:\/\/nitu.mx\",\"https:\/\/www.facebook.com\/NITUmx\/\",\"medinacancun\",\"https:\/\/twitter.com\/@Arturo_Medina_G\"]},{\"@type\":\"Person\",\"@id\":\"https:\/\/nitu.mx\/#\/schema\/person\/2ecd887b19dfd3382d1f14fc5acf24a8\",\"name\":\"Alejandra Moncisbays\",\"image\":{\"@type\":\"ImageObject\",\"inLanguage\":\"es-MX\",\"@id\":\"https:\/\/nitu.mx\/#\/schema\/person\/image\/\",\"url\":\"https:\/\/secure.gravatar.com\/avatar\/e74f7af0be172b7804dacfd0bfbef787?s=96&d=mm&r=g\",\"contentUrl\":\"https:\/\/secure.gravatar.com\/avatar\/e74f7af0be172b7804dacfd0bfbef787?s=96&d=mm&r=g\",\"caption\":\"Alejandra Moncisbays\"},\"description\":\"Curs\u00e9 la carrera de Periodismo y Comunicaci\u00f3n en la Facultad de Estudios Profesionales Acatl\u00e1n. Vivo en Canc\u00fan desde hace 24 a\u00f1os. Fui reportera de La Tarde de Canc\u00fan, y Novedades de Quintana Roo, colabor\u00e9 en TVCUN, edit\u00e9 Cancun\u00edssimo y colabor\u00e9 en las revistas Latitud21, entre otras, con principal enfoque en los sectores empresarial y tur\u00edstico. Desde hace varios a\u00f1os soy Agente de Seguros con c\u00e9dula de la Comisi\u00f3n Nacional de Seguros y Fianzas. Actualmente, me desarrollo en los \u00e1mbitos del periodismo y el sector asegurador.\",\"sameAs\":[\"https:\/\/nitu.mx\"],\"url\":\"https:\/\/nitu.mx\/index.php\/author\/alejandra\/\"}]}<\/script>\n<!-- \/ Yoast SEO plugin. -->","yoast_head_json":{"title":"A partir de febrero Volaris tendr\u00e1 nuevas rutas hacia EU a 99 d\u00f3lares - Nitu - Noticias de la Industria Turistica","description":"Volaris, anunci\u00f3 las rutas desde la Ciudad de M\u00e9xico hacia Nueva York, Houston y Miami, as\u00ed como desde Guadalajara hacia Miami.","robots":{"index":"index","follow":"follow","max-snippet":"max-snippet:-1","max-image-preview":"max-image-preview:large","max-video-preview":"max-video-preview:-1"},"canonical":"https:\/\/nitu.mx\/index.php\/2016\/10\/12\/a-partir-de-febrero-volaris-tendra-nuevas-rutas-hacia-eu-a-99-dolares\/","twitter_card":"summary_large_image","twitter_title":"A partir de febrero Volaris tendr\u00e1 nuevas rutas hacia EU a 99 d\u00f3lares - Nitu - Noticias de la Industria Turistica","twitter_description":"Volaris, anunci\u00f3 las rutas desde la Ciudad de M\u00e9xico hacia Nueva York, Houston y Miami, as\u00ed como desde Guadalajara hacia Miami.","twitter_image":"https:\/\/nitu.mx\/wp-content\/uploads\/2016\/10\/volaris-avion.jpg","twitter_creator":"@NITUmx","twitter_site":"@Arturo_Medina_G","twitter_misc":{"Escrito por":"Alejandra Moncisbays","Tiempo de lectura":"1 minuto"},"schema":{"@context":"https:\/\/schema.org","@graph":[{"@type":"Article","@id":"https:\/\/nitu.mx\/index.php\/2016\/10\/12\/a-partir-de-febrero-volaris-tendra-nuevas-rutas-hacia-eu-a-99-dolares\/#article","isPartOf":{"@id":"https:\/\/nitu.mx\/index.php\/2016\/10\/12\/a-partir-de-febrero-volaris-tendra-nuevas-rutas-hacia-eu-a-99-dolares\/"},"author":{"name":"Alejandra Moncisbays","@id":"https:\/\/nitu.mx\/#\/schema\/person\/2ecd887b19dfd3382d1f14fc5acf24a8"},"headline":"A partir de febrero Volaris tendr\u00e1 nuevas rutas hacia EU a 99 d\u00f3lares","datePublished":"2016-10-12T15:10:09+00:00","dateModified":"2016-10-13T04:49:16+00:00","mainEntityOfPage":{"@id":"https:\/\/nitu.mx\/index.php\/2016\/10\/12\/a-partir-de-febrero-volaris-tendra-nuevas-rutas-hacia-eu-a-99-dolares\/"},"wordCount":268,"commentCount":0,"publisher":{"@id":"https:\/\/nitu.mx\/#\/schema\/person\/ae7a53426417292d3dd07b45a33e01bc"},"image":{"@id":"https:\/\/nitu.mx\/index.php\/2016\/10\/12\/a-partir-de-febrero-volaris-tendra-nuevas-rutas-hacia-eu-a-99-dolares\/#primaryimage"},"thumbnailUrl":"https:\/\/nitu.mx\/wp-content\/uploads\/2016\/10\/volaris-avion.jpg","keywords":["Ciudad de M\u00e9xico","Convenio Bilateral de Transporte A\u00e9reo","Guadalajara","Uni\u00f3n Americana","Volaris"],"articleSection":["Aerol\u00edneas","M\u00e9xico"],"inLanguage":"es-MX","potentialAction":[{"@type":"CommentAction","name":"Comment","target":["https:\/\/nitu.mx\/index.php\/2016\/10\/12\/a-partir-de-febrero-volaris-tendra-nuevas-rutas-hacia-eu-a-99-dolares\/#respond"]}]},{"@type":"WebPage","@id":"https:\/\/nitu.mx\/index.php\/2016\/10\/12\/a-partir-de-febrero-volaris-tendra-nuevas-rutas-hacia-eu-a-99-dolares\/","url":"https:\/\/nitu.mx\/index.php\/2016\/10\/12\/a-partir-de-febrero-volaris-tendra-nuevas-rutas-hacia-eu-a-99-dolares\/","name":"A partir de febrero Volaris tendr\u00e1 nuevas rutas hacia EU a 99 d\u00f3lares - Nitu - Noticias de la Industria Turistica","isPartOf":{"@id":"https:\/\/nitu.mx\/#website"},"primaryImageOfPage":{"@id":"https:\/\/nitu.mx\/index.php\/2016\/10\/12\/a-partir-de-febrero-volaris-tendra-nuevas-rutas-hacia-eu-a-99-dolares\/#primaryimage"},"image":{"@id":"https:\/\/nitu.mx\/index.php\/2016\/10\/12\/a-partir-de-febrero-volaris-tendra-nuevas-rutas-hacia-eu-a-99-dolares\/#primaryimage"},"thumbnailUrl":"https:\/\/nitu.mx\/wp-content\/uploads\/2016\/10\/volaris-avion.jpg","datePublished":"2016-10-12T15:10:09+00:00","dateModified":"2016-10-13T04:49:16+00:00","description":"Volaris, anunci\u00f3 las rutas desde la Ciudad de M\u00e9xico hacia Nueva York, Houston y Miami, as\u00ed como desde Guadalajara hacia Miami.","breadcrumb":{"@id":"https:\/\/nitu.mx\/index.php\/2016\/10\/12\/a-partir-de-febrero-volaris-tendra-nuevas-rutas-hacia-eu-a-99-dolares\/#breadcrumb"},"inLanguage":"es-MX","potentialAction":[{"@type":"ReadAction","target":["https:\/\/nitu.mx\/index.php\/2016\/10\/12\/a-partir-de-febrero-volaris-tendra-nuevas-rutas-hacia-eu-a-99-dolares\/"]}]},{"@type":"ImageObject","inLanguage":"es-MX","@id":"https:\/\/nitu.mx\/index.php\/2016\/10\/12\/a-partir-de-febrero-volaris-tendra-nuevas-rutas-hacia-eu-a-99-dolares\/#primaryimage","url":"https:\/\/nitu.mx\/wp-content\/uploads\/2016\/10\/volaris-avion.jpg","contentUrl":"https:\/\/nitu.mx\/wp-content\/uploads\/2016\/10\/volaris-avion.jpg","width":1200,"height":815,"caption":"volaris"},{"@type":"BreadcrumbList","@id":"https:\/\/nitu.mx\/index.php\/2016\/10\/12\/a-partir-de-febrero-volaris-tendra-nuevas-rutas-hacia-eu-a-99-dolares\/#breadcrumb","itemListElement":[{"@type":"ListItem","position":1,"name":"Inicio","item":"https:\/\/nitu.mx\/"},{"@type":"ListItem","position":2,"name":"A partir de febrero Volaris tendr\u00e1 nuevas rutas hacia EU a 99 d\u00f3lares"}]},{"@type":"WebSite","@id":"https:\/\/nitu.mx\/#website","url":"https:\/\/nitu.mx\/","name":"Nitu - Noticias de la Industria Turistica","description":"Noticias de la Industria Turistica","publisher":{"@id":"https:\/\/nitu.mx\/#\/schema\/person\/ae7a53426417292d3dd07b45a33e01bc"},"alternateName":"Noticias de la Industria Turistica","potentialAction":[{"@type":"SearchAction","target":{"@type":"EntryPoint","urlTemplate":"https:\/\/nitu.mx\/?s={search_term_string}"},"query-input":"required name=search_term_string"}],"inLanguage":"es-MX"},{"@type":["Person","Organization"],"@id":"https:\/\/nitu.mx\/#\/schema\/person\/ae7a53426417292d3dd07b45a33e01bc","name":"Arturo Medina","image":{"@type":"ImageObject","inLanguage":"es-MX","@id":"https:\/\/nitu.mx\/#\/schema\/person\/image\/","url":"https:\/\/nitu.mx\/wp-content\/uploads\/2024\/04\/4A315622-1904-4D5C-B022-878CDC840E04-90x90-1.jpeg","contentUrl":"https:\/\/nitu.mx\/wp-content\/uploads\/2024\/04\/4A315622-1904-4D5C-B022-878CDC840E04-90x90-1.jpeg","width":90,"height":90,"caption":"Arturo Medina"},"logo":{"@id":"https:\/\/nitu.mx\/#\/schema\/person\/image\/"},"description":"Director NITU.mx, Egresado de la Escuela de Periodismo Carlos Septi\u00e9n Garc\u00eda. Periodista y analista especializado en turismo desde hace 35 a\u00f1os, radicado en Canc\u00fan Q.Roo. arturo@nitu.mx","sameAs":["https:\/\/nitu.mx","https:\/\/www.facebook.com\/NITUmx\/","medinacancun","https:\/\/twitter.com\/@Arturo_Medina_G"]},{"@type":"Person","@id":"https:\/\/nitu.mx\/#\/schema\/person\/2ecd887b19dfd3382d1f14fc5acf24a8","name":"Alejandra Moncisbays","image":{"@type":"ImageObject","inLanguage":"es-MX","@id":"https:\/\/nitu.mx\/#\/schema\/person\/image\/","url":"https:\/\/secure.gravatar.com\/avatar\/e74f7af0be172b7804dacfd0bfbef787?s=96&d=mm&r=g","contentUrl":"https:\/\/secure.gravatar.com\/avatar\/e74f7af0be172b7804dacfd0bfbef787?s=96&d=mm&r=g","caption":"Alejandra Moncisbays"},"description":"Curs\u00e9 la carrera de Periodismo y Comunicaci\u00f3n en la Facultad de Estudios Profesionales Acatl\u00e1n. Vivo en Canc\u00fan desde hace 24 a\u00f1os. Fui reportera de La Tarde de Canc\u00fan, y Novedades de Quintana Roo, colabor\u00e9 en TVCUN, edit\u00e9 Cancun\u00edssimo y colabor\u00e9 en las revistas Latitud21, entre otras, con principal enfoque en los sectores empresarial y tur\u00edstico. Desde hace varios a\u00f1os soy Agente de Seguros con c\u00e9dula de la Comisi\u00f3n Nacional de Seguros y Fianzas. Actualmente, me desarrollo en los \u00e1mbitos del periodismo y el sector asegurador.","sameAs":["https:\/\/nitu.mx"],"url":"https:\/\/nitu.mx\/index.php\/author\/alejandra\/"}]}},"views":353,"_links":{"self":[{"href":"https:\/\/nitu.mx\/index.php\/wp-json\/wp\/v2\/posts\/2854"}],"collection":[{"href":"https:\/\/nitu.mx\/index.php\/wp-json\/wp\/v2\/posts"}],"about":[{"href":"https:\/\/nitu.mx\/index.php\/wp-json\/wp\/v2\/types\/post"}],"author":[{"embeddable":true,"href":"https:\/\/nitu.mx\/index.php\/wp-json\/wp\/v2\/users\/3"}],"replies":[{"embeddable":true,"href":"https:\/\/nitu.mx\/index.php\/wp-json\/wp\/v2\/comments?post=2854"}],"version-history":[{"count":2,"href":"https:\/\/nitu.mx\/index.php\/wp-json\/wp\/v2\/posts\/2854\/revisions"}],"predecessor-version":[{"id":2861,"href":"https:\/\/nitu.mx\/index.php\/wp-json\/wp\/v2\/posts\/2854\/revisions\/2861"}],"wp:featuredmedia":[{"embeddable":true,"href":"https:\/\/nitu.mx\/index.php\/wp-json\/wp\/v2\/media\/2860"}],"wp:attachment":[{"href":"https:\/\/nitu.mx\/index.php\/wp-json\/wp\/v2\/media?parent=2854"}],"wp:term":[{"taxonomy":"category","embeddable":true,"href":"https:\/\/nitu.mx\/index.php\/wp-json\/wp\/v2\/categories?post=2854"},{"taxonomy":"post_tag","embeddable":true,"href":"https:\/\/nitu.mx\/index.php\/wp-json\/wp\/v2\/tags?post=2854"}],"curies":[{"name":"wp","href":"https:\/\/api.w.org\/{rel}","templated":true}]}}