{"id":28537,"date":"2019-01-24T01:20:16","date_gmt":"2019-01-24T06:20:16","guid":{"rendered":"https:\/\/www.dev.nitu.mx\/?p=28537"},"modified":"2019-01-24T01:26:04","modified_gmt":"2019-01-24T06:26:04","slug":"estados-aprovechan-en-fitur-la-ultima-oportunidad-del-cptm-para-promover-sus-destinos","status":"publish","type":"post","link":"https:\/\/nitu.mx\/index.php\/2019\/01\/24\/estados-aprovechan-en-fitur-la-ultima-oportunidad-del-cptm-para-promover-sus-destinos\/","title":{"rendered":"Estados aprovechan en Fitur la \u00faltima oportunidad del CPTM para promover sus destinos"},"content":{"rendered":"<p>Adem\u00e1s de la gran presencia del Caribe mexicano en la Feria Internacional de Turismo 2019 (Fitur), la delegaci\u00f3n de nuestro pa\u00eds en este importante encuentro de la industria est\u00e1 integrada por la variada oferta de los destinos reconocidos como otros que buscan posicionar su marca ante los compradores y tour operadores m\u00e1s importantes del mundo.<\/p>\n<p>Ciudad de M\u00e9xico, uno de los cinco destinos tur\u00edsticos m\u00e1s importantes dada su relevancia pol\u00edtica y econ\u00f3mica, y conectividad, va representada por el Fondo Mixto de Promoci\u00f3n Tur\u00edstica, encabezado por Paola F\u00e9lix D\u00edaz. La funcionaria presentar\u00e1 los nuevos planes para el turismo en la capital, como el impulso de nuevos productos y la diversificaci\u00f3n de segmentos.<\/p>\n<p>Una secci\u00f3n del pabell\u00f3n de M\u00e9xico en Fitur est\u00e1 dedicada al estado de Guerrero, quien lleva como carta fuerte el Tianguis Tur\u00edstico de Acapulco. El gobernador, H\u00e9ctor Astudillo, y el secretario de Turismo estatal, Ernesto Rodr\u00edguez, buscan captar un gran n\u00famero de visitantes para el evento m\u00e1s importante de nuestro sector en el pa\u00eds, el cual naci\u00f3 en este puerto hace m\u00e1s de cuatro d\u00e9cadas.\u00a0<a title=\"Tianguis Tur\u00edstico contar\u00e1 con la asistencia de 119 compradores\" href=\"https:\/\/www.dev.nitu.mx\/index.php\/2019\/01\/18\/tianguis-turistico-contara-con-la-asistencia-de-119-compradores\/\" rel=\"bookmark\">(Tianguis Tur\u00edstico contar\u00e1 con la asistencia de 119 compradores<\/a>).<\/p>\n<p>Junto con Canc\u00fan y Riviera Maya, Los Cabos es otro de los polos tur\u00edsticos mexicanos que m\u00e1s visitantes internacionales de alto nivel de gasto recibe. Rodrigo Esponda, director general del Fideicomiso de Turismo de este destino, va con la firme intenci\u00f3n de incrementar la conectividad a\u00e9rea desde otras latitudes, mediante acuerdos con l\u00edneas a\u00e9reas de m\u00e1s mercados europeos, como el brit\u00e1nico.\u00a0<a title=\"Los Cabos conf\u00eda en lograr buenos resultados aun sin CPTM\" href=\"https:\/\/www.dev.nitu.mx\/index.php\/2019\/01\/15\/los-cabos-confia-en-lograr-buenos-resultados-aun-sin-cptm\/\" rel=\"bookmark\">(Los Cabos conf\u00eda en lograr buenos resultados aun sin CPTM<\/a>).<\/p>\n<p>El gobernador de Sinaloa, Quirino Ordaz, ya logr\u00f3 los primeros acuerdos con la fuerte inversi\u00f3n anunciada por RIU de 765 millones de pesos para ampliar su hotel en Mazatl\u00e1n. El funcionario tambi\u00e9n impulsar\u00e1 elevar la conectividad a\u00e9rea al principal destino tur\u00edstico de la entidad.<\/p>\n<p>De la mano del Caribe mexicano, los estados que conforman la pen\u00ednsula, Yucat\u00e1n y Campeche, tambi\u00e9n acudieron a la cita en Fitur. Una experimentada mercad\u00f3loga del turismo como Michelle Fridman, y Jorge Manos Esparrazoga, representante adem\u00e1s de los secretarios de Turismo del pa\u00eds, tendr\u00e1n una destacada participaci\u00f3n. La primera con la diversificada oferta cultural, de naturaleza y MICE, y el segundo con la Semana de Campeche en Espa\u00f1a, que se realiza con apoyo de la embajada mexicana en el pa\u00eds europeo.\u00a0<a title=\"Quintana Roo hace alianza con Yucat\u00e1n y Campeche para promocionarse en Fitur\" href=\"https:\/\/www.dev.nitu.mx\/index.php\/2019\/01\/15\/quintana-roo-hace-alianza-con-yucatan-y-campeche-para-promocionarse-en-fitur\/\" rel=\"bookmark\">(Quintana Roo hace alianza con Yucat\u00e1n y Campeche para promocionarse en Fitur<\/a>).<\/p>\n<p>Oaxaca, Michoac\u00e1n y Zacatecas son otras entidades que participan en Fitur 2019, con una propuesta seria y atractiva para el mercado europeo que busca la oferta cultural e hist\u00f3rica, y en la cual estas entidades tienen mucho por ofrecer.<\/p>\n<p>El pabell\u00f3n de M\u00e9xico en Fitur 2019 es el \u00faltimo organizado por el pr\u00f3ximamente desaparecido Consejo de Promoci\u00f3n Tur\u00edstica de M\u00e9xico (CPTM), por lo que es una oportunidad de oro para que los estados del pa\u00eds incentiven el flujo de viajeros hacia sus entidades.<\/p>\n","protected":false},"excerpt":{"rendered":"<p>Adem\u00e1s de la gran presencia del Caribe mexicano en la Feria Internacional de Turismo 2019 (Fitur), la delegaci\u00f3n de nuestro pa\u00eds en este importante encuentro de la industria est\u00e1 integrada por la variada oferta de los destinos reconocidos como otros que buscan posicionar su marca ante los compradores y tour operadores m\u00e1s importantes del mundo. [&hellip;]<\/p>\n","protected":false},"author":5,"featured_media":28539,"comment_status":"open","ping_status":"open","sticky":false,"template":"","format":"standard","meta":{"footnotes":""},"categories":[5,6],"tags":[40,400,241,2703,4364,233,12232,130,12599,1028,14252,1064,449],"yoast_head":"<!-- This site is optimized with the Yoast SEO plugin v22.2 - https:\/\/yoast.com\/wordpress\/plugins\/seo\/ -->\n<title>Estados aprovechan en Fitur la \u00faltima oportunidad del CPTM para promover sus destinos - Nitu - Noticias de la Industria Turistica<\/title>\n<meta name=\"description\" content=\"La delegaci\u00f3n de nuestro pa\u00eds en Fitur est\u00e1 integrada por la variada oferta de los destinos reconocidos como otros que buscan posicionar su marca.\" \/>\n<meta name=\"robots\" content=\"index, follow, max-snippet:-1, max-image-preview:large, max-video-preview:-1\" \/>\n<link rel=\"canonical\" href=\"https:\/\/nitu.mx\/index.php\/2019\/01\/24\/estados-aprovechan-en-fitur-la-ultima-oportunidad-del-cptm-para-promover-sus-destinos\/\" \/>\n<meta name=\"twitter:card\" content=\"summary_large_image\" \/>\n<meta name=\"twitter:title\" content=\"Estados aprovechan en Fitur la \u00faltima oportunidad del CPTM para promover sus destinos - Nitu - Noticias de la Industria Turistica\" \/>\n<meta name=\"twitter:description\" content=\"La delegaci\u00f3n de nuestro pa\u00eds en Fitur est\u00e1 integrada por la variada oferta de los destinos reconocidos como otros que buscan posicionar su marca.\" \/>\n<meta name=\"twitter:image\" content=\"https:\/\/nitu.mx\/wp-content\/uploads\/2019\/01\/Fitur-2019-M\u00e9xico.jpg\" \/>\n<meta name=\"twitter:creator\" content=\"@NITUmx\" \/>\n<meta name=\"twitter:site\" content=\"@Arturo_Medina_G\" \/>\n<meta name=\"twitter:label1\" content=\"Escrito por\" \/>\n\t<meta name=\"twitter:data1\" content=\"Mari Soto\" \/>\n\t<meta name=\"twitter:label2\" content=\"Tiempo de lectura\" \/>\n\t<meta name=\"twitter:data2\" content=\"3 minutos\" \/>\n<script type=\"application\/ld+json\" class=\"yoast-schema-graph\">{\"@context\":\"https:\/\/schema.org\",\"@graph\":[{\"@type\":\"Article\",\"@id\":\"https:\/\/nitu.mx\/index.php\/2019\/01\/24\/estados-aprovechan-en-fitur-la-ultima-oportunidad-del-cptm-para-promover-sus-destinos\/#article\",\"isPartOf\":{\"@id\":\"https:\/\/nitu.mx\/index.php\/2019\/01\/24\/estados-aprovechan-en-fitur-la-ultima-oportunidad-del-cptm-para-promover-sus-destinos\/\"},\"author\":{\"name\":\"Mari Soto\",\"@id\":\"https:\/\/nitu.mx\/#\/schema\/person\/afc52e313e27e660739556d421d3d6b4\"},\"headline\":\"Estados aprovechan en Fitur la \u00faltima oportunidad del CPTM para promover sus destinos\",\"datePublished\":\"2019-01-24T06:20:16+00:00\",\"dateModified\":\"2019-01-24T06:26:04+00:00\",\"mainEntityOfPage\":{\"@id\":\"https:\/\/nitu.mx\/index.php\/2019\/01\/24\/estados-aprovechan-en-fitur-la-ultima-oportunidad-del-cptm-para-promover-sus-destinos\/\"},\"wordCount\":545,\"commentCount\":0,\"publisher\":{\"@id\":\"https:\/\/nitu.mx\/#\/schema\/person\/ae7a53426417292d3dd07b45a33e01bc\"},\"image\":{\"@id\":\"https:\/\/nitu.mx\/index.php\/2019\/01\/24\/estados-aprovechan-en-fitur-la-ultima-oportunidad-del-cptm-para-promover-sus-destinos\/#primaryimage\"},\"thumbnailUrl\":\"https:\/\/nitu.mx\/wp-content\/uploads\/2019\/01\/Fitur-2019-M\u00e9xico.jpg\",\"keywords\":[\"Acapulco\",\"Campeche\",\"CPTM\",\"FITUR\",\"Fondo Mixto de Promoci\u00f3n Tur\u00edstica de la Ciudad de M\u00e9xico\",\"Guerrero\",\"Jorge Manos Esparragoza\",\"Los Cabos\",\"Michelle Fridman\",\"Rodrigo Esponda\",\"Sinaloa. RIU Hotels &amp; Resorts\",\"Tianguis Tur\u00edstico\",\"Yucat\u00e1n\"],\"articleSection\":[\"Destinos\",\"M\u00e9xico\"],\"inLanguage\":\"es-MX\",\"potentialAction\":[{\"@type\":\"CommentAction\",\"name\":\"Comment\",\"target\":[\"https:\/\/nitu.mx\/index.php\/2019\/01\/24\/estados-aprovechan-en-fitur-la-ultima-oportunidad-del-cptm-para-promover-sus-destinos\/#respond\"]}]},{\"@type\":\"WebPage\",\"@id\":\"https:\/\/nitu.mx\/index.php\/2019\/01\/24\/estados-aprovechan-en-fitur-la-ultima-oportunidad-del-cptm-para-promover-sus-destinos\/\",\"url\":\"https:\/\/nitu.mx\/index.php\/2019\/01\/24\/estados-aprovechan-en-fitur-la-ultima-oportunidad-del-cptm-para-promover-sus-destinos\/\",\"name\":\"Estados aprovechan en Fitur la \u00faltima oportunidad del CPTM para promover sus destinos - Nitu - Noticias de la Industria Turistica\",\"isPartOf\":{\"@id\":\"https:\/\/nitu.mx\/#website\"},\"primaryImageOfPage\":{\"@id\":\"https:\/\/nitu.mx\/index.php\/2019\/01\/24\/estados-aprovechan-en-fitur-la-ultima-oportunidad-del-cptm-para-promover-sus-destinos\/#primaryimage\"},\"image\":{\"@id\":\"https:\/\/nitu.mx\/index.php\/2019\/01\/24\/estados-aprovechan-en-fitur-la-ultima-oportunidad-del-cptm-para-promover-sus-destinos\/#primaryimage\"},\"thumbnailUrl\":\"https:\/\/nitu.mx\/wp-content\/uploads\/2019\/01\/Fitur-2019-M\u00e9xico.jpg\",\"datePublished\":\"2019-01-24T06:20:16+00:00\",\"dateModified\":\"2019-01-24T06:26:04+00:00\",\"description\":\"La delegaci\u00f3n de nuestro pa\u00eds en Fitur est\u00e1 integrada por la variada oferta de los destinos reconocidos como otros que buscan posicionar su marca.\",\"breadcrumb\":{\"@id\":\"https:\/\/nitu.mx\/index.php\/2019\/01\/24\/estados-aprovechan-en-fitur-la-ultima-oportunidad-del-cptm-para-promover-sus-destinos\/#breadcrumb\"},\"inLanguage\":\"es-MX\",\"potentialAction\":[{\"@type\":\"ReadAction\",\"target\":[\"https:\/\/nitu.mx\/index.php\/2019\/01\/24\/estados-aprovechan-en-fitur-la-ultima-oportunidad-del-cptm-para-promover-sus-destinos\/\"]}]},{\"@type\":\"ImageObject\",\"inLanguage\":\"es-MX\",\"@id\":\"https:\/\/nitu.mx\/index.php\/2019\/01\/24\/estados-aprovechan-en-fitur-la-ultima-oportunidad-del-cptm-para-promover-sus-destinos\/#primaryimage\",\"url\":\"https:\/\/nitu.mx\/wp-content\/uploads\/2019\/01\/Fitur-2019-M\u00e9xico.jpg\",\"contentUrl\":\"https:\/\/nitu.mx\/wp-content\/uploads\/2019\/01\/Fitur-2019-M\u00e9xico.jpg\",\"width\":850,\"height\":480,\"caption\":\"Fitur\"},{\"@type\":\"BreadcrumbList\",\"@id\":\"https:\/\/nitu.mx\/index.php\/2019\/01\/24\/estados-aprovechan-en-fitur-la-ultima-oportunidad-del-cptm-para-promover-sus-destinos\/#breadcrumb\",\"itemListElement\":[{\"@type\":\"ListItem\",\"position\":1,\"name\":\"Inicio\",\"item\":\"https:\/\/nitu.mx\/\"},{\"@type\":\"ListItem\",\"position\":2,\"name\":\"Estados aprovechan en Fitur la \u00faltima oportunidad del CPTM para promover sus destinos\"}]},{\"@type\":\"WebSite\",\"@id\":\"https:\/\/nitu.mx\/#website\",\"url\":\"https:\/\/nitu.mx\/\",\"name\":\"Nitu - Noticias de la Industria Turistica\",\"description\":\"Noticias de la Industria Turistica\",\"publisher\":{\"@id\":\"https:\/\/nitu.mx\/#\/schema\/person\/ae7a53426417292d3dd07b45a33e01bc\"},\"alternateName\":\"Noticias de la Industria Turistica\",\"potentialAction\":[{\"@type\":\"SearchAction\",\"target\":{\"@type\":\"EntryPoint\",\"urlTemplate\":\"https:\/\/nitu.mx\/?s={search_term_string}\"},\"query-input\":\"required name=search_term_string\"}],\"inLanguage\":\"es-MX\"},{\"@type\":[\"Person\",\"Organization\"],\"@id\":\"https:\/\/nitu.mx\/#\/schema\/person\/ae7a53426417292d3dd07b45a33e01bc\",\"name\":\"Arturo Medina\",\"image\":{\"@type\":\"ImageObject\",\"inLanguage\":\"es-MX\",\"@id\":\"https:\/\/nitu.mx\/#\/schema\/person\/image\/\",\"url\":\"https:\/\/nitu.mx\/wp-content\/uploads\/2024\/04\/4A315622-1904-4D5C-B022-878CDC840E04-90x90-1.jpeg\",\"contentUrl\":\"https:\/\/nitu.mx\/wp-content\/uploads\/2024\/04\/4A315622-1904-4D5C-B022-878CDC840E04-90x90-1.jpeg\",\"width\":90,\"height\":90,\"caption\":\"Arturo Medina\"},\"logo\":{\"@id\":\"https:\/\/nitu.mx\/#\/schema\/person\/image\/\"},\"description\":\"Director NITU.mx, Egresado de la Escuela de Periodismo Carlos Septi\u00e9n Garc\u00eda. Periodista y analista especializado en turismo desde hace 35 a\u00f1os, radicado en Canc\u00fan Q.Roo. arturo@nitu.mx\",\"sameAs\":[\"https:\/\/nitu.mx\",\"https:\/\/www.facebook.com\/NITUmx\/\",\"medinacancun\",\"https:\/\/twitter.com\/@Arturo_Medina_G\"]},{\"@type\":\"Person\",\"@id\":\"https:\/\/nitu.mx\/#\/schema\/person\/afc52e313e27e660739556d421d3d6b4\",\"name\":\"Mari Soto\",\"image\":{\"@type\":\"ImageObject\",\"inLanguage\":\"es-MX\",\"@id\":\"https:\/\/nitu.mx\/#\/schema\/person\/image\/\",\"url\":\"https:\/\/secure.gravatar.com\/avatar\/2619c282a180a20d89fcaea82a6736e2?s=96&d=mm&r=g\",\"contentUrl\":\"https:\/\/secure.gravatar.com\/avatar\/2619c282a180a20d89fcaea82a6736e2?s=96&d=mm&r=g\",\"caption\":\"Mari Soto\"},\"sameAs\":[\"https:\/\/nitu.mx\"],\"url\":\"https:\/\/nitu.mx\/index.php\/author\/guadalupe\/\"}]}<\/script>\n<!-- \/ Yoast SEO plugin. -->","yoast_head_json":{"title":"Estados aprovechan en Fitur la \u00faltima oportunidad del CPTM para promover sus destinos - Nitu - Noticias de la Industria Turistica","description":"La delegaci\u00f3n de nuestro pa\u00eds en Fitur est\u00e1 integrada por la variada oferta de los destinos reconocidos como otros que buscan posicionar su marca.","robots":{"index":"index","follow":"follow","max-snippet":"max-snippet:-1","max-image-preview":"max-image-preview:large","max-video-preview":"max-video-preview:-1"},"canonical":"https:\/\/nitu.mx\/index.php\/2019\/01\/24\/estados-aprovechan-en-fitur-la-ultima-oportunidad-del-cptm-para-promover-sus-destinos\/","twitter_card":"summary_large_image","twitter_title":"Estados aprovechan en Fitur la \u00faltima oportunidad del CPTM para promover sus destinos - Nitu - Noticias de la Industria Turistica","twitter_description":"La delegaci\u00f3n de nuestro pa\u00eds en Fitur est\u00e1 integrada por la variada oferta de los destinos reconocidos como otros que buscan posicionar su marca.","twitter_image":"https:\/\/nitu.mx\/wp-content\/uploads\/2019\/01\/Fitur-2019-M\u00e9xico.jpg","twitter_creator":"@NITUmx","twitter_site":"@Arturo_Medina_G","twitter_misc":{"Escrito por":"Mari Soto","Tiempo de lectura":"3 minutos"},"schema":{"@context":"https:\/\/schema.org","@graph":[{"@type":"Article","@id":"https:\/\/nitu.mx\/index.php\/2019\/01\/24\/estados-aprovechan-en-fitur-la-ultima-oportunidad-del-cptm-para-promover-sus-destinos\/#article","isPartOf":{"@id":"https:\/\/nitu.mx\/index.php\/2019\/01\/24\/estados-aprovechan-en-fitur-la-ultima-oportunidad-del-cptm-para-promover-sus-destinos\/"},"author":{"name":"Mari Soto","@id":"https:\/\/nitu.mx\/#\/schema\/person\/afc52e313e27e660739556d421d3d6b4"},"headline":"Estados aprovechan en Fitur la \u00faltima oportunidad del CPTM para promover sus destinos","datePublished":"2019-01-24T06:20:16+00:00","dateModified":"2019-01-24T06:26:04+00:00","mainEntityOfPage":{"@id":"https:\/\/nitu.mx\/index.php\/2019\/01\/24\/estados-aprovechan-en-fitur-la-ultima-oportunidad-del-cptm-para-promover-sus-destinos\/"},"wordCount":545,"commentCount":0,"publisher":{"@id":"https:\/\/nitu.mx\/#\/schema\/person\/ae7a53426417292d3dd07b45a33e01bc"},"image":{"@id":"https:\/\/nitu.mx\/index.php\/2019\/01\/24\/estados-aprovechan-en-fitur-la-ultima-oportunidad-del-cptm-para-promover-sus-destinos\/#primaryimage"},"thumbnailUrl":"https:\/\/nitu.mx\/wp-content\/uploads\/2019\/01\/Fitur-2019-M\u00e9xico.jpg","keywords":["Acapulco","Campeche","CPTM","FITUR","Fondo Mixto de Promoci\u00f3n Tur\u00edstica de la Ciudad de M\u00e9xico","Guerrero","Jorge Manos Esparragoza","Los Cabos","Michelle Fridman","Rodrigo Esponda","Sinaloa. RIU Hotels &amp; Resorts","Tianguis Tur\u00edstico","Yucat\u00e1n"],"articleSection":["Destinos","M\u00e9xico"],"inLanguage":"es-MX","potentialAction":[{"@type":"CommentAction","name":"Comment","target":["https:\/\/nitu.mx\/index.php\/2019\/01\/24\/estados-aprovechan-en-fitur-la-ultima-oportunidad-del-cptm-para-promover-sus-destinos\/#respond"]}]},{"@type":"WebPage","@id":"https:\/\/nitu.mx\/index.php\/2019\/01\/24\/estados-aprovechan-en-fitur-la-ultima-oportunidad-del-cptm-para-promover-sus-destinos\/","url":"https:\/\/nitu.mx\/index.php\/2019\/01\/24\/estados-aprovechan-en-fitur-la-ultima-oportunidad-del-cptm-para-promover-sus-destinos\/","name":"Estados aprovechan en Fitur la \u00faltima oportunidad del CPTM para promover sus destinos - Nitu - Noticias de la Industria Turistica","isPartOf":{"@id":"https:\/\/nitu.mx\/#website"},"primaryImageOfPage":{"@id":"https:\/\/nitu.mx\/index.php\/2019\/01\/24\/estados-aprovechan-en-fitur-la-ultima-oportunidad-del-cptm-para-promover-sus-destinos\/#primaryimage"},"image":{"@id":"https:\/\/nitu.mx\/index.php\/2019\/01\/24\/estados-aprovechan-en-fitur-la-ultima-oportunidad-del-cptm-para-promover-sus-destinos\/#primaryimage"},"thumbnailUrl":"https:\/\/nitu.mx\/wp-content\/uploads\/2019\/01\/Fitur-2019-M\u00e9xico.jpg","datePublished":"2019-01-24T06:20:16+00:00","dateModified":"2019-01-24T06:26:04+00:00","description":"La delegaci\u00f3n de nuestro pa\u00eds en Fitur est\u00e1 integrada por la variada oferta de los destinos reconocidos como otros que buscan posicionar su marca.","breadcrumb":{"@id":"https:\/\/nitu.mx\/index.php\/2019\/01\/24\/estados-aprovechan-en-fitur-la-ultima-oportunidad-del-cptm-para-promover-sus-destinos\/#breadcrumb"},"inLanguage":"es-MX","potentialAction":[{"@type":"ReadAction","target":["https:\/\/nitu.mx\/index.php\/2019\/01\/24\/estados-aprovechan-en-fitur-la-ultima-oportunidad-del-cptm-para-promover-sus-destinos\/"]}]},{"@type":"ImageObject","inLanguage":"es-MX","@id":"https:\/\/nitu.mx\/index.php\/2019\/01\/24\/estados-aprovechan-en-fitur-la-ultima-oportunidad-del-cptm-para-promover-sus-destinos\/#primaryimage","url":"https:\/\/nitu.mx\/wp-content\/uploads\/2019\/01\/Fitur-2019-M\u00e9xico.jpg","contentUrl":"https:\/\/nitu.mx\/wp-content\/uploads\/2019\/01\/Fitur-2019-M\u00e9xico.jpg","width":850,"height":480,"caption":"Fitur"},{"@type":"BreadcrumbList","@id":"https:\/\/nitu.mx\/index.php\/2019\/01\/24\/estados-aprovechan-en-fitur-la-ultima-oportunidad-del-cptm-para-promover-sus-destinos\/#breadcrumb","itemListElement":[{"@type":"ListItem","position":1,"name":"Inicio","item":"https:\/\/nitu.mx\/"},{"@type":"ListItem","position":2,"name":"Estados aprovechan en Fitur la \u00faltima oportunidad del CPTM para promover sus destinos"}]},{"@type":"WebSite","@id":"https:\/\/nitu.mx\/#website","url":"https:\/\/nitu.mx\/","name":"Nitu - Noticias de la Industria Turistica","description":"Noticias de la Industria Turistica","publisher":{"@id":"https:\/\/nitu.mx\/#\/schema\/person\/ae7a53426417292d3dd07b45a33e01bc"},"alternateName":"Noticias de la Industria Turistica","potentialAction":[{"@type":"SearchAction","target":{"@type":"EntryPoint","urlTemplate":"https:\/\/nitu.mx\/?s={search_term_string}"},"query-input":"required name=search_term_string"}],"inLanguage":"es-MX"},{"@type":["Person","Organization"],"@id":"https:\/\/nitu.mx\/#\/schema\/person\/ae7a53426417292d3dd07b45a33e01bc","name":"Arturo Medina","image":{"@type":"ImageObject","inLanguage":"es-MX","@id":"https:\/\/nitu.mx\/#\/schema\/person\/image\/","url":"https:\/\/nitu.mx\/wp-content\/uploads\/2024\/04\/4A315622-1904-4D5C-B022-878CDC840E04-90x90-1.jpeg","contentUrl":"https:\/\/nitu.mx\/wp-content\/uploads\/2024\/04\/4A315622-1904-4D5C-B022-878CDC840E04-90x90-1.jpeg","width":90,"height":90,"caption":"Arturo Medina"},"logo":{"@id":"https:\/\/nitu.mx\/#\/schema\/person\/image\/"},"description":"Director NITU.mx, Egresado de la Escuela de Periodismo Carlos Septi\u00e9n Garc\u00eda. Periodista y analista especializado en turismo desde hace 35 a\u00f1os, radicado en Canc\u00fan Q.Roo. arturo@nitu.mx","sameAs":["https:\/\/nitu.mx","https:\/\/www.facebook.com\/NITUmx\/","medinacancun","https:\/\/twitter.com\/@Arturo_Medina_G"]},{"@type":"Person","@id":"https:\/\/nitu.mx\/#\/schema\/person\/afc52e313e27e660739556d421d3d6b4","name":"Mari Soto","image":{"@type":"ImageObject","inLanguage":"es-MX","@id":"https:\/\/nitu.mx\/#\/schema\/person\/image\/","url":"https:\/\/secure.gravatar.com\/avatar\/2619c282a180a20d89fcaea82a6736e2?s=96&d=mm&r=g","contentUrl":"https:\/\/secure.gravatar.com\/avatar\/2619c282a180a20d89fcaea82a6736e2?s=96&d=mm&r=g","caption":"Mari Soto"},"sameAs":["https:\/\/nitu.mx"],"url":"https:\/\/nitu.mx\/index.php\/author\/guadalupe\/"}]}},"views":480,"_links":{"self":[{"href":"https:\/\/nitu.mx\/index.php\/wp-json\/wp\/v2\/posts\/28537"}],"collection":[{"href":"https:\/\/nitu.mx\/index.php\/wp-json\/wp\/v2\/posts"}],"about":[{"href":"https:\/\/nitu.mx\/index.php\/wp-json\/wp\/v2\/types\/post"}],"author":[{"embeddable":true,"href":"https:\/\/nitu.mx\/index.php\/wp-json\/wp\/v2\/users\/5"}],"replies":[{"embeddable":true,"href":"https:\/\/nitu.mx\/index.php\/wp-json\/wp\/v2\/comments?post=28537"}],"version-history":[{"count":1,"href":"https:\/\/nitu.mx\/index.php\/wp-json\/wp\/v2\/posts\/28537\/revisions"}],"predecessor-version":[{"id":28538,"href":"https:\/\/nitu.mx\/index.php\/wp-json\/wp\/v2\/posts\/28537\/revisions\/28538"}],"wp:featuredmedia":[{"embeddable":true,"href":"https:\/\/nitu.mx\/index.php\/wp-json\/wp\/v2\/media\/28539"}],"wp:attachment":[{"href":"https:\/\/nitu.mx\/index.php\/wp-json\/wp\/v2\/media?parent=28537"}],"wp:term":[{"taxonomy":"category","embeddable":true,"href":"https:\/\/nitu.mx\/index.php\/wp-json\/wp\/v2\/categories?post=28537"},{"taxonomy":"post_tag","embeddable":true,"href":"https:\/\/nitu.mx\/index.php\/wp-json\/wp\/v2\/tags?post=28537"}],"curies":[{"name":"wp","href":"https:\/\/api.w.org\/{rel}","templated":true}]}}