{"id":28487,"date":"2019-01-23T00:48:31","date_gmt":"2019-01-23T05:48:31","guid":{"rendered":"https:\/\/www.dev.nitu.mx\/?p=28487"},"modified":"2019-01-23T01:53:41","modified_gmt":"2019-01-23T06:53:41","slug":"aeromexico-y-aeroflot-signan-alianza-de-codigo-compartido","status":"publish","type":"post","link":"https:\/\/nitu.mx\/index.php\/2019\/01\/23\/aeromexico-y-aeroflot-signan-alianza-de-codigo-compartido\/","title":{"rendered":"Aerom\u00e9xico y Aeroflot signan alianza de c\u00f3digo compartido"},"content":{"rendered":"<p>Aerom\u00e9xico inform\u00f3 que desde el lunes pasado, los pasajeros que viajen desde M\u00e9xico o Mosc\u00fa podr\u00e1n conectar v\u00eda a\u00e9rea con la aerol\u00ednea mexicana ya que firm\u00f3 un c\u00f3digo compartido con Aeroflot, compa\u00f1\u00eda a\u00e9rea nacional de Rusia.<\/p>\n<p>De igual manera, precis\u00f3 en un comunicado que los mexicanos podr\u00e1n llegar a la capital rusa a trav\u00e9s de los puntos en Europa donde Aerom\u00e9xico tiene operaciones, es decir \u00c1msterdam, Londres, Madrid y Par\u00eds.<\/p>\n<p>Coment\u00f3 que ambas aerol\u00edneas son fuertes aliados desde hace varios a\u00f1os gracias a la alianza SkyTeam a la que ambas pertenecen, derivado de ello, este c\u00f3digo compartido tambi\u00e9n incluir\u00e1 los beneficios del programa como viajero frecuente de la alianza, un esquema de acumulaci\u00f3n y canje de millas que busca recompensar la lealtad de los clientes.<\/p>\n<p>Detall\u00f3 que cada vez que un viajero utilice este c\u00f3digo, sumar\u00e1 millas que posteriormente podr\u00e1 cambiar por boletos de avi\u00f3n con las aerol\u00edneas miembro, en tanto los usuarios tendr\u00e1n acceso a los servicios que ofrece SkyPriority en aeropuertos, como prioridad para el registro, embarque y manejo del equipaje, carriles especiales en oficinas de boletos.<\/p>\n<p>As\u00ed como mostradores de conexi\u00f3n, control de seguridad e inmigraci\u00f3n para una experiencia de viaje sin contratiempos, entre otros importantes beneficios.<\/p>\n<p>Otra ventaja, es la reciprocidad en el uso de salas VIP, por lo que los clientes de ambas aerol\u00edneas podr\u00e1n tener acceso a las comodidades que estos espacios ofrecen con el objetivo de hacer m\u00e1s placentera y eficiente la espera de cada vuelo.\u00a0<a title=\"Aerom\u00e9xico y Delta festejan primer aniversario de su alianza\" href=\"https:\/\/www.dev.nitu.mx\/index.php\/2018\/05\/09\/aeromexico-y-delta-festejan-primer-aniversario-de-su-alianza\/\" rel=\"bookmark\">(Aerom\u00e9xico y Delta festejan primer aniversario de su alianza<\/a>).<\/p>\n<p>\u201cDe esta manera, Aerom\u00e9xico refuerza su compromiso por seguir ampliando las posibilidades de viaje para sus usuarios a trav\u00e9s de alianzas con los socios m\u00e1s importantes a nivel internacional, que permita a los viajeros llegar m\u00e1s lejos\u201d, dijo. (El Economista).<\/p>\n","protected":false},"excerpt":{"rendered":"<p>Aerom\u00e9xico inform\u00f3 que desde el lunes pasado, los pasajeros que viajen desde M\u00e9xico o Mosc\u00fa podr\u00e1n conectar v\u00eda a\u00e9rea con la aerol\u00ednea mexicana ya que firm\u00f3 un c\u00f3digo compartido con Aeroflot, compa\u00f1\u00eda a\u00e9rea nacional de Rusia. De igual manera, precis\u00f3 en un comunicado que los mexicanos podr\u00e1n llegar a la capital rusa a trav\u00e9s de [&hellip;]<\/p>\n","protected":false},"author":17,"featured_media":7029,"comment_status":"open","ping_status":"open","sticky":false,"template":"","format":"standard","meta":{"footnotes":""},"categories":[29,374],"tags":[3605,30,14239,68,6303,229,5543,5369],"yoast_head":"<!-- This site is optimized with the Yoast SEO plugin v22.2 - https:\/\/yoast.com\/wordpress\/plugins\/seo\/ -->\n<title>Aerom\u00e9xico y Aeroflot signan alianza de c\u00f3digo compartido - Nitu - Noticias de la Industria Turistica<\/title>\n<meta name=\"description\" content=\"Aerom\u00e9xico inform\u00f3 que firm\u00f3 un c\u00f3digo compartido con Aeroflot, compa\u00f1\u00eda a\u00e9rea nacional de Rusia.\" \/>\n<meta name=\"robots\" content=\"index, follow, max-snippet:-1, max-image-preview:large, max-video-preview:-1\" \/>\n<link rel=\"canonical\" href=\"https:\/\/nitu.mx\/index.php\/2019\/01\/23\/aeromexico-y-aeroflot-signan-alianza-de-codigo-compartido\/\" \/>\n<meta name=\"twitter:card\" content=\"summary_large_image\" \/>\n<meta name=\"twitter:title\" content=\"Aerom\u00e9xico y Aeroflot signan alianza de c\u00f3digo compartido - Nitu - Noticias de la Industria Turistica\" \/>\n<meta name=\"twitter:description\" content=\"Aerom\u00e9xico inform\u00f3 que firm\u00f3 un c\u00f3digo compartido con Aeroflot, compa\u00f1\u00eda a\u00e9rea nacional de Rusia.\" \/>\n<meta name=\"twitter:image\" content=\"https:\/\/nitu.mx\/wp-content\/uploads\/2017\/02\/aeromexico-tarifas.jpg\" \/>\n<meta name=\"twitter:creator\" content=\"@NITUmx\" \/>\n<meta name=\"twitter:site\" content=\"@Arturo_Medina_G\" \/>\n<meta name=\"twitter:label1\" content=\"Escrito por\" \/>\n\t<meta name=\"twitter:data1\" content=\"Redacci\u00f3n\" \/>\n\t<meta name=\"twitter:label2\" content=\"Tiempo de lectura\" \/>\n\t<meta name=\"twitter:data2\" content=\"2 minutos\" \/>\n<script type=\"application\/ld+json\" class=\"yoast-schema-graph\">{\"@context\":\"https:\/\/schema.org\",\"@graph\":[{\"@type\":\"Article\",\"@id\":\"https:\/\/nitu.mx\/index.php\/2019\/01\/23\/aeromexico-y-aeroflot-signan-alianza-de-codigo-compartido\/#article\",\"isPartOf\":{\"@id\":\"https:\/\/nitu.mx\/index.php\/2019\/01\/23\/aeromexico-y-aeroflot-signan-alianza-de-codigo-compartido\/\"},\"author\":{\"name\":\"Redacci\u00f3n\",\"@id\":\"https:\/\/nitu.mx\/#\/schema\/person\/4a28fe9bd65924f7c90623773daf1b0b\"},\"headline\":\"Aerom\u00e9xico y Aeroflot signan alianza de c\u00f3digo compartido\",\"datePublished\":\"2019-01-23T05:48:31+00:00\",\"dateModified\":\"2019-01-23T06:53:41+00:00\",\"mainEntityOfPage\":{\"@id\":\"https:\/\/nitu.mx\/index.php\/2019\/01\/23\/aeromexico-y-aeroflot-signan-alianza-de-codigo-compartido\/\"},\"wordCount\":334,\"commentCount\":0,\"publisher\":{\"@id\":\"https:\/\/nitu.mx\/#\/schema\/person\/ae7a53426417292d3dd07b45a33e01bc\"},\"image\":{\"@id\":\"https:\/\/nitu.mx\/index.php\/2019\/01\/23\/aeromexico-y-aeroflot-signan-alianza-de-codigo-compartido\/#primaryimage\"},\"thumbnailUrl\":\"https:\/\/nitu.mx\/wp-content\/uploads\/2017\/02\/aeromexico-tarifas.jpg\",\"keywords\":[\"Aeroflot\",\"Aerom\u00e9xico\",\"alianza de c\u00f3digo compartido\",\"M\u00e9xico\",\"Mosc\u00fa\",\"Rusia\",\"SkyTeam\",\"v\u00eda a\u00e9rea\"],\"articleSection\":[\"Aerol\u00edneas\",\"Internacional\"],\"inLanguage\":\"es-MX\",\"potentialAction\":[{\"@type\":\"CommentAction\",\"name\":\"Comment\",\"target\":[\"https:\/\/nitu.mx\/index.php\/2019\/01\/23\/aeromexico-y-aeroflot-signan-alianza-de-codigo-compartido\/#respond\"]}]},{\"@type\":\"WebPage\",\"@id\":\"https:\/\/nitu.mx\/index.php\/2019\/01\/23\/aeromexico-y-aeroflot-signan-alianza-de-codigo-compartido\/\",\"url\":\"https:\/\/nitu.mx\/index.php\/2019\/01\/23\/aeromexico-y-aeroflot-signan-alianza-de-codigo-compartido\/\",\"name\":\"Aerom\u00e9xico y Aeroflot signan alianza de c\u00f3digo compartido - Nitu - Noticias de la Industria Turistica\",\"isPartOf\":{\"@id\":\"https:\/\/nitu.mx\/#website\"},\"primaryImageOfPage\":{\"@id\":\"https:\/\/nitu.mx\/index.php\/2019\/01\/23\/aeromexico-y-aeroflot-signan-alianza-de-codigo-compartido\/#primaryimage\"},\"image\":{\"@id\":\"https:\/\/nitu.mx\/index.php\/2019\/01\/23\/aeromexico-y-aeroflot-signan-alianza-de-codigo-compartido\/#primaryimage\"},\"thumbnailUrl\":\"https:\/\/nitu.mx\/wp-content\/uploads\/2017\/02\/aeromexico-tarifas.jpg\",\"datePublished\":\"2019-01-23T05:48:31+00:00\",\"dateModified\":\"2019-01-23T06:53:41+00:00\",\"description\":\"Aerom\u00e9xico inform\u00f3 que firm\u00f3 un c\u00f3digo compartido con Aeroflot, compa\u00f1\u00eda a\u00e9rea nacional de Rusia.\",\"breadcrumb\":{\"@id\":\"https:\/\/nitu.mx\/index.php\/2019\/01\/23\/aeromexico-y-aeroflot-signan-alianza-de-codigo-compartido\/#breadcrumb\"},\"inLanguage\":\"es-MX\",\"potentialAction\":[{\"@type\":\"ReadAction\",\"target\":[\"https:\/\/nitu.mx\/index.php\/2019\/01\/23\/aeromexico-y-aeroflot-signan-alianza-de-codigo-compartido\/\"]}]},{\"@type\":\"ImageObject\",\"inLanguage\":\"es-MX\",\"@id\":\"https:\/\/nitu.mx\/index.php\/2019\/01\/23\/aeromexico-y-aeroflot-signan-alianza-de-codigo-compartido\/#primaryimage\",\"url\":\"https:\/\/nitu.mx\/wp-content\/uploads\/2017\/02\/aeromexico-tarifas.jpg\",\"contentUrl\":\"https:\/\/nitu.mx\/wp-content\/uploads\/2017\/02\/aeromexico-tarifas.jpg\",\"width\":850,\"height\":480,\"caption\":\"aeromexico\"},{\"@type\":\"BreadcrumbList\",\"@id\":\"https:\/\/nitu.mx\/index.php\/2019\/01\/23\/aeromexico-y-aeroflot-signan-alianza-de-codigo-compartido\/#breadcrumb\",\"itemListElement\":[{\"@type\":\"ListItem\",\"position\":1,\"name\":\"Inicio\",\"item\":\"https:\/\/nitu.mx\/\"},{\"@type\":\"ListItem\",\"position\":2,\"name\":\"Aerom\u00e9xico y Aeroflot signan alianza de c\u00f3digo compartido\"}]},{\"@type\":\"WebSite\",\"@id\":\"https:\/\/nitu.mx\/#website\",\"url\":\"https:\/\/nitu.mx\/\",\"name\":\"Nitu - Noticias de la Industria Turistica\",\"description\":\"Noticias de la Industria Turistica\",\"publisher\":{\"@id\":\"https:\/\/nitu.mx\/#\/schema\/person\/ae7a53426417292d3dd07b45a33e01bc\"},\"alternateName\":\"Noticias de la Industria Turistica\",\"potentialAction\":[{\"@type\":\"SearchAction\",\"target\":{\"@type\":\"EntryPoint\",\"urlTemplate\":\"https:\/\/nitu.mx\/?s={search_term_string}\"},\"query-input\":\"required name=search_term_string\"}],\"inLanguage\":\"es-MX\"},{\"@type\":[\"Person\",\"Organization\"],\"@id\":\"https:\/\/nitu.mx\/#\/schema\/person\/ae7a53426417292d3dd07b45a33e01bc\",\"name\":\"Arturo Medina\",\"image\":{\"@type\":\"ImageObject\",\"inLanguage\":\"es-MX\",\"@id\":\"https:\/\/nitu.mx\/#\/schema\/person\/image\/\",\"url\":\"https:\/\/nitu.mx\/wp-content\/uploads\/2024\/04\/4A315622-1904-4D5C-B022-878CDC840E04-90x90-1.jpeg\",\"contentUrl\":\"https:\/\/nitu.mx\/wp-content\/uploads\/2024\/04\/4A315622-1904-4D5C-B022-878CDC840E04-90x90-1.jpeg\",\"width\":90,\"height\":90,\"caption\":\"Arturo Medina\"},\"logo\":{\"@id\":\"https:\/\/nitu.mx\/#\/schema\/person\/image\/\"},\"description\":\"Director NITU.mx, Egresado de la Escuela de Periodismo Carlos Septi\u00e9n Garc\u00eda. Periodista y analista especializado en turismo desde hace 35 a\u00f1os, radicado en Canc\u00fan Q.Roo. arturo@nitu.mx\",\"sameAs\":[\"https:\/\/nitu.mx\",\"https:\/\/www.facebook.com\/NITUmx\/\",\"medinacancun\",\"https:\/\/twitter.com\/@Arturo_Medina_G\"]},{\"@type\":\"Person\",\"@id\":\"https:\/\/nitu.mx\/#\/schema\/person\/4a28fe9bd65924f7c90623773daf1b0b\",\"name\":\"Redacci\u00f3n\",\"image\":{\"@type\":\"ImageObject\",\"inLanguage\":\"es-MX\",\"@id\":\"https:\/\/nitu.mx\/#\/schema\/person\/image\/\",\"url\":\"https:\/\/secure.gravatar.com\/avatar\/5dd011c8ccfc5cd7e4c81e42252aab38?s=96&d=mm&r=g\",\"contentUrl\":\"https:\/\/secure.gravatar.com\/avatar\/5dd011c8ccfc5cd7e4c81e42252aab38?s=96&d=mm&r=g\",\"caption\":\"Redacci\u00f3n\"},\"url\":\"https:\/\/nitu.mx\/index.php\/author\/redaccion\/\"}]}<\/script>\n<!-- \/ Yoast SEO plugin. -->","yoast_head_json":{"title":"Aerom\u00e9xico y Aeroflot signan alianza de c\u00f3digo compartido - Nitu - Noticias de la Industria Turistica","description":"Aerom\u00e9xico inform\u00f3 que firm\u00f3 un c\u00f3digo compartido con Aeroflot, compa\u00f1\u00eda a\u00e9rea nacional de Rusia.","robots":{"index":"index","follow":"follow","max-snippet":"max-snippet:-1","max-image-preview":"max-image-preview:large","max-video-preview":"max-video-preview:-1"},"canonical":"https:\/\/nitu.mx\/index.php\/2019\/01\/23\/aeromexico-y-aeroflot-signan-alianza-de-codigo-compartido\/","twitter_card":"summary_large_image","twitter_title":"Aerom\u00e9xico y Aeroflot signan alianza de c\u00f3digo compartido - Nitu - Noticias de la Industria Turistica","twitter_description":"Aerom\u00e9xico inform\u00f3 que firm\u00f3 un c\u00f3digo compartido con Aeroflot, compa\u00f1\u00eda a\u00e9rea nacional de Rusia.","twitter_image":"https:\/\/nitu.mx\/wp-content\/uploads\/2017\/02\/aeromexico-tarifas.jpg","twitter_creator":"@NITUmx","twitter_site":"@Arturo_Medina_G","twitter_misc":{"Escrito por":"Redacci\u00f3n","Tiempo de lectura":"2 minutos"},"schema":{"@context":"https:\/\/schema.org","@graph":[{"@type":"Article","@id":"https:\/\/nitu.mx\/index.php\/2019\/01\/23\/aeromexico-y-aeroflot-signan-alianza-de-codigo-compartido\/#article","isPartOf":{"@id":"https:\/\/nitu.mx\/index.php\/2019\/01\/23\/aeromexico-y-aeroflot-signan-alianza-de-codigo-compartido\/"},"author":{"name":"Redacci\u00f3n","@id":"https:\/\/nitu.mx\/#\/schema\/person\/4a28fe9bd65924f7c90623773daf1b0b"},"headline":"Aerom\u00e9xico y Aeroflot signan alianza de c\u00f3digo compartido","datePublished":"2019-01-23T05:48:31+00:00","dateModified":"2019-01-23T06:53:41+00:00","mainEntityOfPage":{"@id":"https:\/\/nitu.mx\/index.php\/2019\/01\/23\/aeromexico-y-aeroflot-signan-alianza-de-codigo-compartido\/"},"wordCount":334,"commentCount":0,"publisher":{"@id":"https:\/\/nitu.mx\/#\/schema\/person\/ae7a53426417292d3dd07b45a33e01bc"},"image":{"@id":"https:\/\/nitu.mx\/index.php\/2019\/01\/23\/aeromexico-y-aeroflot-signan-alianza-de-codigo-compartido\/#primaryimage"},"thumbnailUrl":"https:\/\/nitu.mx\/wp-content\/uploads\/2017\/02\/aeromexico-tarifas.jpg","keywords":["Aeroflot","Aerom\u00e9xico","alianza de c\u00f3digo compartido","M\u00e9xico","Mosc\u00fa","Rusia","SkyTeam","v\u00eda a\u00e9rea"],"articleSection":["Aerol\u00edneas","Internacional"],"inLanguage":"es-MX","potentialAction":[{"@type":"CommentAction","name":"Comment","target":["https:\/\/nitu.mx\/index.php\/2019\/01\/23\/aeromexico-y-aeroflot-signan-alianza-de-codigo-compartido\/#respond"]}]},{"@type":"WebPage","@id":"https:\/\/nitu.mx\/index.php\/2019\/01\/23\/aeromexico-y-aeroflot-signan-alianza-de-codigo-compartido\/","url":"https:\/\/nitu.mx\/index.php\/2019\/01\/23\/aeromexico-y-aeroflot-signan-alianza-de-codigo-compartido\/","name":"Aerom\u00e9xico y Aeroflot signan alianza de c\u00f3digo compartido - Nitu - Noticias de la Industria Turistica","isPartOf":{"@id":"https:\/\/nitu.mx\/#website"},"primaryImageOfPage":{"@id":"https:\/\/nitu.mx\/index.php\/2019\/01\/23\/aeromexico-y-aeroflot-signan-alianza-de-codigo-compartido\/#primaryimage"},"image":{"@id":"https:\/\/nitu.mx\/index.php\/2019\/01\/23\/aeromexico-y-aeroflot-signan-alianza-de-codigo-compartido\/#primaryimage"},"thumbnailUrl":"https:\/\/nitu.mx\/wp-content\/uploads\/2017\/02\/aeromexico-tarifas.jpg","datePublished":"2019-01-23T05:48:31+00:00","dateModified":"2019-01-23T06:53:41+00:00","description":"Aerom\u00e9xico inform\u00f3 que firm\u00f3 un c\u00f3digo compartido con Aeroflot, compa\u00f1\u00eda a\u00e9rea nacional de Rusia.","breadcrumb":{"@id":"https:\/\/nitu.mx\/index.php\/2019\/01\/23\/aeromexico-y-aeroflot-signan-alianza-de-codigo-compartido\/#breadcrumb"},"inLanguage":"es-MX","potentialAction":[{"@type":"ReadAction","target":["https:\/\/nitu.mx\/index.php\/2019\/01\/23\/aeromexico-y-aeroflot-signan-alianza-de-codigo-compartido\/"]}]},{"@type":"ImageObject","inLanguage":"es-MX","@id":"https:\/\/nitu.mx\/index.php\/2019\/01\/23\/aeromexico-y-aeroflot-signan-alianza-de-codigo-compartido\/#primaryimage","url":"https:\/\/nitu.mx\/wp-content\/uploads\/2017\/02\/aeromexico-tarifas.jpg","contentUrl":"https:\/\/nitu.mx\/wp-content\/uploads\/2017\/02\/aeromexico-tarifas.jpg","width":850,"height":480,"caption":"aeromexico"},{"@type":"BreadcrumbList","@id":"https:\/\/nitu.mx\/index.php\/2019\/01\/23\/aeromexico-y-aeroflot-signan-alianza-de-codigo-compartido\/#breadcrumb","itemListElement":[{"@type":"ListItem","position":1,"name":"Inicio","item":"https:\/\/nitu.mx\/"},{"@type":"ListItem","position":2,"name":"Aerom\u00e9xico y Aeroflot signan alianza de c\u00f3digo compartido"}]},{"@type":"WebSite","@id":"https:\/\/nitu.mx\/#website","url":"https:\/\/nitu.mx\/","name":"Nitu - Noticias de la Industria Turistica","description":"Noticias de la Industria Turistica","publisher":{"@id":"https:\/\/nitu.mx\/#\/schema\/person\/ae7a53426417292d3dd07b45a33e01bc"},"alternateName":"Noticias de la Industria Turistica","potentialAction":[{"@type":"SearchAction","target":{"@type":"EntryPoint","urlTemplate":"https:\/\/nitu.mx\/?s={search_term_string}"},"query-input":"required name=search_term_string"}],"inLanguage":"es-MX"},{"@type":["Person","Organization"],"@id":"https:\/\/nitu.mx\/#\/schema\/person\/ae7a53426417292d3dd07b45a33e01bc","name":"Arturo Medina","image":{"@type":"ImageObject","inLanguage":"es-MX","@id":"https:\/\/nitu.mx\/#\/schema\/person\/image\/","url":"https:\/\/nitu.mx\/wp-content\/uploads\/2024\/04\/4A315622-1904-4D5C-B022-878CDC840E04-90x90-1.jpeg","contentUrl":"https:\/\/nitu.mx\/wp-content\/uploads\/2024\/04\/4A315622-1904-4D5C-B022-878CDC840E04-90x90-1.jpeg","width":90,"height":90,"caption":"Arturo Medina"},"logo":{"@id":"https:\/\/nitu.mx\/#\/schema\/person\/image\/"},"description":"Director NITU.mx, Egresado de la Escuela de Periodismo Carlos Septi\u00e9n Garc\u00eda. Periodista y analista especializado en turismo desde hace 35 a\u00f1os, radicado en Canc\u00fan Q.Roo. arturo@nitu.mx","sameAs":["https:\/\/nitu.mx","https:\/\/www.facebook.com\/NITUmx\/","medinacancun","https:\/\/twitter.com\/@Arturo_Medina_G"]},{"@type":"Person","@id":"https:\/\/nitu.mx\/#\/schema\/person\/4a28fe9bd65924f7c90623773daf1b0b","name":"Redacci\u00f3n","image":{"@type":"ImageObject","inLanguage":"es-MX","@id":"https:\/\/nitu.mx\/#\/schema\/person\/image\/","url":"https:\/\/secure.gravatar.com\/avatar\/5dd011c8ccfc5cd7e4c81e42252aab38?s=96&d=mm&r=g","contentUrl":"https:\/\/secure.gravatar.com\/avatar\/5dd011c8ccfc5cd7e4c81e42252aab38?s=96&d=mm&r=g","caption":"Redacci\u00f3n"},"url":"https:\/\/nitu.mx\/index.php\/author\/redaccion\/"}]}},"views":423,"_links":{"self":[{"href":"https:\/\/nitu.mx\/index.php\/wp-json\/wp\/v2\/posts\/28487"}],"collection":[{"href":"https:\/\/nitu.mx\/index.php\/wp-json\/wp\/v2\/posts"}],"about":[{"href":"https:\/\/nitu.mx\/index.php\/wp-json\/wp\/v2\/types\/post"}],"author":[{"embeddable":true,"href":"https:\/\/nitu.mx\/index.php\/wp-json\/wp\/v2\/users\/17"}],"replies":[{"embeddable":true,"href":"https:\/\/nitu.mx\/index.php\/wp-json\/wp\/v2\/comments?post=28487"}],"version-history":[{"count":2,"href":"https:\/\/nitu.mx\/index.php\/wp-json\/wp\/v2\/posts\/28487\/revisions"}],"predecessor-version":[{"id":28514,"href":"https:\/\/nitu.mx\/index.php\/wp-json\/wp\/v2\/posts\/28487\/revisions\/28514"}],"wp:featuredmedia":[{"embeddable":true,"href":"https:\/\/nitu.mx\/index.php\/wp-json\/wp\/v2\/media\/7029"}],"wp:attachment":[{"href":"https:\/\/nitu.mx\/index.php\/wp-json\/wp\/v2\/media?parent=28487"}],"wp:term":[{"taxonomy":"category","embeddable":true,"href":"https:\/\/nitu.mx\/index.php\/wp-json\/wp\/v2\/categories?post=28487"},{"taxonomy":"post_tag","embeddable":true,"href":"https:\/\/nitu.mx\/index.php\/wp-json\/wp\/v2\/tags?post=28487"}],"curies":[{"name":"wp","href":"https:\/\/api.w.org\/{rel}","templated":true}]}}