{"id":28366,"date":"2019-01-18T00:53:03","date_gmt":"2019-01-18T05:53:03","guid":{"rendered":"https:\/\/www.dev.nitu.mx\/?p=28366"},"modified":"2019-01-18T01:30:27","modified_gmt":"2019-01-18T06:30:27","slug":"preocupante-el-descenso-de-turistas-estadounidenses-hacia-mexico","status":"publish","type":"post","link":"https:\/\/nitu.mx\/index.php\/2019\/01\/18\/preocupante-el-descenso-de-turistas-estadounidenses-hacia-mexico\/","title":{"rendered":"Preocupante el descenso de turistas estadounidenses hacia M\u00e9xico"},"content":{"rendered":"<p>La iniciativa privada, el gobierno y la academia externaron su preocupaci\u00f3n ante la ca\u00edda de turistas provenientes de Estados Unidos hacia M\u00e9xico, pues de acuerdo con las estimaciones, el a\u00f1o pasado m\u00e1s estadounidenses viajaron fuera de su pa\u00eds, sin embargo no lo hicieron al nuestro.<\/p>\n<p>En el marco de la 8\u00aa conferencia \u201cPerspectivas Tur\u00edsticas para M\u00e9xico 2019\u201d organizada por la Facultad de Turismo de la Universidad An\u00e1huac, ponentes de los diferentes sectores se\u00f1alaron que las alertas de viaje emitidas por el gobierno de Estados Unidos, s\u00ed tienen un efecto en la decisi\u00f3n, aunado al freno de campa\u00f1as de promoci\u00f3n propiciado por el cierre del CPTM.<\/p>\n<p>De acuerdo con Pablo Azc\u00e1rraga, presidente del Consejo Nacional Empresarial Tur\u00edstico (CNET), se han mandado mensajes equivocados a nuestro principal mercado emisor de viajeros, e insiste en la necesidad de realizar promoci\u00f3n espec\u00edfica para atenuar la situaci\u00f3n, como se ha hecho en otras ocasiones.<\/p>\n<p>Para el empresario tur\u00edstico, no hay tiempo que perder en la toma de decisiones, pues \u00e9ste es el momento de vender la temporada de verano. \u201cDe no hacerlo podemos ver una ca\u00edda de 30 por ciento en el turismo, lo que ser\u00eda un fuerte impacto\u201d.<\/p>\n<p>Francisco Madrid, director de la Facultad de Turismo de la Universidad An\u00e1huac, detall\u00f3 que el ejemplo m\u00e1s evidente es Canc\u00fan, que arranc\u00f3 el a\u00f1o con una ca\u00edda de 10 por ciento respecto al mismo periodo de 2018, pero que increment\u00f3 su oferta hotelera, lo que obliga a entrar en una guerra de tarifas.<\/p>\n<p>Para el titular de la Secretar\u00eda de Turismo, Miguel Torruco Marqu\u00e9s, esta situaci\u00f3n obedece tambi\u00e9n a una cuesti\u00f3n c\u00edclica que se ha repetido los \u00faltimos 50 a\u00f1os, y que cuadra en cada proceso de reelecci\u00f3n en la Casa Blanca.<\/p>\n","protected":false},"excerpt":{"rendered":"<p>La iniciativa privada, el gobierno y la academia externaron su preocupaci\u00f3n ante la ca\u00edda de turistas provenientes de Estados Unidos hacia M\u00e9xico, pues de acuerdo con las estimaciones, el a\u00f1o pasado m\u00e1s estadounidenses viajaron fuera de su pa\u00eds, sin embargo no lo hicieron al nuestro. En el marco de la 8\u00aa conferencia \u201cPerspectivas Tur\u00edsticas para [&hellip;]<\/p>\n","protected":false},"author":5,"featured_media":9773,"comment_status":"open","ping_status":"open","sticky":false,"template":"","format":"standard","meta":{"footnotes":""},"categories":[12,6],"tags":[834,1613,910,835,93,1612],"yoast_head":"<!-- This site is optimized with the Yoast SEO plugin v22.2 - https:\/\/yoast.com\/wordpress\/plugins\/seo\/ -->\n<title>Preocupante el descenso de turistas estadounidenses hacia M\u00e9xico - Nitu - Noticias de la Industria Turistica<\/title>\n<meta name=\"robots\" content=\"index, follow, max-snippet:-1, max-image-preview:large, max-video-preview:-1\" \/>\n<link rel=\"canonical\" href=\"https:\/\/nitu.mx\/index.php\/2019\/01\/18\/preocupante-el-descenso-de-turistas-estadounidenses-hacia-mexico\/\" \/>\n<meta name=\"twitter:card\" content=\"summary_large_image\" \/>\n<meta name=\"twitter:title\" content=\"Preocupante el descenso de turistas estadounidenses hacia M\u00e9xico - Nitu - Noticias de la Industria Turistica\" \/>\n<meta name=\"twitter:description\" content=\"La iniciativa privada, el gobierno y la academia externaron su preocupaci\u00f3n ante la ca\u00edda de turistas provenientes de Estados Unidos hacia M\u00e9xico, pues de acuerdo con las estimaciones, el a\u00f1o pasado m\u00e1s estadounidenses viajaron fuera de su pa\u00eds, sin embargo no lo hicieron al nuestro. En el marco de la 8\u00aa conferencia \u201cPerspectivas Tur\u00edsticas para [&hellip;]\" \/>\n<meta name=\"twitter:image\" content=\"https:\/\/nitu.mx\/wp-content\/uploads\/2017\/05\/Turistas-estadounidenses3.jpg\" \/>\n<meta name=\"twitter:creator\" content=\"@NITUmx\" \/>\n<meta name=\"twitter:site\" content=\"@Arturo_Medina_G\" \/>\n<meta name=\"twitter:label1\" content=\"Escrito por\" \/>\n\t<meta name=\"twitter:data1\" content=\"Mari Soto\" \/>\n\t<meta name=\"twitter:label2\" content=\"Tiempo de lectura\" \/>\n\t<meta name=\"twitter:data2\" content=\"2 minutos\" \/>\n<script type=\"application\/ld+json\" class=\"yoast-schema-graph\">{\"@context\":\"https:\/\/schema.org\",\"@graph\":[{\"@type\":\"Article\",\"@id\":\"https:\/\/nitu.mx\/index.php\/2019\/01\/18\/preocupante-el-descenso-de-turistas-estadounidenses-hacia-mexico\/#article\",\"isPartOf\":{\"@id\":\"https:\/\/nitu.mx\/index.php\/2019\/01\/18\/preocupante-el-descenso-de-turistas-estadounidenses-hacia-mexico\/\"},\"author\":{\"name\":\"Mari Soto\",\"@id\":\"https:\/\/nitu.mx\/#\/schema\/person\/afc52e313e27e660739556d421d3d6b4\"},\"headline\":\"Preocupante el descenso de turistas estadounidenses hacia M\u00e9xico\",\"datePublished\":\"2019-01-18T05:53:03+00:00\",\"dateModified\":\"2019-01-18T06:30:27+00:00\",\"mainEntityOfPage\":{\"@id\":\"https:\/\/nitu.mx\/index.php\/2019\/01\/18\/preocupante-el-descenso-de-turistas-estadounidenses-hacia-mexico\/\"},\"wordCount\":323,\"commentCount\":0,\"publisher\":{\"@id\":\"https:\/\/nitu.mx\/#\/schema\/person\/ae7a53426417292d3dd07b45a33e01bc\"},\"image\":{\"@id\":\"https:\/\/nitu.mx\/index.php\/2019\/01\/18\/preocupante-el-descenso-de-turistas-estadounidenses-hacia-mexico\/#primaryimage\"},\"thumbnailUrl\":\"https:\/\/nitu.mx\/wp-content\/uploads\/2017\/05\/Turistas-estadounidenses3.jpg\",\"keywords\":[\"CNET\",\"Francisco Madrid\",\"Miguel Torruco\",\"Pablo Azc\u00e1rraga\",\"Sectur\",\"universidad An\u00e1huac\"],\"articleSection\":[\"Marketing\",\"M\u00e9xico\"],\"inLanguage\":\"es-MX\",\"potentialAction\":[{\"@type\":\"CommentAction\",\"name\":\"Comment\",\"target\":[\"https:\/\/nitu.mx\/index.php\/2019\/01\/18\/preocupante-el-descenso-de-turistas-estadounidenses-hacia-mexico\/#respond\"]}]},{\"@type\":\"WebPage\",\"@id\":\"https:\/\/nitu.mx\/index.php\/2019\/01\/18\/preocupante-el-descenso-de-turistas-estadounidenses-hacia-mexico\/\",\"url\":\"https:\/\/nitu.mx\/index.php\/2019\/01\/18\/preocupante-el-descenso-de-turistas-estadounidenses-hacia-mexico\/\",\"name\":\"Preocupante el descenso de turistas estadounidenses hacia M\u00e9xico - Nitu - Noticias de la Industria Turistica\",\"isPartOf\":{\"@id\":\"https:\/\/nitu.mx\/#website\"},\"primaryImageOfPage\":{\"@id\":\"https:\/\/nitu.mx\/index.php\/2019\/01\/18\/preocupante-el-descenso-de-turistas-estadounidenses-hacia-mexico\/#primaryimage\"},\"image\":{\"@id\":\"https:\/\/nitu.mx\/index.php\/2019\/01\/18\/preocupante-el-descenso-de-turistas-estadounidenses-hacia-mexico\/#primaryimage\"},\"thumbnailUrl\":\"https:\/\/nitu.mx\/wp-content\/uploads\/2017\/05\/Turistas-estadounidenses3.jpg\",\"datePublished\":\"2019-01-18T05:53:03+00:00\",\"dateModified\":\"2019-01-18T06:30:27+00:00\",\"breadcrumb\":{\"@id\":\"https:\/\/nitu.mx\/index.php\/2019\/01\/18\/preocupante-el-descenso-de-turistas-estadounidenses-hacia-mexico\/#breadcrumb\"},\"inLanguage\":\"es-MX\",\"potentialAction\":[{\"@type\":\"ReadAction\",\"target\":[\"https:\/\/nitu.mx\/index.php\/2019\/01\/18\/preocupante-el-descenso-de-turistas-estadounidenses-hacia-mexico\/\"]}]},{\"@type\":\"ImageObject\",\"inLanguage\":\"es-MX\",\"@id\":\"https:\/\/nitu.mx\/index.php\/2019\/01\/18\/preocupante-el-descenso-de-turistas-estadounidenses-hacia-mexico\/#primaryimage\",\"url\":\"https:\/\/nitu.mx\/wp-content\/uploads\/2017\/05\/Turistas-estadounidenses3.jpg\",\"contentUrl\":\"https:\/\/nitu.mx\/wp-content\/uploads\/2017\/05\/Turistas-estadounidenses3.jpg\",\"width\":850,\"height\":480,\"caption\":\"Turistas estadoundenses Best Day Riviera Maya mujeres promoci\u00f3n tur\u00edstica Estados Unidos\"},{\"@type\":\"BreadcrumbList\",\"@id\":\"https:\/\/nitu.mx\/index.php\/2019\/01\/18\/preocupante-el-descenso-de-turistas-estadounidenses-hacia-mexico\/#breadcrumb\",\"itemListElement\":[{\"@type\":\"ListItem\",\"position\":1,\"name\":\"Inicio\",\"item\":\"https:\/\/nitu.mx\/\"},{\"@type\":\"ListItem\",\"position\":2,\"name\":\"Preocupante el descenso de turistas estadounidenses hacia M\u00e9xico\"}]},{\"@type\":\"WebSite\",\"@id\":\"https:\/\/nitu.mx\/#website\",\"url\":\"https:\/\/nitu.mx\/\",\"name\":\"Nitu - Noticias de la Industria Turistica\",\"description\":\"Noticias de la Industria Turistica\",\"publisher\":{\"@id\":\"https:\/\/nitu.mx\/#\/schema\/person\/ae7a53426417292d3dd07b45a33e01bc\"},\"alternateName\":\"Noticias de la Industria Turistica\",\"potentialAction\":[{\"@type\":\"SearchAction\",\"target\":{\"@type\":\"EntryPoint\",\"urlTemplate\":\"https:\/\/nitu.mx\/?s={search_term_string}\"},\"query-input\":\"required name=search_term_string\"}],\"inLanguage\":\"es-MX\"},{\"@type\":[\"Person\",\"Organization\"],\"@id\":\"https:\/\/nitu.mx\/#\/schema\/person\/ae7a53426417292d3dd07b45a33e01bc\",\"name\":\"Arturo Medina\",\"image\":{\"@type\":\"ImageObject\",\"inLanguage\":\"es-MX\",\"@id\":\"https:\/\/nitu.mx\/#\/schema\/person\/image\/\",\"url\":\"https:\/\/nitu.mx\/wp-content\/uploads\/2024\/04\/4A315622-1904-4D5C-B022-878CDC840E04-90x90-1.jpeg\",\"contentUrl\":\"https:\/\/nitu.mx\/wp-content\/uploads\/2024\/04\/4A315622-1904-4D5C-B022-878CDC840E04-90x90-1.jpeg\",\"width\":90,\"height\":90,\"caption\":\"Arturo Medina\"},\"logo\":{\"@id\":\"https:\/\/nitu.mx\/#\/schema\/person\/image\/\"},\"description\":\"Director NITU.mx, Egresado de la Escuela de Periodismo Carlos Septi\u00e9n Garc\u00eda. Periodista y analista especializado en turismo desde hace 35 a\u00f1os, radicado en Canc\u00fan Q.Roo. arturo@nitu.mx\",\"sameAs\":[\"https:\/\/nitu.mx\",\"https:\/\/www.facebook.com\/NITUmx\/\",\"medinacancun\",\"https:\/\/twitter.com\/@Arturo_Medina_G\"]},{\"@type\":\"Person\",\"@id\":\"https:\/\/nitu.mx\/#\/schema\/person\/afc52e313e27e660739556d421d3d6b4\",\"name\":\"Mari Soto\",\"image\":{\"@type\":\"ImageObject\",\"inLanguage\":\"es-MX\",\"@id\":\"https:\/\/nitu.mx\/#\/schema\/person\/image\/\",\"url\":\"https:\/\/secure.gravatar.com\/avatar\/2619c282a180a20d89fcaea82a6736e2?s=96&d=mm&r=g\",\"contentUrl\":\"https:\/\/secure.gravatar.com\/avatar\/2619c282a180a20d89fcaea82a6736e2?s=96&d=mm&r=g\",\"caption\":\"Mari Soto\"},\"sameAs\":[\"https:\/\/nitu.mx\"],\"url\":\"https:\/\/nitu.mx\/index.php\/author\/guadalupe\/\"}]}<\/script>\n<!-- \/ Yoast SEO plugin. -->","yoast_head_json":{"title":"Preocupante el descenso de turistas estadounidenses hacia M\u00e9xico - Nitu - Noticias de la Industria Turistica","robots":{"index":"index","follow":"follow","max-snippet":"max-snippet:-1","max-image-preview":"max-image-preview:large","max-video-preview":"max-video-preview:-1"},"canonical":"https:\/\/nitu.mx\/index.php\/2019\/01\/18\/preocupante-el-descenso-de-turistas-estadounidenses-hacia-mexico\/","twitter_card":"summary_large_image","twitter_title":"Preocupante el descenso de turistas estadounidenses hacia M\u00e9xico - Nitu - Noticias de la Industria Turistica","twitter_description":"La iniciativa privada, el gobierno y la academia externaron su preocupaci\u00f3n ante la ca\u00edda de turistas provenientes de Estados Unidos hacia M\u00e9xico, pues de acuerdo con las estimaciones, el a\u00f1o pasado m\u00e1s estadounidenses viajaron fuera de su pa\u00eds, sin embargo no lo hicieron al nuestro. En el marco de la 8\u00aa conferencia \u201cPerspectivas Tur\u00edsticas para [&hellip;]","twitter_image":"https:\/\/nitu.mx\/wp-content\/uploads\/2017\/05\/Turistas-estadounidenses3.jpg","twitter_creator":"@NITUmx","twitter_site":"@Arturo_Medina_G","twitter_misc":{"Escrito por":"Mari Soto","Tiempo de lectura":"2 minutos"},"schema":{"@context":"https:\/\/schema.org","@graph":[{"@type":"Article","@id":"https:\/\/nitu.mx\/index.php\/2019\/01\/18\/preocupante-el-descenso-de-turistas-estadounidenses-hacia-mexico\/#article","isPartOf":{"@id":"https:\/\/nitu.mx\/index.php\/2019\/01\/18\/preocupante-el-descenso-de-turistas-estadounidenses-hacia-mexico\/"},"author":{"name":"Mari Soto","@id":"https:\/\/nitu.mx\/#\/schema\/person\/afc52e313e27e660739556d421d3d6b4"},"headline":"Preocupante el descenso de turistas estadounidenses hacia M\u00e9xico","datePublished":"2019-01-18T05:53:03+00:00","dateModified":"2019-01-18T06:30:27+00:00","mainEntityOfPage":{"@id":"https:\/\/nitu.mx\/index.php\/2019\/01\/18\/preocupante-el-descenso-de-turistas-estadounidenses-hacia-mexico\/"},"wordCount":323,"commentCount":0,"publisher":{"@id":"https:\/\/nitu.mx\/#\/schema\/person\/ae7a53426417292d3dd07b45a33e01bc"},"image":{"@id":"https:\/\/nitu.mx\/index.php\/2019\/01\/18\/preocupante-el-descenso-de-turistas-estadounidenses-hacia-mexico\/#primaryimage"},"thumbnailUrl":"https:\/\/nitu.mx\/wp-content\/uploads\/2017\/05\/Turistas-estadounidenses3.jpg","keywords":["CNET","Francisco Madrid","Miguel Torruco","Pablo Azc\u00e1rraga","Sectur","universidad An\u00e1huac"],"articleSection":["Marketing","M\u00e9xico"],"inLanguage":"es-MX","potentialAction":[{"@type":"CommentAction","name":"Comment","target":["https:\/\/nitu.mx\/index.php\/2019\/01\/18\/preocupante-el-descenso-de-turistas-estadounidenses-hacia-mexico\/#respond"]}]},{"@type":"WebPage","@id":"https:\/\/nitu.mx\/index.php\/2019\/01\/18\/preocupante-el-descenso-de-turistas-estadounidenses-hacia-mexico\/","url":"https:\/\/nitu.mx\/index.php\/2019\/01\/18\/preocupante-el-descenso-de-turistas-estadounidenses-hacia-mexico\/","name":"Preocupante el descenso de turistas estadounidenses hacia M\u00e9xico - Nitu - Noticias de la Industria Turistica","isPartOf":{"@id":"https:\/\/nitu.mx\/#website"},"primaryImageOfPage":{"@id":"https:\/\/nitu.mx\/index.php\/2019\/01\/18\/preocupante-el-descenso-de-turistas-estadounidenses-hacia-mexico\/#primaryimage"},"image":{"@id":"https:\/\/nitu.mx\/index.php\/2019\/01\/18\/preocupante-el-descenso-de-turistas-estadounidenses-hacia-mexico\/#primaryimage"},"thumbnailUrl":"https:\/\/nitu.mx\/wp-content\/uploads\/2017\/05\/Turistas-estadounidenses3.jpg","datePublished":"2019-01-18T05:53:03+00:00","dateModified":"2019-01-18T06:30:27+00:00","breadcrumb":{"@id":"https:\/\/nitu.mx\/index.php\/2019\/01\/18\/preocupante-el-descenso-de-turistas-estadounidenses-hacia-mexico\/#breadcrumb"},"inLanguage":"es-MX","potentialAction":[{"@type":"ReadAction","target":["https:\/\/nitu.mx\/index.php\/2019\/01\/18\/preocupante-el-descenso-de-turistas-estadounidenses-hacia-mexico\/"]}]},{"@type":"ImageObject","inLanguage":"es-MX","@id":"https:\/\/nitu.mx\/index.php\/2019\/01\/18\/preocupante-el-descenso-de-turistas-estadounidenses-hacia-mexico\/#primaryimage","url":"https:\/\/nitu.mx\/wp-content\/uploads\/2017\/05\/Turistas-estadounidenses3.jpg","contentUrl":"https:\/\/nitu.mx\/wp-content\/uploads\/2017\/05\/Turistas-estadounidenses3.jpg","width":850,"height":480,"caption":"Turistas estadoundenses Best Day Riviera Maya mujeres promoci\u00f3n tur\u00edstica Estados Unidos"},{"@type":"BreadcrumbList","@id":"https:\/\/nitu.mx\/index.php\/2019\/01\/18\/preocupante-el-descenso-de-turistas-estadounidenses-hacia-mexico\/#breadcrumb","itemListElement":[{"@type":"ListItem","position":1,"name":"Inicio","item":"https:\/\/nitu.mx\/"},{"@type":"ListItem","position":2,"name":"Preocupante el descenso de turistas estadounidenses hacia M\u00e9xico"}]},{"@type":"WebSite","@id":"https:\/\/nitu.mx\/#website","url":"https:\/\/nitu.mx\/","name":"Nitu - Noticias de la Industria Turistica","description":"Noticias de la Industria Turistica","publisher":{"@id":"https:\/\/nitu.mx\/#\/schema\/person\/ae7a53426417292d3dd07b45a33e01bc"},"alternateName":"Noticias de la Industria Turistica","potentialAction":[{"@type":"SearchAction","target":{"@type":"EntryPoint","urlTemplate":"https:\/\/nitu.mx\/?s={search_term_string}"},"query-input":"required name=search_term_string"}],"inLanguage":"es-MX"},{"@type":["Person","Organization"],"@id":"https:\/\/nitu.mx\/#\/schema\/person\/ae7a53426417292d3dd07b45a33e01bc","name":"Arturo Medina","image":{"@type":"ImageObject","inLanguage":"es-MX","@id":"https:\/\/nitu.mx\/#\/schema\/person\/image\/","url":"https:\/\/nitu.mx\/wp-content\/uploads\/2024\/04\/4A315622-1904-4D5C-B022-878CDC840E04-90x90-1.jpeg","contentUrl":"https:\/\/nitu.mx\/wp-content\/uploads\/2024\/04\/4A315622-1904-4D5C-B022-878CDC840E04-90x90-1.jpeg","width":90,"height":90,"caption":"Arturo Medina"},"logo":{"@id":"https:\/\/nitu.mx\/#\/schema\/person\/image\/"},"description":"Director NITU.mx, Egresado de la Escuela de Periodismo Carlos Septi\u00e9n Garc\u00eda. Periodista y analista especializado en turismo desde hace 35 a\u00f1os, radicado en Canc\u00fan Q.Roo. arturo@nitu.mx","sameAs":["https:\/\/nitu.mx","https:\/\/www.facebook.com\/NITUmx\/","medinacancun","https:\/\/twitter.com\/@Arturo_Medina_G"]},{"@type":"Person","@id":"https:\/\/nitu.mx\/#\/schema\/person\/afc52e313e27e660739556d421d3d6b4","name":"Mari Soto","image":{"@type":"ImageObject","inLanguage":"es-MX","@id":"https:\/\/nitu.mx\/#\/schema\/person\/image\/","url":"https:\/\/secure.gravatar.com\/avatar\/2619c282a180a20d89fcaea82a6736e2?s=96&d=mm&r=g","contentUrl":"https:\/\/secure.gravatar.com\/avatar\/2619c282a180a20d89fcaea82a6736e2?s=96&d=mm&r=g","caption":"Mari Soto"},"sameAs":["https:\/\/nitu.mx"],"url":"https:\/\/nitu.mx\/index.php\/author\/guadalupe\/"}]}},"views":432,"_links":{"self":[{"href":"https:\/\/nitu.mx\/index.php\/wp-json\/wp\/v2\/posts\/28366"}],"collection":[{"href":"https:\/\/nitu.mx\/index.php\/wp-json\/wp\/v2\/posts"}],"about":[{"href":"https:\/\/nitu.mx\/index.php\/wp-json\/wp\/v2\/types\/post"}],"author":[{"embeddable":true,"href":"https:\/\/nitu.mx\/index.php\/wp-json\/wp\/v2\/users\/5"}],"replies":[{"embeddable":true,"href":"https:\/\/nitu.mx\/index.php\/wp-json\/wp\/v2\/comments?post=28366"}],"version-history":[{"count":1,"href":"https:\/\/nitu.mx\/index.php\/wp-json\/wp\/v2\/posts\/28366\/revisions"}],"predecessor-version":[{"id":28367,"href":"https:\/\/nitu.mx\/index.php\/wp-json\/wp\/v2\/posts\/28366\/revisions\/28367"}],"wp:featuredmedia":[{"embeddable":true,"href":"https:\/\/nitu.mx\/index.php\/wp-json\/wp\/v2\/media\/9773"}],"wp:attachment":[{"href":"https:\/\/nitu.mx\/index.php\/wp-json\/wp\/v2\/media?parent=28366"}],"wp:term":[{"taxonomy":"category","embeddable":true,"href":"https:\/\/nitu.mx\/index.php\/wp-json\/wp\/v2\/categories?post=28366"},{"taxonomy":"post_tag","embeddable":true,"href":"https:\/\/nitu.mx\/index.php\/wp-json\/wp\/v2\/tags?post=28366"}],"curies":[{"name":"wp","href":"https:\/\/api.w.org\/{rel}","templated":true}]}}