{"id":28148,"date":"2019-01-10T01:21:07","date_gmt":"2019-01-10T06:21:07","guid":{"rendered":"https:\/\/www.dev.nitu.mx\/?p=28148"},"modified":"2019-01-10T01:25:36","modified_gmt":"2019-01-10T06:25:36","slug":"lomas-travel-expande-su-presencia-hotelera-de-su-marca-karisma-hotels-resorts-en-el-caribe","status":"publish","type":"post","link":"https:\/\/nitu.mx\/index.php\/2019\/01\/10\/lomas-travel-expande-su-presencia-hotelera-de-su-marca-karisma-hotels-resorts-en-el-caribe\/","title":{"rendered":"Lomas Travel expande su presencia hotelera de su marca Karisma Hotels &#038; Resorts en el Caribe"},"content":{"rendered":"<p>Karisma Hotels &amp; Resorts, la marca hotelera de Grupo Lomas Travel de Lolita L\u00f3pez Lira y Jos\u00e9 Luis Mart\u00ednez Alday, mantiene sus planes de expansi\u00f3n principalmente en el Caribe en donde tienen varias propiedades en la playa, espec\u00edficamente la zona llamada Sugarcane Bay, en Jamaica, en donde planean construir hoteles Karisma y otros que la empresa administrar\u00e1.<\/p>\n<p>Como informamos en su momento, el grupo tiene entre sus principales proyectos el hotel y parque tem\u00e1tico Nickelodeon que iniciar\u00e0 operaciones a principios del 2020.\u00a0<a title=\"Abrir\u00e1 Karisma Parque Nickelodeon en invierno 2019\/20\" href=\"https:\/\/www.dev.nitu.mx\/index.php\/2018\/12\/13\/abrira-karisma-parque-nickelodeon-en-2019\/\" rel=\"bookmark\">(Abrir\u00e1 Karisma Parque Nickelodeon en invierno 2019\/20<\/a>).<\/p>\n<p>Kelly Poling, vicepresidente senior de marketing para Karisma, declar\u00f3 a un medio en Estados Unidos, que la empresa &#8220;Es due\u00f1a de varias parcelas diferentes, en donde el plan es construir un complejo de hoteles, que ser\u00e1 una combinaci\u00f3n de hoteles construidos por Karisma, y otros que se construir\u00e1n por separado y que Karisma administrar\u00e1&#8221;.<\/p>\n<p>Para el grupo, esta es la oportunidad de desarrollar las marcas en las que Karisma est\u00e1 m\u00e1s enfocada en este momento, Nickelodeon y Margaritaville, que est\u00e1 el concepto de todo incluido de Karisma.<\/p>\n<p>Uno de los primeros hoteles en abrir Sugarcane Bay, Jamaica, ser\u00e1 Margaritaville. Esto, ya que la marca Margaritaville puede replicarse en diversas islas del Caribe. &#8220;Jamaica es obvia&#8221;, dijo. &#8220;Tal como est\u00e1 ahora, el primero se abrir\u00e1 en Riviera Maya, pero poco despu\u00e9s se abrir\u00e1 en Jamaica. Hemos analizado la totalidad del Caribe que tiene el inventario de hoteles, y creemos que Margaritaville puede recibir apoyo en cualquier lugar&#8221;, se\u00f1al\u00f3 la ejecutiva.<\/p>\n<p>El objetivo principal de Karisma con la marca Margaritaville es poder expandirla en islas m\u00e1s peque\u00f1as, ya que dichos hoteles son flexibles, pues se adaptan al concepto desde peque\u00f1os hoteles de 100 a 200 habitaciones hasta m\u00e1s grandes. &#8220;Cuando construyamos en Jamaica y la Riviera Maya, los complejos ser\u00e1n grandes&#8221;, dijo Poling. &#8220;Pero las islas m\u00e1s peque\u00f1as con un inventario de habitaci\u00f3n m\u00e1s peque\u00f1o son posibles para una oferta de boutique&#8221;.<\/p>\n","protected":false},"excerpt":{"rendered":"<p>Karisma Hotels &amp; Resorts, la marca hotelera de Grupo Lomas Travel de Lolita L\u00f3pez Lira y Jos\u00e9 Luis Mart\u00ednez Alday, mantiene sus planes de expansi\u00f3n principalmente en el Caribe en donde tienen varias propiedades en la playa, espec\u00edficamente la zona llamada Sugarcane Bay, en Jamaica, en donde planean construir hoteles Karisma y otros que la [&hellip;]<\/p>\n","protected":false},"author":3,"featured_media":11973,"comment_status":"open","ping_status":"open","sticky":false,"template":"","format":"standard","meta":{"footnotes":""},"categories":[5,2],"tags":[404,1143,1391,14115,13797,14116],"yoast_head":"<!-- This site is optimized with the Yoast SEO plugin v22.2 - https:\/\/yoast.com\/wordpress\/plugins\/seo\/ -->\n<title>Lomas Travel expande su presencia hotelera de su marca Karisma Hotels &amp; Resorts en el Caribe - Nitu - Noticias de la Industria Turistica<\/title>\n<meta name=\"description\" content=\"Karisma Hotels &amp; Resorts mantiene sus planes de expansi\u00f3n principalmente en el Caribe en donde tienen varias propiedades en la playa.\" \/>\n<meta name=\"robots\" content=\"index, follow, max-snippet:-1, max-image-preview:large, max-video-preview:-1\" \/>\n<link rel=\"canonical\" href=\"https:\/\/nitu.mx\/index.php\/2019\/01\/10\/lomas-travel-expande-su-presencia-hotelera-de-su-marca-karisma-hotels-resorts-en-el-caribe\/\" \/>\n<meta name=\"twitter:card\" content=\"summary_large_image\" \/>\n<meta name=\"twitter:title\" content=\"Lomas Travel expande su presencia hotelera de su marca Karisma Hotels &amp; Resorts en el Caribe - Nitu - Noticias de la Industria Turistica\" \/>\n<meta name=\"twitter:description\" content=\"Karisma Hotels &amp; Resorts mantiene sus planes de expansi\u00f3n principalmente en el Caribe en donde tienen varias propiedades en la playa.\" \/>\n<meta name=\"twitter:image\" content=\"https:\/\/nitu.mx\/wp-content\/uploads\/2017\/08\/Hoteles-Karisma.jpg\" \/>\n<meta name=\"twitter:creator\" content=\"@NITUmx\" \/>\n<meta name=\"twitter:site\" content=\"@Arturo_Medina_G\" \/>\n<meta name=\"twitter:label1\" content=\"Escrito por\" \/>\n\t<meta name=\"twitter:data1\" content=\"Alejandra Moncisbays\" \/>\n\t<meta name=\"twitter:label2\" content=\"Tiempo de lectura\" \/>\n\t<meta name=\"twitter:data2\" content=\"2 minutos\" \/>\n<script type=\"application\/ld+json\" class=\"yoast-schema-graph\">{\"@context\":\"https:\/\/schema.org\",\"@graph\":[{\"@type\":\"Article\",\"@id\":\"https:\/\/nitu.mx\/index.php\/2019\/01\/10\/lomas-travel-expande-su-presencia-hotelera-de-su-marca-karisma-hotels-resorts-en-el-caribe\/#article\",\"isPartOf\":{\"@id\":\"https:\/\/nitu.mx\/index.php\/2019\/01\/10\/lomas-travel-expande-su-presencia-hotelera-de-su-marca-karisma-hotels-resorts-en-el-caribe\/\"},\"author\":{\"name\":\"Alejandra Moncisbays\",\"@id\":\"https:\/\/nitu.mx\/#\/schema\/person\/2ecd887b19dfd3382d1f14fc5acf24a8\"},\"headline\":\"Lomas Travel expande su presencia hotelera de su marca Karisma Hotels &#038; Resorts en el Caribe\",\"datePublished\":\"2019-01-10T06:21:07+00:00\",\"dateModified\":\"2019-01-10T06:25:36+00:00\",\"mainEntityOfPage\":{\"@id\":\"https:\/\/nitu.mx\/index.php\/2019\/01\/10\/lomas-travel-expande-su-presencia-hotelera-de-su-marca-karisma-hotels-resorts-en-el-caribe\/\"},\"wordCount\":351,\"commentCount\":0,\"publisher\":{\"@id\":\"https:\/\/nitu.mx\/#\/schema\/person\/ae7a53426417292d3dd07b45a33e01bc\"},\"image\":{\"@id\":\"https:\/\/nitu.mx\/index.php\/2019\/01\/10\/lomas-travel-expande-su-presencia-hotelera-de-su-marca-karisma-hotels-resorts-en-el-caribe\/#primaryimage\"},\"thumbnailUrl\":\"https:\/\/nitu.mx\/wp-content\/uploads\/2017\/08\/Hoteles-Karisma.jpg\",\"keywords\":[\"Caribe\",\"Grupo Lomas Travel\",\"Jamaica\",\"Jos\u00e9 Luis G\u00f2mez Alday\",\"Karisma Hotels &amp; Resorts\",\"Sugarcane Bay\"],\"articleSection\":[\"Destinos\",\"Hoteles\"],\"inLanguage\":\"es-MX\",\"potentialAction\":[{\"@type\":\"CommentAction\",\"name\":\"Comment\",\"target\":[\"https:\/\/nitu.mx\/index.php\/2019\/01\/10\/lomas-travel-expande-su-presencia-hotelera-de-su-marca-karisma-hotels-resorts-en-el-caribe\/#respond\"]}]},{\"@type\":\"WebPage\",\"@id\":\"https:\/\/nitu.mx\/index.php\/2019\/01\/10\/lomas-travel-expande-su-presencia-hotelera-de-su-marca-karisma-hotels-resorts-en-el-caribe\/\",\"url\":\"https:\/\/nitu.mx\/index.php\/2019\/01\/10\/lomas-travel-expande-su-presencia-hotelera-de-su-marca-karisma-hotels-resorts-en-el-caribe\/\",\"name\":\"Lomas Travel expande su presencia hotelera de su marca Karisma Hotels & Resorts en el Caribe - Nitu - Noticias de la Industria Turistica\",\"isPartOf\":{\"@id\":\"https:\/\/nitu.mx\/#website\"},\"primaryImageOfPage\":{\"@id\":\"https:\/\/nitu.mx\/index.php\/2019\/01\/10\/lomas-travel-expande-su-presencia-hotelera-de-su-marca-karisma-hotels-resorts-en-el-caribe\/#primaryimage\"},\"image\":{\"@id\":\"https:\/\/nitu.mx\/index.php\/2019\/01\/10\/lomas-travel-expande-su-presencia-hotelera-de-su-marca-karisma-hotels-resorts-en-el-caribe\/#primaryimage\"},\"thumbnailUrl\":\"https:\/\/nitu.mx\/wp-content\/uploads\/2017\/08\/Hoteles-Karisma.jpg\",\"datePublished\":\"2019-01-10T06:21:07+00:00\",\"dateModified\":\"2019-01-10T06:25:36+00:00\",\"description\":\"Karisma Hotels & Resorts mantiene sus planes de expansi\u00f3n principalmente en el Caribe en donde tienen varias propiedades en la playa.\",\"breadcrumb\":{\"@id\":\"https:\/\/nitu.mx\/index.php\/2019\/01\/10\/lomas-travel-expande-su-presencia-hotelera-de-su-marca-karisma-hotels-resorts-en-el-caribe\/#breadcrumb\"},\"inLanguage\":\"es-MX\",\"potentialAction\":[{\"@type\":\"ReadAction\",\"target\":[\"https:\/\/nitu.mx\/index.php\/2019\/01\/10\/lomas-travel-expande-su-presencia-hotelera-de-su-marca-karisma-hotels-resorts-en-el-caribe\/\"]}]},{\"@type\":\"ImageObject\",\"inLanguage\":\"es-MX\",\"@id\":\"https:\/\/nitu.mx\/index.php\/2019\/01\/10\/lomas-travel-expande-su-presencia-hotelera-de-su-marca-karisma-hotels-resorts-en-el-caribe\/#primaryimage\",\"url\":\"https:\/\/nitu.mx\/wp-content\/uploads\/2017\/08\/Hoteles-Karisma.jpg\",\"contentUrl\":\"https:\/\/nitu.mx\/wp-content\/uploads\/2017\/08\/Hoteles-Karisma.jpg\",\"width\":850,\"height\":480,\"caption\":\"Karisma\"},{\"@type\":\"BreadcrumbList\",\"@id\":\"https:\/\/nitu.mx\/index.php\/2019\/01\/10\/lomas-travel-expande-su-presencia-hotelera-de-su-marca-karisma-hotels-resorts-en-el-caribe\/#breadcrumb\",\"itemListElement\":[{\"@type\":\"ListItem\",\"position\":1,\"name\":\"Inicio\",\"item\":\"https:\/\/nitu.mx\/\"},{\"@type\":\"ListItem\",\"position\":2,\"name\":\"Lomas Travel expande su presencia hotelera de su marca Karisma Hotels &#038; Resorts en el Caribe\"}]},{\"@type\":\"WebSite\",\"@id\":\"https:\/\/nitu.mx\/#website\",\"url\":\"https:\/\/nitu.mx\/\",\"name\":\"Nitu - Noticias de la Industria Turistica\",\"description\":\"Noticias de la Industria Turistica\",\"publisher\":{\"@id\":\"https:\/\/nitu.mx\/#\/schema\/person\/ae7a53426417292d3dd07b45a33e01bc\"},\"alternateName\":\"Noticias de la Industria Turistica\",\"potentialAction\":[{\"@type\":\"SearchAction\",\"target\":{\"@type\":\"EntryPoint\",\"urlTemplate\":\"https:\/\/nitu.mx\/?s={search_term_string}\"},\"query-input\":\"required name=search_term_string\"}],\"inLanguage\":\"es-MX\"},{\"@type\":[\"Person\",\"Organization\"],\"@id\":\"https:\/\/nitu.mx\/#\/schema\/person\/ae7a53426417292d3dd07b45a33e01bc\",\"name\":\"Arturo Medina\",\"image\":{\"@type\":\"ImageObject\",\"inLanguage\":\"es-MX\",\"@id\":\"https:\/\/nitu.mx\/#\/schema\/person\/image\/\",\"url\":\"https:\/\/nitu.mx\/wp-content\/uploads\/2024\/04\/4A315622-1904-4D5C-B022-878CDC840E04-90x90-1.jpeg\",\"contentUrl\":\"https:\/\/nitu.mx\/wp-content\/uploads\/2024\/04\/4A315622-1904-4D5C-B022-878CDC840E04-90x90-1.jpeg\",\"width\":90,\"height\":90,\"caption\":\"Arturo Medina\"},\"logo\":{\"@id\":\"https:\/\/nitu.mx\/#\/schema\/person\/image\/\"},\"description\":\"Director NITU.mx, Egresado de la Escuela de Periodismo Carlos Septi\u00e9n Garc\u00eda. Periodista y analista especializado en turismo desde hace 35 a\u00f1os, radicado en Canc\u00fan Q.Roo. arturo@nitu.mx\",\"sameAs\":[\"https:\/\/nitu.mx\",\"https:\/\/www.facebook.com\/NITUmx\/\",\"medinacancun\",\"https:\/\/twitter.com\/@Arturo_Medina_G\"]},{\"@type\":\"Person\",\"@id\":\"https:\/\/nitu.mx\/#\/schema\/person\/2ecd887b19dfd3382d1f14fc5acf24a8\",\"name\":\"Alejandra Moncisbays\",\"image\":{\"@type\":\"ImageObject\",\"inLanguage\":\"es-MX\",\"@id\":\"https:\/\/nitu.mx\/#\/schema\/person\/image\/\",\"url\":\"https:\/\/secure.gravatar.com\/avatar\/e74f7af0be172b7804dacfd0bfbef787?s=96&d=mm&r=g\",\"contentUrl\":\"https:\/\/secure.gravatar.com\/avatar\/e74f7af0be172b7804dacfd0bfbef787?s=96&d=mm&r=g\",\"caption\":\"Alejandra Moncisbays\"},\"description\":\"Curs\u00e9 la carrera de Periodismo y Comunicaci\u00f3n en la Facultad de Estudios Profesionales Acatl\u00e1n. Vivo en Canc\u00fan desde hace 24 a\u00f1os. Fui reportera de La Tarde de Canc\u00fan, y Novedades de Quintana Roo, colabor\u00e9 en TVCUN, edit\u00e9 Cancun\u00edssimo y colabor\u00e9 en las revistas Latitud21, entre otras, con principal enfoque en los sectores empresarial y tur\u00edstico. Desde hace varios a\u00f1os soy Agente de Seguros con c\u00e9dula de la Comisi\u00f3n Nacional de Seguros y Fianzas. Actualmente, me desarrollo en los \u00e1mbitos del periodismo y el sector asegurador.\",\"sameAs\":[\"https:\/\/nitu.mx\"],\"url\":\"https:\/\/nitu.mx\/index.php\/author\/alejandra\/\"}]}<\/script>\n<!-- \/ Yoast SEO plugin. -->","yoast_head_json":{"title":"Lomas Travel expande su presencia hotelera de su marca Karisma Hotels & Resorts en el Caribe - Nitu - Noticias de la Industria Turistica","description":"Karisma Hotels & Resorts mantiene sus planes de expansi\u00f3n principalmente en el Caribe en donde tienen varias propiedades en la playa.","robots":{"index":"index","follow":"follow","max-snippet":"max-snippet:-1","max-image-preview":"max-image-preview:large","max-video-preview":"max-video-preview:-1"},"canonical":"https:\/\/nitu.mx\/index.php\/2019\/01\/10\/lomas-travel-expande-su-presencia-hotelera-de-su-marca-karisma-hotels-resorts-en-el-caribe\/","twitter_card":"summary_large_image","twitter_title":"Lomas Travel expande su presencia hotelera de su marca Karisma Hotels & Resorts en el Caribe - Nitu - Noticias de la Industria Turistica","twitter_description":"Karisma Hotels & Resorts mantiene sus planes de expansi\u00f3n principalmente en el Caribe en donde tienen varias propiedades en la playa.","twitter_image":"https:\/\/nitu.mx\/wp-content\/uploads\/2017\/08\/Hoteles-Karisma.jpg","twitter_creator":"@NITUmx","twitter_site":"@Arturo_Medina_G","twitter_misc":{"Escrito por":"Alejandra Moncisbays","Tiempo de lectura":"2 minutos"},"schema":{"@context":"https:\/\/schema.org","@graph":[{"@type":"Article","@id":"https:\/\/nitu.mx\/index.php\/2019\/01\/10\/lomas-travel-expande-su-presencia-hotelera-de-su-marca-karisma-hotels-resorts-en-el-caribe\/#article","isPartOf":{"@id":"https:\/\/nitu.mx\/index.php\/2019\/01\/10\/lomas-travel-expande-su-presencia-hotelera-de-su-marca-karisma-hotels-resorts-en-el-caribe\/"},"author":{"name":"Alejandra Moncisbays","@id":"https:\/\/nitu.mx\/#\/schema\/person\/2ecd887b19dfd3382d1f14fc5acf24a8"},"headline":"Lomas Travel expande su presencia hotelera de su marca Karisma Hotels &#038; Resorts en el Caribe","datePublished":"2019-01-10T06:21:07+00:00","dateModified":"2019-01-10T06:25:36+00:00","mainEntityOfPage":{"@id":"https:\/\/nitu.mx\/index.php\/2019\/01\/10\/lomas-travel-expande-su-presencia-hotelera-de-su-marca-karisma-hotels-resorts-en-el-caribe\/"},"wordCount":351,"commentCount":0,"publisher":{"@id":"https:\/\/nitu.mx\/#\/schema\/person\/ae7a53426417292d3dd07b45a33e01bc"},"image":{"@id":"https:\/\/nitu.mx\/index.php\/2019\/01\/10\/lomas-travel-expande-su-presencia-hotelera-de-su-marca-karisma-hotels-resorts-en-el-caribe\/#primaryimage"},"thumbnailUrl":"https:\/\/nitu.mx\/wp-content\/uploads\/2017\/08\/Hoteles-Karisma.jpg","keywords":["Caribe","Grupo Lomas Travel","Jamaica","Jos\u00e9 Luis G\u00f2mez Alday","Karisma Hotels &amp; Resorts","Sugarcane Bay"],"articleSection":["Destinos","Hoteles"],"inLanguage":"es-MX","potentialAction":[{"@type":"CommentAction","name":"Comment","target":["https:\/\/nitu.mx\/index.php\/2019\/01\/10\/lomas-travel-expande-su-presencia-hotelera-de-su-marca-karisma-hotels-resorts-en-el-caribe\/#respond"]}]},{"@type":"WebPage","@id":"https:\/\/nitu.mx\/index.php\/2019\/01\/10\/lomas-travel-expande-su-presencia-hotelera-de-su-marca-karisma-hotels-resorts-en-el-caribe\/","url":"https:\/\/nitu.mx\/index.php\/2019\/01\/10\/lomas-travel-expande-su-presencia-hotelera-de-su-marca-karisma-hotels-resorts-en-el-caribe\/","name":"Lomas Travel expande su presencia hotelera de su marca Karisma Hotels & Resorts en el Caribe - Nitu - Noticias de la Industria Turistica","isPartOf":{"@id":"https:\/\/nitu.mx\/#website"},"primaryImageOfPage":{"@id":"https:\/\/nitu.mx\/index.php\/2019\/01\/10\/lomas-travel-expande-su-presencia-hotelera-de-su-marca-karisma-hotels-resorts-en-el-caribe\/#primaryimage"},"image":{"@id":"https:\/\/nitu.mx\/index.php\/2019\/01\/10\/lomas-travel-expande-su-presencia-hotelera-de-su-marca-karisma-hotels-resorts-en-el-caribe\/#primaryimage"},"thumbnailUrl":"https:\/\/nitu.mx\/wp-content\/uploads\/2017\/08\/Hoteles-Karisma.jpg","datePublished":"2019-01-10T06:21:07+00:00","dateModified":"2019-01-10T06:25:36+00:00","description":"Karisma Hotels & Resorts mantiene sus planes de expansi\u00f3n principalmente en el Caribe en donde tienen varias propiedades en la playa.","breadcrumb":{"@id":"https:\/\/nitu.mx\/index.php\/2019\/01\/10\/lomas-travel-expande-su-presencia-hotelera-de-su-marca-karisma-hotels-resorts-en-el-caribe\/#breadcrumb"},"inLanguage":"es-MX","potentialAction":[{"@type":"ReadAction","target":["https:\/\/nitu.mx\/index.php\/2019\/01\/10\/lomas-travel-expande-su-presencia-hotelera-de-su-marca-karisma-hotels-resorts-en-el-caribe\/"]}]},{"@type":"ImageObject","inLanguage":"es-MX","@id":"https:\/\/nitu.mx\/index.php\/2019\/01\/10\/lomas-travel-expande-su-presencia-hotelera-de-su-marca-karisma-hotels-resorts-en-el-caribe\/#primaryimage","url":"https:\/\/nitu.mx\/wp-content\/uploads\/2017\/08\/Hoteles-Karisma.jpg","contentUrl":"https:\/\/nitu.mx\/wp-content\/uploads\/2017\/08\/Hoteles-Karisma.jpg","width":850,"height":480,"caption":"Karisma"},{"@type":"BreadcrumbList","@id":"https:\/\/nitu.mx\/index.php\/2019\/01\/10\/lomas-travel-expande-su-presencia-hotelera-de-su-marca-karisma-hotels-resorts-en-el-caribe\/#breadcrumb","itemListElement":[{"@type":"ListItem","position":1,"name":"Inicio","item":"https:\/\/nitu.mx\/"},{"@type":"ListItem","position":2,"name":"Lomas Travel expande su presencia hotelera de su marca Karisma Hotels &#038; Resorts en el Caribe"}]},{"@type":"WebSite","@id":"https:\/\/nitu.mx\/#website","url":"https:\/\/nitu.mx\/","name":"Nitu - Noticias de la Industria Turistica","description":"Noticias de la Industria Turistica","publisher":{"@id":"https:\/\/nitu.mx\/#\/schema\/person\/ae7a53426417292d3dd07b45a33e01bc"},"alternateName":"Noticias de la Industria Turistica","potentialAction":[{"@type":"SearchAction","target":{"@type":"EntryPoint","urlTemplate":"https:\/\/nitu.mx\/?s={search_term_string}"},"query-input":"required name=search_term_string"}],"inLanguage":"es-MX"},{"@type":["Person","Organization"],"@id":"https:\/\/nitu.mx\/#\/schema\/person\/ae7a53426417292d3dd07b45a33e01bc","name":"Arturo Medina","image":{"@type":"ImageObject","inLanguage":"es-MX","@id":"https:\/\/nitu.mx\/#\/schema\/person\/image\/","url":"https:\/\/nitu.mx\/wp-content\/uploads\/2024\/04\/4A315622-1904-4D5C-B022-878CDC840E04-90x90-1.jpeg","contentUrl":"https:\/\/nitu.mx\/wp-content\/uploads\/2024\/04\/4A315622-1904-4D5C-B022-878CDC840E04-90x90-1.jpeg","width":90,"height":90,"caption":"Arturo Medina"},"logo":{"@id":"https:\/\/nitu.mx\/#\/schema\/person\/image\/"},"description":"Director NITU.mx, Egresado de la Escuela de Periodismo Carlos Septi\u00e9n Garc\u00eda. Periodista y analista especializado en turismo desde hace 35 a\u00f1os, radicado en Canc\u00fan Q.Roo. arturo@nitu.mx","sameAs":["https:\/\/nitu.mx","https:\/\/www.facebook.com\/NITUmx\/","medinacancun","https:\/\/twitter.com\/@Arturo_Medina_G"]},{"@type":"Person","@id":"https:\/\/nitu.mx\/#\/schema\/person\/2ecd887b19dfd3382d1f14fc5acf24a8","name":"Alejandra Moncisbays","image":{"@type":"ImageObject","inLanguage":"es-MX","@id":"https:\/\/nitu.mx\/#\/schema\/person\/image\/","url":"https:\/\/secure.gravatar.com\/avatar\/e74f7af0be172b7804dacfd0bfbef787?s=96&d=mm&r=g","contentUrl":"https:\/\/secure.gravatar.com\/avatar\/e74f7af0be172b7804dacfd0bfbef787?s=96&d=mm&r=g","caption":"Alejandra Moncisbays"},"description":"Curs\u00e9 la carrera de Periodismo y Comunicaci\u00f3n en la Facultad de Estudios Profesionales Acatl\u00e1n. Vivo en Canc\u00fan desde hace 24 a\u00f1os. Fui reportera de La Tarde de Canc\u00fan, y Novedades de Quintana Roo, colabor\u00e9 en TVCUN, edit\u00e9 Cancun\u00edssimo y colabor\u00e9 en las revistas Latitud21, entre otras, con principal enfoque en los sectores empresarial y tur\u00edstico. Desde hace varios a\u00f1os soy Agente de Seguros con c\u00e9dula de la Comisi\u00f3n Nacional de Seguros y Fianzas. Actualmente, me desarrollo en los \u00e1mbitos del periodismo y el sector asegurador.","sameAs":["https:\/\/nitu.mx"],"url":"https:\/\/nitu.mx\/index.php\/author\/alejandra\/"}]}},"views":368,"_links":{"self":[{"href":"https:\/\/nitu.mx\/index.php\/wp-json\/wp\/v2\/posts\/28148"}],"collection":[{"href":"https:\/\/nitu.mx\/index.php\/wp-json\/wp\/v2\/posts"}],"about":[{"href":"https:\/\/nitu.mx\/index.php\/wp-json\/wp\/v2\/types\/post"}],"author":[{"embeddable":true,"href":"https:\/\/nitu.mx\/index.php\/wp-json\/wp\/v2\/users\/3"}],"replies":[{"embeddable":true,"href":"https:\/\/nitu.mx\/index.php\/wp-json\/wp\/v2\/comments?post=28148"}],"version-history":[{"count":3,"href":"https:\/\/nitu.mx\/index.php\/wp-json\/wp\/v2\/posts\/28148\/revisions"}],"predecessor-version":[{"id":28179,"href":"https:\/\/nitu.mx\/index.php\/wp-json\/wp\/v2\/posts\/28148\/revisions\/28179"}],"wp:featuredmedia":[{"embeddable":true,"href":"https:\/\/nitu.mx\/index.php\/wp-json\/wp\/v2\/media\/11973"}],"wp:attachment":[{"href":"https:\/\/nitu.mx\/index.php\/wp-json\/wp\/v2\/media?parent=28148"}],"wp:term":[{"taxonomy":"category","embeddable":true,"href":"https:\/\/nitu.mx\/index.php\/wp-json\/wp\/v2\/categories?post=28148"},{"taxonomy":"post_tag","embeddable":true,"href":"https:\/\/nitu.mx\/index.php\/wp-json\/wp\/v2\/tags?post=28148"}],"curies":[{"name":"wp","href":"https:\/\/api.w.org\/{rel}","templated":true}]}}