{"id":28043,"date":"2019-01-07T01:24:10","date_gmt":"2019-01-07T06:24:10","guid":{"rendered":"https:\/\/www.dev.nitu.mx\/?p=28043"},"modified":"2019-01-07T01:41:57","modified_gmt":"2019-01-07T06:41:57","slug":"la-feria-de-leon-recibe-este-ano-a-yucatan-como-estado-invitado","status":"publish","type":"post","link":"https:\/\/nitu.mx\/index.php\/2019\/01\/07\/la-feria-de-leon-recibe-este-ano-a-yucatan-como-estado-invitado\/","title":{"rendered":"La Feria de Le\u00f3n recibe este a\u00f1o a Yucat\u00e1n como estado invitado"},"content":{"rendered":"<p>Del 11 de enero al 5 de febrero la Feria de Le\u00f3n, Guanajuato, tendr\u00e1 a Yucat\u00e1n como estado invitado, es la primera vez que la tradicional feria invita a un destino a participar en la &#8220;Feria de las Sonrisas&#8221; lema que lleva durante este a\u00f1o el evento.<\/p>\n<p>En esta ocasi\u00f3n tambi\u00e9n la Feria apost\u00f3 por una alianza con el puente transfronterizo Cross Border Xpress que se ubica en el Aeropuerto de Tijuana.<\/p>\n<p>Durante la presentaci\u00f3n del evento, el presidente del Patronato de la Feria Estatal de Le\u00f3n, Gabriel P\u00e9rez Navarro, dijo que es la primera vez que la feria tiene un estado invitado, as\u00ed como di\u00e1logo directo con empresarios de Estados Unidos.<\/p>\n<p>P\u00e9rez Navarro destac\u00f3 que lo que busca la ciudad de Le\u00f3n es ser el enlace que una al Baj\u00edo con la pen\u00ednsula de Yucat\u00e1n, para crear relaciones diversas actividades econ\u00f3micas, adem\u00e1s de que la poblaci\u00f3n yucateca visite la feria.<\/p>\n<p>\u201cEs un buen momento para mirar hacia la pen\u00ednsula y hac\u00eda el Baj\u00edo puesto que a nivel federal se le est\u00e1 impulsando de manera fuerte al sur-sureste, podemos aprovecharlo\u201d, dijo.<\/p>\n<p>En tanto Michelle Fridman Hirsch, secretaria de Fomento Tur\u00edstico del estado de Yucat\u00e1n (Sefotur), mostr\u00f3 su benepl\u00e1cito ante esta alianza con la que busca atraer turistas de esa parte del pa\u00eds a la pen\u00ednsula de Yucat\u00e1n, pues destac\u00f3 que recientemente se abri\u00f3 la ruta al Baj\u00edo, con la cual lograr\u00e1n que Yucat\u00e1n est\u00e9 comunicado de manera directa con Guanajuato, Quer\u00e9taro, San Luis Potos\u00ed y Aguascalientes.<\/p>\n<p>Para la edici\u00f3n de la feria 2019, prev\u00e9n el arribo de m\u00e1s de cinco millones de visitantes, que ser\u00edan 100 mil adicionales a los que reciben anualmente.<\/p>\n<p>P\u00e9rez Navarro inform\u00f3 que esperan una una derrama econ\u00f3mica de 2,600 millones de pesos, que representa 3% m\u00e1s de lo que se registr\u00f3 en el 2018, agreg\u00f3 que continua la renovaci\u00f3n de la infraestructura del recinto ferial, en donde se est\u00e1 llevando a cabo la construcci\u00f3n de un estacionamiento subterr\u00e1neo, que estar\u00e1 listo para la pr\u00f3xima edici\u00f3n, la administraci\u00f3n estatal estim\u00f3 invertir 90 millones de pesos.<\/p>\n<p>El presidente del Patronato de la Feria Estatal de Le\u00f3n destac\u00f3 que la estrategia de este a\u00f1o es lograr atraer tambi\u00e9n al mercado internacional, en particular el de Estados Unidos, por ello se trabaj\u00f3 arduamente para hacer una alianza con autoridades y empresarios de San Diego, California. \u201cTambi\u00e9n hemos trabajo con empresarios y autoridades de Tijuana, hemos hecho campa\u00f1a para que nos visiten desde estos estados, y queremos que para la pr\u00f3xima edici\u00f3n vengan m\u00e1s turistas ya sea de la Uni\u00f3n Americana y de nuestra querida frontera norte \u201d, finaliz\u00f3.<\/p>\n<p>&nbsp;<\/p>\n","protected":false},"excerpt":{"rendered":"<p>Del 11 de enero al 5 de febrero la Feria de Le\u00f3n, Guanajuato, tendr\u00e1 a Yucat\u00e1n como estado invitado, es la primera vez que la tradicional feria invita a un destino a participar en la &#8220;Feria de las Sonrisas&#8221; lema que lleva durante este a\u00f1o el evento. En esta ocasi\u00f3n tambi\u00e9n la Feria apost\u00f3 por [&hellip;]<\/p>\n","protected":false},"author":17,"featured_media":28057,"comment_status":"open","ping_status":"open","sticky":false,"template":"","format":"standard","meta":{"footnotes":""},"categories":[6],"tags":[8035,14065,14066,60,12599,12989,449],"yoast_head":"<!-- This site is optimized with the Yoast SEO plugin v22.2 - https:\/\/yoast.com\/wordpress\/plugins\/seo\/ -->\n<title>La Feria de Le\u00f3n recibe este a\u00f1o a Yucat\u00e1n como estado invitado - Nitu - Noticias de la Industria Turistica<\/title>\n<meta name=\"description\" content=\"Del 11 de enero al 5 de febrero la Feria de Le\u00f3n, Guanajuato, tendr\u00e1 a Yucat\u00e1n como estado invitado, es la primera vez que hay un destino invitado.\" \/>\n<meta name=\"robots\" content=\"index, follow, max-snippet:-1, max-image-preview:large, max-video-preview:-1\" \/>\n<link rel=\"canonical\" href=\"https:\/\/nitu.mx\/index.php\/2019\/01\/07\/la-feria-de-leon-recibe-este-ano-a-yucatan-como-estado-invitado\/\" \/>\n<meta name=\"twitter:card\" content=\"summary_large_image\" \/>\n<meta name=\"twitter:title\" content=\"La Feria de Le\u00f3n recibe este a\u00f1o a Yucat\u00e1n como estado invitado - Nitu - Noticias de la Industria Turistica\" \/>\n<meta name=\"twitter:description\" content=\"Del 11 de enero al 5 de febrero la Feria de Le\u00f3n, Guanajuato, tendr\u00e1 a Yucat\u00e1n como estado invitado, es la primera vez que hay un destino invitado.\" \/>\n<meta name=\"twitter:image\" content=\"https:\/\/nitu.mx\/wp-content\/uploads\/2019\/01\/feria-de-leon.jpg\" \/>\n<meta name=\"twitter:creator\" content=\"@NITUmx\" \/>\n<meta name=\"twitter:site\" content=\"@Arturo_Medina_G\" \/>\n<meta name=\"twitter:label1\" content=\"Escrito por\" \/>\n\t<meta name=\"twitter:data1\" content=\"Redacci\u00f3n\" \/>\n\t<meta name=\"twitter:label2\" content=\"Tiempo de lectura\" \/>\n\t<meta name=\"twitter:data2\" content=\"2 minutos\" \/>\n<script type=\"application\/ld+json\" class=\"yoast-schema-graph\">{\"@context\":\"https:\/\/schema.org\",\"@graph\":[{\"@type\":\"Article\",\"@id\":\"https:\/\/nitu.mx\/index.php\/2019\/01\/07\/la-feria-de-leon-recibe-este-ano-a-yucatan-como-estado-invitado\/#article\",\"isPartOf\":{\"@id\":\"https:\/\/nitu.mx\/index.php\/2019\/01\/07\/la-feria-de-leon-recibe-este-ano-a-yucatan-como-estado-invitado\/\"},\"author\":{\"name\":\"Redacci\u00f3n\",\"@id\":\"https:\/\/nitu.mx\/#\/schema\/person\/4a28fe9bd65924f7c90623773daf1b0b\"},\"headline\":\"La Feria de Le\u00f3n recibe este a\u00f1o a Yucat\u00e1n como estado invitado\",\"datePublished\":\"2019-01-07T06:24:10+00:00\",\"dateModified\":\"2019-01-07T06:41:57+00:00\",\"mainEntityOfPage\":{\"@id\":\"https:\/\/nitu.mx\/index.php\/2019\/01\/07\/la-feria-de-leon-recibe-este-ano-a-yucatan-como-estado-invitado\/\"},\"wordCount\":488,\"commentCount\":0,\"publisher\":{\"@id\":\"https:\/\/nitu.mx\/#\/schema\/person\/ae7a53426417292d3dd07b45a33e01bc\"},\"image\":{\"@id\":\"https:\/\/nitu.mx\/index.php\/2019\/01\/07\/la-feria-de-leon-recibe-este-ano-a-yucatan-como-estado-invitado\/#primaryimage\"},\"thumbnailUrl\":\"https:\/\/nitu.mx\/wp-content\/uploads\/2019\/01\/feria-de-leon.jpg\",\"keywords\":[\"Cross Border Xpress\",\"Feria Le\u00f3n Guanajuato\",\"Gabriel P\u00e9rez Navarro\",\"Le\u00f3n\",\"Michelle Fridman\",\"Sefotur\",\"Yucat\u00e1n\"],\"articleSection\":[\"M\u00e9xico\"],\"inLanguage\":\"es-MX\",\"potentialAction\":[{\"@type\":\"CommentAction\",\"name\":\"Comment\",\"target\":[\"https:\/\/nitu.mx\/index.php\/2019\/01\/07\/la-feria-de-leon-recibe-este-ano-a-yucatan-como-estado-invitado\/#respond\"]}]},{\"@type\":\"WebPage\",\"@id\":\"https:\/\/nitu.mx\/index.php\/2019\/01\/07\/la-feria-de-leon-recibe-este-ano-a-yucatan-como-estado-invitado\/\",\"url\":\"https:\/\/nitu.mx\/index.php\/2019\/01\/07\/la-feria-de-leon-recibe-este-ano-a-yucatan-como-estado-invitado\/\",\"name\":\"La Feria de Le\u00f3n recibe este a\u00f1o a Yucat\u00e1n como estado invitado - Nitu - Noticias de la Industria Turistica\",\"isPartOf\":{\"@id\":\"https:\/\/nitu.mx\/#website\"},\"primaryImageOfPage\":{\"@id\":\"https:\/\/nitu.mx\/index.php\/2019\/01\/07\/la-feria-de-leon-recibe-este-ano-a-yucatan-como-estado-invitado\/#primaryimage\"},\"image\":{\"@id\":\"https:\/\/nitu.mx\/index.php\/2019\/01\/07\/la-feria-de-leon-recibe-este-ano-a-yucatan-como-estado-invitado\/#primaryimage\"},\"thumbnailUrl\":\"https:\/\/nitu.mx\/wp-content\/uploads\/2019\/01\/feria-de-leon.jpg\",\"datePublished\":\"2019-01-07T06:24:10+00:00\",\"dateModified\":\"2019-01-07T06:41:57+00:00\",\"description\":\"Del 11 de enero al 5 de febrero la Feria de Le\u00f3n, Guanajuato, tendr\u00e1 a Yucat\u00e1n como estado invitado, es la primera vez que hay un destino invitado.\",\"breadcrumb\":{\"@id\":\"https:\/\/nitu.mx\/index.php\/2019\/01\/07\/la-feria-de-leon-recibe-este-ano-a-yucatan-como-estado-invitado\/#breadcrumb\"},\"inLanguage\":\"es-MX\",\"potentialAction\":[{\"@type\":\"ReadAction\",\"target\":[\"https:\/\/nitu.mx\/index.php\/2019\/01\/07\/la-feria-de-leon-recibe-este-ano-a-yucatan-como-estado-invitado\/\"]}]},{\"@type\":\"ImageObject\",\"inLanguage\":\"es-MX\",\"@id\":\"https:\/\/nitu.mx\/index.php\/2019\/01\/07\/la-feria-de-leon-recibe-este-ano-a-yucatan-como-estado-invitado\/#primaryimage\",\"url\":\"https:\/\/nitu.mx\/wp-content\/uploads\/2019\/01\/feria-de-leon.jpg\",\"contentUrl\":\"https:\/\/nitu.mx\/wp-content\/uploads\/2019\/01\/feria-de-leon.jpg\",\"width\":850,\"height\":480,\"caption\":\"feria de le\u00f3n\"},{\"@type\":\"BreadcrumbList\",\"@id\":\"https:\/\/nitu.mx\/index.php\/2019\/01\/07\/la-feria-de-leon-recibe-este-ano-a-yucatan-como-estado-invitado\/#breadcrumb\",\"itemListElement\":[{\"@type\":\"ListItem\",\"position\":1,\"name\":\"Inicio\",\"item\":\"https:\/\/nitu.mx\/\"},{\"@type\":\"ListItem\",\"position\":2,\"name\":\"La Feria de Le\u00f3n recibe este a\u00f1o a Yucat\u00e1n como estado invitado\"}]},{\"@type\":\"WebSite\",\"@id\":\"https:\/\/nitu.mx\/#website\",\"url\":\"https:\/\/nitu.mx\/\",\"name\":\"Nitu - Noticias de la Industria Turistica\",\"description\":\"Noticias de la Industria Turistica\",\"publisher\":{\"@id\":\"https:\/\/nitu.mx\/#\/schema\/person\/ae7a53426417292d3dd07b45a33e01bc\"},\"alternateName\":\"Noticias de la Industria Turistica\",\"potentialAction\":[{\"@type\":\"SearchAction\",\"target\":{\"@type\":\"EntryPoint\",\"urlTemplate\":\"https:\/\/nitu.mx\/?s={search_term_string}\"},\"query-input\":\"required name=search_term_string\"}],\"inLanguage\":\"es-MX\"},{\"@type\":[\"Person\",\"Organization\"],\"@id\":\"https:\/\/nitu.mx\/#\/schema\/person\/ae7a53426417292d3dd07b45a33e01bc\",\"name\":\"Arturo Medina\",\"image\":{\"@type\":\"ImageObject\",\"inLanguage\":\"es-MX\",\"@id\":\"https:\/\/nitu.mx\/#\/schema\/person\/image\/\",\"url\":\"https:\/\/nitu.mx\/wp-content\/uploads\/2024\/04\/4A315622-1904-4D5C-B022-878CDC840E04-90x90-1.jpeg\",\"contentUrl\":\"https:\/\/nitu.mx\/wp-content\/uploads\/2024\/04\/4A315622-1904-4D5C-B022-878CDC840E04-90x90-1.jpeg\",\"width\":90,\"height\":90,\"caption\":\"Arturo Medina\"},\"logo\":{\"@id\":\"https:\/\/nitu.mx\/#\/schema\/person\/image\/\"},\"description\":\"Director NITU.mx, Egresado de la Escuela de Periodismo Carlos Septi\u00e9n Garc\u00eda. Periodista y analista especializado en turismo desde hace 35 a\u00f1os, radicado en Canc\u00fan Q.Roo. arturo@nitu.mx\",\"sameAs\":[\"https:\/\/nitu.mx\",\"https:\/\/www.facebook.com\/NITUmx\/\",\"medinacancun\",\"https:\/\/twitter.com\/@Arturo_Medina_G\"]},{\"@type\":\"Person\",\"@id\":\"https:\/\/nitu.mx\/#\/schema\/person\/4a28fe9bd65924f7c90623773daf1b0b\",\"name\":\"Redacci\u00f3n\",\"image\":{\"@type\":\"ImageObject\",\"inLanguage\":\"es-MX\",\"@id\":\"https:\/\/nitu.mx\/#\/schema\/person\/image\/\",\"url\":\"https:\/\/secure.gravatar.com\/avatar\/5dd011c8ccfc5cd7e4c81e42252aab38?s=96&d=mm&r=g\",\"contentUrl\":\"https:\/\/secure.gravatar.com\/avatar\/5dd011c8ccfc5cd7e4c81e42252aab38?s=96&d=mm&r=g\",\"caption\":\"Redacci\u00f3n\"},\"url\":\"https:\/\/nitu.mx\/index.php\/author\/redaccion\/\"}]}<\/script>\n<!-- \/ Yoast SEO plugin. -->","yoast_head_json":{"title":"La Feria de Le\u00f3n recibe este a\u00f1o a Yucat\u00e1n como estado invitado - Nitu - Noticias de la Industria Turistica","description":"Del 11 de enero al 5 de febrero la Feria de Le\u00f3n, Guanajuato, tendr\u00e1 a Yucat\u00e1n como estado invitado, es la primera vez que hay un destino invitado.","robots":{"index":"index","follow":"follow","max-snippet":"max-snippet:-1","max-image-preview":"max-image-preview:large","max-video-preview":"max-video-preview:-1"},"canonical":"https:\/\/nitu.mx\/index.php\/2019\/01\/07\/la-feria-de-leon-recibe-este-ano-a-yucatan-como-estado-invitado\/","twitter_card":"summary_large_image","twitter_title":"La Feria de Le\u00f3n recibe este a\u00f1o a Yucat\u00e1n como estado invitado - Nitu - Noticias de la Industria Turistica","twitter_description":"Del 11 de enero al 5 de febrero la Feria de Le\u00f3n, Guanajuato, tendr\u00e1 a Yucat\u00e1n como estado invitado, es la primera vez que hay un destino invitado.","twitter_image":"https:\/\/nitu.mx\/wp-content\/uploads\/2019\/01\/feria-de-leon.jpg","twitter_creator":"@NITUmx","twitter_site":"@Arturo_Medina_G","twitter_misc":{"Escrito por":"Redacci\u00f3n","Tiempo de lectura":"2 minutos"},"schema":{"@context":"https:\/\/schema.org","@graph":[{"@type":"Article","@id":"https:\/\/nitu.mx\/index.php\/2019\/01\/07\/la-feria-de-leon-recibe-este-ano-a-yucatan-como-estado-invitado\/#article","isPartOf":{"@id":"https:\/\/nitu.mx\/index.php\/2019\/01\/07\/la-feria-de-leon-recibe-este-ano-a-yucatan-como-estado-invitado\/"},"author":{"name":"Redacci\u00f3n","@id":"https:\/\/nitu.mx\/#\/schema\/person\/4a28fe9bd65924f7c90623773daf1b0b"},"headline":"La Feria de Le\u00f3n recibe este a\u00f1o a Yucat\u00e1n como estado invitado","datePublished":"2019-01-07T06:24:10+00:00","dateModified":"2019-01-07T06:41:57+00:00","mainEntityOfPage":{"@id":"https:\/\/nitu.mx\/index.php\/2019\/01\/07\/la-feria-de-leon-recibe-este-ano-a-yucatan-como-estado-invitado\/"},"wordCount":488,"commentCount":0,"publisher":{"@id":"https:\/\/nitu.mx\/#\/schema\/person\/ae7a53426417292d3dd07b45a33e01bc"},"image":{"@id":"https:\/\/nitu.mx\/index.php\/2019\/01\/07\/la-feria-de-leon-recibe-este-ano-a-yucatan-como-estado-invitado\/#primaryimage"},"thumbnailUrl":"https:\/\/nitu.mx\/wp-content\/uploads\/2019\/01\/feria-de-leon.jpg","keywords":["Cross Border Xpress","Feria Le\u00f3n Guanajuato","Gabriel P\u00e9rez Navarro","Le\u00f3n","Michelle Fridman","Sefotur","Yucat\u00e1n"],"articleSection":["M\u00e9xico"],"inLanguage":"es-MX","potentialAction":[{"@type":"CommentAction","name":"Comment","target":["https:\/\/nitu.mx\/index.php\/2019\/01\/07\/la-feria-de-leon-recibe-este-ano-a-yucatan-como-estado-invitado\/#respond"]}]},{"@type":"WebPage","@id":"https:\/\/nitu.mx\/index.php\/2019\/01\/07\/la-feria-de-leon-recibe-este-ano-a-yucatan-como-estado-invitado\/","url":"https:\/\/nitu.mx\/index.php\/2019\/01\/07\/la-feria-de-leon-recibe-este-ano-a-yucatan-como-estado-invitado\/","name":"La Feria de Le\u00f3n recibe este a\u00f1o a Yucat\u00e1n como estado invitado - Nitu - Noticias de la Industria Turistica","isPartOf":{"@id":"https:\/\/nitu.mx\/#website"},"primaryImageOfPage":{"@id":"https:\/\/nitu.mx\/index.php\/2019\/01\/07\/la-feria-de-leon-recibe-este-ano-a-yucatan-como-estado-invitado\/#primaryimage"},"image":{"@id":"https:\/\/nitu.mx\/index.php\/2019\/01\/07\/la-feria-de-leon-recibe-este-ano-a-yucatan-como-estado-invitado\/#primaryimage"},"thumbnailUrl":"https:\/\/nitu.mx\/wp-content\/uploads\/2019\/01\/feria-de-leon.jpg","datePublished":"2019-01-07T06:24:10+00:00","dateModified":"2019-01-07T06:41:57+00:00","description":"Del 11 de enero al 5 de febrero la Feria de Le\u00f3n, Guanajuato, tendr\u00e1 a Yucat\u00e1n como estado invitado, es la primera vez que hay un destino invitado.","breadcrumb":{"@id":"https:\/\/nitu.mx\/index.php\/2019\/01\/07\/la-feria-de-leon-recibe-este-ano-a-yucatan-como-estado-invitado\/#breadcrumb"},"inLanguage":"es-MX","potentialAction":[{"@type":"ReadAction","target":["https:\/\/nitu.mx\/index.php\/2019\/01\/07\/la-feria-de-leon-recibe-este-ano-a-yucatan-como-estado-invitado\/"]}]},{"@type":"ImageObject","inLanguage":"es-MX","@id":"https:\/\/nitu.mx\/index.php\/2019\/01\/07\/la-feria-de-leon-recibe-este-ano-a-yucatan-como-estado-invitado\/#primaryimage","url":"https:\/\/nitu.mx\/wp-content\/uploads\/2019\/01\/feria-de-leon.jpg","contentUrl":"https:\/\/nitu.mx\/wp-content\/uploads\/2019\/01\/feria-de-leon.jpg","width":850,"height":480,"caption":"feria de le\u00f3n"},{"@type":"BreadcrumbList","@id":"https:\/\/nitu.mx\/index.php\/2019\/01\/07\/la-feria-de-leon-recibe-este-ano-a-yucatan-como-estado-invitado\/#breadcrumb","itemListElement":[{"@type":"ListItem","position":1,"name":"Inicio","item":"https:\/\/nitu.mx\/"},{"@type":"ListItem","position":2,"name":"La Feria de Le\u00f3n recibe este a\u00f1o a Yucat\u00e1n como estado invitado"}]},{"@type":"WebSite","@id":"https:\/\/nitu.mx\/#website","url":"https:\/\/nitu.mx\/","name":"Nitu - Noticias de la Industria Turistica","description":"Noticias de la Industria Turistica","publisher":{"@id":"https:\/\/nitu.mx\/#\/schema\/person\/ae7a53426417292d3dd07b45a33e01bc"},"alternateName":"Noticias de la Industria Turistica","potentialAction":[{"@type":"SearchAction","target":{"@type":"EntryPoint","urlTemplate":"https:\/\/nitu.mx\/?s={search_term_string}"},"query-input":"required name=search_term_string"}],"inLanguage":"es-MX"},{"@type":["Person","Organization"],"@id":"https:\/\/nitu.mx\/#\/schema\/person\/ae7a53426417292d3dd07b45a33e01bc","name":"Arturo Medina","image":{"@type":"ImageObject","inLanguage":"es-MX","@id":"https:\/\/nitu.mx\/#\/schema\/person\/image\/","url":"https:\/\/nitu.mx\/wp-content\/uploads\/2024\/04\/4A315622-1904-4D5C-B022-878CDC840E04-90x90-1.jpeg","contentUrl":"https:\/\/nitu.mx\/wp-content\/uploads\/2024\/04\/4A315622-1904-4D5C-B022-878CDC840E04-90x90-1.jpeg","width":90,"height":90,"caption":"Arturo Medina"},"logo":{"@id":"https:\/\/nitu.mx\/#\/schema\/person\/image\/"},"description":"Director NITU.mx, Egresado de la Escuela de Periodismo Carlos Septi\u00e9n Garc\u00eda. Periodista y analista especializado en turismo desde hace 35 a\u00f1os, radicado en Canc\u00fan Q.Roo. arturo@nitu.mx","sameAs":["https:\/\/nitu.mx","https:\/\/www.facebook.com\/NITUmx\/","medinacancun","https:\/\/twitter.com\/@Arturo_Medina_G"]},{"@type":"Person","@id":"https:\/\/nitu.mx\/#\/schema\/person\/4a28fe9bd65924f7c90623773daf1b0b","name":"Redacci\u00f3n","image":{"@type":"ImageObject","inLanguage":"es-MX","@id":"https:\/\/nitu.mx\/#\/schema\/person\/image\/","url":"https:\/\/secure.gravatar.com\/avatar\/5dd011c8ccfc5cd7e4c81e42252aab38?s=96&d=mm&r=g","contentUrl":"https:\/\/secure.gravatar.com\/avatar\/5dd011c8ccfc5cd7e4c81e42252aab38?s=96&d=mm&r=g","caption":"Redacci\u00f3n"},"url":"https:\/\/nitu.mx\/index.php\/author\/redaccion\/"}]}},"views":310,"_links":{"self":[{"href":"https:\/\/nitu.mx\/index.php\/wp-json\/wp\/v2\/posts\/28043"}],"collection":[{"href":"https:\/\/nitu.mx\/index.php\/wp-json\/wp\/v2\/posts"}],"about":[{"href":"https:\/\/nitu.mx\/index.php\/wp-json\/wp\/v2\/types\/post"}],"author":[{"embeddable":true,"href":"https:\/\/nitu.mx\/index.php\/wp-json\/wp\/v2\/users\/17"}],"replies":[{"embeddable":true,"href":"https:\/\/nitu.mx\/index.php\/wp-json\/wp\/v2\/comments?post=28043"}],"version-history":[{"count":3,"href":"https:\/\/nitu.mx\/index.php\/wp-json\/wp\/v2\/posts\/28043\/revisions"}],"predecessor-version":[{"id":28059,"href":"https:\/\/nitu.mx\/index.php\/wp-json\/wp\/v2\/posts\/28043\/revisions\/28059"}],"wp:featuredmedia":[{"embeddable":true,"href":"https:\/\/nitu.mx\/index.php\/wp-json\/wp\/v2\/media\/28057"}],"wp:attachment":[{"href":"https:\/\/nitu.mx\/index.php\/wp-json\/wp\/v2\/media?parent=28043"}],"wp:term":[{"taxonomy":"category","embeddable":true,"href":"https:\/\/nitu.mx\/index.php\/wp-json\/wp\/v2\/categories?post=28043"},{"taxonomy":"post_tag","embeddable":true,"href":"https:\/\/nitu.mx\/index.php\/wp-json\/wp\/v2\/tags?post=28043"}],"curies":[{"name":"wp","href":"https:\/\/api.w.org\/{rel}","templated":true}]}}