{"id":28041,"date":"2019-01-07T01:10:29","date_gmt":"2019-01-07T06:10:29","guid":{"rendered":"https:\/\/www.dev.nitu.mx\/?p=28041"},"modified":"2019-01-07T01:39:36","modified_gmt":"2019-01-07T06:39:36","slug":"astudillo-promete-que-en-2019-se-catapultara-el-turismo-en-guerrero","status":"publish","type":"post","link":"https:\/\/nitu.mx\/index.php\/2019\/01\/07\/astudillo-promete-que-en-2019-se-catapultara-el-turismo-en-guerrero\/","title":{"rendered":"Astudillo promete que en 2019 se catapultar\u00e1 el turismo en Guerrero"},"content":{"rendered":"<p>Tras la mejor\u00eda que se not\u00f3 en llegada de viajeros durante 2018 a los diferentes destinos tur\u00edsticos de Guerrero, el gobernador de la entidad, H\u00e9ctor Astudillo Flores, asegur\u00f3 que 2019 despuntar\u00e1 a\u00fan m\u00e1s al emprender acciones integrales en la materia.<\/p>\n<p>Las obras que se realizan en sus destinos principales, contribuir\u00e1n con el impulso que por su parte de la iniciativa privada. En Acapulco, la ciclopista hasta Tres Vidas, la ampliaci\u00f3n a cuatro carriles de la avenida Esc\u00e9nica y la conclusi\u00f3n del puente de Mundo Imperial, la parte que va hacia al aeropuerto.<\/p>\n<p>Adem\u00e1s, se van a terminar los 10 kil\u00f3metros de la ampliaci\u00f3n de la carretera de Pie de la Cuesta-Barra de Coyuca, y la primera etapa del Paseo del Pescador de Playa Manzanillo. En Zihuatanejo se concluir\u00e1 el Paseo del Pescador y arrancar\u00e1 la construcci\u00f3n del muelle con m\u00e1s de 100 millones de pesos de inversi\u00f3n.<\/p>\n<p>Al reconocer que el tema de la seguridad sigue siendo una prioridad en la entidad, Astudillo Flores tambi\u00e9n anunci\u00f3 que se colocar\u00e1 la primera piedra del C5 en Acapulco, y afirm\u00f3 que la tasa de homicidios dolosos ha disminuido 13%, de acuerdo con informaci\u00f3n conjunta entre autoridades estatales y federales.<\/p>\n<p>Estas acciones aportar\u00e1n a las que lanzar\u00e1 el sector empresarial, como el crucero Magellan que zarpar\u00e1 de Acapulco en febrero pr\u00f3ximo, y el regreso del Tianguis Tur\u00edstico entre marzo y abril de 2019, eventos que posicionan en la mira al puerto guerrerense.\u00a0<a title=\"Empresarios tur\u00edsticos de Guerrero impulsar\u00e1n productos locales\" href=\"https:\/\/www.dev.nitu.mx\/index.php\/2018\/09\/07\/empresarios-turisticos-de-guerrero-impulsaran-productos-locales\/\" rel=\"bookmark\">(Empresarios tur\u00edsticos de Guerrero impulsar\u00e1n productos locales<\/a>).<\/p>\n<p>Durante la temporada vacacional de invierno, Guerrero recibi\u00f3 un hist\u00f3rico n\u00famero de visitantes de m\u00e1s de un mill\u00f3n 400 mil, que dejaron una derrama econ\u00f3mica de 4 mil 480 millones de pesos, se\u00f1al\u00f3 el secretario de Turismo estatal, Ernesto Rodr\u00edguez Escalona. Coment\u00f3 que la antelaci\u00f3n del inicio de la temporada ayud\u00f3, y desde los primeros d\u00edas hubo una ocupaci\u00f3n promedio de 83 por ciento, que lleg\u00f3 a 100 por ciento en fechas clave como fin de a\u00f1o.<\/p>\n","protected":false},"excerpt":{"rendered":"<p>Tras la mejor\u00eda que se not\u00f3 en llegada de viajeros durante 2018 a los diferentes destinos tur\u00edsticos de Guerrero, el gobernador de la entidad, H\u00e9ctor Astudillo Flores, asegur\u00f3 que 2019 despuntar\u00e1 a\u00fan m\u00e1s al emprender acciones integrales en la materia. Las obras que se realizan en sus destinos principales, contribuir\u00e1n con el impulso que por [&hellip;]<\/p>\n","protected":false},"author":5,"featured_media":28052,"comment_status":"open","ping_status":"open","sticky":false,"template":"","format":"standard","meta":{"footnotes":""},"categories":[5,6],"tags":[40,2218,233,234,214],"yoast_head":"<!-- This site is optimized with the Yoast SEO plugin v22.2 - https:\/\/yoast.com\/wordpress\/plugins\/seo\/ -->\n<title>Astudillo promete que en 2019 se catapultar\u00e1 el turismo en Guerrero - Nitu - Noticias de la Industria Turistica<\/title>\n<meta name=\"description\" content=\"El gobernador de Guerrero, H\u00e9ctor Astudillo Flores, asegur\u00f3 que 2019 despuntar\u00e1 a\u00fan m\u00e1s al emprender acciones integrales en la materia.\" \/>\n<meta name=\"robots\" content=\"index, follow, max-snippet:-1, max-image-preview:large, max-video-preview:-1\" \/>\n<link rel=\"canonical\" href=\"https:\/\/nitu.mx\/index.php\/2019\/01\/07\/astudillo-promete-que-en-2019-se-catapultara-el-turismo-en-guerrero\/\" \/>\n<meta name=\"twitter:card\" content=\"summary_large_image\" \/>\n<meta name=\"twitter:title\" content=\"Astudillo promete que en 2019 se catapultar\u00e1 el turismo en Guerrero - Nitu - Noticias de la Industria Turistica\" \/>\n<meta name=\"twitter:description\" content=\"El gobernador de Guerrero, H\u00e9ctor Astudillo Flores, asegur\u00f3 que 2019 despuntar\u00e1 a\u00fan m\u00e1s al emprender acciones integrales en la materia.\" \/>\n<meta name=\"twitter:image\" content=\"https:\/\/nitu.mx\/wp-content\/uploads\/2019\/01\/Guerrero-Invierno-2018.jpg\" \/>\n<meta name=\"twitter:creator\" content=\"@NITUmx\" \/>\n<meta name=\"twitter:site\" content=\"@Arturo_Medina_G\" \/>\n<meta name=\"twitter:label1\" content=\"Escrito por\" \/>\n\t<meta name=\"twitter:data1\" content=\"Mari Soto\" \/>\n\t<meta name=\"twitter:label2\" content=\"Tiempo de lectura\" \/>\n\t<meta name=\"twitter:data2\" content=\"2 minutos\" \/>\n<script type=\"application\/ld+json\" class=\"yoast-schema-graph\">{\"@context\":\"https:\/\/schema.org\",\"@graph\":[{\"@type\":\"Article\",\"@id\":\"https:\/\/nitu.mx\/index.php\/2019\/01\/07\/astudillo-promete-que-en-2019-se-catapultara-el-turismo-en-guerrero\/#article\",\"isPartOf\":{\"@id\":\"https:\/\/nitu.mx\/index.php\/2019\/01\/07\/astudillo-promete-que-en-2019-se-catapultara-el-turismo-en-guerrero\/\"},\"author\":{\"name\":\"Mari Soto\",\"@id\":\"https:\/\/nitu.mx\/#\/schema\/person\/afc52e313e27e660739556d421d3d6b4\"},\"headline\":\"Astudillo promete que en 2019 se catapultar\u00e1 el turismo en Guerrero\",\"datePublished\":\"2019-01-07T06:10:29+00:00\",\"dateModified\":\"2019-01-07T06:39:36+00:00\",\"mainEntityOfPage\":{\"@id\":\"https:\/\/nitu.mx\/index.php\/2019\/01\/07\/astudillo-promete-que-en-2019-se-catapultara-el-turismo-en-guerrero\/\"},\"wordCount\":355,\"commentCount\":0,\"publisher\":{\"@id\":\"https:\/\/nitu.mx\/#\/schema\/person\/ae7a53426417292d3dd07b45a33e01bc\"},\"image\":{\"@id\":\"https:\/\/nitu.mx\/index.php\/2019\/01\/07\/astudillo-promete-que-en-2019-se-catapultara-el-turismo-en-guerrero\/#primaryimage\"},\"thumbnailUrl\":\"https:\/\/nitu.mx\/wp-content\/uploads\/2019\/01\/Guerrero-Invierno-2018.jpg\",\"keywords\":[\"Acapulco\",\"Ernesto Rodr\u00edguez Escalona\",\"Guerrero\",\"H\u00e9ctor Astudillo\",\"Ixtapa Zihuatanejo\"],\"articleSection\":[\"Destinos\",\"M\u00e9xico\"],\"inLanguage\":\"es-MX\",\"potentialAction\":[{\"@type\":\"CommentAction\",\"name\":\"Comment\",\"target\":[\"https:\/\/nitu.mx\/index.php\/2019\/01\/07\/astudillo-promete-que-en-2019-se-catapultara-el-turismo-en-guerrero\/#respond\"]}]},{\"@type\":\"WebPage\",\"@id\":\"https:\/\/nitu.mx\/index.php\/2019\/01\/07\/astudillo-promete-que-en-2019-se-catapultara-el-turismo-en-guerrero\/\",\"url\":\"https:\/\/nitu.mx\/index.php\/2019\/01\/07\/astudillo-promete-que-en-2019-se-catapultara-el-turismo-en-guerrero\/\",\"name\":\"Astudillo promete que en 2019 se catapultar\u00e1 el turismo en Guerrero - Nitu - Noticias de la Industria Turistica\",\"isPartOf\":{\"@id\":\"https:\/\/nitu.mx\/#website\"},\"primaryImageOfPage\":{\"@id\":\"https:\/\/nitu.mx\/index.php\/2019\/01\/07\/astudillo-promete-que-en-2019-se-catapultara-el-turismo-en-guerrero\/#primaryimage\"},\"image\":{\"@id\":\"https:\/\/nitu.mx\/index.php\/2019\/01\/07\/astudillo-promete-que-en-2019-se-catapultara-el-turismo-en-guerrero\/#primaryimage\"},\"thumbnailUrl\":\"https:\/\/nitu.mx\/wp-content\/uploads\/2019\/01\/Guerrero-Invierno-2018.jpg\",\"datePublished\":\"2019-01-07T06:10:29+00:00\",\"dateModified\":\"2019-01-07T06:39:36+00:00\",\"description\":\"El gobernador de Guerrero, H\u00e9ctor Astudillo Flores, asegur\u00f3 que 2019 despuntar\u00e1 a\u00fan m\u00e1s al emprender acciones integrales en la materia.\",\"breadcrumb\":{\"@id\":\"https:\/\/nitu.mx\/index.php\/2019\/01\/07\/astudillo-promete-que-en-2019-se-catapultara-el-turismo-en-guerrero\/#breadcrumb\"},\"inLanguage\":\"es-MX\",\"potentialAction\":[{\"@type\":\"ReadAction\",\"target\":[\"https:\/\/nitu.mx\/index.php\/2019\/01\/07\/astudillo-promete-que-en-2019-se-catapultara-el-turismo-en-guerrero\/\"]}]},{\"@type\":\"ImageObject\",\"inLanguage\":\"es-MX\",\"@id\":\"https:\/\/nitu.mx\/index.php\/2019\/01\/07\/astudillo-promete-que-en-2019-se-catapultara-el-turismo-en-guerrero\/#primaryimage\",\"url\":\"https:\/\/nitu.mx\/wp-content\/uploads\/2019\/01\/Guerrero-Invierno-2018.jpg\",\"contentUrl\":\"https:\/\/nitu.mx\/wp-content\/uploads\/2019\/01\/Guerrero-Invierno-2018.jpg\",\"width\":850,\"height\":480,\"caption\":\"Guerrero\"},{\"@type\":\"BreadcrumbList\",\"@id\":\"https:\/\/nitu.mx\/index.php\/2019\/01\/07\/astudillo-promete-que-en-2019-se-catapultara-el-turismo-en-guerrero\/#breadcrumb\",\"itemListElement\":[{\"@type\":\"ListItem\",\"position\":1,\"name\":\"Inicio\",\"item\":\"https:\/\/nitu.mx\/\"},{\"@type\":\"ListItem\",\"position\":2,\"name\":\"Astudillo promete que en 2019 se catapultar\u00e1 el turismo en Guerrero\"}]},{\"@type\":\"WebSite\",\"@id\":\"https:\/\/nitu.mx\/#website\",\"url\":\"https:\/\/nitu.mx\/\",\"name\":\"Nitu - Noticias de la Industria Turistica\",\"description\":\"Noticias de la Industria Turistica\",\"publisher\":{\"@id\":\"https:\/\/nitu.mx\/#\/schema\/person\/ae7a53426417292d3dd07b45a33e01bc\"},\"alternateName\":\"Noticias de la Industria Turistica\",\"potentialAction\":[{\"@type\":\"SearchAction\",\"target\":{\"@type\":\"EntryPoint\",\"urlTemplate\":\"https:\/\/nitu.mx\/?s={search_term_string}\"},\"query-input\":\"required name=search_term_string\"}],\"inLanguage\":\"es-MX\"},{\"@type\":[\"Person\",\"Organization\"],\"@id\":\"https:\/\/nitu.mx\/#\/schema\/person\/ae7a53426417292d3dd07b45a33e01bc\",\"name\":\"Arturo Medina\",\"image\":{\"@type\":\"ImageObject\",\"inLanguage\":\"es-MX\",\"@id\":\"https:\/\/nitu.mx\/#\/schema\/person\/image\/\",\"url\":\"https:\/\/nitu.mx\/wp-content\/uploads\/2024\/04\/4A315622-1904-4D5C-B022-878CDC840E04-90x90-1.jpeg\",\"contentUrl\":\"https:\/\/nitu.mx\/wp-content\/uploads\/2024\/04\/4A315622-1904-4D5C-B022-878CDC840E04-90x90-1.jpeg\",\"width\":90,\"height\":90,\"caption\":\"Arturo Medina\"},\"logo\":{\"@id\":\"https:\/\/nitu.mx\/#\/schema\/person\/image\/\"},\"description\":\"Director NITU.mx, Egresado de la Escuela de Periodismo Carlos Septi\u00e9n Garc\u00eda. Periodista y analista especializado en turismo desde hace 35 a\u00f1os, radicado en Canc\u00fan Q.Roo. arturo@nitu.mx\",\"sameAs\":[\"https:\/\/nitu.mx\",\"https:\/\/www.facebook.com\/NITUmx\/\",\"medinacancun\",\"https:\/\/twitter.com\/@Arturo_Medina_G\"]},{\"@type\":\"Person\",\"@id\":\"https:\/\/nitu.mx\/#\/schema\/person\/afc52e313e27e660739556d421d3d6b4\",\"name\":\"Mari Soto\",\"image\":{\"@type\":\"ImageObject\",\"inLanguage\":\"es-MX\",\"@id\":\"https:\/\/nitu.mx\/#\/schema\/person\/image\/\",\"url\":\"https:\/\/secure.gravatar.com\/avatar\/2619c282a180a20d89fcaea82a6736e2?s=96&d=mm&r=g\",\"contentUrl\":\"https:\/\/secure.gravatar.com\/avatar\/2619c282a180a20d89fcaea82a6736e2?s=96&d=mm&r=g\",\"caption\":\"Mari Soto\"},\"sameAs\":[\"https:\/\/nitu.mx\"],\"url\":\"https:\/\/nitu.mx\/index.php\/author\/guadalupe\/\"}]}<\/script>\n<!-- \/ Yoast SEO plugin. -->","yoast_head_json":{"title":"Astudillo promete que en 2019 se catapultar\u00e1 el turismo en Guerrero - Nitu - Noticias de la Industria Turistica","description":"El gobernador de Guerrero, H\u00e9ctor Astudillo Flores, asegur\u00f3 que 2019 despuntar\u00e1 a\u00fan m\u00e1s al emprender acciones integrales en la materia.","robots":{"index":"index","follow":"follow","max-snippet":"max-snippet:-1","max-image-preview":"max-image-preview:large","max-video-preview":"max-video-preview:-1"},"canonical":"https:\/\/nitu.mx\/index.php\/2019\/01\/07\/astudillo-promete-que-en-2019-se-catapultara-el-turismo-en-guerrero\/","twitter_card":"summary_large_image","twitter_title":"Astudillo promete que en 2019 se catapultar\u00e1 el turismo en Guerrero - Nitu - Noticias de la Industria Turistica","twitter_description":"El gobernador de Guerrero, H\u00e9ctor Astudillo Flores, asegur\u00f3 que 2019 despuntar\u00e1 a\u00fan m\u00e1s al emprender acciones integrales en la materia.","twitter_image":"https:\/\/nitu.mx\/wp-content\/uploads\/2019\/01\/Guerrero-Invierno-2018.jpg","twitter_creator":"@NITUmx","twitter_site":"@Arturo_Medina_G","twitter_misc":{"Escrito por":"Mari Soto","Tiempo de lectura":"2 minutos"},"schema":{"@context":"https:\/\/schema.org","@graph":[{"@type":"Article","@id":"https:\/\/nitu.mx\/index.php\/2019\/01\/07\/astudillo-promete-que-en-2019-se-catapultara-el-turismo-en-guerrero\/#article","isPartOf":{"@id":"https:\/\/nitu.mx\/index.php\/2019\/01\/07\/astudillo-promete-que-en-2019-se-catapultara-el-turismo-en-guerrero\/"},"author":{"name":"Mari Soto","@id":"https:\/\/nitu.mx\/#\/schema\/person\/afc52e313e27e660739556d421d3d6b4"},"headline":"Astudillo promete que en 2019 se catapultar\u00e1 el turismo en Guerrero","datePublished":"2019-01-07T06:10:29+00:00","dateModified":"2019-01-07T06:39:36+00:00","mainEntityOfPage":{"@id":"https:\/\/nitu.mx\/index.php\/2019\/01\/07\/astudillo-promete-que-en-2019-se-catapultara-el-turismo-en-guerrero\/"},"wordCount":355,"commentCount":0,"publisher":{"@id":"https:\/\/nitu.mx\/#\/schema\/person\/ae7a53426417292d3dd07b45a33e01bc"},"image":{"@id":"https:\/\/nitu.mx\/index.php\/2019\/01\/07\/astudillo-promete-que-en-2019-se-catapultara-el-turismo-en-guerrero\/#primaryimage"},"thumbnailUrl":"https:\/\/nitu.mx\/wp-content\/uploads\/2019\/01\/Guerrero-Invierno-2018.jpg","keywords":["Acapulco","Ernesto Rodr\u00edguez Escalona","Guerrero","H\u00e9ctor Astudillo","Ixtapa Zihuatanejo"],"articleSection":["Destinos","M\u00e9xico"],"inLanguage":"es-MX","potentialAction":[{"@type":"CommentAction","name":"Comment","target":["https:\/\/nitu.mx\/index.php\/2019\/01\/07\/astudillo-promete-que-en-2019-se-catapultara-el-turismo-en-guerrero\/#respond"]}]},{"@type":"WebPage","@id":"https:\/\/nitu.mx\/index.php\/2019\/01\/07\/astudillo-promete-que-en-2019-se-catapultara-el-turismo-en-guerrero\/","url":"https:\/\/nitu.mx\/index.php\/2019\/01\/07\/astudillo-promete-que-en-2019-se-catapultara-el-turismo-en-guerrero\/","name":"Astudillo promete que en 2019 se catapultar\u00e1 el turismo en Guerrero - Nitu - Noticias de la Industria Turistica","isPartOf":{"@id":"https:\/\/nitu.mx\/#website"},"primaryImageOfPage":{"@id":"https:\/\/nitu.mx\/index.php\/2019\/01\/07\/astudillo-promete-que-en-2019-se-catapultara-el-turismo-en-guerrero\/#primaryimage"},"image":{"@id":"https:\/\/nitu.mx\/index.php\/2019\/01\/07\/astudillo-promete-que-en-2019-se-catapultara-el-turismo-en-guerrero\/#primaryimage"},"thumbnailUrl":"https:\/\/nitu.mx\/wp-content\/uploads\/2019\/01\/Guerrero-Invierno-2018.jpg","datePublished":"2019-01-07T06:10:29+00:00","dateModified":"2019-01-07T06:39:36+00:00","description":"El gobernador de Guerrero, H\u00e9ctor Astudillo Flores, asegur\u00f3 que 2019 despuntar\u00e1 a\u00fan m\u00e1s al emprender acciones integrales en la materia.","breadcrumb":{"@id":"https:\/\/nitu.mx\/index.php\/2019\/01\/07\/astudillo-promete-que-en-2019-se-catapultara-el-turismo-en-guerrero\/#breadcrumb"},"inLanguage":"es-MX","potentialAction":[{"@type":"ReadAction","target":["https:\/\/nitu.mx\/index.php\/2019\/01\/07\/astudillo-promete-que-en-2019-se-catapultara-el-turismo-en-guerrero\/"]}]},{"@type":"ImageObject","inLanguage":"es-MX","@id":"https:\/\/nitu.mx\/index.php\/2019\/01\/07\/astudillo-promete-que-en-2019-se-catapultara-el-turismo-en-guerrero\/#primaryimage","url":"https:\/\/nitu.mx\/wp-content\/uploads\/2019\/01\/Guerrero-Invierno-2018.jpg","contentUrl":"https:\/\/nitu.mx\/wp-content\/uploads\/2019\/01\/Guerrero-Invierno-2018.jpg","width":850,"height":480,"caption":"Guerrero"},{"@type":"BreadcrumbList","@id":"https:\/\/nitu.mx\/index.php\/2019\/01\/07\/astudillo-promete-que-en-2019-se-catapultara-el-turismo-en-guerrero\/#breadcrumb","itemListElement":[{"@type":"ListItem","position":1,"name":"Inicio","item":"https:\/\/nitu.mx\/"},{"@type":"ListItem","position":2,"name":"Astudillo promete que en 2019 se catapultar\u00e1 el turismo en Guerrero"}]},{"@type":"WebSite","@id":"https:\/\/nitu.mx\/#website","url":"https:\/\/nitu.mx\/","name":"Nitu - Noticias de la Industria Turistica","description":"Noticias de la Industria Turistica","publisher":{"@id":"https:\/\/nitu.mx\/#\/schema\/person\/ae7a53426417292d3dd07b45a33e01bc"},"alternateName":"Noticias de la Industria Turistica","potentialAction":[{"@type":"SearchAction","target":{"@type":"EntryPoint","urlTemplate":"https:\/\/nitu.mx\/?s={search_term_string}"},"query-input":"required name=search_term_string"}],"inLanguage":"es-MX"},{"@type":["Person","Organization"],"@id":"https:\/\/nitu.mx\/#\/schema\/person\/ae7a53426417292d3dd07b45a33e01bc","name":"Arturo Medina","image":{"@type":"ImageObject","inLanguage":"es-MX","@id":"https:\/\/nitu.mx\/#\/schema\/person\/image\/","url":"https:\/\/nitu.mx\/wp-content\/uploads\/2024\/04\/4A315622-1904-4D5C-B022-878CDC840E04-90x90-1.jpeg","contentUrl":"https:\/\/nitu.mx\/wp-content\/uploads\/2024\/04\/4A315622-1904-4D5C-B022-878CDC840E04-90x90-1.jpeg","width":90,"height":90,"caption":"Arturo Medina"},"logo":{"@id":"https:\/\/nitu.mx\/#\/schema\/person\/image\/"},"description":"Director NITU.mx, Egresado de la Escuela de Periodismo Carlos Septi\u00e9n Garc\u00eda. Periodista y analista especializado en turismo desde hace 35 a\u00f1os, radicado en Canc\u00fan Q.Roo. arturo@nitu.mx","sameAs":["https:\/\/nitu.mx","https:\/\/www.facebook.com\/NITUmx\/","medinacancun","https:\/\/twitter.com\/@Arturo_Medina_G"]},{"@type":"Person","@id":"https:\/\/nitu.mx\/#\/schema\/person\/afc52e313e27e660739556d421d3d6b4","name":"Mari Soto","image":{"@type":"ImageObject","inLanguage":"es-MX","@id":"https:\/\/nitu.mx\/#\/schema\/person\/image\/","url":"https:\/\/secure.gravatar.com\/avatar\/2619c282a180a20d89fcaea82a6736e2?s=96&d=mm&r=g","contentUrl":"https:\/\/secure.gravatar.com\/avatar\/2619c282a180a20d89fcaea82a6736e2?s=96&d=mm&r=g","caption":"Mari Soto"},"sameAs":["https:\/\/nitu.mx"],"url":"https:\/\/nitu.mx\/index.php\/author\/guadalupe\/"}]}},"views":253,"_links":{"self":[{"href":"https:\/\/nitu.mx\/index.php\/wp-json\/wp\/v2\/posts\/28041"}],"collection":[{"href":"https:\/\/nitu.mx\/index.php\/wp-json\/wp\/v2\/posts"}],"about":[{"href":"https:\/\/nitu.mx\/index.php\/wp-json\/wp\/v2\/types\/post"}],"author":[{"embeddable":true,"href":"https:\/\/nitu.mx\/index.php\/wp-json\/wp\/v2\/users\/5"}],"replies":[{"embeddable":true,"href":"https:\/\/nitu.mx\/index.php\/wp-json\/wp\/v2\/comments?post=28041"}],"version-history":[{"count":3,"href":"https:\/\/nitu.mx\/index.php\/wp-json\/wp\/v2\/posts\/28041\/revisions"}],"predecessor-version":[{"id":28053,"href":"https:\/\/nitu.mx\/index.php\/wp-json\/wp\/v2\/posts\/28041\/revisions\/28053"}],"wp:featuredmedia":[{"embeddable":true,"href":"https:\/\/nitu.mx\/index.php\/wp-json\/wp\/v2\/media\/28052"}],"wp:attachment":[{"href":"https:\/\/nitu.mx\/index.php\/wp-json\/wp\/v2\/media?parent=28041"}],"wp:term":[{"taxonomy":"category","embeddable":true,"href":"https:\/\/nitu.mx\/index.php\/wp-json\/wp\/v2\/categories?post=28041"},{"taxonomy":"post_tag","embeddable":true,"href":"https:\/\/nitu.mx\/index.php\/wp-json\/wp\/v2\/tags?post=28041"}],"curies":[{"name":"wp","href":"https:\/\/api.w.org\/{rel}","templated":true}]}}