{"id":28035,"date":"2019-01-07T01:12:26","date_gmt":"2019-01-07T06:12:26","guid":{"rendered":"https:\/\/www.dev.nitu.mx\/?p=28035"},"modified":"2019-01-07T01:39:20","modified_gmt":"2019-01-07T06:39:20","slug":"alistan-acciones-en-puerto-morelos-para-enfrentar-el-arribo-de-sargazo-en-2019","status":"publish","type":"post","link":"https:\/\/nitu.mx\/index.php\/2019\/01\/07\/alistan-acciones-en-puerto-morelos-para-enfrentar-el-arribo-de-sargazo-en-2019\/","title":{"rendered":"Alistan acciones en Puerto Morelos para enfrentar el arribo de sargazo en 2019"},"content":{"rendered":"<p>La alcaldesa de Puerto Morelos y presidenta de la Conferencia Nacional de Municipios de M\u00e9xico (Conamm), Laura Fern\u00e1ndez Pi\u00f1a, se reuni\u00f3 hoy con hoteleros a fin de delinear un esquema de trabajo preventivo y de acci\u00f3n para hacer frente al arribo masivo de sargazo en este 2019.<\/p>\n<p>\u201cSistematizaremos pol\u00edticas p\u00fablicas desde ahora, para evitar que el sargazo afecte nuestras playas, porque es ah\u00ed donde viene el mayor problema, ya que el retirarlo requiere una labor tit\u00e1nica que en momentos se vuelve interminable. El a\u00f1o pasado tuvimos meses en los que no nos dimos abasto en la limpieza de nuestros arenales\u201d, coment\u00f3.<\/p>\n<p>Laura Fern\u00e1ndez dijo que el tema es prioridad en Puerto Morelos, por lo que se preparan soluciones conjuntas, entre todos los actores involucrados, para mitigar el fen\u00f3meno. \u201cEl objetivo es lograr que el recale en la costa sea el m\u00ednimo, con eso habremos dado un gran paso como destino tur\u00edstico de clase mundial\u201d, agreg\u00f3.<\/p>\n<p>Afirm\u00f3 que Puerto Morelos tiene una sociedad muy comprometida con la principal actividad econ\u00f3mica que es el turismo. \u201cSomos tambi\u00e9n una sociedad muy organizada cuando enfrentamos situaciones emergentes, siempre trabajando de la mano con la Federaci\u00f3n y el Gobierno del Estado, as\u00ed como la iniciativa privada y otros organismos\u201d, subray\u00f3.<\/p>\n<p>La alcaldesa record\u00f3 que en 2018 el gobierno municipal destin\u00f3 por lo menos 80,000 horas-hombre para atender el gigantesco problema, ya que hubo jornadas en la que se recolectaron hasta 200 toneladas de sargazo. (<a title=\"Ser\u00e1 2019 a\u00f1o de retos en la consolidaci\u00f3n de Puerto Morelos: Laura Fern\u00e1ndez\" href=\"https:\/\/www.dev.nitu.mx\/index.php\/2019\/01\/02\/sera-2019-ano-de-retos-en-la-consolidacion-de-puerto-morelos-laura-fernandez\/\" rel=\"bookmark\">Ser\u00e1 2019 a\u00f1o de retos en la consolidaci\u00f3n de Puerto Morelos: Laura Fern\u00e1ndez<\/a>).<\/p>\n<p>Trabajaron, dijo, funcionarios municipales sin importar su jerarqu\u00eda, l\u00edderes, estudiantes, taxistas, empresarios, pescadores y prestadores de servicios, as\u00ed como personal de la Secretar\u00eda de Ecolog\u00eda y Medio Ambiente (SEMA), del gobierno estatal.<br \/>\n\u201cEntendemos que el problema del sargazo lleg\u00f3 para quedarse en el Caribe Mexicano, por lo que debemos trabajar todos en unidad para combatirlo, creando estrategias e implementando acciones entre todos\u201d, refiri\u00f3.<\/p>\n<p>Por \u00faltimo, se\u00f1al\u00f3 que de acuerdo con los pron\u00f3sticos, en este 2019 podr\u00eda repetirse o superarse la cantidad de la planta marina que lleg\u00f3 al destino el a\u00f1o anterior, por lo que es urgente prepararse desde todos los frentes para evitar que el fen\u00f3meno natural da\u00f1e la imagen tur\u00edstica y afecte la llegada de visitantes.<\/p>\n","protected":false},"excerpt":{"rendered":"<p>La alcaldesa de Puerto Morelos y presidenta de la Conferencia Nacional de Municipios de M\u00e9xico (Conamm), Laura Fern\u00e1ndez Pi\u00f1a, se reuni\u00f3 hoy con hoteleros a fin de delinear un esquema de trabajo preventivo y de acci\u00f3n para hacer frente al arribo masivo de sargazo en este 2019. \u201cSistematizaremos pol\u00edticas p\u00fablicas desde ahora, para evitar que [&hellip;]<\/p>\n","protected":false},"author":17,"featured_media":26103,"comment_status":"open","ping_status":"open","sticky":false,"template":"","format":"standard","meta":{"footnotes":""},"categories":[5,12],"tags":[1997,1272,68,86,10332],"yoast_head":"<!-- This site is optimized with the Yoast SEO plugin v22.2 - https:\/\/yoast.com\/wordpress\/plugins\/seo\/ -->\n<title>Alistan acciones en Puerto Morelos para enfrentar el arribo de sargazo en 2019 - Nitu - Noticias de la Industria Turistica<\/title>\n<meta name=\"description\" content=\"La alcaldesa de Puerto Morelos y presidenta de la Conferencia Nacional de Municipios de M\u00e9xico (Conamm), Laura Fern\u00e1ndez Pi\u00f1a, se reuni\u00f3 hoy con hoteleros.\" \/>\n<meta name=\"robots\" content=\"index, follow, max-snippet:-1, max-image-preview:large, max-video-preview:-1\" \/>\n<link rel=\"canonical\" href=\"https:\/\/nitu.mx\/index.php\/2019\/01\/07\/alistan-acciones-en-puerto-morelos-para-enfrentar-el-arribo-de-sargazo-en-2019\/\" \/>\n<meta name=\"twitter:card\" content=\"summary_large_image\" \/>\n<meta name=\"twitter:title\" content=\"Alistan acciones en Puerto Morelos para enfrentar el arribo de sargazo en 2019 - Nitu - Noticias de la Industria Turistica\" \/>\n<meta name=\"twitter:description\" content=\"La alcaldesa de Puerto Morelos y presidenta de la Conferencia Nacional de Municipios de M\u00e9xico (Conamm), Laura Fern\u00e1ndez Pi\u00f1a, se reuni\u00f3 hoy con hoteleros.\" \/>\n<meta name=\"twitter:image\" content=\"https:\/\/nitu.mx\/wp-content\/uploads\/2018\/11\/Laura-Fern\u00e1ndez.jpg\" \/>\n<meta name=\"twitter:creator\" content=\"@NITUmx\" \/>\n<meta name=\"twitter:site\" content=\"@Arturo_Medina_G\" \/>\n<meta name=\"twitter:label1\" content=\"Escrito por\" \/>\n\t<meta name=\"twitter:data1\" content=\"Redacci\u00f3n\" \/>\n\t<meta name=\"twitter:label2\" content=\"Tiempo de lectura\" \/>\n\t<meta name=\"twitter:data2\" content=\"2 minutos\" \/>\n<script type=\"application\/ld+json\" class=\"yoast-schema-graph\">{\"@context\":\"https:\/\/schema.org\",\"@graph\":[{\"@type\":\"Article\",\"@id\":\"https:\/\/nitu.mx\/index.php\/2019\/01\/07\/alistan-acciones-en-puerto-morelos-para-enfrentar-el-arribo-de-sargazo-en-2019\/#article\",\"isPartOf\":{\"@id\":\"https:\/\/nitu.mx\/index.php\/2019\/01\/07\/alistan-acciones-en-puerto-morelos-para-enfrentar-el-arribo-de-sargazo-en-2019\/\"},\"author\":{\"name\":\"Redacci\u00f3n\",\"@id\":\"https:\/\/nitu.mx\/#\/schema\/person\/4a28fe9bd65924f7c90623773daf1b0b\"},\"headline\":\"Alistan acciones en Puerto Morelos para enfrentar el arribo de sargazo en 2019\",\"datePublished\":\"2019-01-07T06:12:26+00:00\",\"dateModified\":\"2019-01-07T06:39:20+00:00\",\"mainEntityOfPage\":{\"@id\":\"https:\/\/nitu.mx\/index.php\/2019\/01\/07\/alistan-acciones-en-puerto-morelos-para-enfrentar-el-arribo-de-sargazo-en-2019\/\"},\"wordCount\":405,\"commentCount\":0,\"publisher\":{\"@id\":\"https:\/\/nitu.mx\/#\/schema\/person\/ae7a53426417292d3dd07b45a33e01bc\"},\"image\":{\"@id\":\"https:\/\/nitu.mx\/index.php\/2019\/01\/07\/alistan-acciones-en-puerto-morelos-para-enfrentar-el-arribo-de-sargazo-en-2019\/#primaryimage\"},\"thumbnailUrl\":\"https:\/\/nitu.mx\/wp-content\/uploads\/2018\/11\/Laura-Fern\u00e1ndez.jpg\",\"keywords\":[\"hoteleros\",\"Laura Fern\u00e1ndez Pi\u00f1a\",\"M\u00e9xico\",\"Puerto Morelos\",\"sargazo\"],\"articleSection\":[\"Destinos\",\"Marketing\"],\"inLanguage\":\"es-MX\",\"potentialAction\":[{\"@type\":\"CommentAction\",\"name\":\"Comment\",\"target\":[\"https:\/\/nitu.mx\/index.php\/2019\/01\/07\/alistan-acciones-en-puerto-morelos-para-enfrentar-el-arribo-de-sargazo-en-2019\/#respond\"]}]},{\"@type\":\"WebPage\",\"@id\":\"https:\/\/nitu.mx\/index.php\/2019\/01\/07\/alistan-acciones-en-puerto-morelos-para-enfrentar-el-arribo-de-sargazo-en-2019\/\",\"url\":\"https:\/\/nitu.mx\/index.php\/2019\/01\/07\/alistan-acciones-en-puerto-morelos-para-enfrentar-el-arribo-de-sargazo-en-2019\/\",\"name\":\"Alistan acciones en Puerto Morelos para enfrentar el arribo de sargazo en 2019 - Nitu - Noticias de la Industria Turistica\",\"isPartOf\":{\"@id\":\"https:\/\/nitu.mx\/#website\"},\"primaryImageOfPage\":{\"@id\":\"https:\/\/nitu.mx\/index.php\/2019\/01\/07\/alistan-acciones-en-puerto-morelos-para-enfrentar-el-arribo-de-sargazo-en-2019\/#primaryimage\"},\"image\":{\"@id\":\"https:\/\/nitu.mx\/index.php\/2019\/01\/07\/alistan-acciones-en-puerto-morelos-para-enfrentar-el-arribo-de-sargazo-en-2019\/#primaryimage\"},\"thumbnailUrl\":\"https:\/\/nitu.mx\/wp-content\/uploads\/2018\/11\/Laura-Fern\u00e1ndez.jpg\",\"datePublished\":\"2019-01-07T06:12:26+00:00\",\"dateModified\":\"2019-01-07T06:39:20+00:00\",\"description\":\"La alcaldesa de Puerto Morelos y presidenta de la Conferencia Nacional de Municipios de M\u00e9xico (Conamm), Laura Fern\u00e1ndez Pi\u00f1a, se reuni\u00f3 hoy con hoteleros.\",\"breadcrumb\":{\"@id\":\"https:\/\/nitu.mx\/index.php\/2019\/01\/07\/alistan-acciones-en-puerto-morelos-para-enfrentar-el-arribo-de-sargazo-en-2019\/#breadcrumb\"},\"inLanguage\":\"es-MX\",\"potentialAction\":[{\"@type\":\"ReadAction\",\"target\":[\"https:\/\/nitu.mx\/index.php\/2019\/01\/07\/alistan-acciones-en-puerto-morelos-para-enfrentar-el-arribo-de-sargazo-en-2019\/\"]}]},{\"@type\":\"ImageObject\",\"inLanguage\":\"es-MX\",\"@id\":\"https:\/\/nitu.mx\/index.php\/2019\/01\/07\/alistan-acciones-en-puerto-morelos-para-enfrentar-el-arribo-de-sargazo-en-2019\/#primaryimage\",\"url\":\"https:\/\/nitu.mx\/wp-content\/uploads\/2018\/11\/Laura-Fern\u00e1ndez.jpg\",\"contentUrl\":\"https:\/\/nitu.mx\/wp-content\/uploads\/2018\/11\/Laura-Fern\u00e1ndez.jpg\",\"width\":850,\"height\":480,\"caption\":\"Laura Fern\u00e1ndez Pi\u00f1a Puerto Morelos\"},{\"@type\":\"BreadcrumbList\",\"@id\":\"https:\/\/nitu.mx\/index.php\/2019\/01\/07\/alistan-acciones-en-puerto-morelos-para-enfrentar-el-arribo-de-sargazo-en-2019\/#breadcrumb\",\"itemListElement\":[{\"@type\":\"ListItem\",\"position\":1,\"name\":\"Inicio\",\"item\":\"https:\/\/nitu.mx\/\"},{\"@type\":\"ListItem\",\"position\":2,\"name\":\"Alistan acciones en Puerto Morelos para enfrentar el arribo de sargazo en 2019\"}]},{\"@type\":\"WebSite\",\"@id\":\"https:\/\/nitu.mx\/#website\",\"url\":\"https:\/\/nitu.mx\/\",\"name\":\"Nitu - Noticias de la Industria Turistica\",\"description\":\"Noticias de la Industria Turistica\",\"publisher\":{\"@id\":\"https:\/\/nitu.mx\/#\/schema\/person\/ae7a53426417292d3dd07b45a33e01bc\"},\"alternateName\":\"Noticias de la Industria Turistica\",\"potentialAction\":[{\"@type\":\"SearchAction\",\"target\":{\"@type\":\"EntryPoint\",\"urlTemplate\":\"https:\/\/nitu.mx\/?s={search_term_string}\"},\"query-input\":\"required name=search_term_string\"}],\"inLanguage\":\"es-MX\"},{\"@type\":[\"Person\",\"Organization\"],\"@id\":\"https:\/\/nitu.mx\/#\/schema\/person\/ae7a53426417292d3dd07b45a33e01bc\",\"name\":\"Arturo Medina\",\"image\":{\"@type\":\"ImageObject\",\"inLanguage\":\"es-MX\",\"@id\":\"https:\/\/nitu.mx\/#\/schema\/person\/image\/\",\"url\":\"https:\/\/nitu.mx\/wp-content\/uploads\/2024\/04\/4A315622-1904-4D5C-B022-878CDC840E04-90x90-1.jpeg\",\"contentUrl\":\"https:\/\/nitu.mx\/wp-content\/uploads\/2024\/04\/4A315622-1904-4D5C-B022-878CDC840E04-90x90-1.jpeg\",\"width\":90,\"height\":90,\"caption\":\"Arturo Medina\"},\"logo\":{\"@id\":\"https:\/\/nitu.mx\/#\/schema\/person\/image\/\"},\"description\":\"Director NITU.mx, Egresado de la Escuela de Periodismo Carlos Septi\u00e9n Garc\u00eda. Periodista y analista especializado en turismo desde hace 35 a\u00f1os, radicado en Canc\u00fan Q.Roo. arturo@nitu.mx\",\"sameAs\":[\"https:\/\/nitu.mx\",\"https:\/\/www.facebook.com\/NITUmx\/\",\"medinacancun\",\"https:\/\/twitter.com\/@Arturo_Medina_G\"]},{\"@type\":\"Person\",\"@id\":\"https:\/\/nitu.mx\/#\/schema\/person\/4a28fe9bd65924f7c90623773daf1b0b\",\"name\":\"Redacci\u00f3n\",\"image\":{\"@type\":\"ImageObject\",\"inLanguage\":\"es-MX\",\"@id\":\"https:\/\/nitu.mx\/#\/schema\/person\/image\/\",\"url\":\"https:\/\/secure.gravatar.com\/avatar\/5dd011c8ccfc5cd7e4c81e42252aab38?s=96&d=mm&r=g\",\"contentUrl\":\"https:\/\/secure.gravatar.com\/avatar\/5dd011c8ccfc5cd7e4c81e42252aab38?s=96&d=mm&r=g\",\"caption\":\"Redacci\u00f3n\"},\"url\":\"https:\/\/nitu.mx\/index.php\/author\/redaccion\/\"}]}<\/script>\n<!-- \/ Yoast SEO plugin. -->","yoast_head_json":{"title":"Alistan acciones en Puerto Morelos para enfrentar el arribo de sargazo en 2019 - Nitu - Noticias de la Industria Turistica","description":"La alcaldesa de Puerto Morelos y presidenta de la Conferencia Nacional de Municipios de M\u00e9xico (Conamm), Laura Fern\u00e1ndez Pi\u00f1a, se reuni\u00f3 hoy con hoteleros.","robots":{"index":"index","follow":"follow","max-snippet":"max-snippet:-1","max-image-preview":"max-image-preview:large","max-video-preview":"max-video-preview:-1"},"canonical":"https:\/\/nitu.mx\/index.php\/2019\/01\/07\/alistan-acciones-en-puerto-morelos-para-enfrentar-el-arribo-de-sargazo-en-2019\/","twitter_card":"summary_large_image","twitter_title":"Alistan acciones en Puerto Morelos para enfrentar el arribo de sargazo en 2019 - Nitu - Noticias de la Industria Turistica","twitter_description":"La alcaldesa de Puerto Morelos y presidenta de la Conferencia Nacional de Municipios de M\u00e9xico (Conamm), Laura Fern\u00e1ndez Pi\u00f1a, se reuni\u00f3 hoy con hoteleros.","twitter_image":"https:\/\/nitu.mx\/wp-content\/uploads\/2018\/11\/Laura-Fern\u00e1ndez.jpg","twitter_creator":"@NITUmx","twitter_site":"@Arturo_Medina_G","twitter_misc":{"Escrito por":"Redacci\u00f3n","Tiempo de lectura":"2 minutos"},"schema":{"@context":"https:\/\/schema.org","@graph":[{"@type":"Article","@id":"https:\/\/nitu.mx\/index.php\/2019\/01\/07\/alistan-acciones-en-puerto-morelos-para-enfrentar-el-arribo-de-sargazo-en-2019\/#article","isPartOf":{"@id":"https:\/\/nitu.mx\/index.php\/2019\/01\/07\/alistan-acciones-en-puerto-morelos-para-enfrentar-el-arribo-de-sargazo-en-2019\/"},"author":{"name":"Redacci\u00f3n","@id":"https:\/\/nitu.mx\/#\/schema\/person\/4a28fe9bd65924f7c90623773daf1b0b"},"headline":"Alistan acciones en Puerto Morelos para enfrentar el arribo de sargazo en 2019","datePublished":"2019-01-07T06:12:26+00:00","dateModified":"2019-01-07T06:39:20+00:00","mainEntityOfPage":{"@id":"https:\/\/nitu.mx\/index.php\/2019\/01\/07\/alistan-acciones-en-puerto-morelos-para-enfrentar-el-arribo-de-sargazo-en-2019\/"},"wordCount":405,"commentCount":0,"publisher":{"@id":"https:\/\/nitu.mx\/#\/schema\/person\/ae7a53426417292d3dd07b45a33e01bc"},"image":{"@id":"https:\/\/nitu.mx\/index.php\/2019\/01\/07\/alistan-acciones-en-puerto-morelos-para-enfrentar-el-arribo-de-sargazo-en-2019\/#primaryimage"},"thumbnailUrl":"https:\/\/nitu.mx\/wp-content\/uploads\/2018\/11\/Laura-Fern\u00e1ndez.jpg","keywords":["hoteleros","Laura Fern\u00e1ndez Pi\u00f1a","M\u00e9xico","Puerto Morelos","sargazo"],"articleSection":["Destinos","Marketing"],"inLanguage":"es-MX","potentialAction":[{"@type":"CommentAction","name":"Comment","target":["https:\/\/nitu.mx\/index.php\/2019\/01\/07\/alistan-acciones-en-puerto-morelos-para-enfrentar-el-arribo-de-sargazo-en-2019\/#respond"]}]},{"@type":"WebPage","@id":"https:\/\/nitu.mx\/index.php\/2019\/01\/07\/alistan-acciones-en-puerto-morelos-para-enfrentar-el-arribo-de-sargazo-en-2019\/","url":"https:\/\/nitu.mx\/index.php\/2019\/01\/07\/alistan-acciones-en-puerto-morelos-para-enfrentar-el-arribo-de-sargazo-en-2019\/","name":"Alistan acciones en Puerto Morelos para enfrentar el arribo de sargazo en 2019 - Nitu - Noticias de la Industria Turistica","isPartOf":{"@id":"https:\/\/nitu.mx\/#website"},"primaryImageOfPage":{"@id":"https:\/\/nitu.mx\/index.php\/2019\/01\/07\/alistan-acciones-en-puerto-morelos-para-enfrentar-el-arribo-de-sargazo-en-2019\/#primaryimage"},"image":{"@id":"https:\/\/nitu.mx\/index.php\/2019\/01\/07\/alistan-acciones-en-puerto-morelos-para-enfrentar-el-arribo-de-sargazo-en-2019\/#primaryimage"},"thumbnailUrl":"https:\/\/nitu.mx\/wp-content\/uploads\/2018\/11\/Laura-Fern\u00e1ndez.jpg","datePublished":"2019-01-07T06:12:26+00:00","dateModified":"2019-01-07T06:39:20+00:00","description":"La alcaldesa de Puerto Morelos y presidenta de la Conferencia Nacional de Municipios de M\u00e9xico (Conamm), Laura Fern\u00e1ndez Pi\u00f1a, se reuni\u00f3 hoy con hoteleros.","breadcrumb":{"@id":"https:\/\/nitu.mx\/index.php\/2019\/01\/07\/alistan-acciones-en-puerto-morelos-para-enfrentar-el-arribo-de-sargazo-en-2019\/#breadcrumb"},"inLanguage":"es-MX","potentialAction":[{"@type":"ReadAction","target":["https:\/\/nitu.mx\/index.php\/2019\/01\/07\/alistan-acciones-en-puerto-morelos-para-enfrentar-el-arribo-de-sargazo-en-2019\/"]}]},{"@type":"ImageObject","inLanguage":"es-MX","@id":"https:\/\/nitu.mx\/index.php\/2019\/01\/07\/alistan-acciones-en-puerto-morelos-para-enfrentar-el-arribo-de-sargazo-en-2019\/#primaryimage","url":"https:\/\/nitu.mx\/wp-content\/uploads\/2018\/11\/Laura-Fern\u00e1ndez.jpg","contentUrl":"https:\/\/nitu.mx\/wp-content\/uploads\/2018\/11\/Laura-Fern\u00e1ndez.jpg","width":850,"height":480,"caption":"Laura Fern\u00e1ndez Pi\u00f1a Puerto Morelos"},{"@type":"BreadcrumbList","@id":"https:\/\/nitu.mx\/index.php\/2019\/01\/07\/alistan-acciones-en-puerto-morelos-para-enfrentar-el-arribo-de-sargazo-en-2019\/#breadcrumb","itemListElement":[{"@type":"ListItem","position":1,"name":"Inicio","item":"https:\/\/nitu.mx\/"},{"@type":"ListItem","position":2,"name":"Alistan acciones en Puerto Morelos para enfrentar el arribo de sargazo en 2019"}]},{"@type":"WebSite","@id":"https:\/\/nitu.mx\/#website","url":"https:\/\/nitu.mx\/","name":"Nitu - Noticias de la Industria Turistica","description":"Noticias de la Industria Turistica","publisher":{"@id":"https:\/\/nitu.mx\/#\/schema\/person\/ae7a53426417292d3dd07b45a33e01bc"},"alternateName":"Noticias de la Industria Turistica","potentialAction":[{"@type":"SearchAction","target":{"@type":"EntryPoint","urlTemplate":"https:\/\/nitu.mx\/?s={search_term_string}"},"query-input":"required name=search_term_string"}],"inLanguage":"es-MX"},{"@type":["Person","Organization"],"@id":"https:\/\/nitu.mx\/#\/schema\/person\/ae7a53426417292d3dd07b45a33e01bc","name":"Arturo Medina","image":{"@type":"ImageObject","inLanguage":"es-MX","@id":"https:\/\/nitu.mx\/#\/schema\/person\/image\/","url":"https:\/\/nitu.mx\/wp-content\/uploads\/2024\/04\/4A315622-1904-4D5C-B022-878CDC840E04-90x90-1.jpeg","contentUrl":"https:\/\/nitu.mx\/wp-content\/uploads\/2024\/04\/4A315622-1904-4D5C-B022-878CDC840E04-90x90-1.jpeg","width":90,"height":90,"caption":"Arturo Medina"},"logo":{"@id":"https:\/\/nitu.mx\/#\/schema\/person\/image\/"},"description":"Director NITU.mx, Egresado de la Escuela de Periodismo Carlos Septi\u00e9n Garc\u00eda. Periodista y analista especializado en turismo desde hace 35 a\u00f1os, radicado en Canc\u00fan Q.Roo. arturo@nitu.mx","sameAs":["https:\/\/nitu.mx","https:\/\/www.facebook.com\/NITUmx\/","medinacancun","https:\/\/twitter.com\/@Arturo_Medina_G"]},{"@type":"Person","@id":"https:\/\/nitu.mx\/#\/schema\/person\/4a28fe9bd65924f7c90623773daf1b0b","name":"Redacci\u00f3n","image":{"@type":"ImageObject","inLanguage":"es-MX","@id":"https:\/\/nitu.mx\/#\/schema\/person\/image\/","url":"https:\/\/secure.gravatar.com\/avatar\/5dd011c8ccfc5cd7e4c81e42252aab38?s=96&d=mm&r=g","contentUrl":"https:\/\/secure.gravatar.com\/avatar\/5dd011c8ccfc5cd7e4c81e42252aab38?s=96&d=mm&r=g","caption":"Redacci\u00f3n"},"url":"https:\/\/nitu.mx\/index.php\/author\/redaccion\/"}]}},"views":237,"_links":{"self":[{"href":"https:\/\/nitu.mx\/index.php\/wp-json\/wp\/v2\/posts\/28035"}],"collection":[{"href":"https:\/\/nitu.mx\/index.php\/wp-json\/wp\/v2\/posts"}],"about":[{"href":"https:\/\/nitu.mx\/index.php\/wp-json\/wp\/v2\/types\/post"}],"author":[{"embeddable":true,"href":"https:\/\/nitu.mx\/index.php\/wp-json\/wp\/v2\/users\/17"}],"replies":[{"embeddable":true,"href":"https:\/\/nitu.mx\/index.php\/wp-json\/wp\/v2\/comments?post=28035"}],"version-history":[{"count":3,"href":"https:\/\/nitu.mx\/index.php\/wp-json\/wp\/v2\/posts\/28035\/revisions"}],"predecessor-version":[{"id":28054,"href":"https:\/\/nitu.mx\/index.php\/wp-json\/wp\/v2\/posts\/28035\/revisions\/28054"}],"wp:featuredmedia":[{"embeddable":true,"href":"https:\/\/nitu.mx\/index.php\/wp-json\/wp\/v2\/media\/26103"}],"wp:attachment":[{"href":"https:\/\/nitu.mx\/index.php\/wp-json\/wp\/v2\/media?parent=28035"}],"wp:term":[{"taxonomy":"category","embeddable":true,"href":"https:\/\/nitu.mx\/index.php\/wp-json\/wp\/v2\/categories?post=28035"},{"taxonomy":"post_tag","embeddable":true,"href":"https:\/\/nitu.mx\/index.php\/wp-json\/wp\/v2\/tags?post=28035"}],"curies":[{"name":"wp","href":"https:\/\/api.w.org\/{rel}","templated":true}]}}