{"id":28027,"date":"2019-01-07T00:44:30","date_gmt":"2019-01-07T05:44:30","guid":{"rendered":"https:\/\/www.dev.nitu.mx\/?p=28027"},"modified":"2019-01-07T01:39:11","modified_gmt":"2019-01-07T06:39:11","slug":"es-oficial-anuncian-eliminacion-de-oficinas-en-el-extranjero-del-cptm","status":"publish","type":"post","link":"https:\/\/nitu.mx\/index.php\/2019\/01\/07\/es-oficial-anuncian-eliminacion-de-oficinas-en-el-extranjero-del-cptm\/","title":{"rendered":"Es oficial, anuncian eliminaci\u00f3n de oficinas en el extranjero del CPTM"},"content":{"rendered":"<p>Glenda Arg\u00fcelles Rodr\u00edguez, nueva directora del Consejo de Promoci\u00f3n Tur\u00edstica de M\u00e9xico (CPTM), anunci\u00f3 que la dependencia inici\u00f3 con el procedimiento para cerrar sus 21 oficinas de presentaci\u00f3n en el exterior.<\/p>\n<p>Este viernes, durante la \u00faltima sesi\u00f3n de la junta de gobierno de dicho organismo, Miguel Torruco, secretario de Turismo, ratific\u00f3 el nombramiento de la nueva directora general, quien fue propuesta por el presidente Andr\u00e9s Manuel L\u00f3pez Obrador.<\/p>\n<p>En diciembre, el titular de la Sectur asegur\u00f3 que el CPTM ser\u00eda liquidado e indic\u00f3 que ser\u00eda la Secretar\u00eda de Relaciones Exteriores quien se encargar\u00e1 de promocionar los destinos tur\u00edsticos de M\u00e9xico en el extranjero, decisi\u00f3n que fue criticada por los empresarios del sector.\u00a0<a title=\"Confunde presupuesto a turisteros, asignan recursos a \u201cextinto\u201d CPTM\" href=\"https:\/\/www.dev.nitu.mx\/index.php\/2018\/12\/17\/confunde-presupuesto-a-turisteros-asignan-recursos-a-finado-cptm\/\" rel=\"bookmark\">(Confunde presupuesto a turisteros, asignan recursos a \u201cextinto\u201d CPTM<\/a>).<\/p>\n<p>\u201cLa Junta de Gobierno autoriz\u00f3 a la direcci\u00f3n general del CPTM ejecutar las acciones necesarias para la reducci\u00f3n del costo administrativo de la entidad, adem\u00e1s de aplicar medidas de eficiencia, as\u00ed como realizar los ajustes necesarios en la estructura ocupacional del personal, en estricto apego a la legislaci\u00f3n laboral aplicable\u201d, indic\u00f3 la Sectur en un comunicado.<\/p>\n<p>En ese sentido, la direcci\u00f3n general del Consejo autoriz\u00f3 la ejecuci\u00f3n de medidas necesarias para la reducci\u00f3n del costo administrativo de la entidad, as\u00ed como ajustar la estructura de sus empleados.<\/p>\n<p>El CPTM cuenta con oficinas en Canad\u00e1 (Vancouver, Toronto y Montreal); Estados Unidos (Los \u00c1ngeles, Chicago, Nueva York, Washington, Atlanta, Miami y Houston); Bogot\u00e1, Sao Paulo, Buenos Aires, Londres, Par\u00eds, Madrid, Roma, Berl\u00edn, Se\u00fal, Tokio y Beijing.<\/p>\n<p>Para el ejercicio fiscal 2019, el Congreso de la Uni\u00f3n aprob\u00f3 una partida presupuestaria de 582 millones de pesos, una reducci\u00f3n de 5.6 por ciento en comparaci\u00f3n con el Presupuesto aprobado para el a\u00f1o pasado. (El Economista).<\/p>\n","protected":false},"excerpt":{"rendered":"<p>Glenda Arg\u00fcelles Rodr\u00edguez, nueva directora del Consejo de Promoci\u00f3n Tur\u00edstica de M\u00e9xico (CPTM), anunci\u00f3 que la dependencia inici\u00f3 con el procedimiento para cerrar sus 21 oficinas de presentaci\u00f3n en el exterior. Este viernes, durante la \u00faltima sesi\u00f3n de la junta de gobierno de dicho organismo, Miguel Torruco, secretario de Turismo, ratific\u00f3 el nombramiento de la [&hellip;]<\/p>\n","protected":false},"author":17,"featured_media":27679,"comment_status":"open","ping_status":"open","sticky":false,"template":"","format":"standard","meta":{"footnotes":""},"categories":[12,6],"tags":[1110,13904,910,175],"yoast_head":"<!-- This site is optimized with the Yoast SEO plugin v22.2 - https:\/\/yoast.com\/wordpress\/plugins\/seo\/ -->\n<title>Es oficial, anuncian eliminaci\u00f3n de oficinas en el extranjero del CPTM - Nitu - Noticias de la Industria Turistica<\/title>\n<meta name=\"description\" content=\"Glenda Arg\u00fcelles Rodr\u00edguez, nueva directora del CPTM, anunci\u00f3 que la dependencia inici\u00f3 con el procedimiento para cerrar sus 21 oficinas en el exterior.\" \/>\n<meta name=\"robots\" content=\"index, follow, max-snippet:-1, max-image-preview:large, max-video-preview:-1\" \/>\n<link rel=\"canonical\" href=\"https:\/\/nitu.mx\/index.php\/2019\/01\/07\/es-oficial-anuncian-eliminacion-de-oficinas-en-el-extranjero-del-cptm\/\" \/>\n<meta name=\"twitter:card\" content=\"summary_large_image\" \/>\n<meta name=\"twitter:title\" content=\"Es oficial, anuncian eliminaci\u00f3n de oficinas en el extranjero del CPTM - Nitu - Noticias de la Industria Turistica\" \/>\n<meta name=\"twitter:description\" content=\"Glenda Arg\u00fcelles Rodr\u00edguez, nueva directora del CPTM, anunci\u00f3 que la dependencia inici\u00f3 con el procedimiento para cerrar sus 21 oficinas en el exterior.\" \/>\n<meta name=\"twitter:image\" content=\"https:\/\/nitu.mx\/wp-content\/uploads\/2018\/12\/CPTM.jpg\" \/>\n<meta name=\"twitter:creator\" content=\"@NITUmx\" \/>\n<meta name=\"twitter:site\" content=\"@Arturo_Medina_G\" \/>\n<meta name=\"twitter:label1\" content=\"Escrito por\" \/>\n\t<meta name=\"twitter:data1\" content=\"Redacci\u00f3n\" \/>\n\t<meta name=\"twitter:label2\" content=\"Tiempo de lectura\" \/>\n\t<meta name=\"twitter:data2\" content=\"2 minutos\" \/>\n<script type=\"application\/ld+json\" class=\"yoast-schema-graph\">{\"@context\":\"https:\/\/schema.org\",\"@graph\":[{\"@type\":\"Article\",\"@id\":\"https:\/\/nitu.mx\/index.php\/2019\/01\/07\/es-oficial-anuncian-eliminacion-de-oficinas-en-el-extranjero-del-cptm\/#article\",\"isPartOf\":{\"@id\":\"https:\/\/nitu.mx\/index.php\/2019\/01\/07\/es-oficial-anuncian-eliminacion-de-oficinas-en-el-extranjero-del-cptm\/\"},\"author\":{\"name\":\"Redacci\u00f3n\",\"@id\":\"https:\/\/nitu.mx\/#\/schema\/person\/4a28fe9bd65924f7c90623773daf1b0b\"},\"headline\":\"Es oficial, anuncian eliminaci\u00f3n de oficinas en el extranjero del CPTM\",\"datePublished\":\"2019-01-07T05:44:30+00:00\",\"dateModified\":\"2019-01-07T06:39:11+00:00\",\"mainEntityOfPage\":{\"@id\":\"https:\/\/nitu.mx\/index.php\/2019\/01\/07\/es-oficial-anuncian-eliminacion-de-oficinas-en-el-extranjero-del-cptm\/\"},\"wordCount\":319,\"commentCount\":0,\"publisher\":{\"@id\":\"https:\/\/nitu.mx\/#\/schema\/person\/ae7a53426417292d3dd07b45a33e01bc\"},\"image\":{\"@id\":\"https:\/\/nitu.mx\/index.php\/2019\/01\/07\/es-oficial-anuncian-eliminacion-de-oficinas-en-el-extranjero-del-cptm\/#primaryimage\"},\"thumbnailUrl\":\"https:\/\/nitu.mx\/wp-content\/uploads\/2018\/12\/CPTM.jpg\",\"keywords\":[\"Consejo de Promoci\u00f3n Tur\u00edstica de M\u00e9xico (CPTM)\",\"Glenda Arg\u00fcelles\",\"Miguel Torruco\",\"Secretario de Turismo\"],\"articleSection\":[\"Marketing\",\"M\u00e9xico\"],\"inLanguage\":\"es-MX\",\"potentialAction\":[{\"@type\":\"CommentAction\",\"name\":\"Comment\",\"target\":[\"https:\/\/nitu.mx\/index.php\/2019\/01\/07\/es-oficial-anuncian-eliminacion-de-oficinas-en-el-extranjero-del-cptm\/#respond\"]}]},{\"@type\":\"WebPage\",\"@id\":\"https:\/\/nitu.mx\/index.php\/2019\/01\/07\/es-oficial-anuncian-eliminacion-de-oficinas-en-el-extranjero-del-cptm\/\",\"url\":\"https:\/\/nitu.mx\/index.php\/2019\/01\/07\/es-oficial-anuncian-eliminacion-de-oficinas-en-el-extranjero-del-cptm\/\",\"name\":\"Es oficial, anuncian eliminaci\u00f3n de oficinas en el extranjero del CPTM - Nitu - Noticias de la Industria Turistica\",\"isPartOf\":{\"@id\":\"https:\/\/nitu.mx\/#website\"},\"primaryImageOfPage\":{\"@id\":\"https:\/\/nitu.mx\/index.php\/2019\/01\/07\/es-oficial-anuncian-eliminacion-de-oficinas-en-el-extranjero-del-cptm\/#primaryimage\"},\"image\":{\"@id\":\"https:\/\/nitu.mx\/index.php\/2019\/01\/07\/es-oficial-anuncian-eliminacion-de-oficinas-en-el-extranjero-del-cptm\/#primaryimage\"},\"thumbnailUrl\":\"https:\/\/nitu.mx\/wp-content\/uploads\/2018\/12\/CPTM.jpg\",\"datePublished\":\"2019-01-07T05:44:30+00:00\",\"dateModified\":\"2019-01-07T06:39:11+00:00\",\"description\":\"Glenda Arg\u00fcelles Rodr\u00edguez, nueva directora del CPTM, anunci\u00f3 que la dependencia inici\u00f3 con el procedimiento para cerrar sus 21 oficinas en el exterior.\",\"breadcrumb\":{\"@id\":\"https:\/\/nitu.mx\/index.php\/2019\/01\/07\/es-oficial-anuncian-eliminacion-de-oficinas-en-el-extranjero-del-cptm\/#breadcrumb\"},\"inLanguage\":\"es-MX\",\"potentialAction\":[{\"@type\":\"ReadAction\",\"target\":[\"https:\/\/nitu.mx\/index.php\/2019\/01\/07\/es-oficial-anuncian-eliminacion-de-oficinas-en-el-extranjero-del-cptm\/\"]}]},{\"@type\":\"ImageObject\",\"inLanguage\":\"es-MX\",\"@id\":\"https:\/\/nitu.mx\/index.php\/2019\/01\/07\/es-oficial-anuncian-eliminacion-de-oficinas-en-el-extranjero-del-cptm\/#primaryimage\",\"url\":\"https:\/\/nitu.mx\/wp-content\/uploads\/2018\/12\/CPTM.jpg\",\"contentUrl\":\"https:\/\/nitu.mx\/wp-content\/uploads\/2018\/12\/CPTM.jpg\",\"width\":850,\"height\":480,\"caption\":\"CPTM M\u00e9xico Promoci\u00f3n Tur\u00edstica\"},{\"@type\":\"BreadcrumbList\",\"@id\":\"https:\/\/nitu.mx\/index.php\/2019\/01\/07\/es-oficial-anuncian-eliminacion-de-oficinas-en-el-extranjero-del-cptm\/#breadcrumb\",\"itemListElement\":[{\"@type\":\"ListItem\",\"position\":1,\"name\":\"Inicio\",\"item\":\"https:\/\/nitu.mx\/\"},{\"@type\":\"ListItem\",\"position\":2,\"name\":\"Es oficial, anuncian eliminaci\u00f3n de oficinas en el extranjero del CPTM\"}]},{\"@type\":\"WebSite\",\"@id\":\"https:\/\/nitu.mx\/#website\",\"url\":\"https:\/\/nitu.mx\/\",\"name\":\"Nitu - Noticias de la Industria Turistica\",\"description\":\"Noticias de la Industria Turistica\",\"publisher\":{\"@id\":\"https:\/\/nitu.mx\/#\/schema\/person\/ae7a53426417292d3dd07b45a33e01bc\"},\"alternateName\":\"Noticias de la Industria Turistica\",\"potentialAction\":[{\"@type\":\"SearchAction\",\"target\":{\"@type\":\"EntryPoint\",\"urlTemplate\":\"https:\/\/nitu.mx\/?s={search_term_string}\"},\"query-input\":\"required name=search_term_string\"}],\"inLanguage\":\"es-MX\"},{\"@type\":[\"Person\",\"Organization\"],\"@id\":\"https:\/\/nitu.mx\/#\/schema\/person\/ae7a53426417292d3dd07b45a33e01bc\",\"name\":\"Arturo Medina\",\"image\":{\"@type\":\"ImageObject\",\"inLanguage\":\"es-MX\",\"@id\":\"https:\/\/nitu.mx\/#\/schema\/person\/image\/\",\"url\":\"https:\/\/nitu.mx\/wp-content\/uploads\/2024\/04\/4A315622-1904-4D5C-B022-878CDC840E04-90x90-1.jpeg\",\"contentUrl\":\"https:\/\/nitu.mx\/wp-content\/uploads\/2024\/04\/4A315622-1904-4D5C-B022-878CDC840E04-90x90-1.jpeg\",\"width\":90,\"height\":90,\"caption\":\"Arturo Medina\"},\"logo\":{\"@id\":\"https:\/\/nitu.mx\/#\/schema\/person\/image\/\"},\"description\":\"Director NITU.mx, Egresado de la Escuela de Periodismo Carlos Septi\u00e9n Garc\u00eda. Periodista y analista especializado en turismo desde hace 35 a\u00f1os, radicado en Canc\u00fan Q.Roo. arturo@nitu.mx\",\"sameAs\":[\"https:\/\/nitu.mx\",\"https:\/\/www.facebook.com\/NITUmx\/\",\"medinacancun\",\"https:\/\/twitter.com\/@Arturo_Medina_G\"]},{\"@type\":\"Person\",\"@id\":\"https:\/\/nitu.mx\/#\/schema\/person\/4a28fe9bd65924f7c90623773daf1b0b\",\"name\":\"Redacci\u00f3n\",\"image\":{\"@type\":\"ImageObject\",\"inLanguage\":\"es-MX\",\"@id\":\"https:\/\/nitu.mx\/#\/schema\/person\/image\/\",\"url\":\"https:\/\/secure.gravatar.com\/avatar\/5dd011c8ccfc5cd7e4c81e42252aab38?s=96&d=mm&r=g\",\"contentUrl\":\"https:\/\/secure.gravatar.com\/avatar\/5dd011c8ccfc5cd7e4c81e42252aab38?s=96&d=mm&r=g\",\"caption\":\"Redacci\u00f3n\"},\"url\":\"https:\/\/nitu.mx\/index.php\/author\/redaccion\/\"}]}<\/script>\n<!-- \/ Yoast SEO plugin. -->","yoast_head_json":{"title":"Es oficial, anuncian eliminaci\u00f3n de oficinas en el extranjero del CPTM - Nitu - Noticias de la Industria Turistica","description":"Glenda Arg\u00fcelles Rodr\u00edguez, nueva directora del CPTM, anunci\u00f3 que la dependencia inici\u00f3 con el procedimiento para cerrar sus 21 oficinas en el exterior.","robots":{"index":"index","follow":"follow","max-snippet":"max-snippet:-1","max-image-preview":"max-image-preview:large","max-video-preview":"max-video-preview:-1"},"canonical":"https:\/\/nitu.mx\/index.php\/2019\/01\/07\/es-oficial-anuncian-eliminacion-de-oficinas-en-el-extranjero-del-cptm\/","twitter_card":"summary_large_image","twitter_title":"Es oficial, anuncian eliminaci\u00f3n de oficinas en el extranjero del CPTM - Nitu - Noticias de la Industria Turistica","twitter_description":"Glenda Arg\u00fcelles Rodr\u00edguez, nueva directora del CPTM, anunci\u00f3 que la dependencia inici\u00f3 con el procedimiento para cerrar sus 21 oficinas en el exterior.","twitter_image":"https:\/\/nitu.mx\/wp-content\/uploads\/2018\/12\/CPTM.jpg","twitter_creator":"@NITUmx","twitter_site":"@Arturo_Medina_G","twitter_misc":{"Escrito por":"Redacci\u00f3n","Tiempo de lectura":"2 minutos"},"schema":{"@context":"https:\/\/schema.org","@graph":[{"@type":"Article","@id":"https:\/\/nitu.mx\/index.php\/2019\/01\/07\/es-oficial-anuncian-eliminacion-de-oficinas-en-el-extranjero-del-cptm\/#article","isPartOf":{"@id":"https:\/\/nitu.mx\/index.php\/2019\/01\/07\/es-oficial-anuncian-eliminacion-de-oficinas-en-el-extranjero-del-cptm\/"},"author":{"name":"Redacci\u00f3n","@id":"https:\/\/nitu.mx\/#\/schema\/person\/4a28fe9bd65924f7c90623773daf1b0b"},"headline":"Es oficial, anuncian eliminaci\u00f3n de oficinas en el extranjero del CPTM","datePublished":"2019-01-07T05:44:30+00:00","dateModified":"2019-01-07T06:39:11+00:00","mainEntityOfPage":{"@id":"https:\/\/nitu.mx\/index.php\/2019\/01\/07\/es-oficial-anuncian-eliminacion-de-oficinas-en-el-extranjero-del-cptm\/"},"wordCount":319,"commentCount":0,"publisher":{"@id":"https:\/\/nitu.mx\/#\/schema\/person\/ae7a53426417292d3dd07b45a33e01bc"},"image":{"@id":"https:\/\/nitu.mx\/index.php\/2019\/01\/07\/es-oficial-anuncian-eliminacion-de-oficinas-en-el-extranjero-del-cptm\/#primaryimage"},"thumbnailUrl":"https:\/\/nitu.mx\/wp-content\/uploads\/2018\/12\/CPTM.jpg","keywords":["Consejo de Promoci\u00f3n Tur\u00edstica de M\u00e9xico (CPTM)","Glenda Arg\u00fcelles","Miguel Torruco","Secretario de Turismo"],"articleSection":["Marketing","M\u00e9xico"],"inLanguage":"es-MX","potentialAction":[{"@type":"CommentAction","name":"Comment","target":["https:\/\/nitu.mx\/index.php\/2019\/01\/07\/es-oficial-anuncian-eliminacion-de-oficinas-en-el-extranjero-del-cptm\/#respond"]}]},{"@type":"WebPage","@id":"https:\/\/nitu.mx\/index.php\/2019\/01\/07\/es-oficial-anuncian-eliminacion-de-oficinas-en-el-extranjero-del-cptm\/","url":"https:\/\/nitu.mx\/index.php\/2019\/01\/07\/es-oficial-anuncian-eliminacion-de-oficinas-en-el-extranjero-del-cptm\/","name":"Es oficial, anuncian eliminaci\u00f3n de oficinas en el extranjero del CPTM - Nitu - Noticias de la Industria Turistica","isPartOf":{"@id":"https:\/\/nitu.mx\/#website"},"primaryImageOfPage":{"@id":"https:\/\/nitu.mx\/index.php\/2019\/01\/07\/es-oficial-anuncian-eliminacion-de-oficinas-en-el-extranjero-del-cptm\/#primaryimage"},"image":{"@id":"https:\/\/nitu.mx\/index.php\/2019\/01\/07\/es-oficial-anuncian-eliminacion-de-oficinas-en-el-extranjero-del-cptm\/#primaryimage"},"thumbnailUrl":"https:\/\/nitu.mx\/wp-content\/uploads\/2018\/12\/CPTM.jpg","datePublished":"2019-01-07T05:44:30+00:00","dateModified":"2019-01-07T06:39:11+00:00","description":"Glenda Arg\u00fcelles Rodr\u00edguez, nueva directora del CPTM, anunci\u00f3 que la dependencia inici\u00f3 con el procedimiento para cerrar sus 21 oficinas en el exterior.","breadcrumb":{"@id":"https:\/\/nitu.mx\/index.php\/2019\/01\/07\/es-oficial-anuncian-eliminacion-de-oficinas-en-el-extranjero-del-cptm\/#breadcrumb"},"inLanguage":"es-MX","potentialAction":[{"@type":"ReadAction","target":["https:\/\/nitu.mx\/index.php\/2019\/01\/07\/es-oficial-anuncian-eliminacion-de-oficinas-en-el-extranjero-del-cptm\/"]}]},{"@type":"ImageObject","inLanguage":"es-MX","@id":"https:\/\/nitu.mx\/index.php\/2019\/01\/07\/es-oficial-anuncian-eliminacion-de-oficinas-en-el-extranjero-del-cptm\/#primaryimage","url":"https:\/\/nitu.mx\/wp-content\/uploads\/2018\/12\/CPTM.jpg","contentUrl":"https:\/\/nitu.mx\/wp-content\/uploads\/2018\/12\/CPTM.jpg","width":850,"height":480,"caption":"CPTM M\u00e9xico Promoci\u00f3n Tur\u00edstica"},{"@type":"BreadcrumbList","@id":"https:\/\/nitu.mx\/index.php\/2019\/01\/07\/es-oficial-anuncian-eliminacion-de-oficinas-en-el-extranjero-del-cptm\/#breadcrumb","itemListElement":[{"@type":"ListItem","position":1,"name":"Inicio","item":"https:\/\/nitu.mx\/"},{"@type":"ListItem","position":2,"name":"Es oficial, anuncian eliminaci\u00f3n de oficinas en el extranjero del CPTM"}]},{"@type":"WebSite","@id":"https:\/\/nitu.mx\/#website","url":"https:\/\/nitu.mx\/","name":"Nitu - Noticias de la Industria Turistica","description":"Noticias de la Industria Turistica","publisher":{"@id":"https:\/\/nitu.mx\/#\/schema\/person\/ae7a53426417292d3dd07b45a33e01bc"},"alternateName":"Noticias de la Industria Turistica","potentialAction":[{"@type":"SearchAction","target":{"@type":"EntryPoint","urlTemplate":"https:\/\/nitu.mx\/?s={search_term_string}"},"query-input":"required name=search_term_string"}],"inLanguage":"es-MX"},{"@type":["Person","Organization"],"@id":"https:\/\/nitu.mx\/#\/schema\/person\/ae7a53426417292d3dd07b45a33e01bc","name":"Arturo Medina","image":{"@type":"ImageObject","inLanguage":"es-MX","@id":"https:\/\/nitu.mx\/#\/schema\/person\/image\/","url":"https:\/\/nitu.mx\/wp-content\/uploads\/2024\/04\/4A315622-1904-4D5C-B022-878CDC840E04-90x90-1.jpeg","contentUrl":"https:\/\/nitu.mx\/wp-content\/uploads\/2024\/04\/4A315622-1904-4D5C-B022-878CDC840E04-90x90-1.jpeg","width":90,"height":90,"caption":"Arturo Medina"},"logo":{"@id":"https:\/\/nitu.mx\/#\/schema\/person\/image\/"},"description":"Director NITU.mx, Egresado de la Escuela de Periodismo Carlos Septi\u00e9n Garc\u00eda. Periodista y analista especializado en turismo desde hace 35 a\u00f1os, radicado en Canc\u00fan Q.Roo. arturo@nitu.mx","sameAs":["https:\/\/nitu.mx","https:\/\/www.facebook.com\/NITUmx\/","medinacancun","https:\/\/twitter.com\/@Arturo_Medina_G"]},{"@type":"Person","@id":"https:\/\/nitu.mx\/#\/schema\/person\/4a28fe9bd65924f7c90623773daf1b0b","name":"Redacci\u00f3n","image":{"@type":"ImageObject","inLanguage":"es-MX","@id":"https:\/\/nitu.mx\/#\/schema\/person\/image\/","url":"https:\/\/secure.gravatar.com\/avatar\/5dd011c8ccfc5cd7e4c81e42252aab38?s=96&d=mm&r=g","contentUrl":"https:\/\/secure.gravatar.com\/avatar\/5dd011c8ccfc5cd7e4c81e42252aab38?s=96&d=mm&r=g","caption":"Redacci\u00f3n"},"url":"https:\/\/nitu.mx\/index.php\/author\/redaccion\/"}]}},"views":282,"_links":{"self":[{"href":"https:\/\/nitu.mx\/index.php\/wp-json\/wp\/v2\/posts\/28027"}],"collection":[{"href":"https:\/\/nitu.mx\/index.php\/wp-json\/wp\/v2\/posts"}],"about":[{"href":"https:\/\/nitu.mx\/index.php\/wp-json\/wp\/v2\/types\/post"}],"author":[{"embeddable":true,"href":"https:\/\/nitu.mx\/index.php\/wp-json\/wp\/v2\/users\/17"}],"replies":[{"embeddable":true,"href":"https:\/\/nitu.mx\/index.php\/wp-json\/wp\/v2\/comments?post=28027"}],"version-history":[{"count":3,"href":"https:\/\/nitu.mx\/index.php\/wp-json\/wp\/v2\/posts\/28027\/revisions"}],"predecessor-version":[{"id":28045,"href":"https:\/\/nitu.mx\/index.php\/wp-json\/wp\/v2\/posts\/28027\/revisions\/28045"}],"wp:featuredmedia":[{"embeddable":true,"href":"https:\/\/nitu.mx\/index.php\/wp-json\/wp\/v2\/media\/27679"}],"wp:attachment":[{"href":"https:\/\/nitu.mx\/index.php\/wp-json\/wp\/v2\/media?parent=28027"}],"wp:term":[{"taxonomy":"category","embeddable":true,"href":"https:\/\/nitu.mx\/index.php\/wp-json\/wp\/v2\/categories?post=28027"},{"taxonomy":"post_tag","embeddable":true,"href":"https:\/\/nitu.mx\/index.php\/wp-json\/wp\/v2\/tags?post=28027"}],"curies":[{"name":"wp","href":"https:\/\/api.w.org\/{rel}","templated":true}]}}