{"id":27958,"date":"2019-01-02T00:39:41","date_gmt":"2019-01-02T05:39:41","guid":{"rendered":"https:\/\/www.dev.nitu.mx\/?p=27958"},"modified":"2019-01-02T00:46:07","modified_gmt":"2019-01-02T05:46:07","slug":"sera-2019-ano-de-retos-en-la-consolidacion-de-puerto-morelos-laura-fernandez","status":"publish","type":"post","link":"https:\/\/nitu.mx\/index.php\/2019\/01\/02\/sera-2019-ano-de-retos-en-la-consolidacion-de-puerto-morelos-laura-fernandez\/","title":{"rendered":"Ser\u00e1 2019 a\u00f1o de retos en la consolidaci\u00f3n de Puerto Morelos: Laura Fern\u00e1ndez"},"content":{"rendered":"<p>La alcaldesa de Puerto Morelos y presidenta de la Conferencia Nacional de Municipios de M\u00e9xico (Conamm), Laura Fern\u00e1ndez Pi\u00f1a, destac\u00f3 que 2019 inicia con grandes retos para la administraci\u00f3n que encabeza, a fin de continuar con la transformaci\u00f3n de esta comunidad.<\/p>\n<p>\u201cLa evoluci\u00f3n de nuestro municipio continuar\u00e1 a paso firme, con rumbo fijo, para que todos y cada uno de los habitantes de Leona Vicario, Delirios, Central Vallarta y la cabecera municipal tengan mayor bienestar y calidad de vida. Por eso, hemos trazado estrategias de trabajo conjunto entre los tres \u00f3rdenes de gobierno para este a\u00f1o que comienza\u201d, coment\u00f3.<\/p>\n<p>Record\u00f3 que ya est\u00e1n en marcha obras de gran beneficio para la ciudadan\u00eda, como la electrificaci\u00f3n en la comunidad de Leona Vicario, donde la Comisi\u00f3n Federal de Electricidad (CFE), en acuerdo con el Ayuntamiento,\u00a0coloca nueva infraestructura desde postes, cableado, transformadores y muretes de acometida.<\/p>\n<p>Al respecto, Laura Fern\u00e1ndez coment\u00f3 que con el respaldo de la federaci\u00f3n y del gobierno del Estado se atiende a las familias de la delegaci\u00f3n, con una obra que otorgar\u00e1 facilidades para acceder a este servicio y que mejorar\u00e1 las condiciones de vida al llevar energ\u00eda el\u00e9ctrica a los domicilios.<\/p>\n<p>Asimismo, dijo que gracias a la Secretar\u00eda de Desarrollo Agrario, Territorial y Urbano (Sedatu), que junto con el Ayuntamiento realiza una inversi\u00f3n bipartita de alrededor de seis millones de pesos, habitantes de los fraccionamientos Villas Morelos I y II, en la cabecera municipal, estrenar\u00e1n parques que fomentar\u00e1n la sana convivencia y la recreaci\u00f3n familiar.<\/p>\n<p>\u201cEste es un gran esfuerzo que estamos haciendo, porque se invierten recursos propios del gobierno municipal, es decir, se construye con los impuestos que paga la ciudadan\u00eda. Vamos a dejar dos parques muy bonitos, con andadores, juegos infantiles, aparatos de ejercicio y bancas, en beneficio de las pr\u00f3ximas generaciones, como Punta Corcho y el de Villas La Playa\u201d, coment\u00f3.<\/p>\n<p>La Presidenta Municipal record\u00f3 que hace unos d\u00edas se coloc\u00f3 la primera piedra de la rehabilitaci\u00f3n del acceso a la Ruta de los Cenotes, obra en la que se invertir\u00e1n cerca de 10 millones de pesos, con participaci\u00f3n federal y el respaldo del trabajo del gobierno estatal, evento al que acudi\u00f3 el gobernador Carlos Joaqu\u00edn Gonz\u00e1lez.\u00a0<a title=\"Esperan turismo de alto poder adquisitivo en la 10\u00aa Copa del Rey de Polo en Puerto Morelos\" href=\"https:\/\/www.dev.nitu.mx\/index.php\/2018\/12\/05\/esperan-turismo-de-alto-poder-adquisitivo-en-la-10a-copa-del-rey-de-polo-en-puerto-morelos\/\" rel=\"bookmark\">(Esperan turismo de alto poder adquisitivo en la 10\u00aa Copa del Rey de Polo en Puerto Morelos<\/a>).<\/p>\n<p>\u201cPuerto Morelos tiene mucho por crecer, viene un desarrollo muy importante, tanto con inversiones p\u00fablicas como privadas, pero siempre cuidando la sustentabilidad y la vocaci\u00f3n sostenible de nuestro municipio. Somos un destino tur\u00edstico que mantiene un crecimiento sostenido en el sector hotelero, comercial y de prestaci\u00f3n de servicios\u201d, enfatiz\u00f3.<\/p>\n<p>Por otro lado, Laura Fern\u00e1ndez resalt\u00f3 que su administraci\u00f3n cuidar\u00e1 los recursos del ayuntamiento de manera responsable y transparente, para que los beneficios lleguen a toda la poblaci\u00f3n. \u201cAprobamos recientemente en Cabildo nuestro Presupuesto de Egresos 2019 por un monto de casi de 379 millones de pesos, que aplicaremos bajo medidas de austeridad y racionalidad\u201d, finaliz\u00f3.<\/p>\n","protected":false},"excerpt":{"rendered":"<p>La alcaldesa de Puerto Morelos y presidenta de la Conferencia Nacional de Municipios de M\u00e9xico (Conamm), Laura Fern\u00e1ndez Pi\u00f1a, destac\u00f3 que 2019 inicia con grandes retos para la administraci\u00f3n que encabeza, a fin de continuar con la transformaci\u00f3n de esta comunidad. \u201cLa evoluci\u00f3n de nuestro municipio continuar\u00e1 a paso firme, con rumbo fijo, para que [&hellip;]<\/p>\n","protected":false},"author":17,"featured_media":27959,"comment_status":"open","ping_status":"open","sticky":false,"template":"","format":"standard","meta":{"footnotes":""},"categories":[5,12],"tags":[384,1272,4462,86,4461],"yoast_head":"<!-- This site is optimized with the Yoast SEO plugin v22.2 - https:\/\/yoast.com\/wordpress\/plugins\/seo\/ -->\n<title>Ser\u00e1 2019 a\u00f1o de retos en la consolidaci\u00f3n de Puerto Morelos: Laura Fern\u00e1ndez - Nitu - Noticias de la Industria Turistica<\/title>\n<meta name=\"description\" content=\"La alcaldesa de Puerto Morelos destac\u00f3 que 2019 inicia con grandes retos para la administraci\u00f3n que encabeza, a fin de continuar con su transformaci\u00f3n.\" \/>\n<meta name=\"robots\" content=\"index, follow, max-snippet:-1, max-image-preview:large, max-video-preview:-1\" \/>\n<link rel=\"canonical\" href=\"https:\/\/nitu.mx\/index.php\/2019\/01\/02\/sera-2019-ano-de-retos-en-la-consolidacion-de-puerto-morelos-laura-fernandez\/\" \/>\n<meta name=\"twitter:card\" content=\"summary_large_image\" \/>\n<meta name=\"twitter:title\" content=\"Ser\u00e1 2019 a\u00f1o de retos en la consolidaci\u00f3n de Puerto Morelos: Laura Fern\u00e1ndez - Nitu - Noticias de la Industria Turistica\" \/>\n<meta name=\"twitter:description\" content=\"La alcaldesa de Puerto Morelos destac\u00f3 que 2019 inicia con grandes retos para la administraci\u00f3n que encabeza, a fin de continuar con su transformaci\u00f3n.\" \/>\n<meta name=\"twitter:image\" content=\"https:\/\/nitu.mx\/wp-content\/uploads\/2019\/01\/Puerto-Morelos.jpg\" \/>\n<meta name=\"twitter:creator\" content=\"@NITUmx\" \/>\n<meta name=\"twitter:site\" content=\"@Arturo_Medina_G\" \/>\n<meta name=\"twitter:label1\" content=\"Escrito por\" \/>\n\t<meta name=\"twitter:data1\" content=\"Redacci\u00f3n\" \/>\n\t<meta name=\"twitter:label2\" content=\"Tiempo de lectura\" \/>\n\t<meta name=\"twitter:data2\" content=\"3 minutos\" \/>\n<script type=\"application\/ld+json\" class=\"yoast-schema-graph\">{\"@context\":\"https:\/\/schema.org\",\"@graph\":[{\"@type\":\"Article\",\"@id\":\"https:\/\/nitu.mx\/index.php\/2019\/01\/02\/sera-2019-ano-de-retos-en-la-consolidacion-de-puerto-morelos-laura-fernandez\/#article\",\"isPartOf\":{\"@id\":\"https:\/\/nitu.mx\/index.php\/2019\/01\/02\/sera-2019-ano-de-retos-en-la-consolidacion-de-puerto-morelos-laura-fernandez\/\"},\"author\":{\"name\":\"Redacci\u00f3n\",\"@id\":\"https:\/\/nitu.mx\/#\/schema\/person\/4a28fe9bd65924f7c90623773daf1b0b\"},\"headline\":\"Ser\u00e1 2019 a\u00f1o de retos en la consolidaci\u00f3n de Puerto Morelos: Laura Fern\u00e1ndez\",\"datePublished\":\"2019-01-02T05:39:41+00:00\",\"dateModified\":\"2019-01-02T05:46:07+00:00\",\"mainEntityOfPage\":{\"@id\":\"https:\/\/nitu.mx\/index.php\/2019\/01\/02\/sera-2019-ano-de-retos-en-la-consolidacion-de-puerto-morelos-laura-fernandez\/\"},\"wordCount\":531,\"commentCount\":0,\"publisher\":{\"@id\":\"https:\/\/nitu.mx\/#\/schema\/person\/ae7a53426417292d3dd07b45a33e01bc\"},\"image\":{\"@id\":\"https:\/\/nitu.mx\/index.php\/2019\/01\/02\/sera-2019-ano-de-retos-en-la-consolidacion-de-puerto-morelos-laura-fernandez\/#primaryimage\"},\"thumbnailUrl\":\"https:\/\/nitu.mx\/wp-content\/uploads\/2019\/01\/Puerto-Morelos.jpg\",\"keywords\":[\"Carlos Joaqu\u00edn\",\"Laura Fern\u00e1ndez Pi\u00f1a\",\"Leona Vicario\",\"Puerto Morelos\",\"Ruta de los Cenotes\"],\"articleSection\":[\"Destinos\",\"Marketing\"],\"inLanguage\":\"es-MX\",\"potentialAction\":[{\"@type\":\"CommentAction\",\"name\":\"Comment\",\"target\":[\"https:\/\/nitu.mx\/index.php\/2019\/01\/02\/sera-2019-ano-de-retos-en-la-consolidacion-de-puerto-morelos-laura-fernandez\/#respond\"]}]},{\"@type\":\"WebPage\",\"@id\":\"https:\/\/nitu.mx\/index.php\/2019\/01\/02\/sera-2019-ano-de-retos-en-la-consolidacion-de-puerto-morelos-laura-fernandez\/\",\"url\":\"https:\/\/nitu.mx\/index.php\/2019\/01\/02\/sera-2019-ano-de-retos-en-la-consolidacion-de-puerto-morelos-laura-fernandez\/\",\"name\":\"Ser\u00e1 2019 a\u00f1o de retos en la consolidaci\u00f3n de Puerto Morelos: Laura Fern\u00e1ndez - Nitu - Noticias de la Industria Turistica\",\"isPartOf\":{\"@id\":\"https:\/\/nitu.mx\/#website\"},\"primaryImageOfPage\":{\"@id\":\"https:\/\/nitu.mx\/index.php\/2019\/01\/02\/sera-2019-ano-de-retos-en-la-consolidacion-de-puerto-morelos-laura-fernandez\/#primaryimage\"},\"image\":{\"@id\":\"https:\/\/nitu.mx\/index.php\/2019\/01\/02\/sera-2019-ano-de-retos-en-la-consolidacion-de-puerto-morelos-laura-fernandez\/#primaryimage\"},\"thumbnailUrl\":\"https:\/\/nitu.mx\/wp-content\/uploads\/2019\/01\/Puerto-Morelos.jpg\",\"datePublished\":\"2019-01-02T05:39:41+00:00\",\"dateModified\":\"2019-01-02T05:46:07+00:00\",\"description\":\"La alcaldesa de Puerto Morelos destac\u00f3 que 2019 inicia con grandes retos para la administraci\u00f3n que encabeza, a fin de continuar con su transformaci\u00f3n.\",\"breadcrumb\":{\"@id\":\"https:\/\/nitu.mx\/index.php\/2019\/01\/02\/sera-2019-ano-de-retos-en-la-consolidacion-de-puerto-morelos-laura-fernandez\/#breadcrumb\"},\"inLanguage\":\"es-MX\",\"potentialAction\":[{\"@type\":\"ReadAction\",\"target\":[\"https:\/\/nitu.mx\/index.php\/2019\/01\/02\/sera-2019-ano-de-retos-en-la-consolidacion-de-puerto-morelos-laura-fernandez\/\"]}]},{\"@type\":\"ImageObject\",\"inLanguage\":\"es-MX\",\"@id\":\"https:\/\/nitu.mx\/index.php\/2019\/01\/02\/sera-2019-ano-de-retos-en-la-consolidacion-de-puerto-morelos-laura-fernandez\/#primaryimage\",\"url\":\"https:\/\/nitu.mx\/wp-content\/uploads\/2019\/01\/Puerto-Morelos.jpg\",\"contentUrl\":\"https:\/\/nitu.mx\/wp-content\/uploads\/2019\/01\/Puerto-Morelos.jpg\",\"width\":850,\"height\":480,\"caption\":\"Puerto Morelos\"},{\"@type\":\"BreadcrumbList\",\"@id\":\"https:\/\/nitu.mx\/index.php\/2019\/01\/02\/sera-2019-ano-de-retos-en-la-consolidacion-de-puerto-morelos-laura-fernandez\/#breadcrumb\",\"itemListElement\":[{\"@type\":\"ListItem\",\"position\":1,\"name\":\"Inicio\",\"item\":\"https:\/\/nitu.mx\/\"},{\"@type\":\"ListItem\",\"position\":2,\"name\":\"Ser\u00e1 2019 a\u00f1o de retos en la consolidaci\u00f3n de Puerto Morelos: Laura Fern\u00e1ndez\"}]},{\"@type\":\"WebSite\",\"@id\":\"https:\/\/nitu.mx\/#website\",\"url\":\"https:\/\/nitu.mx\/\",\"name\":\"Nitu - Noticias de la Industria Turistica\",\"description\":\"Noticias de la Industria Turistica\",\"publisher\":{\"@id\":\"https:\/\/nitu.mx\/#\/schema\/person\/ae7a53426417292d3dd07b45a33e01bc\"},\"alternateName\":\"Noticias de la Industria Turistica\",\"potentialAction\":[{\"@type\":\"SearchAction\",\"target\":{\"@type\":\"EntryPoint\",\"urlTemplate\":\"https:\/\/nitu.mx\/?s={search_term_string}\"},\"query-input\":\"required name=search_term_string\"}],\"inLanguage\":\"es-MX\"},{\"@type\":[\"Person\",\"Organization\"],\"@id\":\"https:\/\/nitu.mx\/#\/schema\/person\/ae7a53426417292d3dd07b45a33e01bc\",\"name\":\"Arturo Medina\",\"image\":{\"@type\":\"ImageObject\",\"inLanguage\":\"es-MX\",\"@id\":\"https:\/\/nitu.mx\/#\/schema\/person\/image\/\",\"url\":\"https:\/\/nitu.mx\/wp-content\/uploads\/2024\/04\/4A315622-1904-4D5C-B022-878CDC840E04-90x90-1.jpeg\",\"contentUrl\":\"https:\/\/nitu.mx\/wp-content\/uploads\/2024\/04\/4A315622-1904-4D5C-B022-878CDC840E04-90x90-1.jpeg\",\"width\":90,\"height\":90,\"caption\":\"Arturo Medina\"},\"logo\":{\"@id\":\"https:\/\/nitu.mx\/#\/schema\/person\/image\/\"},\"description\":\"Director NITU.mx, Egresado de la Escuela de Periodismo Carlos Septi\u00e9n Garc\u00eda. Periodista y analista especializado en turismo desde hace 35 a\u00f1os, radicado en Canc\u00fan Q.Roo. arturo@nitu.mx\",\"sameAs\":[\"https:\/\/nitu.mx\",\"https:\/\/www.facebook.com\/NITUmx\/\",\"medinacancun\",\"https:\/\/twitter.com\/@Arturo_Medina_G\"]},{\"@type\":\"Person\",\"@id\":\"https:\/\/nitu.mx\/#\/schema\/person\/4a28fe9bd65924f7c90623773daf1b0b\",\"name\":\"Redacci\u00f3n\",\"image\":{\"@type\":\"ImageObject\",\"inLanguage\":\"es-MX\",\"@id\":\"https:\/\/nitu.mx\/#\/schema\/person\/image\/\",\"url\":\"https:\/\/secure.gravatar.com\/avatar\/5dd011c8ccfc5cd7e4c81e42252aab38?s=96&d=mm&r=g\",\"contentUrl\":\"https:\/\/secure.gravatar.com\/avatar\/5dd011c8ccfc5cd7e4c81e42252aab38?s=96&d=mm&r=g\",\"caption\":\"Redacci\u00f3n\"},\"url\":\"https:\/\/nitu.mx\/index.php\/author\/redaccion\/\"}]}<\/script>\n<!-- \/ Yoast SEO plugin. -->","yoast_head_json":{"title":"Ser\u00e1 2019 a\u00f1o de retos en la consolidaci\u00f3n de Puerto Morelos: Laura Fern\u00e1ndez - Nitu - Noticias de la Industria Turistica","description":"La alcaldesa de Puerto Morelos destac\u00f3 que 2019 inicia con grandes retos para la administraci\u00f3n que encabeza, a fin de continuar con su transformaci\u00f3n.","robots":{"index":"index","follow":"follow","max-snippet":"max-snippet:-1","max-image-preview":"max-image-preview:large","max-video-preview":"max-video-preview:-1"},"canonical":"https:\/\/nitu.mx\/index.php\/2019\/01\/02\/sera-2019-ano-de-retos-en-la-consolidacion-de-puerto-morelos-laura-fernandez\/","twitter_card":"summary_large_image","twitter_title":"Ser\u00e1 2019 a\u00f1o de retos en la consolidaci\u00f3n de Puerto Morelos: Laura Fern\u00e1ndez - Nitu - Noticias de la Industria Turistica","twitter_description":"La alcaldesa de Puerto Morelos destac\u00f3 que 2019 inicia con grandes retos para la administraci\u00f3n que encabeza, a fin de continuar con su transformaci\u00f3n.","twitter_image":"https:\/\/nitu.mx\/wp-content\/uploads\/2019\/01\/Puerto-Morelos.jpg","twitter_creator":"@NITUmx","twitter_site":"@Arturo_Medina_G","twitter_misc":{"Escrito por":"Redacci\u00f3n","Tiempo de lectura":"3 minutos"},"schema":{"@context":"https:\/\/schema.org","@graph":[{"@type":"Article","@id":"https:\/\/nitu.mx\/index.php\/2019\/01\/02\/sera-2019-ano-de-retos-en-la-consolidacion-de-puerto-morelos-laura-fernandez\/#article","isPartOf":{"@id":"https:\/\/nitu.mx\/index.php\/2019\/01\/02\/sera-2019-ano-de-retos-en-la-consolidacion-de-puerto-morelos-laura-fernandez\/"},"author":{"name":"Redacci\u00f3n","@id":"https:\/\/nitu.mx\/#\/schema\/person\/4a28fe9bd65924f7c90623773daf1b0b"},"headline":"Ser\u00e1 2019 a\u00f1o de retos en la consolidaci\u00f3n de Puerto Morelos: Laura Fern\u00e1ndez","datePublished":"2019-01-02T05:39:41+00:00","dateModified":"2019-01-02T05:46:07+00:00","mainEntityOfPage":{"@id":"https:\/\/nitu.mx\/index.php\/2019\/01\/02\/sera-2019-ano-de-retos-en-la-consolidacion-de-puerto-morelos-laura-fernandez\/"},"wordCount":531,"commentCount":0,"publisher":{"@id":"https:\/\/nitu.mx\/#\/schema\/person\/ae7a53426417292d3dd07b45a33e01bc"},"image":{"@id":"https:\/\/nitu.mx\/index.php\/2019\/01\/02\/sera-2019-ano-de-retos-en-la-consolidacion-de-puerto-morelos-laura-fernandez\/#primaryimage"},"thumbnailUrl":"https:\/\/nitu.mx\/wp-content\/uploads\/2019\/01\/Puerto-Morelos.jpg","keywords":["Carlos Joaqu\u00edn","Laura Fern\u00e1ndez Pi\u00f1a","Leona Vicario","Puerto Morelos","Ruta de los Cenotes"],"articleSection":["Destinos","Marketing"],"inLanguage":"es-MX","potentialAction":[{"@type":"CommentAction","name":"Comment","target":["https:\/\/nitu.mx\/index.php\/2019\/01\/02\/sera-2019-ano-de-retos-en-la-consolidacion-de-puerto-morelos-laura-fernandez\/#respond"]}]},{"@type":"WebPage","@id":"https:\/\/nitu.mx\/index.php\/2019\/01\/02\/sera-2019-ano-de-retos-en-la-consolidacion-de-puerto-morelos-laura-fernandez\/","url":"https:\/\/nitu.mx\/index.php\/2019\/01\/02\/sera-2019-ano-de-retos-en-la-consolidacion-de-puerto-morelos-laura-fernandez\/","name":"Ser\u00e1 2019 a\u00f1o de retos en la consolidaci\u00f3n de Puerto Morelos: Laura Fern\u00e1ndez - Nitu - Noticias de la Industria Turistica","isPartOf":{"@id":"https:\/\/nitu.mx\/#website"},"primaryImageOfPage":{"@id":"https:\/\/nitu.mx\/index.php\/2019\/01\/02\/sera-2019-ano-de-retos-en-la-consolidacion-de-puerto-morelos-laura-fernandez\/#primaryimage"},"image":{"@id":"https:\/\/nitu.mx\/index.php\/2019\/01\/02\/sera-2019-ano-de-retos-en-la-consolidacion-de-puerto-morelos-laura-fernandez\/#primaryimage"},"thumbnailUrl":"https:\/\/nitu.mx\/wp-content\/uploads\/2019\/01\/Puerto-Morelos.jpg","datePublished":"2019-01-02T05:39:41+00:00","dateModified":"2019-01-02T05:46:07+00:00","description":"La alcaldesa de Puerto Morelos destac\u00f3 que 2019 inicia con grandes retos para la administraci\u00f3n que encabeza, a fin de continuar con su transformaci\u00f3n.","breadcrumb":{"@id":"https:\/\/nitu.mx\/index.php\/2019\/01\/02\/sera-2019-ano-de-retos-en-la-consolidacion-de-puerto-morelos-laura-fernandez\/#breadcrumb"},"inLanguage":"es-MX","potentialAction":[{"@type":"ReadAction","target":["https:\/\/nitu.mx\/index.php\/2019\/01\/02\/sera-2019-ano-de-retos-en-la-consolidacion-de-puerto-morelos-laura-fernandez\/"]}]},{"@type":"ImageObject","inLanguage":"es-MX","@id":"https:\/\/nitu.mx\/index.php\/2019\/01\/02\/sera-2019-ano-de-retos-en-la-consolidacion-de-puerto-morelos-laura-fernandez\/#primaryimage","url":"https:\/\/nitu.mx\/wp-content\/uploads\/2019\/01\/Puerto-Morelos.jpg","contentUrl":"https:\/\/nitu.mx\/wp-content\/uploads\/2019\/01\/Puerto-Morelos.jpg","width":850,"height":480,"caption":"Puerto Morelos"},{"@type":"BreadcrumbList","@id":"https:\/\/nitu.mx\/index.php\/2019\/01\/02\/sera-2019-ano-de-retos-en-la-consolidacion-de-puerto-morelos-laura-fernandez\/#breadcrumb","itemListElement":[{"@type":"ListItem","position":1,"name":"Inicio","item":"https:\/\/nitu.mx\/"},{"@type":"ListItem","position":2,"name":"Ser\u00e1 2019 a\u00f1o de retos en la consolidaci\u00f3n de Puerto Morelos: Laura Fern\u00e1ndez"}]},{"@type":"WebSite","@id":"https:\/\/nitu.mx\/#website","url":"https:\/\/nitu.mx\/","name":"Nitu - Noticias de la Industria Turistica","description":"Noticias de la Industria Turistica","publisher":{"@id":"https:\/\/nitu.mx\/#\/schema\/person\/ae7a53426417292d3dd07b45a33e01bc"},"alternateName":"Noticias de la Industria Turistica","potentialAction":[{"@type":"SearchAction","target":{"@type":"EntryPoint","urlTemplate":"https:\/\/nitu.mx\/?s={search_term_string}"},"query-input":"required name=search_term_string"}],"inLanguage":"es-MX"},{"@type":["Person","Organization"],"@id":"https:\/\/nitu.mx\/#\/schema\/person\/ae7a53426417292d3dd07b45a33e01bc","name":"Arturo Medina","image":{"@type":"ImageObject","inLanguage":"es-MX","@id":"https:\/\/nitu.mx\/#\/schema\/person\/image\/","url":"https:\/\/nitu.mx\/wp-content\/uploads\/2024\/04\/4A315622-1904-4D5C-B022-878CDC840E04-90x90-1.jpeg","contentUrl":"https:\/\/nitu.mx\/wp-content\/uploads\/2024\/04\/4A315622-1904-4D5C-B022-878CDC840E04-90x90-1.jpeg","width":90,"height":90,"caption":"Arturo Medina"},"logo":{"@id":"https:\/\/nitu.mx\/#\/schema\/person\/image\/"},"description":"Director NITU.mx, Egresado de la Escuela de Periodismo Carlos Septi\u00e9n Garc\u00eda. Periodista y analista especializado en turismo desde hace 35 a\u00f1os, radicado en Canc\u00fan Q.Roo. arturo@nitu.mx","sameAs":["https:\/\/nitu.mx","https:\/\/www.facebook.com\/NITUmx\/","medinacancun","https:\/\/twitter.com\/@Arturo_Medina_G"]},{"@type":"Person","@id":"https:\/\/nitu.mx\/#\/schema\/person\/4a28fe9bd65924f7c90623773daf1b0b","name":"Redacci\u00f3n","image":{"@type":"ImageObject","inLanguage":"es-MX","@id":"https:\/\/nitu.mx\/#\/schema\/person\/image\/","url":"https:\/\/secure.gravatar.com\/avatar\/5dd011c8ccfc5cd7e4c81e42252aab38?s=96&d=mm&r=g","contentUrl":"https:\/\/secure.gravatar.com\/avatar\/5dd011c8ccfc5cd7e4c81e42252aab38?s=96&d=mm&r=g","caption":"Redacci\u00f3n"},"url":"https:\/\/nitu.mx\/index.php\/author\/redaccion\/"}]}},"views":273,"_links":{"self":[{"href":"https:\/\/nitu.mx\/index.php\/wp-json\/wp\/v2\/posts\/27958"}],"collection":[{"href":"https:\/\/nitu.mx\/index.php\/wp-json\/wp\/v2\/posts"}],"about":[{"href":"https:\/\/nitu.mx\/index.php\/wp-json\/wp\/v2\/types\/post"}],"author":[{"embeddable":true,"href":"https:\/\/nitu.mx\/index.php\/wp-json\/wp\/v2\/users\/17"}],"replies":[{"embeddable":true,"href":"https:\/\/nitu.mx\/index.php\/wp-json\/wp\/v2\/comments?post=27958"}],"version-history":[{"count":1,"href":"https:\/\/nitu.mx\/index.php\/wp-json\/wp\/v2\/posts\/27958\/revisions"}],"predecessor-version":[{"id":27960,"href":"https:\/\/nitu.mx\/index.php\/wp-json\/wp\/v2\/posts\/27958\/revisions\/27960"}],"wp:featuredmedia":[{"embeddable":true,"href":"https:\/\/nitu.mx\/index.php\/wp-json\/wp\/v2\/media\/27959"}],"wp:attachment":[{"href":"https:\/\/nitu.mx\/index.php\/wp-json\/wp\/v2\/media?parent=27958"}],"wp:term":[{"taxonomy":"category","embeddable":true,"href":"https:\/\/nitu.mx\/index.php\/wp-json\/wp\/v2\/categories?post=27958"},{"taxonomy":"post_tag","embeddable":true,"href":"https:\/\/nitu.mx\/index.php\/wp-json\/wp\/v2\/tags?post=27958"}],"curies":[{"name":"wp","href":"https:\/\/api.w.org\/{rel}","templated":true}]}}