{"id":27896,"date":"2018-12-29T22:55:22","date_gmt":"2018-12-30T03:55:22","guid":{"rendered":"https:\/\/www.dev.nitu.mx\/?p=27896"},"modified":"2018-12-29T22:55:22","modified_gmt":"2018-12-30T03:55:22","slug":"ofrecio-cancun-4-millones-asientos-de-avion-este-invierno","status":"publish","type":"post","link":"https:\/\/nitu.mx\/index.php\/2018\/12\/29\/ofrecio-cancun-4-millones-asientos-de-avion-este-invierno\/","title":{"rendered":"Ofreci\u00f3 Canc\u00fan 4 millones asientos de avi\u00f3n este invierno"},"content":{"rendered":"<p>En esta temporada invernal, de noviembre de 2018 a marzo de 2019, la oferta de asientos de avi\u00f3n a Canc\u00fan se ha estimado en m\u00e1s de cuatro millones 164 mil tanto de Europa como del interior de la rep\u00fablica mexicana, de acuerdo con la Official Airline Guide.<\/p>\n<p>Solamente para esta temporada de fin de a\u00f1o, del 20 de diciembre al seis de enero, la Secretar\u00eda Estatal de Turismo (SEDETUR) prev\u00e9 el arribo de un mill\u00f3n 124 mil 665 turistas, dos por ciento m\u00e1s que en el mismo periodo del a\u00f1o pasado.<\/p>\n<p>El gobernador Carlos Joaqu\u00edn reorient\u00f3 las pol\u00edticas p\u00fablicas para conseguir que la econom\u00eda de Quintana Roo se consolide como una de las cinco m\u00e1s importantes del pa\u00eds, pero tambi\u00e9n para que este crecimiento econ\u00f3mico se refleje en el bolsillo de la gente con m\u00e1s y mejores oportunidades de tener empleos mejor pagados.<\/p>\n<p>La titular de la Secretar\u00eda de Turismo (SEDETUR) Marisol Vanegas P\u00e9rez destac\u00f3 que en esta temporada de invierno, que va de noviembre de 2018 a marzo de 2019, la Official Airline Guide (OAG por sus siglas en ingl\u00e9s) reporta importantes incrementos en la oferta de asientos de avi\u00f3n de Europa y del interior de la rep\u00fablica mexicana.<\/p>\n<p>Explic\u00f3 que en la oferta de asientos de avi\u00f3n procedentes de Alemania, la OAG reporta m\u00e1s de 108 mil 750, lo que representa un crecimiento de 32 por ciento, y del mercado nacional confirma una oferta de un mill\u00f3n 964 mil 696 asientos, lo que traduce en un repunte de 7.3 por ciento.<\/p>\n<p>Gracias a la fortaleza del sector, la confianza en la industria y la certeza en la inversi\u00f3n en los destinos tur\u00edsticos de Quintana Roo, para esta temporada de fin de a\u00f1o, de acuerdo con las estimaciones de la SEDETUR, se prev\u00e9n un mill\u00f3n 124 mil 665 turistas, un mill\u00f3n 532 mil 159 habitaciones-noche ocupadas y mil 153.11 millones de d\u00f3lares de derrama econ\u00f3mica.<\/p>\n<p>Para el periodo que abarca del 20 de diciembre de 2018 al seis de enero de 2019, estimaciones de la dependencia prev\u00e9n un crecimiento de dos por ciento, 3.2 por ciento y 2.7 por ciento, correspondiente a los indicadores de turistas, habitaciones-noche ocupadas y derrama econ\u00f3mica.<\/p>\n<p>El invierno ser\u00e1 una temporada tur\u00edstica exitosa como tambi\u00e9n han sido las temporadas de Semana Santa y de verano y, en general, todo el a\u00f1o en el que se ha reportado una ocupaci\u00f3n promedio en el Caribe mexicano de 80 por ciento, con un \u00edndice de satisfacci\u00f3n de 98 por ciento y de repetici\u00f3n de 52 por ciento, expres\u00f3 Vanegas P\u00e9rez.<\/p>\n","protected":false},"excerpt":{"rendered":"<p>En esta temporada invernal, de noviembre de 2018 a marzo de 2019, la oferta de asientos de avi\u00f3n a Canc\u00fan se ha estimado en m\u00e1s de cuatro millones 164 mil tanto de Europa como del interior de la rep\u00fablica mexicana, de acuerdo con la Official Airline Guide. Solamente para esta temporada de fin de a\u00f1o, [&hellip;]<\/p>\n","protected":false},"author":2,"featured_media":27325,"comment_status":"open","ping_status":"open","sticky":false,"template":"","format":"standard","meta":{"footnotes":""},"categories":[5],"tags":[268,43,261,260],"yoast_head":"<!-- This site is optimized with the Yoast SEO plugin v22.2 - https:\/\/yoast.com\/wordpress\/plugins\/seo\/ -->\n<title>Ofreci\u00f3 Canc\u00fan 4 millones asientos de avi\u00f3n este invierno - Nitu - Noticias de la Industria Turistica<\/title>\n<meta name=\"robots\" content=\"index, follow, max-snippet:-1, max-image-preview:large, max-video-preview:-1\" \/>\n<link rel=\"canonical\" href=\"https:\/\/nitu.mx\/index.php\/2018\/12\/29\/ofrecio-cancun-4-millones-asientos-de-avion-este-invierno\/\" \/>\n<meta name=\"twitter:card\" content=\"summary_large_image\" \/>\n<meta name=\"twitter:title\" content=\"Ofreci\u00f3 Canc\u00fan 4 millones asientos de avi\u00f3n este invierno - Nitu - Noticias de la Industria Turistica\" \/>\n<meta name=\"twitter:description\" content=\"En esta temporada invernal, de noviembre de 2018 a marzo de 2019, la oferta de asientos de avi\u00f3n a Canc\u00fan se ha estimado en m\u00e1s de cuatro millones 164 mil tanto de Europa como del interior de la rep\u00fablica mexicana, de acuerdo con la Official Airline Guide. Solamente para esta temporada de fin de a\u00f1o, [&hellip;]\" \/>\n<meta name=\"twitter:image\" content=\"https:\/\/nitu.mx\/wp-content\/uploads\/2018\/12\/zona-hotelera-cancun.jpg\" \/>\n<meta name=\"twitter:creator\" content=\"@Arturo_Medina_G\" \/>\n<meta name=\"twitter:site\" content=\"@Arturo_Medina_G\" \/>\n<meta name=\"twitter:label1\" content=\"Escrito por\" \/>\n\t<meta name=\"twitter:data1\" content=\"Arturo Medina\" \/>\n\t<meta name=\"twitter:label2\" content=\"Tiempo de lectura\" \/>\n\t<meta name=\"twitter:data2\" content=\"2 minutos\" \/>\n<script type=\"application\/ld+json\" class=\"yoast-schema-graph\">{\"@context\":\"https:\/\/schema.org\",\"@graph\":[{\"@type\":\"Article\",\"@id\":\"https:\/\/nitu.mx\/index.php\/2018\/12\/29\/ofrecio-cancun-4-millones-asientos-de-avion-este-invierno\/#article\",\"isPartOf\":{\"@id\":\"https:\/\/nitu.mx\/index.php\/2018\/12\/29\/ofrecio-cancun-4-millones-asientos-de-avion-este-invierno\/\"},\"author\":{\"name\":\"Arturo Medina\",\"@id\":\"https:\/\/nitu.mx\/#\/schema\/person\/ae7a53426417292d3dd07b45a33e01bc\"},\"headline\":\"Ofreci\u00f3 Canc\u00fan 4 millones asientos de avi\u00f3n este invierno\",\"datePublished\":\"2018-12-30T03:55:22+00:00\",\"dateModified\":\"2018-12-30T03:55:22+00:00\",\"mainEntityOfPage\":{\"@id\":\"https:\/\/nitu.mx\/index.php\/2018\/12\/29\/ofrecio-cancun-4-millones-asientos-de-avion-este-invierno\/\"},\"wordCount\":449,\"commentCount\":0,\"publisher\":{\"@id\":\"https:\/\/nitu.mx\/#\/schema\/person\/ae7a53426417292d3dd07b45a33e01bc\"},\"image\":{\"@id\":\"https:\/\/nitu.mx\/index.php\/2018\/12\/29\/ofrecio-cancun-4-millones-asientos-de-avion-este-invierno\/#primaryimage\"},\"thumbnailUrl\":\"https:\/\/nitu.mx\/wp-content\/uploads\/2018\/12\/zona-hotelera-cancun.jpg\",\"keywords\":[\"Aeropuertos del Sureste (Asur)\",\"Canc\u00fan\",\"Carlos Joaqu\u00edn Gonz\u00e1lez\",\"Quintana Roo\"],\"articleSection\":[\"Destinos\"],\"inLanguage\":\"es-MX\",\"potentialAction\":[{\"@type\":\"CommentAction\",\"name\":\"Comment\",\"target\":[\"https:\/\/nitu.mx\/index.php\/2018\/12\/29\/ofrecio-cancun-4-millones-asientos-de-avion-este-invierno\/#respond\"]}]},{\"@type\":\"WebPage\",\"@id\":\"https:\/\/nitu.mx\/index.php\/2018\/12\/29\/ofrecio-cancun-4-millones-asientos-de-avion-este-invierno\/\",\"url\":\"https:\/\/nitu.mx\/index.php\/2018\/12\/29\/ofrecio-cancun-4-millones-asientos-de-avion-este-invierno\/\",\"name\":\"Ofreci\u00f3 Canc\u00fan 4 millones asientos de avi\u00f3n este invierno - Nitu - Noticias de la Industria Turistica\",\"isPartOf\":{\"@id\":\"https:\/\/nitu.mx\/#website\"},\"primaryImageOfPage\":{\"@id\":\"https:\/\/nitu.mx\/index.php\/2018\/12\/29\/ofrecio-cancun-4-millones-asientos-de-avion-este-invierno\/#primaryimage\"},\"image\":{\"@id\":\"https:\/\/nitu.mx\/index.php\/2018\/12\/29\/ofrecio-cancun-4-millones-asientos-de-avion-este-invierno\/#primaryimage\"},\"thumbnailUrl\":\"https:\/\/nitu.mx\/wp-content\/uploads\/2018\/12\/zona-hotelera-cancun.jpg\",\"datePublished\":\"2018-12-30T03:55:22+00:00\",\"dateModified\":\"2018-12-30T03:55:22+00:00\",\"breadcrumb\":{\"@id\":\"https:\/\/nitu.mx\/index.php\/2018\/12\/29\/ofrecio-cancun-4-millones-asientos-de-avion-este-invierno\/#breadcrumb\"},\"inLanguage\":\"es-MX\",\"potentialAction\":[{\"@type\":\"ReadAction\",\"target\":[\"https:\/\/nitu.mx\/index.php\/2018\/12\/29\/ofrecio-cancun-4-millones-asientos-de-avion-este-invierno\/\"]}]},{\"@type\":\"ImageObject\",\"inLanguage\":\"es-MX\",\"@id\":\"https:\/\/nitu.mx\/index.php\/2018\/12\/29\/ofrecio-cancun-4-millones-asientos-de-avion-este-invierno\/#primaryimage\",\"url\":\"https:\/\/nitu.mx\/wp-content\/uploads\/2018\/12\/zona-hotelera-cancun.jpg\",\"contentUrl\":\"https:\/\/nitu.mx\/wp-content\/uploads\/2018\/12\/zona-hotelera-cancun.jpg\",\"width\":850,\"height\":480,\"caption\":\"empleados hoteleros zona hotelera cancun verano Thomas Cook Caribe mexicano ocupaci\u00f3n\"},{\"@type\":\"BreadcrumbList\",\"@id\":\"https:\/\/nitu.mx\/index.php\/2018\/12\/29\/ofrecio-cancun-4-millones-asientos-de-avion-este-invierno\/#breadcrumb\",\"itemListElement\":[{\"@type\":\"ListItem\",\"position\":1,\"name\":\"Inicio\",\"item\":\"https:\/\/nitu.mx\/\"},{\"@type\":\"ListItem\",\"position\":2,\"name\":\"Ofreci\u00f3 Canc\u00fan 4 millones asientos de avi\u00f3n este invierno\"}]},{\"@type\":\"WebSite\",\"@id\":\"https:\/\/nitu.mx\/#website\",\"url\":\"https:\/\/nitu.mx\/\",\"name\":\"Nitu - Noticias de la Industria Turistica\",\"description\":\"Noticias de la Industria Turistica\",\"publisher\":{\"@id\":\"https:\/\/nitu.mx\/#\/schema\/person\/ae7a53426417292d3dd07b45a33e01bc\"},\"alternateName\":\"Noticias de la Industria Turistica\",\"potentialAction\":[{\"@type\":\"SearchAction\",\"target\":{\"@type\":\"EntryPoint\",\"urlTemplate\":\"https:\/\/nitu.mx\/?s={search_term_string}\"},\"query-input\":\"required name=search_term_string\"}],\"inLanguage\":\"es-MX\"},{\"@type\":[\"Person\",\"Organization\"],\"@id\":\"https:\/\/nitu.mx\/#\/schema\/person\/ae7a53426417292d3dd07b45a33e01bc\",\"name\":\"Arturo Medina\",\"image\":{\"@type\":\"ImageObject\",\"inLanguage\":\"es-MX\",\"@id\":\"https:\/\/nitu.mx\/#\/schema\/person\/image\/\",\"url\":\"https:\/\/nitu.mx\/wp-content\/uploads\/2024\/04\/4A315622-1904-4D5C-B022-878CDC840E04-90x90-1.jpeg\",\"contentUrl\":\"https:\/\/nitu.mx\/wp-content\/uploads\/2024\/04\/4A315622-1904-4D5C-B022-878CDC840E04-90x90-1.jpeg\",\"width\":90,\"height\":90,\"caption\":\"Arturo Medina\"},\"logo\":{\"@id\":\"https:\/\/nitu.mx\/#\/schema\/person\/image\/\"},\"description\":\"Director NITU.mx, Egresado de la Escuela de Periodismo Carlos Septi\u00e9n Garc\u00eda. Periodista y analista especializado en turismo desde hace 35 a\u00f1os, radicado en Canc\u00fan Q.Roo. arturo@nitu.mx\",\"sameAs\":[\"https:\/\/nitu.mx\",\"https:\/\/www.facebook.com\/NITUmx\/\",\"medinacancun\",\"https:\/\/twitter.com\/@Arturo_Medina_G\"],\"url\":\"https:\/\/nitu.mx\/index.php\/author\/arturo-medina\/\"}]}<\/script>\n<!-- \/ Yoast SEO plugin. -->","yoast_head_json":{"title":"Ofreci\u00f3 Canc\u00fan 4 millones asientos de avi\u00f3n este invierno - Nitu - Noticias de la Industria Turistica","robots":{"index":"index","follow":"follow","max-snippet":"max-snippet:-1","max-image-preview":"max-image-preview:large","max-video-preview":"max-video-preview:-1"},"canonical":"https:\/\/nitu.mx\/index.php\/2018\/12\/29\/ofrecio-cancun-4-millones-asientos-de-avion-este-invierno\/","twitter_card":"summary_large_image","twitter_title":"Ofreci\u00f3 Canc\u00fan 4 millones asientos de avi\u00f3n este invierno - Nitu - Noticias de la Industria Turistica","twitter_description":"En esta temporada invernal, de noviembre de 2018 a marzo de 2019, la oferta de asientos de avi\u00f3n a Canc\u00fan se ha estimado en m\u00e1s de cuatro millones 164 mil tanto de Europa como del interior de la rep\u00fablica mexicana, de acuerdo con la Official Airline Guide. Solamente para esta temporada de fin de a\u00f1o, [&hellip;]","twitter_image":"https:\/\/nitu.mx\/wp-content\/uploads\/2018\/12\/zona-hotelera-cancun.jpg","twitter_creator":"@Arturo_Medina_G","twitter_site":"@Arturo_Medina_G","twitter_misc":{"Escrito por":"Arturo Medina","Tiempo de lectura":"2 minutos"},"schema":{"@context":"https:\/\/schema.org","@graph":[{"@type":"Article","@id":"https:\/\/nitu.mx\/index.php\/2018\/12\/29\/ofrecio-cancun-4-millones-asientos-de-avion-este-invierno\/#article","isPartOf":{"@id":"https:\/\/nitu.mx\/index.php\/2018\/12\/29\/ofrecio-cancun-4-millones-asientos-de-avion-este-invierno\/"},"author":{"name":"Arturo Medina","@id":"https:\/\/nitu.mx\/#\/schema\/person\/ae7a53426417292d3dd07b45a33e01bc"},"headline":"Ofreci\u00f3 Canc\u00fan 4 millones asientos de avi\u00f3n este invierno","datePublished":"2018-12-30T03:55:22+00:00","dateModified":"2018-12-30T03:55:22+00:00","mainEntityOfPage":{"@id":"https:\/\/nitu.mx\/index.php\/2018\/12\/29\/ofrecio-cancun-4-millones-asientos-de-avion-este-invierno\/"},"wordCount":449,"commentCount":0,"publisher":{"@id":"https:\/\/nitu.mx\/#\/schema\/person\/ae7a53426417292d3dd07b45a33e01bc"},"image":{"@id":"https:\/\/nitu.mx\/index.php\/2018\/12\/29\/ofrecio-cancun-4-millones-asientos-de-avion-este-invierno\/#primaryimage"},"thumbnailUrl":"https:\/\/nitu.mx\/wp-content\/uploads\/2018\/12\/zona-hotelera-cancun.jpg","keywords":["Aeropuertos del Sureste (Asur)","Canc\u00fan","Carlos Joaqu\u00edn Gonz\u00e1lez","Quintana Roo"],"articleSection":["Destinos"],"inLanguage":"es-MX","potentialAction":[{"@type":"CommentAction","name":"Comment","target":["https:\/\/nitu.mx\/index.php\/2018\/12\/29\/ofrecio-cancun-4-millones-asientos-de-avion-este-invierno\/#respond"]}]},{"@type":"WebPage","@id":"https:\/\/nitu.mx\/index.php\/2018\/12\/29\/ofrecio-cancun-4-millones-asientos-de-avion-este-invierno\/","url":"https:\/\/nitu.mx\/index.php\/2018\/12\/29\/ofrecio-cancun-4-millones-asientos-de-avion-este-invierno\/","name":"Ofreci\u00f3 Canc\u00fan 4 millones asientos de avi\u00f3n este invierno - Nitu - Noticias de la Industria Turistica","isPartOf":{"@id":"https:\/\/nitu.mx\/#website"},"primaryImageOfPage":{"@id":"https:\/\/nitu.mx\/index.php\/2018\/12\/29\/ofrecio-cancun-4-millones-asientos-de-avion-este-invierno\/#primaryimage"},"image":{"@id":"https:\/\/nitu.mx\/index.php\/2018\/12\/29\/ofrecio-cancun-4-millones-asientos-de-avion-este-invierno\/#primaryimage"},"thumbnailUrl":"https:\/\/nitu.mx\/wp-content\/uploads\/2018\/12\/zona-hotelera-cancun.jpg","datePublished":"2018-12-30T03:55:22+00:00","dateModified":"2018-12-30T03:55:22+00:00","breadcrumb":{"@id":"https:\/\/nitu.mx\/index.php\/2018\/12\/29\/ofrecio-cancun-4-millones-asientos-de-avion-este-invierno\/#breadcrumb"},"inLanguage":"es-MX","potentialAction":[{"@type":"ReadAction","target":["https:\/\/nitu.mx\/index.php\/2018\/12\/29\/ofrecio-cancun-4-millones-asientos-de-avion-este-invierno\/"]}]},{"@type":"ImageObject","inLanguage":"es-MX","@id":"https:\/\/nitu.mx\/index.php\/2018\/12\/29\/ofrecio-cancun-4-millones-asientos-de-avion-este-invierno\/#primaryimage","url":"https:\/\/nitu.mx\/wp-content\/uploads\/2018\/12\/zona-hotelera-cancun.jpg","contentUrl":"https:\/\/nitu.mx\/wp-content\/uploads\/2018\/12\/zona-hotelera-cancun.jpg","width":850,"height":480,"caption":"empleados hoteleros zona hotelera cancun verano Thomas Cook Caribe mexicano ocupaci\u00f3n"},{"@type":"BreadcrumbList","@id":"https:\/\/nitu.mx\/index.php\/2018\/12\/29\/ofrecio-cancun-4-millones-asientos-de-avion-este-invierno\/#breadcrumb","itemListElement":[{"@type":"ListItem","position":1,"name":"Inicio","item":"https:\/\/nitu.mx\/"},{"@type":"ListItem","position":2,"name":"Ofreci\u00f3 Canc\u00fan 4 millones asientos de avi\u00f3n este invierno"}]},{"@type":"WebSite","@id":"https:\/\/nitu.mx\/#website","url":"https:\/\/nitu.mx\/","name":"Nitu - Noticias de la Industria Turistica","description":"Noticias de la Industria Turistica","publisher":{"@id":"https:\/\/nitu.mx\/#\/schema\/person\/ae7a53426417292d3dd07b45a33e01bc"},"alternateName":"Noticias de la Industria Turistica","potentialAction":[{"@type":"SearchAction","target":{"@type":"EntryPoint","urlTemplate":"https:\/\/nitu.mx\/?s={search_term_string}"},"query-input":"required name=search_term_string"}],"inLanguage":"es-MX"},{"@type":["Person","Organization"],"@id":"https:\/\/nitu.mx\/#\/schema\/person\/ae7a53426417292d3dd07b45a33e01bc","name":"Arturo Medina","image":{"@type":"ImageObject","inLanguage":"es-MX","@id":"https:\/\/nitu.mx\/#\/schema\/person\/image\/","url":"https:\/\/nitu.mx\/wp-content\/uploads\/2024\/04\/4A315622-1904-4D5C-B022-878CDC840E04-90x90-1.jpeg","contentUrl":"https:\/\/nitu.mx\/wp-content\/uploads\/2024\/04\/4A315622-1904-4D5C-B022-878CDC840E04-90x90-1.jpeg","width":90,"height":90,"caption":"Arturo Medina"},"logo":{"@id":"https:\/\/nitu.mx\/#\/schema\/person\/image\/"},"description":"Director NITU.mx, Egresado de la Escuela de Periodismo Carlos Septi\u00e9n Garc\u00eda. Periodista y analista especializado en turismo desde hace 35 a\u00f1os, radicado en Canc\u00fan Q.Roo. arturo@nitu.mx","sameAs":["https:\/\/nitu.mx","https:\/\/www.facebook.com\/NITUmx\/","medinacancun","https:\/\/twitter.com\/@Arturo_Medina_G"],"url":"https:\/\/nitu.mx\/index.php\/author\/arturo-medina\/"}]}},"views":232,"_links":{"self":[{"href":"https:\/\/nitu.mx\/index.php\/wp-json\/wp\/v2\/posts\/27896"}],"collection":[{"href":"https:\/\/nitu.mx\/index.php\/wp-json\/wp\/v2\/posts"}],"about":[{"href":"https:\/\/nitu.mx\/index.php\/wp-json\/wp\/v2\/types\/post"}],"author":[{"embeddable":true,"href":"https:\/\/nitu.mx\/index.php\/wp-json\/wp\/v2\/users\/2"}],"replies":[{"embeddable":true,"href":"https:\/\/nitu.mx\/index.php\/wp-json\/wp\/v2\/comments?post=27896"}],"version-history":[{"count":1,"href":"https:\/\/nitu.mx\/index.php\/wp-json\/wp\/v2\/posts\/27896\/revisions"}],"predecessor-version":[{"id":27897,"href":"https:\/\/nitu.mx\/index.php\/wp-json\/wp\/v2\/posts\/27896\/revisions\/27897"}],"wp:featuredmedia":[{"embeddable":true,"href":"https:\/\/nitu.mx\/index.php\/wp-json\/wp\/v2\/media\/27325"}],"wp:attachment":[{"href":"https:\/\/nitu.mx\/index.php\/wp-json\/wp\/v2\/media?parent=27896"}],"wp:term":[{"taxonomy":"category","embeddable":true,"href":"https:\/\/nitu.mx\/index.php\/wp-json\/wp\/v2\/categories?post=27896"},{"taxonomy":"post_tag","embeddable":true,"href":"https:\/\/nitu.mx\/index.php\/wp-json\/wp\/v2\/tags?post=27896"}],"curies":[{"name":"wp","href":"https:\/\/api.w.org\/{rel}","templated":true}]}}