{"id":27867,"date":"2018-12-27T23:59:01","date_gmt":"2018-12-28T04:59:01","guid":{"rendered":"https:\/\/www.dev.nitu.mx\/?p=27867"},"modified":"2018-12-28T01:13:14","modified_gmt":"2018-12-28T06:13:14","slug":"fin-de-ano-exitoso-para-caribe-mexicano-a-pesar-de-los-pesares","status":"publish","type":"post","link":"https:\/\/nitu.mx\/index.php\/2018\/12\/27\/fin-de-ano-exitoso-para-caribe-mexicano-a-pesar-de-los-pesares\/","title":{"rendered":"Fin de a\u00f1o exitoso para Caribe Mexicano a pesar de los pesares"},"content":{"rendered":"<p>De acuerdo con las cifras de las autoridades tur\u00edsticas de Quintana Roo, la Riviera Maya y Canc\u00fan se ubicaron este fin de a\u00f1o en los primeros lugares de ocupaci\u00f3n hotelera en el Caribe Mexicano. Fue un a\u00f1o convulso con temas como los warnings, el alcohol supuestamente adulterado, el sargazo, el incremento de impuestos al sector hotelero y la seguridad golpearon algunas temporadas, pero de acuerdo con las cifras, el destino cerrar\u00e1 al 95 por ciento de ocupaci\u00f3n.<\/p>\n<p>Para esta temporada de Fin de A\u00f1o la Secretar\u00eda Estatal de Turismo prev\u00e9 un mill\u00f3n 124 mil 665 turistas, un mill\u00f3n 532 mil 159 habitaciones noche ocupadas y mil 153.11 millones de d\u00f3lares de derrama econ\u00f3mica, con la expectativa de cerrar el a\u00f1o con una ocupaci\u00f3n promedio del 95 por ciento.<\/p>\n<p>Como es conocido la conectividad es uno de los principales factores para el incremento de las cifras tur\u00edsticas, Quintana Roo cuenta con tres aeropuertos internacionales que lo comunican pr\u00e1cticamente con todo el mundo. Recibe vuelos de casi 50 aerol\u00edneas provenientes de 20 estados de la rep\u00fablica y casi una centena de aeropuertos a nivel mundial. En 2017 se reportaron 13 millones 326 mil 579 asientos disponibles en las aerol\u00edneas.<\/p>\n<p>El Aeropuerto Internacional de Canc\u00fan operado por Grupo ASUR atendi\u00f3 en 2017, 23 millones 601 mil 509 pasajeros. Lo que representa un crecimiento de 10.2 por ciento, con respecto a 2016. Cozumel por su parte, tuvo un incremento de 0.7 por ciento, comparado con 2016. (<a title=\"Tiene ASUR su mejor noviembre en Canc\u00fan y Cozumel\" href=\"https:\/\/www.dev.nitu.mx\/index.php\/2018\/12\/09\/tiene-asur-su-mejor-noviembre-en-cancun-ycozumel\/\" rel=\"bookmark\">Tiene ASUR su mejor noviembre en Canc\u00fan y Cozumel<\/a>).<\/p>\n<p>El Aeropuerto de Chetumal obtuvo 275 mil 610 pasajeros nacionales y extranjeros contra 209 mil 610 de 2016, esto es un 65 mil 638 pasajeros m\u00e1s y un incremento de 31 por ciento comparado con 2016. En 2017, el norte del Estado se inaugur\u00f3 la pista 4 del Aeropuerto de Canc\u00fan y en el sur comenz\u00f3 el proceso de renovaci\u00f3n del aeropuerto de Chetumal. As\u00ed para este fin de temporada a detalle, se prev\u00e9n 633 mil 400 habitaciones noche ocupadas en Canc\u00fan-Puerto Morelos, 52 mil 812 en Cozumel, 67 mil 475 en Isla Mujeres, 26 mil 705 en Chetumal, 709 mil 646 en Riviera Maya, 17 mil 004 en Holbox, 9 mil 677 en Bacalar, 9 mil 660 en Mahahual, 2 mil 876 en Felipe Carrillo Puerto y 904 en Jos\u00e9 Mar\u00eda Morelos.<\/p>\n<p>En destinos como Canc\u00fan-Puerto Morelos se prev\u00e9n 422 mil 267 turistas, 42 mil 822 en Cozumel, 66 mil 745 en Isla Mujeres, 44 mil 508 mil en Chetumal, 506 mil 333 en Riviera Maya, 17 mil 899 en Holbox, 9 mil 365 en Bacalar, 9 mil 056 en Mahahual, 4 mil 314 en Felipe Carrillo Puerto y mil 356 en Jos\u00e9 Mar\u00eda Morelos.<\/p>\n","protected":false},"excerpt":{"rendered":"<p>De acuerdo con las cifras de las autoridades tur\u00edsticas de Quintana Roo, la Riviera Maya y Canc\u00fan se ubicaron este fin de a\u00f1o en los primeros lugares de ocupaci\u00f3n hotelera en el Caribe Mexicano. Fue un a\u00f1o convulso con temas como los warnings, el alcohol supuestamente adulterado, el sargazo, el incremento de impuestos al sector [&hellip;]<\/p>\n","protected":false},"author":3,"featured_media":25607,"comment_status":"open","ping_status":"open","sticky":false,"template":"","format":"standard","meta":{"footnotes":""},"categories":[5,12],"tags":[43,68,7398,260,80,2177],"yoast_head":"<!-- This site is optimized with the Yoast SEO plugin v22.2 - https:\/\/yoast.com\/wordpress\/plugins\/seo\/ -->\n<title>Fin de a\u00f1o exitoso para Caribe Mexicano a pesar de los pesares - Nitu - Noticias de la Industria Turistica<\/title>\n<meta name=\"description\" content=\"De acuerdo con cifras de Quintana Roo Riviera Maya y Canc\u00fan se ubicaron este fin de a\u00f1o en los primeros lugares de ocupaci\u00f3n hotelera en M\u00e9xico.\" \/>\n<meta name=\"robots\" content=\"index, follow, max-snippet:-1, max-image-preview:large, max-video-preview:-1\" \/>\n<link rel=\"canonical\" href=\"https:\/\/nitu.mx\/index.php\/2018\/12\/27\/fin-de-ano-exitoso-para-caribe-mexicano-a-pesar-de-los-pesares\/\" \/>\n<meta name=\"twitter:card\" content=\"summary_large_image\" \/>\n<meta name=\"twitter:title\" content=\"Fin de a\u00f1o exitoso para Caribe Mexicano a pesar de los pesares - Nitu - Noticias de la Industria Turistica\" \/>\n<meta name=\"twitter:description\" content=\"De acuerdo con cifras de Quintana Roo Riviera Maya y Canc\u00fan se ubicaron este fin de a\u00f1o en los primeros lugares de ocupaci\u00f3n hotelera en M\u00e9xico.\" \/>\n<meta name=\"twitter:image\" content=\"https:\/\/nitu.mx\/wp-content\/uploads\/2018\/10\/Caribe-mexicano-trump.jpg\" \/>\n<meta name=\"twitter:creator\" content=\"@NITUmx\" \/>\n<meta name=\"twitter:site\" content=\"@Arturo_Medina_G\" \/>\n<meta name=\"twitter:label1\" content=\"Escrito por\" \/>\n\t<meta name=\"twitter:data1\" content=\"Alejandra Moncisbays\" \/>\n\t<meta name=\"twitter:label2\" content=\"Tiempo de lectura\" \/>\n\t<meta name=\"twitter:data2\" content=\"2 minutos\" \/>\n<script type=\"application\/ld+json\" class=\"yoast-schema-graph\">{\"@context\":\"https:\/\/schema.org\",\"@graph\":[{\"@type\":\"Article\",\"@id\":\"https:\/\/nitu.mx\/index.php\/2018\/12\/27\/fin-de-ano-exitoso-para-caribe-mexicano-a-pesar-de-los-pesares\/#article\",\"isPartOf\":{\"@id\":\"https:\/\/nitu.mx\/index.php\/2018\/12\/27\/fin-de-ano-exitoso-para-caribe-mexicano-a-pesar-de-los-pesares\/\"},\"author\":{\"name\":\"Alejandra Moncisbays\",\"@id\":\"https:\/\/nitu.mx\/#\/schema\/person\/2ecd887b19dfd3382d1f14fc5acf24a8\"},\"headline\":\"Fin de a\u00f1o exitoso para Caribe Mexicano a pesar de los pesares\",\"datePublished\":\"2018-12-28T04:59:01+00:00\",\"dateModified\":\"2018-12-28T06:13:14+00:00\",\"mainEntityOfPage\":{\"@id\":\"https:\/\/nitu.mx\/index.php\/2018\/12\/27\/fin-de-ano-exitoso-para-caribe-mexicano-a-pesar-de-los-pesares\/\"},\"wordCount\":420,\"commentCount\":0,\"publisher\":{\"@id\":\"https:\/\/nitu.mx\/#\/schema\/person\/ae7a53426417292d3dd07b45a33e01bc\"},\"image\":{\"@id\":\"https:\/\/nitu.mx\/index.php\/2018\/12\/27\/fin-de-ano-exitoso-para-caribe-mexicano-a-pesar-de-los-pesares\/#primaryimage\"},\"thumbnailUrl\":\"https:\/\/nitu.mx\/wp-content\/uploads\/2018\/10\/Caribe-mexicano-trump.jpg\",\"keywords\":[\"Canc\u00fan\",\"M\u00e9xico\",\"ocupaci\u00f3n hotelera\",\"Quintana Roo\",\"Riviera Maya\",\"Warnings\"],\"articleSection\":[\"Destinos\",\"Marketing\"],\"inLanguage\":\"es-MX\",\"potentialAction\":[{\"@type\":\"CommentAction\",\"name\":\"Comment\",\"target\":[\"https:\/\/nitu.mx\/index.php\/2018\/12\/27\/fin-de-ano-exitoso-para-caribe-mexicano-a-pesar-de-los-pesares\/#respond\"]}]},{\"@type\":\"WebPage\",\"@id\":\"https:\/\/nitu.mx\/index.php\/2018\/12\/27\/fin-de-ano-exitoso-para-caribe-mexicano-a-pesar-de-los-pesares\/\",\"url\":\"https:\/\/nitu.mx\/index.php\/2018\/12\/27\/fin-de-ano-exitoso-para-caribe-mexicano-a-pesar-de-los-pesares\/\",\"name\":\"Fin de a\u00f1o exitoso para Caribe Mexicano a pesar de los pesares - Nitu - Noticias de la Industria Turistica\",\"isPartOf\":{\"@id\":\"https:\/\/nitu.mx\/#website\"},\"primaryImageOfPage\":{\"@id\":\"https:\/\/nitu.mx\/index.php\/2018\/12\/27\/fin-de-ano-exitoso-para-caribe-mexicano-a-pesar-de-los-pesares\/#primaryimage\"},\"image\":{\"@id\":\"https:\/\/nitu.mx\/index.php\/2018\/12\/27\/fin-de-ano-exitoso-para-caribe-mexicano-a-pesar-de-los-pesares\/#primaryimage\"},\"thumbnailUrl\":\"https:\/\/nitu.mx\/wp-content\/uploads\/2018\/10\/Caribe-mexicano-trump.jpg\",\"datePublished\":\"2018-12-28T04:59:01+00:00\",\"dateModified\":\"2018-12-28T06:13:14+00:00\",\"description\":\"De acuerdo con cifras de Quintana Roo Riviera Maya y Canc\u00fan se ubicaron este fin de a\u00f1o en los primeros lugares de ocupaci\u00f3n hotelera en M\u00e9xico.\",\"breadcrumb\":{\"@id\":\"https:\/\/nitu.mx\/index.php\/2018\/12\/27\/fin-de-ano-exitoso-para-caribe-mexicano-a-pesar-de-los-pesares\/#breadcrumb\"},\"inLanguage\":\"es-MX\",\"potentialAction\":[{\"@type\":\"ReadAction\",\"target\":[\"https:\/\/nitu.mx\/index.php\/2018\/12\/27\/fin-de-ano-exitoso-para-caribe-mexicano-a-pesar-de-los-pesares\/\"]}]},{\"@type\":\"ImageObject\",\"inLanguage\":\"es-MX\",\"@id\":\"https:\/\/nitu.mx\/index.php\/2018\/12\/27\/fin-de-ano-exitoso-para-caribe-mexicano-a-pesar-de-los-pesares\/#primaryimage\",\"url\":\"https:\/\/nitu.mx\/wp-content\/uploads\/2018\/10\/Caribe-mexicano-trump.jpg\",\"contentUrl\":\"https:\/\/nitu.mx\/wp-content\/uploads\/2018\/10\/Caribe-mexicano-trump.jpg\",\"width\":850,\"height\":480,\"caption\":\"Caribe mexicano trump amav\"},{\"@type\":\"BreadcrumbList\",\"@id\":\"https:\/\/nitu.mx\/index.php\/2018\/12\/27\/fin-de-ano-exitoso-para-caribe-mexicano-a-pesar-de-los-pesares\/#breadcrumb\",\"itemListElement\":[{\"@type\":\"ListItem\",\"position\":1,\"name\":\"Inicio\",\"item\":\"https:\/\/nitu.mx\/\"},{\"@type\":\"ListItem\",\"position\":2,\"name\":\"Fin de a\u00f1o exitoso para Caribe Mexicano a pesar de los pesares\"}]},{\"@type\":\"WebSite\",\"@id\":\"https:\/\/nitu.mx\/#website\",\"url\":\"https:\/\/nitu.mx\/\",\"name\":\"Nitu - Noticias de la Industria Turistica\",\"description\":\"Noticias de la Industria Turistica\",\"publisher\":{\"@id\":\"https:\/\/nitu.mx\/#\/schema\/person\/ae7a53426417292d3dd07b45a33e01bc\"},\"alternateName\":\"Noticias de la Industria Turistica\",\"potentialAction\":[{\"@type\":\"SearchAction\",\"target\":{\"@type\":\"EntryPoint\",\"urlTemplate\":\"https:\/\/nitu.mx\/?s={search_term_string}\"},\"query-input\":\"required name=search_term_string\"}],\"inLanguage\":\"es-MX\"},{\"@type\":[\"Person\",\"Organization\"],\"@id\":\"https:\/\/nitu.mx\/#\/schema\/person\/ae7a53426417292d3dd07b45a33e01bc\",\"name\":\"Arturo Medina\",\"image\":{\"@type\":\"ImageObject\",\"inLanguage\":\"es-MX\",\"@id\":\"https:\/\/nitu.mx\/#\/schema\/person\/image\/\",\"url\":\"https:\/\/nitu.mx\/wp-content\/uploads\/2024\/04\/4A315622-1904-4D5C-B022-878CDC840E04-90x90-1.jpeg\",\"contentUrl\":\"https:\/\/nitu.mx\/wp-content\/uploads\/2024\/04\/4A315622-1904-4D5C-B022-878CDC840E04-90x90-1.jpeg\",\"width\":90,\"height\":90,\"caption\":\"Arturo Medina\"},\"logo\":{\"@id\":\"https:\/\/nitu.mx\/#\/schema\/person\/image\/\"},\"description\":\"Director NITU.mx, Egresado de la Escuela de Periodismo Carlos Septi\u00e9n Garc\u00eda. Periodista y analista especializado en turismo desde hace 35 a\u00f1os, radicado en Canc\u00fan Q.Roo. arturo@nitu.mx\",\"sameAs\":[\"https:\/\/nitu.mx\",\"https:\/\/www.facebook.com\/NITUmx\/\",\"medinacancun\",\"https:\/\/twitter.com\/@Arturo_Medina_G\"]},{\"@type\":\"Person\",\"@id\":\"https:\/\/nitu.mx\/#\/schema\/person\/2ecd887b19dfd3382d1f14fc5acf24a8\",\"name\":\"Alejandra Moncisbays\",\"image\":{\"@type\":\"ImageObject\",\"inLanguage\":\"es-MX\",\"@id\":\"https:\/\/nitu.mx\/#\/schema\/person\/image\/\",\"url\":\"https:\/\/secure.gravatar.com\/avatar\/e74f7af0be172b7804dacfd0bfbef787?s=96&d=mm&r=g\",\"contentUrl\":\"https:\/\/secure.gravatar.com\/avatar\/e74f7af0be172b7804dacfd0bfbef787?s=96&d=mm&r=g\",\"caption\":\"Alejandra Moncisbays\"},\"description\":\"Curs\u00e9 la carrera de Periodismo y Comunicaci\u00f3n en la Facultad de Estudios Profesionales Acatl\u00e1n. Vivo en Canc\u00fan desde hace 24 a\u00f1os. Fui reportera de La Tarde de Canc\u00fan, y Novedades de Quintana Roo, colabor\u00e9 en TVCUN, edit\u00e9 Cancun\u00edssimo y colabor\u00e9 en las revistas Latitud21, entre otras, con principal enfoque en los sectores empresarial y tur\u00edstico. Desde hace varios a\u00f1os soy Agente de Seguros con c\u00e9dula de la Comisi\u00f3n Nacional de Seguros y Fianzas. Actualmente, me desarrollo en los \u00e1mbitos del periodismo y el sector asegurador.\",\"sameAs\":[\"https:\/\/nitu.mx\"],\"url\":\"https:\/\/nitu.mx\/index.php\/author\/alejandra\/\"}]}<\/script>\n<!-- \/ Yoast SEO plugin. -->","yoast_head_json":{"title":"Fin de a\u00f1o exitoso para Caribe Mexicano a pesar de los pesares - Nitu - Noticias de la Industria Turistica","description":"De acuerdo con cifras de Quintana Roo Riviera Maya y Canc\u00fan se ubicaron este fin de a\u00f1o en los primeros lugares de ocupaci\u00f3n hotelera en M\u00e9xico.","robots":{"index":"index","follow":"follow","max-snippet":"max-snippet:-1","max-image-preview":"max-image-preview:large","max-video-preview":"max-video-preview:-1"},"canonical":"https:\/\/nitu.mx\/index.php\/2018\/12\/27\/fin-de-ano-exitoso-para-caribe-mexicano-a-pesar-de-los-pesares\/","twitter_card":"summary_large_image","twitter_title":"Fin de a\u00f1o exitoso para Caribe Mexicano a pesar de los pesares - Nitu - Noticias de la Industria Turistica","twitter_description":"De acuerdo con cifras de Quintana Roo Riviera Maya y Canc\u00fan se ubicaron este fin de a\u00f1o en los primeros lugares de ocupaci\u00f3n hotelera en M\u00e9xico.","twitter_image":"https:\/\/nitu.mx\/wp-content\/uploads\/2018\/10\/Caribe-mexicano-trump.jpg","twitter_creator":"@NITUmx","twitter_site":"@Arturo_Medina_G","twitter_misc":{"Escrito por":"Alejandra Moncisbays","Tiempo de lectura":"2 minutos"},"schema":{"@context":"https:\/\/schema.org","@graph":[{"@type":"Article","@id":"https:\/\/nitu.mx\/index.php\/2018\/12\/27\/fin-de-ano-exitoso-para-caribe-mexicano-a-pesar-de-los-pesares\/#article","isPartOf":{"@id":"https:\/\/nitu.mx\/index.php\/2018\/12\/27\/fin-de-ano-exitoso-para-caribe-mexicano-a-pesar-de-los-pesares\/"},"author":{"name":"Alejandra Moncisbays","@id":"https:\/\/nitu.mx\/#\/schema\/person\/2ecd887b19dfd3382d1f14fc5acf24a8"},"headline":"Fin de a\u00f1o exitoso para Caribe Mexicano a pesar de los pesares","datePublished":"2018-12-28T04:59:01+00:00","dateModified":"2018-12-28T06:13:14+00:00","mainEntityOfPage":{"@id":"https:\/\/nitu.mx\/index.php\/2018\/12\/27\/fin-de-ano-exitoso-para-caribe-mexicano-a-pesar-de-los-pesares\/"},"wordCount":420,"commentCount":0,"publisher":{"@id":"https:\/\/nitu.mx\/#\/schema\/person\/ae7a53426417292d3dd07b45a33e01bc"},"image":{"@id":"https:\/\/nitu.mx\/index.php\/2018\/12\/27\/fin-de-ano-exitoso-para-caribe-mexicano-a-pesar-de-los-pesares\/#primaryimage"},"thumbnailUrl":"https:\/\/nitu.mx\/wp-content\/uploads\/2018\/10\/Caribe-mexicano-trump.jpg","keywords":["Canc\u00fan","M\u00e9xico","ocupaci\u00f3n hotelera","Quintana Roo","Riviera Maya","Warnings"],"articleSection":["Destinos","Marketing"],"inLanguage":"es-MX","potentialAction":[{"@type":"CommentAction","name":"Comment","target":["https:\/\/nitu.mx\/index.php\/2018\/12\/27\/fin-de-ano-exitoso-para-caribe-mexicano-a-pesar-de-los-pesares\/#respond"]}]},{"@type":"WebPage","@id":"https:\/\/nitu.mx\/index.php\/2018\/12\/27\/fin-de-ano-exitoso-para-caribe-mexicano-a-pesar-de-los-pesares\/","url":"https:\/\/nitu.mx\/index.php\/2018\/12\/27\/fin-de-ano-exitoso-para-caribe-mexicano-a-pesar-de-los-pesares\/","name":"Fin de a\u00f1o exitoso para Caribe Mexicano a pesar de los pesares - Nitu - Noticias de la Industria Turistica","isPartOf":{"@id":"https:\/\/nitu.mx\/#website"},"primaryImageOfPage":{"@id":"https:\/\/nitu.mx\/index.php\/2018\/12\/27\/fin-de-ano-exitoso-para-caribe-mexicano-a-pesar-de-los-pesares\/#primaryimage"},"image":{"@id":"https:\/\/nitu.mx\/index.php\/2018\/12\/27\/fin-de-ano-exitoso-para-caribe-mexicano-a-pesar-de-los-pesares\/#primaryimage"},"thumbnailUrl":"https:\/\/nitu.mx\/wp-content\/uploads\/2018\/10\/Caribe-mexicano-trump.jpg","datePublished":"2018-12-28T04:59:01+00:00","dateModified":"2018-12-28T06:13:14+00:00","description":"De acuerdo con cifras de Quintana Roo Riviera Maya y Canc\u00fan se ubicaron este fin de a\u00f1o en los primeros lugares de ocupaci\u00f3n hotelera en M\u00e9xico.","breadcrumb":{"@id":"https:\/\/nitu.mx\/index.php\/2018\/12\/27\/fin-de-ano-exitoso-para-caribe-mexicano-a-pesar-de-los-pesares\/#breadcrumb"},"inLanguage":"es-MX","potentialAction":[{"@type":"ReadAction","target":["https:\/\/nitu.mx\/index.php\/2018\/12\/27\/fin-de-ano-exitoso-para-caribe-mexicano-a-pesar-de-los-pesares\/"]}]},{"@type":"ImageObject","inLanguage":"es-MX","@id":"https:\/\/nitu.mx\/index.php\/2018\/12\/27\/fin-de-ano-exitoso-para-caribe-mexicano-a-pesar-de-los-pesares\/#primaryimage","url":"https:\/\/nitu.mx\/wp-content\/uploads\/2018\/10\/Caribe-mexicano-trump.jpg","contentUrl":"https:\/\/nitu.mx\/wp-content\/uploads\/2018\/10\/Caribe-mexicano-trump.jpg","width":850,"height":480,"caption":"Caribe mexicano trump amav"},{"@type":"BreadcrumbList","@id":"https:\/\/nitu.mx\/index.php\/2018\/12\/27\/fin-de-ano-exitoso-para-caribe-mexicano-a-pesar-de-los-pesares\/#breadcrumb","itemListElement":[{"@type":"ListItem","position":1,"name":"Inicio","item":"https:\/\/nitu.mx\/"},{"@type":"ListItem","position":2,"name":"Fin de a\u00f1o exitoso para Caribe Mexicano a pesar de los pesares"}]},{"@type":"WebSite","@id":"https:\/\/nitu.mx\/#website","url":"https:\/\/nitu.mx\/","name":"Nitu - Noticias de la Industria Turistica","description":"Noticias de la Industria Turistica","publisher":{"@id":"https:\/\/nitu.mx\/#\/schema\/person\/ae7a53426417292d3dd07b45a33e01bc"},"alternateName":"Noticias de la Industria Turistica","potentialAction":[{"@type":"SearchAction","target":{"@type":"EntryPoint","urlTemplate":"https:\/\/nitu.mx\/?s={search_term_string}"},"query-input":"required name=search_term_string"}],"inLanguage":"es-MX"},{"@type":["Person","Organization"],"@id":"https:\/\/nitu.mx\/#\/schema\/person\/ae7a53426417292d3dd07b45a33e01bc","name":"Arturo Medina","image":{"@type":"ImageObject","inLanguage":"es-MX","@id":"https:\/\/nitu.mx\/#\/schema\/person\/image\/","url":"https:\/\/nitu.mx\/wp-content\/uploads\/2024\/04\/4A315622-1904-4D5C-B022-878CDC840E04-90x90-1.jpeg","contentUrl":"https:\/\/nitu.mx\/wp-content\/uploads\/2024\/04\/4A315622-1904-4D5C-B022-878CDC840E04-90x90-1.jpeg","width":90,"height":90,"caption":"Arturo Medina"},"logo":{"@id":"https:\/\/nitu.mx\/#\/schema\/person\/image\/"},"description":"Director NITU.mx, Egresado de la Escuela de Periodismo Carlos Septi\u00e9n Garc\u00eda. Periodista y analista especializado en turismo desde hace 35 a\u00f1os, radicado en Canc\u00fan Q.Roo. arturo@nitu.mx","sameAs":["https:\/\/nitu.mx","https:\/\/www.facebook.com\/NITUmx\/","medinacancun","https:\/\/twitter.com\/@Arturo_Medina_G"]},{"@type":"Person","@id":"https:\/\/nitu.mx\/#\/schema\/person\/2ecd887b19dfd3382d1f14fc5acf24a8","name":"Alejandra Moncisbays","image":{"@type":"ImageObject","inLanguage":"es-MX","@id":"https:\/\/nitu.mx\/#\/schema\/person\/image\/","url":"https:\/\/secure.gravatar.com\/avatar\/e74f7af0be172b7804dacfd0bfbef787?s=96&d=mm&r=g","contentUrl":"https:\/\/secure.gravatar.com\/avatar\/e74f7af0be172b7804dacfd0bfbef787?s=96&d=mm&r=g","caption":"Alejandra Moncisbays"},"description":"Curs\u00e9 la carrera de Periodismo y Comunicaci\u00f3n en la Facultad de Estudios Profesionales Acatl\u00e1n. Vivo en Canc\u00fan desde hace 24 a\u00f1os. Fui reportera de La Tarde de Canc\u00fan, y Novedades de Quintana Roo, colabor\u00e9 en TVCUN, edit\u00e9 Cancun\u00edssimo y colabor\u00e9 en las revistas Latitud21, entre otras, con principal enfoque en los sectores empresarial y tur\u00edstico. Desde hace varios a\u00f1os soy Agente de Seguros con c\u00e9dula de la Comisi\u00f3n Nacional de Seguros y Fianzas. Actualmente, me desarrollo en los \u00e1mbitos del periodismo y el sector asegurador.","sameAs":["https:\/\/nitu.mx"],"url":"https:\/\/nitu.mx\/index.php\/author\/alejandra\/"}]}},"views":237,"_links":{"self":[{"href":"https:\/\/nitu.mx\/index.php\/wp-json\/wp\/v2\/posts\/27867"}],"collection":[{"href":"https:\/\/nitu.mx\/index.php\/wp-json\/wp\/v2\/posts"}],"about":[{"href":"https:\/\/nitu.mx\/index.php\/wp-json\/wp\/v2\/types\/post"}],"author":[{"embeddable":true,"href":"https:\/\/nitu.mx\/index.php\/wp-json\/wp\/v2\/users\/3"}],"replies":[{"embeddable":true,"href":"https:\/\/nitu.mx\/index.php\/wp-json\/wp\/v2\/comments?post=27867"}],"version-history":[{"count":3,"href":"https:\/\/nitu.mx\/index.php\/wp-json\/wp\/v2\/posts\/27867\/revisions"}],"predecessor-version":[{"id":27872,"href":"https:\/\/nitu.mx\/index.php\/wp-json\/wp\/v2\/posts\/27867\/revisions\/27872"}],"wp:featuredmedia":[{"embeddable":true,"href":"https:\/\/nitu.mx\/index.php\/wp-json\/wp\/v2\/media\/25607"}],"wp:attachment":[{"href":"https:\/\/nitu.mx\/index.php\/wp-json\/wp\/v2\/media?parent=27867"}],"wp:term":[{"taxonomy":"category","embeddable":true,"href":"https:\/\/nitu.mx\/index.php\/wp-json\/wp\/v2\/categories?post=27867"},{"taxonomy":"post_tag","embeddable":true,"href":"https:\/\/nitu.mx\/index.php\/wp-json\/wp\/v2\/tags?post=27867"}],"curies":[{"name":"wp","href":"https:\/\/api.w.org\/{rel}","templated":true}]}}