{"id":27862,"date":"2018-12-28T00:10:15","date_gmt":"2018-12-28T05:10:15","guid":{"rendered":"https:\/\/www.dev.nitu.mx\/?p=27862"},"modified":"2018-12-28T01:12:53","modified_gmt":"2018-12-28T06:12:53","slug":"uber-evalua-regreso-a-cancun-tras-ganar-una-suspension-definitiva","status":"publish","type":"post","link":"https:\/\/nitu.mx\/index.php\/2018\/12\/28\/uber-evalua-regreso-a-cancun-tras-ganar-una-suspension-definitiva\/","title":{"rendered":"Uber eval\u00faa regreso a Canc\u00fan tras ganar una suspensi\u00f3n definitiva"},"content":{"rendered":"<p>Uber M\u00e9xico, inform\u00f3 que la empresa logr\u00f3 la suspensi\u00f3n definitiva de varios apartados de la Ley de Movilidad del estado de Quintana Roo para que los servicios que se prestan a trav\u00e9s de su plataforma digital se consideren de car\u00e1cter privado y no se regulen bajo un modelo de concesi\u00f3n p\u00fablica.<\/p>\n<p>Tras una suspensi\u00f3n definitiva para que los servicios que se prestan a trav\u00e9s de la aplicaci\u00f3n de Uber se consideren de car\u00e1cter privado y no se regulen bajo un modelo de concesi\u00f3n, se eval\u00faa ya la forma en que regresar\u00e1n a operar a Canc\u00fan.<\/p>\n<p>Sa\u00fal Crespo, gerente de Comunicaci\u00f3n de Uber M\u00e9xico, confirm\u00f3 que actualmente est\u00e1n evaluando posibles escenarios para su regreso a Canc\u00fan, con el compromiso de reiniciar operaciones de la mejor forma posible.<\/p>\n<p>\u201cRespecto a nuestras operaciones en Canc\u00fan confirmamos que el pasado 5 de diciembre un juez federal otorg\u00f3 una suspensi\u00f3n definitiva para que los servicios que se prestan a trav\u00e9s de la aplicaci\u00f3n de Uber se consideren de car\u00e1cter privado y no se regulen bajo un modelo de concesi\u00f3n\u201d, detall\u00f3 mediante un comunicado. (<a title=\"UBER entrar\u00eda a Canc\u00fan\u2026 a llevar comida a domicilio\" href=\"https:\/\/www.dev.nitu.mx\/index.php\/2018\/09\/21\/uber-entraria-a-cancun-a-llevar-comida-a-domicilio\/\" rel=\"bookmark\">UBER entrar\u00eda a Canc\u00fan\u2026 a llevar comida a domicilio<\/a>).<\/p>\n<p>En este sentido reiter\u00f3 que existe total voluntad para colaborar con las autoridades y continuar en la construcci\u00f3n de una regulaci\u00f3n incluyente e innovadora, que beneficie a la mayor\u00eda de la poblaci\u00f3n.<\/p>\n<p>Pero especialmente, agradeciendo el gran apoyo de la sociedad civil y organizaciones empresariales que han externado en reiteradas ocasiones su voluntad para que Uber regrese a Canc\u00fan, tanto con declaraciones p\u00fablicas, manifestaciones y a trav\u00e9s de redes sociales.<\/p>\n<p>\u201cDe esta forma, se garantiza que miles de cancunenses puedan acceder a nuevas oportunidades de autoempleo y movilidad, y que millones de turistas que llegan a la ciudad a\u00f1o con a\u00f1o cuenten con formas innovadoras de moverse\u201d, puntualiz\u00f3.<\/p>\n<p>Durante el tiempo que estuvo operando Uber se calcula que el gobierno del Estado a trav\u00e9s de Sintra, logr\u00f3 \u201crecaudar\u201d m\u00e1s de 200 millones de pesos en multas. La multa para liberar cada unidad ascend\u00eda a los 58 mil pesos.<\/p>\n<p>En mayo de este mismo a\u00f1o, el Congreso de Quintana Roo aprob\u00f3 la nueva ley de Movilidad del Estado, la cual entr\u00f3 en vigor tres meses despu\u00e9s, con la obligaci\u00f3n de que las plataformas digitales de transporte tuviesen que tramitar una concesi\u00f3n otorgada por el nuevo Instituto del Movilidad y Transporte.<\/p>\n<p>Dicha obligaci\u00f3n se basaba en la redacci\u00f3n del art\u00edculo 3 de la Ley de Movilidad del estado de Quintana Roo, la cual establece que \u201ctodo veh\u00edculo de Servicio P\u00fablico o Privado de Transporte, que utilicen las v\u00edas y carreteras del Estado y perciban remuneraci\u00f3n econ\u00f3mica por prestar dicho servicio, deber\u00e1n contar con la concesi\u00f3n, permiso o autorizaci\u00f3n del Instituto de Movilidad de Quintana Roo, mediante el documento que al efecto otorgue el titular de \u00e9ste, conforme a las disposiciones de esta Ley y su Reglamento.<\/p>\n<p>\u201cAsimismo, la prestaci\u00f3n del servicio p\u00fablico de transporte contratado a trav\u00e9s de plataformas tecnol\u00f3gicas o digitales requerir\u00e1 contar con la concesi\u00f3n del Instituto, mediante el documento que al efecto otorgue el titular de \u00e9ste, \u00fanicamente conforme a la regulaci\u00f3n prevista en el Cap\u00edtulo S\u00e9ptimo del T\u00edtulo Cuarto de esta Ley y su Reglamento\u201d.<\/p>\n<p>Se agreg\u00f3 adem\u00e1s el art\u00edculo 149 a dicha la dicha la Ley de Movilidad, en el que se establece que \u201cel servicio de transporte contratado a trav\u00e9s de plataformas digitales s\u00f3lo podr\u00e1 ser prestado por quienes cuenten con un permiso expedido por el Instituto de Movilidad de Quintana Roo\u201d.<\/p>\n<p>En el art\u00edculo 150 se a\u00f1ade que \u201cel Instituto tendr\u00e1 la facultad de otorgar las autorizaciones a las personas morales que medien o promuevan la contrataci\u00f3n del servicio de transporte entre particulares y permisionarios a trav\u00e9s de plataformas digitales, conforme a lo dispuesto por la presente ley y su reglamento\u201d. (Noticaribe y El Economista)<\/p>\n","protected":false},"excerpt":{"rendered":"<p>Uber M\u00e9xico, inform\u00f3 que la empresa logr\u00f3 la suspensi\u00f3n definitiva de varios apartados de la Ley de Movilidad del estado de Quintana Roo para que los servicios que se prestan a trav\u00e9s de su plataforma digital se consideren de car\u00e1cter privado y no se regulen bajo un modelo de concesi\u00f3n p\u00fablica. Tras una suspensi\u00f3n definitiva [&hellip;]<\/p>\n","protected":false},"author":17,"featured_media":27873,"comment_status":"open","ping_status":"open","sticky":false,"template":"","format":"standard","meta":{"footnotes":""},"categories":[12,6],"tags":[5449,43,4545,260,288],"yoast_head":"<!-- This site is optimized with the Yoast SEO plugin v22.2 - https:\/\/yoast.com\/wordpress\/plugins\/seo\/ -->\n<title>Uber eval\u00faa regreso a Canc\u00fan tras ganar una suspensi\u00f3n definitiva - Nitu - Noticias de la Industria Turistica<\/title>\n<meta name=\"description\" content=\"Uber M\u00e9xico, eval\u00faa posibles escenarios para su regreso a Canc\u00fan, con el compromiso de reiniciar operaciones de la mejor forma posible.\" \/>\n<meta name=\"robots\" content=\"index, follow, max-snippet:-1, max-image-preview:large, max-video-preview:-1\" \/>\n<link rel=\"canonical\" href=\"https:\/\/nitu.mx\/index.php\/2018\/12\/28\/uber-evalua-regreso-a-cancun-tras-ganar-una-suspension-definitiva\/\" \/>\n<meta name=\"twitter:card\" content=\"summary_large_image\" \/>\n<meta name=\"twitter:title\" content=\"Uber eval\u00faa regreso a Canc\u00fan tras ganar una suspensi\u00f3n definitiva - Nitu - Noticias de la Industria Turistica\" \/>\n<meta name=\"twitter:description\" content=\"Uber M\u00e9xico, eval\u00faa posibles escenarios para su regreso a Canc\u00fan, con el compromiso de reiniciar operaciones de la mejor forma posible.\" \/>\n<meta name=\"twitter:image\" content=\"https:\/\/nitu.mx\/wp-content\/uploads\/2018\/12\/uber-cancun.jpg\" \/>\n<meta name=\"twitter:creator\" content=\"@NITUmx\" \/>\n<meta name=\"twitter:site\" content=\"@Arturo_Medina_G\" \/>\n<meta name=\"twitter:label1\" content=\"Escrito por\" \/>\n\t<meta name=\"twitter:data1\" content=\"Redacci\u00f3n\" \/>\n\t<meta name=\"twitter:label2\" content=\"Tiempo de lectura\" \/>\n\t<meta name=\"twitter:data2\" content=\"3 minutos\" \/>\n<script type=\"application\/ld+json\" class=\"yoast-schema-graph\">{\"@context\":\"https:\/\/schema.org\",\"@graph\":[{\"@type\":\"Article\",\"@id\":\"https:\/\/nitu.mx\/index.php\/2018\/12\/28\/uber-evalua-regreso-a-cancun-tras-ganar-una-suspension-definitiva\/#article\",\"isPartOf\":{\"@id\":\"https:\/\/nitu.mx\/index.php\/2018\/12\/28\/uber-evalua-regreso-a-cancun-tras-ganar-una-suspension-definitiva\/\"},\"author\":{\"name\":\"Redacci\u00f3n\",\"@id\":\"https:\/\/nitu.mx\/#\/schema\/person\/4a28fe9bd65924f7c90623773daf1b0b\"},\"headline\":\"Uber eval\u00faa regreso a Canc\u00fan tras ganar una suspensi\u00f3n definitiva\",\"datePublished\":\"2018-12-28T05:10:15+00:00\",\"dateModified\":\"2018-12-28T06:12:53+00:00\",\"mainEntityOfPage\":{\"@id\":\"https:\/\/nitu.mx\/index.php\/2018\/12\/28\/uber-evalua-regreso-a-cancun-tras-ganar-una-suspension-definitiva\/\"},\"wordCount\":705,\"commentCount\":0,\"publisher\":{\"@id\":\"https:\/\/nitu.mx\/#\/schema\/person\/ae7a53426417292d3dd07b45a33e01bc\"},\"image\":{\"@id\":\"https:\/\/nitu.mx\/index.php\/2018\/12\/28\/uber-evalua-regreso-a-cancun-tras-ganar-una-suspension-definitiva\/#primaryimage\"},\"thumbnailUrl\":\"https:\/\/nitu.mx\/wp-content\/uploads\/2018\/12\/uber-cancun.jpg\",\"keywords\":[\"Amparo\",\"Canc\u00fan\",\"ley de movilidad\",\"Quintana Roo\",\"Uber\"],\"articleSection\":[\"Marketing\",\"M\u00e9xico\"],\"inLanguage\":\"es-MX\",\"potentialAction\":[{\"@type\":\"CommentAction\",\"name\":\"Comment\",\"target\":[\"https:\/\/nitu.mx\/index.php\/2018\/12\/28\/uber-evalua-regreso-a-cancun-tras-ganar-una-suspension-definitiva\/#respond\"]}]},{\"@type\":\"WebPage\",\"@id\":\"https:\/\/nitu.mx\/index.php\/2018\/12\/28\/uber-evalua-regreso-a-cancun-tras-ganar-una-suspension-definitiva\/\",\"url\":\"https:\/\/nitu.mx\/index.php\/2018\/12\/28\/uber-evalua-regreso-a-cancun-tras-ganar-una-suspension-definitiva\/\",\"name\":\"Uber eval\u00faa regreso a Canc\u00fan tras ganar una suspensi\u00f3n definitiva - Nitu - Noticias de la Industria Turistica\",\"isPartOf\":{\"@id\":\"https:\/\/nitu.mx\/#website\"},\"primaryImageOfPage\":{\"@id\":\"https:\/\/nitu.mx\/index.php\/2018\/12\/28\/uber-evalua-regreso-a-cancun-tras-ganar-una-suspension-definitiva\/#primaryimage\"},\"image\":{\"@id\":\"https:\/\/nitu.mx\/index.php\/2018\/12\/28\/uber-evalua-regreso-a-cancun-tras-ganar-una-suspension-definitiva\/#primaryimage\"},\"thumbnailUrl\":\"https:\/\/nitu.mx\/wp-content\/uploads\/2018\/12\/uber-cancun.jpg\",\"datePublished\":\"2018-12-28T05:10:15+00:00\",\"dateModified\":\"2018-12-28T06:12:53+00:00\",\"description\":\"Uber M\u00e9xico, eval\u00faa posibles escenarios para su regreso a Canc\u00fan, con el compromiso de reiniciar operaciones de la mejor forma posible.\",\"breadcrumb\":{\"@id\":\"https:\/\/nitu.mx\/index.php\/2018\/12\/28\/uber-evalua-regreso-a-cancun-tras-ganar-una-suspension-definitiva\/#breadcrumb\"},\"inLanguage\":\"es-MX\",\"potentialAction\":[{\"@type\":\"ReadAction\",\"target\":[\"https:\/\/nitu.mx\/index.php\/2018\/12\/28\/uber-evalua-regreso-a-cancun-tras-ganar-una-suspension-definitiva\/\"]}]},{\"@type\":\"ImageObject\",\"inLanguage\":\"es-MX\",\"@id\":\"https:\/\/nitu.mx\/index.php\/2018\/12\/28\/uber-evalua-regreso-a-cancun-tras-ganar-una-suspension-definitiva\/#primaryimage\",\"url\":\"https:\/\/nitu.mx\/wp-content\/uploads\/2018\/12\/uber-cancun.jpg\",\"contentUrl\":\"https:\/\/nitu.mx\/wp-content\/uploads\/2018\/12\/uber-cancun.jpg\",\"width\":850,\"height\":480,\"caption\":\"uber canc\u00fan\"},{\"@type\":\"BreadcrumbList\",\"@id\":\"https:\/\/nitu.mx\/index.php\/2018\/12\/28\/uber-evalua-regreso-a-cancun-tras-ganar-una-suspension-definitiva\/#breadcrumb\",\"itemListElement\":[{\"@type\":\"ListItem\",\"position\":1,\"name\":\"Inicio\",\"item\":\"https:\/\/nitu.mx\/\"},{\"@type\":\"ListItem\",\"position\":2,\"name\":\"Uber eval\u00faa regreso a Canc\u00fan tras ganar una suspensi\u00f3n definitiva\"}]},{\"@type\":\"WebSite\",\"@id\":\"https:\/\/nitu.mx\/#website\",\"url\":\"https:\/\/nitu.mx\/\",\"name\":\"Nitu - Noticias de la Industria Turistica\",\"description\":\"Noticias de la Industria Turistica\",\"publisher\":{\"@id\":\"https:\/\/nitu.mx\/#\/schema\/person\/ae7a53426417292d3dd07b45a33e01bc\"},\"alternateName\":\"Noticias de la Industria Turistica\",\"potentialAction\":[{\"@type\":\"SearchAction\",\"target\":{\"@type\":\"EntryPoint\",\"urlTemplate\":\"https:\/\/nitu.mx\/?s={search_term_string}\"},\"query-input\":\"required name=search_term_string\"}],\"inLanguage\":\"es-MX\"},{\"@type\":[\"Person\",\"Organization\"],\"@id\":\"https:\/\/nitu.mx\/#\/schema\/person\/ae7a53426417292d3dd07b45a33e01bc\",\"name\":\"Arturo Medina\",\"image\":{\"@type\":\"ImageObject\",\"inLanguage\":\"es-MX\",\"@id\":\"https:\/\/nitu.mx\/#\/schema\/person\/image\/\",\"url\":\"https:\/\/nitu.mx\/wp-content\/uploads\/2024\/04\/4A315622-1904-4D5C-B022-878CDC840E04-90x90-1.jpeg\",\"contentUrl\":\"https:\/\/nitu.mx\/wp-content\/uploads\/2024\/04\/4A315622-1904-4D5C-B022-878CDC840E04-90x90-1.jpeg\",\"width\":90,\"height\":90,\"caption\":\"Arturo Medina\"},\"logo\":{\"@id\":\"https:\/\/nitu.mx\/#\/schema\/person\/image\/\"},\"description\":\"Director NITU.mx, Egresado de la Escuela de Periodismo Carlos Septi\u00e9n Garc\u00eda. Periodista y analista especializado en turismo desde hace 35 a\u00f1os, radicado en Canc\u00fan Q.Roo. arturo@nitu.mx\",\"sameAs\":[\"https:\/\/nitu.mx\",\"https:\/\/www.facebook.com\/NITUmx\/\",\"medinacancun\",\"https:\/\/twitter.com\/@Arturo_Medina_G\"]},{\"@type\":\"Person\",\"@id\":\"https:\/\/nitu.mx\/#\/schema\/person\/4a28fe9bd65924f7c90623773daf1b0b\",\"name\":\"Redacci\u00f3n\",\"image\":{\"@type\":\"ImageObject\",\"inLanguage\":\"es-MX\",\"@id\":\"https:\/\/nitu.mx\/#\/schema\/person\/image\/\",\"url\":\"https:\/\/secure.gravatar.com\/avatar\/5dd011c8ccfc5cd7e4c81e42252aab38?s=96&d=mm&r=g\",\"contentUrl\":\"https:\/\/secure.gravatar.com\/avatar\/5dd011c8ccfc5cd7e4c81e42252aab38?s=96&d=mm&r=g\",\"caption\":\"Redacci\u00f3n\"},\"url\":\"https:\/\/nitu.mx\/index.php\/author\/redaccion\/\"}]}<\/script>\n<!-- \/ Yoast SEO plugin. -->","yoast_head_json":{"title":"Uber eval\u00faa regreso a Canc\u00fan tras ganar una suspensi\u00f3n definitiva - Nitu - Noticias de la Industria Turistica","description":"Uber M\u00e9xico, eval\u00faa posibles escenarios para su regreso a Canc\u00fan, con el compromiso de reiniciar operaciones de la mejor forma posible.","robots":{"index":"index","follow":"follow","max-snippet":"max-snippet:-1","max-image-preview":"max-image-preview:large","max-video-preview":"max-video-preview:-1"},"canonical":"https:\/\/nitu.mx\/index.php\/2018\/12\/28\/uber-evalua-regreso-a-cancun-tras-ganar-una-suspension-definitiva\/","twitter_card":"summary_large_image","twitter_title":"Uber eval\u00faa regreso a Canc\u00fan tras ganar una suspensi\u00f3n definitiva - Nitu - Noticias de la Industria Turistica","twitter_description":"Uber M\u00e9xico, eval\u00faa posibles escenarios para su regreso a Canc\u00fan, con el compromiso de reiniciar operaciones de la mejor forma posible.","twitter_image":"https:\/\/nitu.mx\/wp-content\/uploads\/2018\/12\/uber-cancun.jpg","twitter_creator":"@NITUmx","twitter_site":"@Arturo_Medina_G","twitter_misc":{"Escrito por":"Redacci\u00f3n","Tiempo de lectura":"3 minutos"},"schema":{"@context":"https:\/\/schema.org","@graph":[{"@type":"Article","@id":"https:\/\/nitu.mx\/index.php\/2018\/12\/28\/uber-evalua-regreso-a-cancun-tras-ganar-una-suspension-definitiva\/#article","isPartOf":{"@id":"https:\/\/nitu.mx\/index.php\/2018\/12\/28\/uber-evalua-regreso-a-cancun-tras-ganar-una-suspension-definitiva\/"},"author":{"name":"Redacci\u00f3n","@id":"https:\/\/nitu.mx\/#\/schema\/person\/4a28fe9bd65924f7c90623773daf1b0b"},"headline":"Uber eval\u00faa regreso a Canc\u00fan tras ganar una suspensi\u00f3n definitiva","datePublished":"2018-12-28T05:10:15+00:00","dateModified":"2018-12-28T06:12:53+00:00","mainEntityOfPage":{"@id":"https:\/\/nitu.mx\/index.php\/2018\/12\/28\/uber-evalua-regreso-a-cancun-tras-ganar-una-suspension-definitiva\/"},"wordCount":705,"commentCount":0,"publisher":{"@id":"https:\/\/nitu.mx\/#\/schema\/person\/ae7a53426417292d3dd07b45a33e01bc"},"image":{"@id":"https:\/\/nitu.mx\/index.php\/2018\/12\/28\/uber-evalua-regreso-a-cancun-tras-ganar-una-suspension-definitiva\/#primaryimage"},"thumbnailUrl":"https:\/\/nitu.mx\/wp-content\/uploads\/2018\/12\/uber-cancun.jpg","keywords":["Amparo","Canc\u00fan","ley de movilidad","Quintana Roo","Uber"],"articleSection":["Marketing","M\u00e9xico"],"inLanguage":"es-MX","potentialAction":[{"@type":"CommentAction","name":"Comment","target":["https:\/\/nitu.mx\/index.php\/2018\/12\/28\/uber-evalua-regreso-a-cancun-tras-ganar-una-suspension-definitiva\/#respond"]}]},{"@type":"WebPage","@id":"https:\/\/nitu.mx\/index.php\/2018\/12\/28\/uber-evalua-regreso-a-cancun-tras-ganar-una-suspension-definitiva\/","url":"https:\/\/nitu.mx\/index.php\/2018\/12\/28\/uber-evalua-regreso-a-cancun-tras-ganar-una-suspension-definitiva\/","name":"Uber eval\u00faa regreso a Canc\u00fan tras ganar una suspensi\u00f3n definitiva - Nitu - Noticias de la Industria Turistica","isPartOf":{"@id":"https:\/\/nitu.mx\/#website"},"primaryImageOfPage":{"@id":"https:\/\/nitu.mx\/index.php\/2018\/12\/28\/uber-evalua-regreso-a-cancun-tras-ganar-una-suspension-definitiva\/#primaryimage"},"image":{"@id":"https:\/\/nitu.mx\/index.php\/2018\/12\/28\/uber-evalua-regreso-a-cancun-tras-ganar-una-suspension-definitiva\/#primaryimage"},"thumbnailUrl":"https:\/\/nitu.mx\/wp-content\/uploads\/2018\/12\/uber-cancun.jpg","datePublished":"2018-12-28T05:10:15+00:00","dateModified":"2018-12-28T06:12:53+00:00","description":"Uber M\u00e9xico, eval\u00faa posibles escenarios para su regreso a Canc\u00fan, con el compromiso de reiniciar operaciones de la mejor forma posible.","breadcrumb":{"@id":"https:\/\/nitu.mx\/index.php\/2018\/12\/28\/uber-evalua-regreso-a-cancun-tras-ganar-una-suspension-definitiva\/#breadcrumb"},"inLanguage":"es-MX","potentialAction":[{"@type":"ReadAction","target":["https:\/\/nitu.mx\/index.php\/2018\/12\/28\/uber-evalua-regreso-a-cancun-tras-ganar-una-suspension-definitiva\/"]}]},{"@type":"ImageObject","inLanguage":"es-MX","@id":"https:\/\/nitu.mx\/index.php\/2018\/12\/28\/uber-evalua-regreso-a-cancun-tras-ganar-una-suspension-definitiva\/#primaryimage","url":"https:\/\/nitu.mx\/wp-content\/uploads\/2018\/12\/uber-cancun.jpg","contentUrl":"https:\/\/nitu.mx\/wp-content\/uploads\/2018\/12\/uber-cancun.jpg","width":850,"height":480,"caption":"uber canc\u00fan"},{"@type":"BreadcrumbList","@id":"https:\/\/nitu.mx\/index.php\/2018\/12\/28\/uber-evalua-regreso-a-cancun-tras-ganar-una-suspension-definitiva\/#breadcrumb","itemListElement":[{"@type":"ListItem","position":1,"name":"Inicio","item":"https:\/\/nitu.mx\/"},{"@type":"ListItem","position":2,"name":"Uber eval\u00faa regreso a Canc\u00fan tras ganar una suspensi\u00f3n definitiva"}]},{"@type":"WebSite","@id":"https:\/\/nitu.mx\/#website","url":"https:\/\/nitu.mx\/","name":"Nitu - Noticias de la Industria Turistica","description":"Noticias de la Industria Turistica","publisher":{"@id":"https:\/\/nitu.mx\/#\/schema\/person\/ae7a53426417292d3dd07b45a33e01bc"},"alternateName":"Noticias de la Industria Turistica","potentialAction":[{"@type":"SearchAction","target":{"@type":"EntryPoint","urlTemplate":"https:\/\/nitu.mx\/?s={search_term_string}"},"query-input":"required name=search_term_string"}],"inLanguage":"es-MX"},{"@type":["Person","Organization"],"@id":"https:\/\/nitu.mx\/#\/schema\/person\/ae7a53426417292d3dd07b45a33e01bc","name":"Arturo Medina","image":{"@type":"ImageObject","inLanguage":"es-MX","@id":"https:\/\/nitu.mx\/#\/schema\/person\/image\/","url":"https:\/\/nitu.mx\/wp-content\/uploads\/2024\/04\/4A315622-1904-4D5C-B022-878CDC840E04-90x90-1.jpeg","contentUrl":"https:\/\/nitu.mx\/wp-content\/uploads\/2024\/04\/4A315622-1904-4D5C-B022-878CDC840E04-90x90-1.jpeg","width":90,"height":90,"caption":"Arturo Medina"},"logo":{"@id":"https:\/\/nitu.mx\/#\/schema\/person\/image\/"},"description":"Director NITU.mx, Egresado de la Escuela de Periodismo Carlos Septi\u00e9n Garc\u00eda. Periodista y analista especializado en turismo desde hace 35 a\u00f1os, radicado en Canc\u00fan Q.Roo. arturo@nitu.mx","sameAs":["https:\/\/nitu.mx","https:\/\/www.facebook.com\/NITUmx\/","medinacancun","https:\/\/twitter.com\/@Arturo_Medina_G"]},{"@type":"Person","@id":"https:\/\/nitu.mx\/#\/schema\/person\/4a28fe9bd65924f7c90623773daf1b0b","name":"Redacci\u00f3n","image":{"@type":"ImageObject","inLanguage":"es-MX","@id":"https:\/\/nitu.mx\/#\/schema\/person\/image\/","url":"https:\/\/secure.gravatar.com\/avatar\/5dd011c8ccfc5cd7e4c81e42252aab38?s=96&d=mm&r=g","contentUrl":"https:\/\/secure.gravatar.com\/avatar\/5dd011c8ccfc5cd7e4c81e42252aab38?s=96&d=mm&r=g","caption":"Redacci\u00f3n"},"url":"https:\/\/nitu.mx\/index.php\/author\/redaccion\/"}]}},"views":319,"_links":{"self":[{"href":"https:\/\/nitu.mx\/index.php\/wp-json\/wp\/v2\/posts\/27862"}],"collection":[{"href":"https:\/\/nitu.mx\/index.php\/wp-json\/wp\/v2\/posts"}],"about":[{"href":"https:\/\/nitu.mx\/index.php\/wp-json\/wp\/v2\/types\/post"}],"author":[{"embeddable":true,"href":"https:\/\/nitu.mx\/index.php\/wp-json\/wp\/v2\/users\/17"}],"replies":[{"embeddable":true,"href":"https:\/\/nitu.mx\/index.php\/wp-json\/wp\/v2\/comments?post=27862"}],"version-history":[{"count":3,"href":"https:\/\/nitu.mx\/index.php\/wp-json\/wp\/v2\/posts\/27862\/revisions"}],"predecessor-version":[{"id":27875,"href":"https:\/\/nitu.mx\/index.php\/wp-json\/wp\/v2\/posts\/27862\/revisions\/27875"}],"wp:featuredmedia":[{"embeddable":true,"href":"https:\/\/nitu.mx\/index.php\/wp-json\/wp\/v2\/media\/27873"}],"wp:attachment":[{"href":"https:\/\/nitu.mx\/index.php\/wp-json\/wp\/v2\/media?parent=27862"}],"wp:term":[{"taxonomy":"category","embeddable":true,"href":"https:\/\/nitu.mx\/index.php\/wp-json\/wp\/v2\/categories?post=27862"},{"taxonomy":"post_tag","embeddable":true,"href":"https:\/\/nitu.mx\/index.php\/wp-json\/wp\/v2\/tags?post=27862"}],"curies":[{"name":"wp","href":"https:\/\/api.w.org\/{rel}","templated":true}]}}