{"id":27856,"date":"2018-12-28T00:29:34","date_gmt":"2018-12-28T05:29:34","guid":{"rendered":"https:\/\/www.dev.nitu.mx\/?p=27856"},"modified":"2018-12-28T01:13:24","modified_gmt":"2018-12-28T06:13:24","slug":"interjet-crece-19-por-ciento-en-su-ruta-cancun-colombia","status":"publish","type":"post","link":"https:\/\/nitu.mx\/index.php\/2018\/12\/28\/interjet-crece-19-por-ciento-en-su-ruta-cancun-colombia\/","title":{"rendered":"Interjet crece 19 por ciento en su ruta Canc\u00fan-Colombia"},"content":{"rendered":"<p>Interjet moviliz\u00f3 a 88 mil 699 pasajeros de enero a noviembre del presente a\u00f1o en su ruta Bogot\u00e1-Canc\u00fan, lo que representa un incremento del 19 por ciento respecto al mismo periodo de 2017.<\/p>\n<p>La ruta inici\u00f3 operaciones el 31 de octubre de 2016 con un vuelo diario, logrando un factor de ocupaci\u00f3n del 89 por ciento y una oferta de asientos de 2 mil 436 semanales. A la fecha ha transportado un total de 174 mil 406pasajeros entre ambas ciudades.<\/p>\n<p>Al respecto Julio Gamero, Director Ejecutivo Comercial se\u00f1al\u00f3 que los resultados positivos son gracias a la preferencia de miles de pasajeros que viajan a ambos destinos. \u201cEstas cifras nos alientan a continuar reforzando nuestras estrategias de conectividad internacional con un servicio de alta calidad, capaz de cumplir con las expectativas de viaje de nuestros pasajeros\u201d. (<a title=\"Interjet cierra el a\u00f1o con 21 destinos internacionales en 9 pa\u00edses\" href=\"https:\/\/www.dev.nitu.mx\/index.php\/2018\/12\/18\/interjet-cierra-el-ano-con-21-destinos-internacionales-en-9-paises\/\" rel=\"bookmark\">Interjet cierra el a\u00f1o con 21 destinos internacionales en 9 pa\u00edses<\/a>)<\/p>\n<p>De enero a noviembre de 2018 han llegado a M\u00e9xico 444 mil 034 pasajeros provenientes de Colombia por v\u00eda a\u00e9rea, lo que representa un incremento del 2 por ciento respecto al mismo periodo del 2017, de acuerdo con datos de la Unidad de Pol\u00edtica Migratoria de la Secretar\u00eda de Gobernaci\u00f3n.<\/p>\n","protected":false},"excerpt":{"rendered":"<p>Interjet moviliz\u00f3 a 88 mil 699 pasajeros de enero a noviembre del presente a\u00f1o en su ruta Bogot\u00e1-Canc\u00fan, lo que representa un incremento del 19 por ciento respecto al mismo periodo de 2017. La ruta inici\u00f3 operaciones el 31 de octubre de 2016 con un vuelo diario, logrando un factor de ocupaci\u00f3n del 89 por [&hellip;]<\/p>\n","protected":false},"author":17,"featured_media":17109,"comment_status":"open","ping_status":"open","sticky":false,"template":"","format":"standard","meta":{"footnotes":""},"categories":[29,374],"tags":[13991,172,7100,3771,6480],"yoast_head":"<!-- This site is optimized with the Yoast SEO plugin v22.2 - https:\/\/yoast.com\/wordpress\/plugins\/seo\/ -->\n<title>Interjet crece 19 por ciento en su ruta Canc\u00fan-Colombia- Nitu - Noticias de la Industria Turistica<\/title>\n<meta name=\"description\" content=\"Interjet moviliz\u00f3 a 88 mil 699 pasajeros de enero a noviembre del presente a\u00f1o en su ruta Bogot\u00e1-Canc\u00fan, lo que representa un incremento del 19 por ciento.\" \/>\n<meta name=\"robots\" content=\"index, follow, max-snippet:-1, max-image-preview:large, max-video-preview:-1\" \/>\n<link rel=\"canonical\" href=\"https:\/\/nitu.mx\/index.php\/2018\/12\/28\/interjet-crece-19-por-ciento-en-su-ruta-cancun-colombia\/\" \/>\n<meta name=\"twitter:card\" content=\"summary_large_image\" \/>\n<meta name=\"twitter:title\" content=\"Interjet crece 19 por ciento en su ruta Canc\u00fan-Colombia- Nitu - Noticias de la Industria Turistica\" \/>\n<meta name=\"twitter:description\" content=\"Interjet moviliz\u00f3 a 88 mil 699 pasajeros de enero a noviembre del presente a\u00f1o en su ruta Bogot\u00e1-Canc\u00fan, lo que representa un incremento del 19 por ciento.\" \/>\n<meta name=\"twitter:image\" content=\"https:\/\/nitu.mx\/wp-content\/uploads\/2018\/01\/11interjet-848x478-1.jpg\" \/>\n<meta name=\"twitter:creator\" content=\"@NITUmx\" \/>\n<meta name=\"twitter:site\" content=\"@Arturo_Medina_G\" \/>\n<meta name=\"twitter:label1\" content=\"Escrito por\" \/>\n\t<meta name=\"twitter:data1\" content=\"Redacci\u00f3n\" \/>\n\t<meta name=\"twitter:label2\" content=\"Tiempo de lectura\" \/>\n\t<meta name=\"twitter:data2\" content=\"1 minuto\" \/>\n<script type=\"application\/ld+json\" class=\"yoast-schema-graph\">{\"@context\":\"https:\/\/schema.org\",\"@graph\":[{\"@type\":\"Article\",\"@id\":\"https:\/\/nitu.mx\/index.php\/2018\/12\/28\/interjet-crece-19-por-ciento-en-su-ruta-cancun-colombia\/#article\",\"isPartOf\":{\"@id\":\"https:\/\/nitu.mx\/index.php\/2018\/12\/28\/interjet-crece-19-por-ciento-en-su-ruta-cancun-colombia\/\"},\"author\":{\"name\":\"Redacci\u00f3n\",\"@id\":\"https:\/\/nitu.mx\/#\/schema\/person\/4a28fe9bd65924f7c90623773daf1b0b\"},\"headline\":\"Interjet crece 19 por ciento en su ruta Canc\u00fan-Colombia\",\"datePublished\":\"2018-12-28T05:29:34+00:00\",\"dateModified\":\"2018-12-28T06:13:24+00:00\",\"mainEntityOfPage\":{\"@id\":\"https:\/\/nitu.mx\/index.php\/2018\/12\/28\/interjet-crece-19-por-ciento-en-su-ruta-cancun-colombia\/\"},\"wordCount\":201,\"commentCount\":0,\"publisher\":{\"@id\":\"https:\/\/nitu.mx\/#\/schema\/person\/ae7a53426417292d3dd07b45a33e01bc\"},\"image\":{\"@id\":\"https:\/\/nitu.mx\/index.php\/2018\/12\/28\/interjet-crece-19-por-ciento-en-su-ruta-cancun-colombia\/#primaryimage\"},\"thumbnailUrl\":\"https:\/\/nitu.mx\/wp-content\/uploads\/2018\/01\/11interjet-848x478-1.jpg\",\"keywords\":[\"Bogot\u00e1-Canc\u00fan\",\"Interjet\",\"Julio Gamero\",\"pasajeros\",\"ruta\"],\"articleSection\":[\"Aerol\u00edneas\",\"Internacional\"],\"inLanguage\":\"es-MX\",\"potentialAction\":[{\"@type\":\"CommentAction\",\"name\":\"Comment\",\"target\":[\"https:\/\/nitu.mx\/index.php\/2018\/12\/28\/interjet-crece-19-por-ciento-en-su-ruta-cancun-colombia\/#respond\"]}]},{\"@type\":\"WebPage\",\"@id\":\"https:\/\/nitu.mx\/index.php\/2018\/12\/28\/interjet-crece-19-por-ciento-en-su-ruta-cancun-colombia\/\",\"url\":\"https:\/\/nitu.mx\/index.php\/2018\/12\/28\/interjet-crece-19-por-ciento-en-su-ruta-cancun-colombia\/\",\"name\":\"Interjet crece 19 por ciento en su ruta Canc\u00fan-Colombia- Nitu - Noticias de la Industria Turistica\",\"isPartOf\":{\"@id\":\"https:\/\/nitu.mx\/#website\"},\"primaryImageOfPage\":{\"@id\":\"https:\/\/nitu.mx\/index.php\/2018\/12\/28\/interjet-crece-19-por-ciento-en-su-ruta-cancun-colombia\/#primaryimage\"},\"image\":{\"@id\":\"https:\/\/nitu.mx\/index.php\/2018\/12\/28\/interjet-crece-19-por-ciento-en-su-ruta-cancun-colombia\/#primaryimage\"},\"thumbnailUrl\":\"https:\/\/nitu.mx\/wp-content\/uploads\/2018\/01\/11interjet-848x478-1.jpg\",\"datePublished\":\"2018-12-28T05:29:34+00:00\",\"dateModified\":\"2018-12-28T06:13:24+00:00\",\"description\":\"Interjet moviliz\u00f3 a 88 mil 699 pasajeros de enero a noviembre del presente a\u00f1o en su ruta Bogot\u00e1-Canc\u00fan, lo que representa un incremento del 19 por ciento.\",\"breadcrumb\":{\"@id\":\"https:\/\/nitu.mx\/index.php\/2018\/12\/28\/interjet-crece-19-por-ciento-en-su-ruta-cancun-colombia\/#breadcrumb\"},\"inLanguage\":\"es-MX\",\"potentialAction\":[{\"@type\":\"ReadAction\",\"target\":[\"https:\/\/nitu.mx\/index.php\/2018\/12\/28\/interjet-crece-19-por-ciento-en-su-ruta-cancun-colombia\/\"]}]},{\"@type\":\"ImageObject\",\"inLanguage\":\"es-MX\",\"@id\":\"https:\/\/nitu.mx\/index.php\/2018\/12\/28\/interjet-crece-19-por-ciento-en-su-ruta-cancun-colombia\/#primaryimage\",\"url\":\"https:\/\/nitu.mx\/wp-content\/uploads\/2018\/01\/11interjet-848x478-1.jpg\",\"contentUrl\":\"https:\/\/nitu.mx\/wp-content\/uploads\/2018\/01\/11interjet-848x478-1.jpg\",\"width\":850,\"height\":480,\"caption\":\"Interjet Vacations Sabre\"},{\"@type\":\"BreadcrumbList\",\"@id\":\"https:\/\/nitu.mx\/index.php\/2018\/12\/28\/interjet-crece-19-por-ciento-en-su-ruta-cancun-colombia\/#breadcrumb\",\"itemListElement\":[{\"@type\":\"ListItem\",\"position\":1,\"name\":\"Inicio\",\"item\":\"https:\/\/nitu.mx\/\"},{\"@type\":\"ListItem\",\"position\":2,\"name\":\"Interjet crece 19 por ciento en su ruta Canc\u00fan-Colombia\"}]},{\"@type\":\"WebSite\",\"@id\":\"https:\/\/nitu.mx\/#website\",\"url\":\"https:\/\/nitu.mx\/\",\"name\":\"Nitu - Noticias de la Industria Turistica\",\"description\":\"Noticias de la Industria Turistica\",\"publisher\":{\"@id\":\"https:\/\/nitu.mx\/#\/schema\/person\/ae7a53426417292d3dd07b45a33e01bc\"},\"alternateName\":\"Noticias de la Industria Turistica\",\"potentialAction\":[{\"@type\":\"SearchAction\",\"target\":{\"@type\":\"EntryPoint\",\"urlTemplate\":\"https:\/\/nitu.mx\/?s={search_term_string}\"},\"query-input\":\"required name=search_term_string\"}],\"inLanguage\":\"es-MX\"},{\"@type\":[\"Person\",\"Organization\"],\"@id\":\"https:\/\/nitu.mx\/#\/schema\/person\/ae7a53426417292d3dd07b45a33e01bc\",\"name\":\"Arturo Medina\",\"image\":{\"@type\":\"ImageObject\",\"inLanguage\":\"es-MX\",\"@id\":\"https:\/\/nitu.mx\/#\/schema\/person\/image\/\",\"url\":\"https:\/\/nitu.mx\/wp-content\/uploads\/2024\/04\/4A315622-1904-4D5C-B022-878CDC840E04-90x90-1.jpeg\",\"contentUrl\":\"https:\/\/nitu.mx\/wp-content\/uploads\/2024\/04\/4A315622-1904-4D5C-B022-878CDC840E04-90x90-1.jpeg\",\"width\":90,\"height\":90,\"caption\":\"Arturo Medina\"},\"logo\":{\"@id\":\"https:\/\/nitu.mx\/#\/schema\/person\/image\/\"},\"description\":\"Director NITU.mx, Egresado de la Escuela de Periodismo Carlos Septi\u00e9n Garc\u00eda. Periodista y analista especializado en turismo desde hace 35 a\u00f1os, radicado en Canc\u00fan Q.Roo. arturo@nitu.mx\",\"sameAs\":[\"https:\/\/nitu.mx\",\"https:\/\/www.facebook.com\/NITUmx\/\",\"medinacancun\",\"https:\/\/twitter.com\/@Arturo_Medina_G\"]},{\"@type\":\"Person\",\"@id\":\"https:\/\/nitu.mx\/#\/schema\/person\/4a28fe9bd65924f7c90623773daf1b0b\",\"name\":\"Redacci\u00f3n\",\"image\":{\"@type\":\"ImageObject\",\"inLanguage\":\"es-MX\",\"@id\":\"https:\/\/nitu.mx\/#\/schema\/person\/image\/\",\"url\":\"https:\/\/secure.gravatar.com\/avatar\/5dd011c8ccfc5cd7e4c81e42252aab38?s=96&d=mm&r=g\",\"contentUrl\":\"https:\/\/secure.gravatar.com\/avatar\/5dd011c8ccfc5cd7e4c81e42252aab38?s=96&d=mm&r=g\",\"caption\":\"Redacci\u00f3n\"},\"url\":\"https:\/\/nitu.mx\/index.php\/author\/redaccion\/\"}]}<\/script>\n<!-- \/ Yoast SEO plugin. -->","yoast_head_json":{"title":"Interjet crece 19 por ciento en su ruta Canc\u00fan-Colombia- Nitu - Noticias de la Industria Turistica","description":"Interjet moviliz\u00f3 a 88 mil 699 pasajeros de enero a noviembre del presente a\u00f1o en su ruta Bogot\u00e1-Canc\u00fan, lo que representa un incremento del 19 por ciento.","robots":{"index":"index","follow":"follow","max-snippet":"max-snippet:-1","max-image-preview":"max-image-preview:large","max-video-preview":"max-video-preview:-1"},"canonical":"https:\/\/nitu.mx\/index.php\/2018\/12\/28\/interjet-crece-19-por-ciento-en-su-ruta-cancun-colombia\/","twitter_card":"summary_large_image","twitter_title":"Interjet crece 19 por ciento en su ruta Canc\u00fan-Colombia- Nitu - Noticias de la Industria Turistica","twitter_description":"Interjet moviliz\u00f3 a 88 mil 699 pasajeros de enero a noviembre del presente a\u00f1o en su ruta Bogot\u00e1-Canc\u00fan, lo que representa un incremento del 19 por ciento.","twitter_image":"https:\/\/nitu.mx\/wp-content\/uploads\/2018\/01\/11interjet-848x478-1.jpg","twitter_creator":"@NITUmx","twitter_site":"@Arturo_Medina_G","twitter_misc":{"Escrito por":"Redacci\u00f3n","Tiempo de lectura":"1 minuto"},"schema":{"@context":"https:\/\/schema.org","@graph":[{"@type":"Article","@id":"https:\/\/nitu.mx\/index.php\/2018\/12\/28\/interjet-crece-19-por-ciento-en-su-ruta-cancun-colombia\/#article","isPartOf":{"@id":"https:\/\/nitu.mx\/index.php\/2018\/12\/28\/interjet-crece-19-por-ciento-en-su-ruta-cancun-colombia\/"},"author":{"name":"Redacci\u00f3n","@id":"https:\/\/nitu.mx\/#\/schema\/person\/4a28fe9bd65924f7c90623773daf1b0b"},"headline":"Interjet crece 19 por ciento en su ruta Canc\u00fan-Colombia","datePublished":"2018-12-28T05:29:34+00:00","dateModified":"2018-12-28T06:13:24+00:00","mainEntityOfPage":{"@id":"https:\/\/nitu.mx\/index.php\/2018\/12\/28\/interjet-crece-19-por-ciento-en-su-ruta-cancun-colombia\/"},"wordCount":201,"commentCount":0,"publisher":{"@id":"https:\/\/nitu.mx\/#\/schema\/person\/ae7a53426417292d3dd07b45a33e01bc"},"image":{"@id":"https:\/\/nitu.mx\/index.php\/2018\/12\/28\/interjet-crece-19-por-ciento-en-su-ruta-cancun-colombia\/#primaryimage"},"thumbnailUrl":"https:\/\/nitu.mx\/wp-content\/uploads\/2018\/01\/11interjet-848x478-1.jpg","keywords":["Bogot\u00e1-Canc\u00fan","Interjet","Julio Gamero","pasajeros","ruta"],"articleSection":["Aerol\u00edneas","Internacional"],"inLanguage":"es-MX","potentialAction":[{"@type":"CommentAction","name":"Comment","target":["https:\/\/nitu.mx\/index.php\/2018\/12\/28\/interjet-crece-19-por-ciento-en-su-ruta-cancun-colombia\/#respond"]}]},{"@type":"WebPage","@id":"https:\/\/nitu.mx\/index.php\/2018\/12\/28\/interjet-crece-19-por-ciento-en-su-ruta-cancun-colombia\/","url":"https:\/\/nitu.mx\/index.php\/2018\/12\/28\/interjet-crece-19-por-ciento-en-su-ruta-cancun-colombia\/","name":"Interjet crece 19 por ciento en su ruta Canc\u00fan-Colombia- Nitu - Noticias de la Industria Turistica","isPartOf":{"@id":"https:\/\/nitu.mx\/#website"},"primaryImageOfPage":{"@id":"https:\/\/nitu.mx\/index.php\/2018\/12\/28\/interjet-crece-19-por-ciento-en-su-ruta-cancun-colombia\/#primaryimage"},"image":{"@id":"https:\/\/nitu.mx\/index.php\/2018\/12\/28\/interjet-crece-19-por-ciento-en-su-ruta-cancun-colombia\/#primaryimage"},"thumbnailUrl":"https:\/\/nitu.mx\/wp-content\/uploads\/2018\/01\/11interjet-848x478-1.jpg","datePublished":"2018-12-28T05:29:34+00:00","dateModified":"2018-12-28T06:13:24+00:00","description":"Interjet moviliz\u00f3 a 88 mil 699 pasajeros de enero a noviembre del presente a\u00f1o en su ruta Bogot\u00e1-Canc\u00fan, lo que representa un incremento del 19 por ciento.","breadcrumb":{"@id":"https:\/\/nitu.mx\/index.php\/2018\/12\/28\/interjet-crece-19-por-ciento-en-su-ruta-cancun-colombia\/#breadcrumb"},"inLanguage":"es-MX","potentialAction":[{"@type":"ReadAction","target":["https:\/\/nitu.mx\/index.php\/2018\/12\/28\/interjet-crece-19-por-ciento-en-su-ruta-cancun-colombia\/"]}]},{"@type":"ImageObject","inLanguage":"es-MX","@id":"https:\/\/nitu.mx\/index.php\/2018\/12\/28\/interjet-crece-19-por-ciento-en-su-ruta-cancun-colombia\/#primaryimage","url":"https:\/\/nitu.mx\/wp-content\/uploads\/2018\/01\/11interjet-848x478-1.jpg","contentUrl":"https:\/\/nitu.mx\/wp-content\/uploads\/2018\/01\/11interjet-848x478-1.jpg","width":850,"height":480,"caption":"Interjet Vacations Sabre"},{"@type":"BreadcrumbList","@id":"https:\/\/nitu.mx\/index.php\/2018\/12\/28\/interjet-crece-19-por-ciento-en-su-ruta-cancun-colombia\/#breadcrumb","itemListElement":[{"@type":"ListItem","position":1,"name":"Inicio","item":"https:\/\/nitu.mx\/"},{"@type":"ListItem","position":2,"name":"Interjet crece 19 por ciento en su ruta Canc\u00fan-Colombia"}]},{"@type":"WebSite","@id":"https:\/\/nitu.mx\/#website","url":"https:\/\/nitu.mx\/","name":"Nitu - Noticias de la Industria Turistica","description":"Noticias de la Industria Turistica","publisher":{"@id":"https:\/\/nitu.mx\/#\/schema\/person\/ae7a53426417292d3dd07b45a33e01bc"},"alternateName":"Noticias de la Industria Turistica","potentialAction":[{"@type":"SearchAction","target":{"@type":"EntryPoint","urlTemplate":"https:\/\/nitu.mx\/?s={search_term_string}"},"query-input":"required name=search_term_string"}],"inLanguage":"es-MX"},{"@type":["Person","Organization"],"@id":"https:\/\/nitu.mx\/#\/schema\/person\/ae7a53426417292d3dd07b45a33e01bc","name":"Arturo Medina","image":{"@type":"ImageObject","inLanguage":"es-MX","@id":"https:\/\/nitu.mx\/#\/schema\/person\/image\/","url":"https:\/\/nitu.mx\/wp-content\/uploads\/2024\/04\/4A315622-1904-4D5C-B022-878CDC840E04-90x90-1.jpeg","contentUrl":"https:\/\/nitu.mx\/wp-content\/uploads\/2024\/04\/4A315622-1904-4D5C-B022-878CDC840E04-90x90-1.jpeg","width":90,"height":90,"caption":"Arturo Medina"},"logo":{"@id":"https:\/\/nitu.mx\/#\/schema\/person\/image\/"},"description":"Director NITU.mx, Egresado de la Escuela de Periodismo Carlos Septi\u00e9n Garc\u00eda. Periodista y analista especializado en turismo desde hace 35 a\u00f1os, radicado en Canc\u00fan Q.Roo. arturo@nitu.mx","sameAs":["https:\/\/nitu.mx","https:\/\/www.facebook.com\/NITUmx\/","medinacancun","https:\/\/twitter.com\/@Arturo_Medina_G"]},{"@type":"Person","@id":"https:\/\/nitu.mx\/#\/schema\/person\/4a28fe9bd65924f7c90623773daf1b0b","name":"Redacci\u00f3n","image":{"@type":"ImageObject","inLanguage":"es-MX","@id":"https:\/\/nitu.mx\/#\/schema\/person\/image\/","url":"https:\/\/secure.gravatar.com\/avatar\/5dd011c8ccfc5cd7e4c81e42252aab38?s=96&d=mm&r=g","contentUrl":"https:\/\/secure.gravatar.com\/avatar\/5dd011c8ccfc5cd7e4c81e42252aab38?s=96&d=mm&r=g","caption":"Redacci\u00f3n"},"url":"https:\/\/nitu.mx\/index.php\/author\/redaccion\/"}]}},"views":173,"_links":{"self":[{"href":"https:\/\/nitu.mx\/index.php\/wp-json\/wp\/v2\/posts\/27856"}],"collection":[{"href":"https:\/\/nitu.mx\/index.php\/wp-json\/wp\/v2\/posts"}],"about":[{"href":"https:\/\/nitu.mx\/index.php\/wp-json\/wp\/v2\/types\/post"}],"author":[{"embeddable":true,"href":"https:\/\/nitu.mx\/index.php\/wp-json\/wp\/v2\/users\/17"}],"replies":[{"embeddable":true,"href":"https:\/\/nitu.mx\/index.php\/wp-json\/wp\/v2\/comments?post=27856"}],"version-history":[{"count":3,"href":"https:\/\/nitu.mx\/index.php\/wp-json\/wp\/v2\/posts\/27856\/revisions"}],"predecessor-version":[{"id":27886,"href":"https:\/\/nitu.mx\/index.php\/wp-json\/wp\/v2\/posts\/27856\/revisions\/27886"}],"wp:featuredmedia":[{"embeddable":true,"href":"https:\/\/nitu.mx\/index.php\/wp-json\/wp\/v2\/media\/17109"}],"wp:attachment":[{"href":"https:\/\/nitu.mx\/index.php\/wp-json\/wp\/v2\/media?parent=27856"}],"wp:term":[{"taxonomy":"category","embeddable":true,"href":"https:\/\/nitu.mx\/index.php\/wp-json\/wp\/v2\/categories?post=27856"},{"taxonomy":"post_tag","embeddable":true,"href":"https:\/\/nitu.mx\/index.php\/wp-json\/wp\/v2\/tags?post=27856"}],"curies":[{"name":"wp","href":"https:\/\/api.w.org\/{rel}","templated":true}]}}