{"id":27830,"date":"2018-12-26T23:15:24","date_gmt":"2018-12-27T04:15:24","guid":{"rendered":"https:\/\/www.dev.nitu.mx\/?p=27830"},"modified":"2018-12-27T01:25:54","modified_gmt":"2018-12-27T06:25:54","slug":"riviera-nayarit-pone-en-la-mira-a-bolivia-paraguay-y-uruguay","status":"publish","type":"post","link":"https:\/\/nitu.mx\/index.php\/2018\/12\/26\/riviera-nayarit-pone-en-la-mira-a-bolivia-paraguay-y-uruguay\/","title":{"rendered":"Riviera Nayarit pone en la mira a Bolivia, Paraguay y Uruguay"},"content":{"rendered":"<p>Con la puesta en marcha del vuelo Panam\u00e1-Puerto Vallarta de Copa Airlines, que conectar\u00e1 este destino tur\u00edstico con Sudam\u00e9rica, la oficina de Visitantes y Convenciones de Riviera Nayarit y Fidetur Puerto Vallarta van a la conquista de los mercados de Bolivia, Paraguay y Uruguay.<\/p>\n<p>Desde el anuncio de la nueva ruta, Argentina, Brasil, Colombia y naturalmente Panam\u00e1 fueron el foco en el que se concentr\u00f3 la promoci\u00f3n, que a decir de la aerol\u00ednea y de los representantes del destino fue bien recibida por los viajeros, por lo que en esta su temporada de arranque ya registra buenos niveles de ocupaci\u00f3n.<\/p>\n<p>Ahora toca explorar nuevos viajeros, como el boliviano, en donde se visit\u00f3 la ciudad de Cruz de la Sierra, la capital econ\u00f3mica del pa\u00eds sudamericano en donde se present\u00f3 a m\u00e1s de 80 agentes de viajes minoristas, las bondades del binomio tur\u00edstico del Pac\u00edfico mexicano. (<a title=\"Brasile\u00f1os ponen el ojo en Riviera Nayarit como alternativa al Caribe mexicano\" href=\"https:\/\/www.dev.nitu.mx\/index.php\/2018\/11\/01\/brasilenos-ponen-el-ojo-en-riviera-nayarit-como-alternativa-al-caribe-mexicano\/\" rel=\"bookmark\">Brasile\u00f1os ponen el ojo en Riviera Nayarit como alternativa al Caribe mexicano<\/a>).<\/p>\n<p>En colaboraci\u00f3n con Copa Vacations Bolivia se realiz\u00f3 un encuentro con los principales mayoristas, as\u00ed como con Cuarta Dimensi\u00f3n, Tropical Tours y Universal Tours, agencias bien posicionadas en aquel pa\u00eds.<\/p>\n<p>En la capital de Paraguay, Asunci\u00f3n, la delegaci\u00f3n encabezada por la OVC Riviera Nayarit y Fidetur Puerto Vallarta, tambi\u00e9n congregaron a 80 agentes minoristas y a 30 ejecutivos de venta de Maral Turismo, que forma parte del pool de Copa Vacations. El mercado paraguayo ha mostrado gran aceptaci\u00f3n hacia nuestro pa\u00eds, principalmente con viajeros de gama media y alta.<\/p>\n<p>Para el destino mexicano, promocionarse en estos mercados emergentes es prioritario dado el potencial de ventas, y a la buena respuesta que ha habido principalmente en Asunci\u00f3n. Estos pa\u00edses al no tener costa, son una buena oportunidad para ofrecerles Puerto Vallarta y Riviera Nayarit.<\/p>\n<p>Finalmente en Montevideo, Uruguay, m\u00e1s de 60 agentes de viajes recibieron la informaci\u00f3n de parte de esta delegaci\u00f3n en la que tambi\u00e9n participaron hoteleros del destino como Hard Rock Vallarta, Grand Palladium, Royal Decameron y RIU, que ya tienen representaci\u00f3n en estos pa\u00edses.<\/p>\n","protected":false},"excerpt":{"rendered":"<p>Con la puesta en marcha del vuelo Panam\u00e1-Puerto Vallarta de Copa Airlines, que conectar\u00e1 este destino tur\u00edstico con Sudam\u00e9rica, la oficina de Visitantes y Convenciones de Riviera Nayarit y Fidetur Puerto Vallarta van a la conquista de los mercados de Bolivia, Paraguay y Uruguay. Desde el anuncio de la nueva ruta, Argentina, Brasil, Colombia y [&hellip;]<\/p>\n","protected":false},"author":5,"featured_media":27834,"comment_status":"open","ping_status":"open","sticky":false,"template":"","format":"standard","meta":{"footnotes":""},"categories":[12],"tags":[841,13987,10937,3698,537,226],"yoast_head":"<!-- This site is optimized with the Yoast SEO plugin v22.2 - https:\/\/yoast.com\/wordpress\/plugins\/seo\/ -->\n<title>Riviera Nayarit pone en la mira a Bolivia, Paraguay y Uruguay - Nitu - Noticias de la Industria Turistica<\/title>\n<meta name=\"description\" content=\"La oficina de Visitantes y Convenciones de Riviera Nayarit y Fidetur Puerto Vallarta van a la conquista de los mercados de Bolivia, Paraguay y Uruguay.\" \/>\n<meta name=\"robots\" content=\"index, follow, max-snippet:-1, max-image-preview:large, max-video-preview:-1\" \/>\n<link rel=\"canonical\" href=\"https:\/\/nitu.mx\/index.php\/2018\/12\/26\/riviera-nayarit-pone-en-la-mira-a-bolivia-paraguay-y-uruguay\/\" \/>\n<meta name=\"twitter:card\" content=\"summary_large_image\" \/>\n<meta name=\"twitter:title\" content=\"Riviera Nayarit pone en la mira a Bolivia, Paraguay y Uruguay - Nitu - Noticias de la Industria Turistica\" \/>\n<meta name=\"twitter:description\" content=\"La oficina de Visitantes y Convenciones de Riviera Nayarit y Fidetur Puerto Vallarta van a la conquista de los mercados de Bolivia, Paraguay y Uruguay.\" \/>\n<meta name=\"twitter:image\" content=\"https:\/\/nitu.mx\/wp-content\/uploads\/2018\/12\/Riviera-Nayarit-Paraguay.jpg\" \/>\n<meta name=\"twitter:creator\" content=\"@NITUmx\" \/>\n<meta name=\"twitter:site\" content=\"@Arturo_Medina_G\" \/>\n<meta name=\"twitter:label1\" content=\"Escrito por\" \/>\n\t<meta name=\"twitter:data1\" content=\"Mari Soto\" \/>\n\t<meta name=\"twitter:label2\" content=\"Tiempo de lectura\" \/>\n\t<meta name=\"twitter:data2\" content=\"2 minutos\" \/>\n<script type=\"application\/ld+json\" class=\"yoast-schema-graph\">{\"@context\":\"https:\/\/schema.org\",\"@graph\":[{\"@type\":\"Article\",\"@id\":\"https:\/\/nitu.mx\/index.php\/2018\/12\/26\/riviera-nayarit-pone-en-la-mira-a-bolivia-paraguay-y-uruguay\/#article\",\"isPartOf\":{\"@id\":\"https:\/\/nitu.mx\/index.php\/2018\/12\/26\/riviera-nayarit-pone-en-la-mira-a-bolivia-paraguay-y-uruguay\/\"},\"author\":{\"name\":\"Mari Soto\",\"@id\":\"https:\/\/nitu.mx\/#\/schema\/person\/afc52e313e27e660739556d421d3d6b4\"},\"headline\":\"Riviera Nayarit pone en la mira a Bolivia, Paraguay y Uruguay\",\"datePublished\":\"2018-12-27T04:15:24+00:00\",\"dateModified\":\"2018-12-27T06:25:54+00:00\",\"mainEntityOfPage\":{\"@id\":\"https:\/\/nitu.mx\/index.php\/2018\/12\/26\/riviera-nayarit-pone-en-la-mira-a-bolivia-paraguay-y-uruguay\/\"},\"wordCount\":368,\"commentCount\":0,\"publisher\":{\"@id\":\"https:\/\/nitu.mx\/#\/schema\/person\/ae7a53426417292d3dd07b45a33e01bc\"},\"image\":{\"@id\":\"https:\/\/nitu.mx\/index.php\/2018\/12\/26\/riviera-nayarit-pone-en-la-mira-a-bolivia-paraguay-y-uruguay\/#primaryimage\"},\"thumbnailUrl\":\"https:\/\/nitu.mx\/wp-content\/uploads\/2018\/12\/Riviera-Nayarit-Paraguay.jpg\",\"keywords\":[\"Bolivia\",\"Copa Vacations\",\"Fidetur Puerto Vallarta\",\"Paraguay\",\"Riviera Nayarit\",\"Uruguay\"],\"articleSection\":[\"Marketing\"],\"inLanguage\":\"es-MX\",\"potentialAction\":[{\"@type\":\"CommentAction\",\"name\":\"Comment\",\"target\":[\"https:\/\/nitu.mx\/index.php\/2018\/12\/26\/riviera-nayarit-pone-en-la-mira-a-bolivia-paraguay-y-uruguay\/#respond\"]}]},{\"@type\":\"WebPage\",\"@id\":\"https:\/\/nitu.mx\/index.php\/2018\/12\/26\/riviera-nayarit-pone-en-la-mira-a-bolivia-paraguay-y-uruguay\/\",\"url\":\"https:\/\/nitu.mx\/index.php\/2018\/12\/26\/riviera-nayarit-pone-en-la-mira-a-bolivia-paraguay-y-uruguay\/\",\"name\":\"Riviera Nayarit pone en la mira a Bolivia, Paraguay y Uruguay - Nitu - Noticias de la Industria Turistica\",\"isPartOf\":{\"@id\":\"https:\/\/nitu.mx\/#website\"},\"primaryImageOfPage\":{\"@id\":\"https:\/\/nitu.mx\/index.php\/2018\/12\/26\/riviera-nayarit-pone-en-la-mira-a-bolivia-paraguay-y-uruguay\/#primaryimage\"},\"image\":{\"@id\":\"https:\/\/nitu.mx\/index.php\/2018\/12\/26\/riviera-nayarit-pone-en-la-mira-a-bolivia-paraguay-y-uruguay\/#primaryimage\"},\"thumbnailUrl\":\"https:\/\/nitu.mx\/wp-content\/uploads\/2018\/12\/Riviera-Nayarit-Paraguay.jpg\",\"datePublished\":\"2018-12-27T04:15:24+00:00\",\"dateModified\":\"2018-12-27T06:25:54+00:00\",\"description\":\"La oficina de Visitantes y Convenciones de Riviera Nayarit y Fidetur Puerto Vallarta van a la conquista de los mercados de Bolivia, Paraguay y Uruguay.\",\"breadcrumb\":{\"@id\":\"https:\/\/nitu.mx\/index.php\/2018\/12\/26\/riviera-nayarit-pone-en-la-mira-a-bolivia-paraguay-y-uruguay\/#breadcrumb\"},\"inLanguage\":\"es-MX\",\"potentialAction\":[{\"@type\":\"ReadAction\",\"target\":[\"https:\/\/nitu.mx\/index.php\/2018\/12\/26\/riviera-nayarit-pone-en-la-mira-a-bolivia-paraguay-y-uruguay\/\"]}]},{\"@type\":\"ImageObject\",\"inLanguage\":\"es-MX\",\"@id\":\"https:\/\/nitu.mx\/index.php\/2018\/12\/26\/riviera-nayarit-pone-en-la-mira-a-bolivia-paraguay-y-uruguay\/#primaryimage\",\"url\":\"https:\/\/nitu.mx\/wp-content\/uploads\/2018\/12\/Riviera-Nayarit-Paraguay.jpg\",\"contentUrl\":\"https:\/\/nitu.mx\/wp-content\/uploads\/2018\/12\/Riviera-Nayarit-Paraguay.jpg\",\"width\":850,\"height\":480,\"caption\":\"Riviera Nayarit Paraguay\"},{\"@type\":\"BreadcrumbList\",\"@id\":\"https:\/\/nitu.mx\/index.php\/2018\/12\/26\/riviera-nayarit-pone-en-la-mira-a-bolivia-paraguay-y-uruguay\/#breadcrumb\",\"itemListElement\":[{\"@type\":\"ListItem\",\"position\":1,\"name\":\"Inicio\",\"item\":\"https:\/\/nitu.mx\/\"},{\"@type\":\"ListItem\",\"position\":2,\"name\":\"Riviera Nayarit pone en la mira a Bolivia, Paraguay y Uruguay\"}]},{\"@type\":\"WebSite\",\"@id\":\"https:\/\/nitu.mx\/#website\",\"url\":\"https:\/\/nitu.mx\/\",\"name\":\"Nitu - Noticias de la Industria Turistica\",\"description\":\"Noticias de la Industria Turistica\",\"publisher\":{\"@id\":\"https:\/\/nitu.mx\/#\/schema\/person\/ae7a53426417292d3dd07b45a33e01bc\"},\"alternateName\":\"Noticias de la Industria Turistica\",\"potentialAction\":[{\"@type\":\"SearchAction\",\"target\":{\"@type\":\"EntryPoint\",\"urlTemplate\":\"https:\/\/nitu.mx\/?s={search_term_string}\"},\"query-input\":\"required name=search_term_string\"}],\"inLanguage\":\"es-MX\"},{\"@type\":[\"Person\",\"Organization\"],\"@id\":\"https:\/\/nitu.mx\/#\/schema\/person\/ae7a53426417292d3dd07b45a33e01bc\",\"name\":\"Arturo Medina\",\"image\":{\"@type\":\"ImageObject\",\"inLanguage\":\"es-MX\",\"@id\":\"https:\/\/nitu.mx\/#\/schema\/person\/image\/\",\"url\":\"https:\/\/nitu.mx\/wp-content\/uploads\/2024\/04\/4A315622-1904-4D5C-B022-878CDC840E04-90x90-1.jpeg\",\"contentUrl\":\"https:\/\/nitu.mx\/wp-content\/uploads\/2024\/04\/4A315622-1904-4D5C-B022-878CDC840E04-90x90-1.jpeg\",\"width\":90,\"height\":90,\"caption\":\"Arturo Medina\"},\"logo\":{\"@id\":\"https:\/\/nitu.mx\/#\/schema\/person\/image\/\"},\"description\":\"Director NITU.mx, Egresado de la Escuela de Periodismo Carlos Septi\u00e9n Garc\u00eda. Periodista y analista especializado en turismo desde hace 35 a\u00f1os, radicado en Canc\u00fan Q.Roo. arturo@nitu.mx\",\"sameAs\":[\"https:\/\/nitu.mx\",\"https:\/\/www.facebook.com\/NITUmx\/\",\"medinacancun\",\"https:\/\/twitter.com\/@Arturo_Medina_G\"]},{\"@type\":\"Person\",\"@id\":\"https:\/\/nitu.mx\/#\/schema\/person\/afc52e313e27e660739556d421d3d6b4\",\"name\":\"Mari Soto\",\"image\":{\"@type\":\"ImageObject\",\"inLanguage\":\"es-MX\",\"@id\":\"https:\/\/nitu.mx\/#\/schema\/person\/image\/\",\"url\":\"https:\/\/secure.gravatar.com\/avatar\/2619c282a180a20d89fcaea82a6736e2?s=96&d=mm&r=g\",\"contentUrl\":\"https:\/\/secure.gravatar.com\/avatar\/2619c282a180a20d89fcaea82a6736e2?s=96&d=mm&r=g\",\"caption\":\"Mari Soto\"},\"sameAs\":[\"https:\/\/nitu.mx\"],\"url\":\"https:\/\/nitu.mx\/index.php\/author\/guadalupe\/\"}]}<\/script>\n<!-- \/ Yoast SEO plugin. -->","yoast_head_json":{"title":"Riviera Nayarit pone en la mira a Bolivia, Paraguay y Uruguay - Nitu - Noticias de la Industria Turistica","description":"La oficina de Visitantes y Convenciones de Riviera Nayarit y Fidetur Puerto Vallarta van a la conquista de los mercados de Bolivia, Paraguay y Uruguay.","robots":{"index":"index","follow":"follow","max-snippet":"max-snippet:-1","max-image-preview":"max-image-preview:large","max-video-preview":"max-video-preview:-1"},"canonical":"https:\/\/nitu.mx\/index.php\/2018\/12\/26\/riviera-nayarit-pone-en-la-mira-a-bolivia-paraguay-y-uruguay\/","twitter_card":"summary_large_image","twitter_title":"Riviera Nayarit pone en la mira a Bolivia, Paraguay y Uruguay - Nitu - Noticias de la Industria Turistica","twitter_description":"La oficina de Visitantes y Convenciones de Riviera Nayarit y Fidetur Puerto Vallarta van a la conquista de los mercados de Bolivia, Paraguay y Uruguay.","twitter_image":"https:\/\/nitu.mx\/wp-content\/uploads\/2018\/12\/Riviera-Nayarit-Paraguay.jpg","twitter_creator":"@NITUmx","twitter_site":"@Arturo_Medina_G","twitter_misc":{"Escrito por":"Mari Soto","Tiempo de lectura":"2 minutos"},"schema":{"@context":"https:\/\/schema.org","@graph":[{"@type":"Article","@id":"https:\/\/nitu.mx\/index.php\/2018\/12\/26\/riviera-nayarit-pone-en-la-mira-a-bolivia-paraguay-y-uruguay\/#article","isPartOf":{"@id":"https:\/\/nitu.mx\/index.php\/2018\/12\/26\/riviera-nayarit-pone-en-la-mira-a-bolivia-paraguay-y-uruguay\/"},"author":{"name":"Mari Soto","@id":"https:\/\/nitu.mx\/#\/schema\/person\/afc52e313e27e660739556d421d3d6b4"},"headline":"Riviera Nayarit pone en la mira a Bolivia, Paraguay y Uruguay","datePublished":"2018-12-27T04:15:24+00:00","dateModified":"2018-12-27T06:25:54+00:00","mainEntityOfPage":{"@id":"https:\/\/nitu.mx\/index.php\/2018\/12\/26\/riviera-nayarit-pone-en-la-mira-a-bolivia-paraguay-y-uruguay\/"},"wordCount":368,"commentCount":0,"publisher":{"@id":"https:\/\/nitu.mx\/#\/schema\/person\/ae7a53426417292d3dd07b45a33e01bc"},"image":{"@id":"https:\/\/nitu.mx\/index.php\/2018\/12\/26\/riviera-nayarit-pone-en-la-mira-a-bolivia-paraguay-y-uruguay\/#primaryimage"},"thumbnailUrl":"https:\/\/nitu.mx\/wp-content\/uploads\/2018\/12\/Riviera-Nayarit-Paraguay.jpg","keywords":["Bolivia","Copa Vacations","Fidetur Puerto Vallarta","Paraguay","Riviera Nayarit","Uruguay"],"articleSection":["Marketing"],"inLanguage":"es-MX","potentialAction":[{"@type":"CommentAction","name":"Comment","target":["https:\/\/nitu.mx\/index.php\/2018\/12\/26\/riviera-nayarit-pone-en-la-mira-a-bolivia-paraguay-y-uruguay\/#respond"]}]},{"@type":"WebPage","@id":"https:\/\/nitu.mx\/index.php\/2018\/12\/26\/riviera-nayarit-pone-en-la-mira-a-bolivia-paraguay-y-uruguay\/","url":"https:\/\/nitu.mx\/index.php\/2018\/12\/26\/riviera-nayarit-pone-en-la-mira-a-bolivia-paraguay-y-uruguay\/","name":"Riviera Nayarit pone en la mira a Bolivia, Paraguay y Uruguay - Nitu - Noticias de la Industria Turistica","isPartOf":{"@id":"https:\/\/nitu.mx\/#website"},"primaryImageOfPage":{"@id":"https:\/\/nitu.mx\/index.php\/2018\/12\/26\/riviera-nayarit-pone-en-la-mira-a-bolivia-paraguay-y-uruguay\/#primaryimage"},"image":{"@id":"https:\/\/nitu.mx\/index.php\/2018\/12\/26\/riviera-nayarit-pone-en-la-mira-a-bolivia-paraguay-y-uruguay\/#primaryimage"},"thumbnailUrl":"https:\/\/nitu.mx\/wp-content\/uploads\/2018\/12\/Riviera-Nayarit-Paraguay.jpg","datePublished":"2018-12-27T04:15:24+00:00","dateModified":"2018-12-27T06:25:54+00:00","description":"La oficina de Visitantes y Convenciones de Riviera Nayarit y Fidetur Puerto Vallarta van a la conquista de los mercados de Bolivia, Paraguay y Uruguay.","breadcrumb":{"@id":"https:\/\/nitu.mx\/index.php\/2018\/12\/26\/riviera-nayarit-pone-en-la-mira-a-bolivia-paraguay-y-uruguay\/#breadcrumb"},"inLanguage":"es-MX","potentialAction":[{"@type":"ReadAction","target":["https:\/\/nitu.mx\/index.php\/2018\/12\/26\/riviera-nayarit-pone-en-la-mira-a-bolivia-paraguay-y-uruguay\/"]}]},{"@type":"ImageObject","inLanguage":"es-MX","@id":"https:\/\/nitu.mx\/index.php\/2018\/12\/26\/riviera-nayarit-pone-en-la-mira-a-bolivia-paraguay-y-uruguay\/#primaryimage","url":"https:\/\/nitu.mx\/wp-content\/uploads\/2018\/12\/Riviera-Nayarit-Paraguay.jpg","contentUrl":"https:\/\/nitu.mx\/wp-content\/uploads\/2018\/12\/Riviera-Nayarit-Paraguay.jpg","width":850,"height":480,"caption":"Riviera Nayarit Paraguay"},{"@type":"BreadcrumbList","@id":"https:\/\/nitu.mx\/index.php\/2018\/12\/26\/riviera-nayarit-pone-en-la-mira-a-bolivia-paraguay-y-uruguay\/#breadcrumb","itemListElement":[{"@type":"ListItem","position":1,"name":"Inicio","item":"https:\/\/nitu.mx\/"},{"@type":"ListItem","position":2,"name":"Riviera Nayarit pone en la mira a Bolivia, Paraguay y Uruguay"}]},{"@type":"WebSite","@id":"https:\/\/nitu.mx\/#website","url":"https:\/\/nitu.mx\/","name":"Nitu - Noticias de la Industria Turistica","description":"Noticias de la Industria Turistica","publisher":{"@id":"https:\/\/nitu.mx\/#\/schema\/person\/ae7a53426417292d3dd07b45a33e01bc"},"alternateName":"Noticias de la Industria Turistica","potentialAction":[{"@type":"SearchAction","target":{"@type":"EntryPoint","urlTemplate":"https:\/\/nitu.mx\/?s={search_term_string}"},"query-input":"required name=search_term_string"}],"inLanguage":"es-MX"},{"@type":["Person","Organization"],"@id":"https:\/\/nitu.mx\/#\/schema\/person\/ae7a53426417292d3dd07b45a33e01bc","name":"Arturo Medina","image":{"@type":"ImageObject","inLanguage":"es-MX","@id":"https:\/\/nitu.mx\/#\/schema\/person\/image\/","url":"https:\/\/nitu.mx\/wp-content\/uploads\/2024\/04\/4A315622-1904-4D5C-B022-878CDC840E04-90x90-1.jpeg","contentUrl":"https:\/\/nitu.mx\/wp-content\/uploads\/2024\/04\/4A315622-1904-4D5C-B022-878CDC840E04-90x90-1.jpeg","width":90,"height":90,"caption":"Arturo Medina"},"logo":{"@id":"https:\/\/nitu.mx\/#\/schema\/person\/image\/"},"description":"Director NITU.mx, Egresado de la Escuela de Periodismo Carlos Septi\u00e9n Garc\u00eda. Periodista y analista especializado en turismo desde hace 35 a\u00f1os, radicado en Canc\u00fan Q.Roo. arturo@nitu.mx","sameAs":["https:\/\/nitu.mx","https:\/\/www.facebook.com\/NITUmx\/","medinacancun","https:\/\/twitter.com\/@Arturo_Medina_G"]},{"@type":"Person","@id":"https:\/\/nitu.mx\/#\/schema\/person\/afc52e313e27e660739556d421d3d6b4","name":"Mari Soto","image":{"@type":"ImageObject","inLanguage":"es-MX","@id":"https:\/\/nitu.mx\/#\/schema\/person\/image\/","url":"https:\/\/secure.gravatar.com\/avatar\/2619c282a180a20d89fcaea82a6736e2?s=96&d=mm&r=g","contentUrl":"https:\/\/secure.gravatar.com\/avatar\/2619c282a180a20d89fcaea82a6736e2?s=96&d=mm&r=g","caption":"Mari Soto"},"sameAs":["https:\/\/nitu.mx"],"url":"https:\/\/nitu.mx\/index.php\/author\/guadalupe\/"}]}},"views":421,"_links":{"self":[{"href":"https:\/\/nitu.mx\/index.php\/wp-json\/wp\/v2\/posts\/27830"}],"collection":[{"href":"https:\/\/nitu.mx\/index.php\/wp-json\/wp\/v2\/posts"}],"about":[{"href":"https:\/\/nitu.mx\/index.php\/wp-json\/wp\/v2\/types\/post"}],"author":[{"embeddable":true,"href":"https:\/\/nitu.mx\/index.php\/wp-json\/wp\/v2\/users\/5"}],"replies":[{"embeddable":true,"href":"https:\/\/nitu.mx\/index.php\/wp-json\/wp\/v2\/comments?post=27830"}],"version-history":[{"count":2,"href":"https:\/\/nitu.mx\/index.php\/wp-json\/wp\/v2\/posts\/27830\/revisions"}],"predecessor-version":[{"id":27835,"href":"https:\/\/nitu.mx\/index.php\/wp-json\/wp\/v2\/posts\/27830\/revisions\/27835"}],"wp:featuredmedia":[{"embeddable":true,"href":"https:\/\/nitu.mx\/index.php\/wp-json\/wp\/v2\/media\/27834"}],"wp:attachment":[{"href":"https:\/\/nitu.mx\/index.php\/wp-json\/wp\/v2\/media?parent=27830"}],"wp:term":[{"taxonomy":"category","embeddable":true,"href":"https:\/\/nitu.mx\/index.php\/wp-json\/wp\/v2\/categories?post=27830"},{"taxonomy":"post_tag","embeddable":true,"href":"https:\/\/nitu.mx\/index.php\/wp-json\/wp\/v2\/tags?post=27830"}],"curies":[{"name":"wp","href":"https:\/\/api.w.org\/{rel}","templated":true}]}}