{"id":27673,"date":"2018-12-19T23:35:42","date_gmt":"2018-12-20T04:35:42","guid":{"rendered":"https:\/\/www.dev.nitu.mx\/?p=27673"},"modified":"2018-12-20T01:28:01","modified_gmt":"2018-12-20T06:28:01","slug":"mackinlay-presenta-a-su-equipo-de-trabajo-y-se-reune-con-integrantes-de-la-comision-de-turismo-del-congreso-de-cdmx","status":"publish","type":"post","link":"https:\/\/nitu.mx\/index.php\/2018\/12\/19\/mackinlay-presenta-a-su-equipo-de-trabajo-y-se-reune-con-integrantes-de-la-comision-de-turismo-del-congreso-de-cdmx\/","title":{"rendered":"Mackinlay presenta a su equipo de trabajo y se re\u00fane con integrantes de la Comisi\u00f3n de Turismo del Congreso de CDMX"},"content":{"rendered":"<p>El Secretario de Turismo de la Ciudad de M\u00e9xico, Carlos Mackinlay, se reuni\u00f3 con los integrantes de la Comisi\u00f3n de Turismo del Congreso de la Ciudad de M\u00e9xico, para dar a conocer su programa de trabajo y propuestas de la nueva administraci\u00f3n en la materia, en la sede de la dependencia.<\/p>\n<p>En esta primera reuni\u00f3n los legisladores encabezados por la diputada presidenta, Ana Patricia B\u00e1ez Guerrero estuvieron de acuerdo en el diagn\u00f3stico que present\u00f3 el Secretario de Turismo, quien se\u00f1al\u00f3 que la mayor\u00eda de actividades culturales y tur\u00edsticas se llevan a cabo en la zonas Sur y Poniente de la Ciudad de M\u00e9xico, por lo que hace falta coordinar y organizar actividades en las delegaciones del Norte y del Oriente, como Iztapalapa, Iztacalco y Gustavo A. Madero.<\/p>\n<p>El titular de Sectur CDMX dijo a los legisladores que en conjunto con el Fondo Mixto de Promoci\u00f3n Tur\u00edstica a cargo de Paola F\u00e9lix D\u00edaz dar\u00e1n un fuerte impulso al turismo en la Ciudad\u00a0 de M\u00e9xico, con nuevos programas e inversiones en la materia.<\/p>\n<p>Los diputados Paola Soto Maldonado, Lilia Sarmiento G\u00f3mez, Margarita Salda\u00f1a Hern\u00e1ndez, Ana Patricia B\u00e1ez Guerrero y Marco Antonio Tem\u00edstocles Villanueva Ramos, reconocieron la actividad tur\u00edstica como uno de los motores de la econom\u00eda en la Ciudad de M\u00e9xico y a nivel nacional, y se\u00f1alaron que es necesaria mayor inversi\u00f3n en infraestructura para atender a turistas nacionales y extranjeros. (<a title=\"Mackinlay quiere traer a CDMX Tianguis Tur\u00edstico en 2020\" href=\"https:\/\/www.dev.nitu.mx\/index.php\/2018\/08\/22\/mackinlay-quiere-traer-a-cdmx-tianguis-turistico-en-2020\/\" rel=\"bookmark\">Mackinlay quiere traer a CDMX Tianguis Tur\u00edstico en 2020<\/a>).<\/p>\n<p>El titular de la dependencia enfatiz\u00f3 que el Programa de Turismo Social en esta administraci\u00f3n tendr\u00e1 un mayor impulso hacia la zona Norte Oriente de la Ciudad, debido a que es el \u00e1rea donde menos recintos tur\u00edsticos hay y menos actividades tur\u00edsticas se llevan a cabo. Mencion\u00f3 que uno de los atractivos de mayores dimensiones es la Bas\u00edlica de Guadalupe, a pesar de lo cual es una de las zonas menos desarrolladas tur\u00edsticamente.<\/p>\n<p>Mackinlay present\u00f3 al equipo de trabajo de la Secretar\u00eda de Turismo, integrado por: la Directora Jur\u00eddica Paola Pintado P\u00e9rez; Arturo Cruzalta Mart\u00ednez, director Ejecutivo de Administraci\u00f3n; as\u00ed como los Directores Generales Francisco Ruiz Herrera, de Programas Estrat\u00e9gicos; Sara Riojas de la Pe\u00f1a, del Instituto de Promoci\u00f3n Tur\u00edstica; Armando M\u00fajica Romo, de Planeaci\u00f3n y Desarrollo Tur\u00edstico y Rub\u00e9n Morales, Flores, Director de Atenci\u00f3n Tur\u00edstica, en representaci\u00f3n de Jorge Guerrero Carrasco, de la Direcci\u00f3n General de Servicios Tur\u00edsticos.<\/p>\n","protected":false},"excerpt":{"rendered":"<p>El Secretario de Turismo de la Ciudad de M\u00e9xico, Carlos Mackinlay, se reuni\u00f3 con los integrantes de la Comisi\u00f3n de Turismo del Congreso de la Ciudad de M\u00e9xico, para dar a conocer su programa de trabajo y propuestas de la nueva administraci\u00f3n en la materia, en la sede de la dependencia. En esta primera reuni\u00f3n [&hellip;]<\/p>\n","protected":false},"author":17,"featured_media":27677,"comment_status":"open","ping_status":"open","sticky":false,"template":"","format":"standard","meta":{"footnotes":""},"categories":[6],"tags":[11944,13912,13913],"yoast_head":"<!-- This site is optimized with the Yoast SEO plugin v22.2 - https:\/\/yoast.com\/wordpress\/plugins\/seo\/ -->\n<title>Mackinlay presenta a su equipo de trabajo y se re\u00fane con integrantes de la Comisi\u00f3n de Turismo del Congreso de CDMX - Nitu - Noticias de la Industria Turistica<\/title>\n<meta name=\"robots\" content=\"index, follow, max-snippet:-1, max-image-preview:large, max-video-preview:-1\" \/>\n<link rel=\"canonical\" href=\"https:\/\/nitu.mx\/index.php\/2018\/12\/19\/mackinlay-presenta-a-su-equipo-de-trabajo-y-se-reune-con-integrantes-de-la-comision-de-turismo-del-congreso-de-cdmx\/\" \/>\n<meta name=\"twitter:card\" content=\"summary_large_image\" \/>\n<meta name=\"twitter:title\" content=\"Mackinlay presenta a su equipo de trabajo y se re\u00fane con integrantes de la Comisi\u00f3n de Turismo del Congreso de CDMX - Nitu - Noticias de la Industria Turistica\" \/>\n<meta name=\"twitter:description\" content=\"El Secretario de Turismo de la Ciudad de M\u00e9xico, Carlos Mackinlay, se reuni\u00f3 con los integrantes de la Comisi\u00f3n de Turismo del Congreso de la Ciudad de M\u00e9xico, para dar a conocer su programa de trabajo y propuestas de la nueva administraci\u00f3n en la materia, en la sede de la dependencia. En esta primera reuni\u00f3n [&hellip;]\" \/>\n<meta name=\"twitter:image\" content=\"https:\/\/nitu.mx\/wp-content\/uploads\/2018\/12\/Mackinlay.jpg\" \/>\n<meta name=\"twitter:creator\" content=\"@NITUmx\" \/>\n<meta name=\"twitter:site\" content=\"@Arturo_Medina_G\" \/>\n<meta name=\"twitter:label1\" content=\"Escrito por\" \/>\n\t<meta name=\"twitter:data1\" content=\"Redacci\u00f3n\" \/>\n\t<meta name=\"twitter:label2\" content=\"Tiempo de lectura\" \/>\n\t<meta name=\"twitter:data2\" content=\"2 minutos\" \/>\n<script type=\"application\/ld+json\" class=\"yoast-schema-graph\">{\"@context\":\"https:\/\/schema.org\",\"@graph\":[{\"@type\":\"Article\",\"@id\":\"https:\/\/nitu.mx\/index.php\/2018\/12\/19\/mackinlay-presenta-a-su-equipo-de-trabajo-y-se-reune-con-integrantes-de-la-comision-de-turismo-del-congreso-de-cdmx\/#article\",\"isPartOf\":{\"@id\":\"https:\/\/nitu.mx\/index.php\/2018\/12\/19\/mackinlay-presenta-a-su-equipo-de-trabajo-y-se-reune-con-integrantes-de-la-comision-de-turismo-del-congreso-de-cdmx\/\"},\"author\":{\"name\":\"Redacci\u00f3n\",\"@id\":\"https:\/\/nitu.mx\/#\/schema\/person\/4a28fe9bd65924f7c90623773daf1b0b\"},\"headline\":\"Mackinlay presenta a su equipo de trabajo y se re\u00fane con integrantes de la Comisi\u00f3n de Turismo del Congreso de CDMX\",\"datePublished\":\"2018-12-20T04:35:42+00:00\",\"dateModified\":\"2018-12-20T06:28:01+00:00\",\"mainEntityOfPage\":{\"@id\":\"https:\/\/nitu.mx\/index.php\/2018\/12\/19\/mackinlay-presenta-a-su-equipo-de-trabajo-y-se-reune-con-integrantes-de-la-comision-de-turismo-del-congreso-de-cdmx\/\"},\"wordCount\":460,\"commentCount\":0,\"publisher\":{\"@id\":\"https:\/\/nitu.mx\/#\/schema\/person\/ae7a53426417292d3dd07b45a33e01bc\"},\"image\":{\"@id\":\"https:\/\/nitu.mx\/index.php\/2018\/12\/19\/mackinlay-presenta-a-su-equipo-de-trabajo-y-se-reune-con-integrantes-de-la-comision-de-turismo-del-congreso-de-cdmx\/#primaryimage\"},\"thumbnailUrl\":\"https:\/\/nitu.mx\/wp-content\/uploads\/2018\/12\/Mackinlay.jpg\",\"keywords\":[\"Carlos Mackinlay\",\"Comisi\u00f3n de Turismo del Congreso de la Ciudad de M\u00e9xico\",\"Programa de Turismo Social\"],\"articleSection\":[\"M\u00e9xico\"],\"inLanguage\":\"es-MX\",\"potentialAction\":[{\"@type\":\"CommentAction\",\"name\":\"Comment\",\"target\":[\"https:\/\/nitu.mx\/index.php\/2018\/12\/19\/mackinlay-presenta-a-su-equipo-de-trabajo-y-se-reune-con-integrantes-de-la-comision-de-turismo-del-congreso-de-cdmx\/#respond\"]}]},{\"@type\":\"WebPage\",\"@id\":\"https:\/\/nitu.mx\/index.php\/2018\/12\/19\/mackinlay-presenta-a-su-equipo-de-trabajo-y-se-reune-con-integrantes-de-la-comision-de-turismo-del-congreso-de-cdmx\/\",\"url\":\"https:\/\/nitu.mx\/index.php\/2018\/12\/19\/mackinlay-presenta-a-su-equipo-de-trabajo-y-se-reune-con-integrantes-de-la-comision-de-turismo-del-congreso-de-cdmx\/\",\"name\":\"Mackinlay presenta a su equipo de trabajo y se re\u00fane con integrantes de la Comisi\u00f3n de Turismo del Congreso de CDMX - Nitu - Noticias de la Industria Turistica\",\"isPartOf\":{\"@id\":\"https:\/\/nitu.mx\/#website\"},\"primaryImageOfPage\":{\"@id\":\"https:\/\/nitu.mx\/index.php\/2018\/12\/19\/mackinlay-presenta-a-su-equipo-de-trabajo-y-se-reune-con-integrantes-de-la-comision-de-turismo-del-congreso-de-cdmx\/#primaryimage\"},\"image\":{\"@id\":\"https:\/\/nitu.mx\/index.php\/2018\/12\/19\/mackinlay-presenta-a-su-equipo-de-trabajo-y-se-reune-con-integrantes-de-la-comision-de-turismo-del-congreso-de-cdmx\/#primaryimage\"},\"thumbnailUrl\":\"https:\/\/nitu.mx\/wp-content\/uploads\/2018\/12\/Mackinlay.jpg\",\"datePublished\":\"2018-12-20T04:35:42+00:00\",\"dateModified\":\"2018-12-20T06:28:01+00:00\",\"breadcrumb\":{\"@id\":\"https:\/\/nitu.mx\/index.php\/2018\/12\/19\/mackinlay-presenta-a-su-equipo-de-trabajo-y-se-reune-con-integrantes-de-la-comision-de-turismo-del-congreso-de-cdmx\/#breadcrumb\"},\"inLanguage\":\"es-MX\",\"potentialAction\":[{\"@type\":\"ReadAction\",\"target\":[\"https:\/\/nitu.mx\/index.php\/2018\/12\/19\/mackinlay-presenta-a-su-equipo-de-trabajo-y-se-reune-con-integrantes-de-la-comision-de-turismo-del-congreso-de-cdmx\/\"]}]},{\"@type\":\"ImageObject\",\"inLanguage\":\"es-MX\",\"@id\":\"https:\/\/nitu.mx\/index.php\/2018\/12\/19\/mackinlay-presenta-a-su-equipo-de-trabajo-y-se-reune-con-integrantes-de-la-comision-de-turismo-del-congreso-de-cdmx\/#primaryimage\",\"url\":\"https:\/\/nitu.mx\/wp-content\/uploads\/2018\/12\/Mackinlay.jpg\",\"contentUrl\":\"https:\/\/nitu.mx\/wp-content\/uploads\/2018\/12\/Mackinlay.jpg\",\"width\":850,\"height\":480,\"caption\":\"Mackinlay\"},{\"@type\":\"BreadcrumbList\",\"@id\":\"https:\/\/nitu.mx\/index.php\/2018\/12\/19\/mackinlay-presenta-a-su-equipo-de-trabajo-y-se-reune-con-integrantes-de-la-comision-de-turismo-del-congreso-de-cdmx\/#breadcrumb\",\"itemListElement\":[{\"@type\":\"ListItem\",\"position\":1,\"name\":\"Inicio\",\"item\":\"https:\/\/nitu.mx\/\"},{\"@type\":\"ListItem\",\"position\":2,\"name\":\"Mackinlay presenta a su equipo de trabajo y se re\u00fane con integrantes de la Comisi\u00f3n de Turismo del Congreso de CDMX\"}]},{\"@type\":\"WebSite\",\"@id\":\"https:\/\/nitu.mx\/#website\",\"url\":\"https:\/\/nitu.mx\/\",\"name\":\"Nitu - Noticias de la Industria Turistica\",\"description\":\"Noticias de la Industria Turistica\",\"publisher\":{\"@id\":\"https:\/\/nitu.mx\/#\/schema\/person\/ae7a53426417292d3dd07b45a33e01bc\"},\"alternateName\":\"Noticias de la Industria Turistica\",\"potentialAction\":[{\"@type\":\"SearchAction\",\"target\":{\"@type\":\"EntryPoint\",\"urlTemplate\":\"https:\/\/nitu.mx\/?s={search_term_string}\"},\"query-input\":\"required name=search_term_string\"}],\"inLanguage\":\"es-MX\"},{\"@type\":[\"Person\",\"Organization\"],\"@id\":\"https:\/\/nitu.mx\/#\/schema\/person\/ae7a53426417292d3dd07b45a33e01bc\",\"name\":\"Arturo Medina\",\"image\":{\"@type\":\"ImageObject\",\"inLanguage\":\"es-MX\",\"@id\":\"https:\/\/nitu.mx\/#\/schema\/person\/image\/\",\"url\":\"https:\/\/nitu.mx\/wp-content\/uploads\/2024\/04\/4A315622-1904-4D5C-B022-878CDC840E04-90x90-1.jpeg\",\"contentUrl\":\"https:\/\/nitu.mx\/wp-content\/uploads\/2024\/04\/4A315622-1904-4D5C-B022-878CDC840E04-90x90-1.jpeg\",\"width\":90,\"height\":90,\"caption\":\"Arturo Medina\"},\"logo\":{\"@id\":\"https:\/\/nitu.mx\/#\/schema\/person\/image\/\"},\"description\":\"Director NITU.mx, Egresado de la Escuela de Periodismo Carlos Septi\u00e9n Garc\u00eda. Periodista y analista especializado en turismo desde hace 35 a\u00f1os, radicado en Canc\u00fan Q.Roo. arturo@nitu.mx\",\"sameAs\":[\"https:\/\/nitu.mx\",\"https:\/\/www.facebook.com\/NITUmx\/\",\"medinacancun\",\"https:\/\/twitter.com\/@Arturo_Medina_G\"]},{\"@type\":\"Person\",\"@id\":\"https:\/\/nitu.mx\/#\/schema\/person\/4a28fe9bd65924f7c90623773daf1b0b\",\"name\":\"Redacci\u00f3n\",\"image\":{\"@type\":\"ImageObject\",\"inLanguage\":\"es-MX\",\"@id\":\"https:\/\/nitu.mx\/#\/schema\/person\/image\/\",\"url\":\"https:\/\/secure.gravatar.com\/avatar\/5dd011c8ccfc5cd7e4c81e42252aab38?s=96&d=mm&r=g\",\"contentUrl\":\"https:\/\/secure.gravatar.com\/avatar\/5dd011c8ccfc5cd7e4c81e42252aab38?s=96&d=mm&r=g\",\"caption\":\"Redacci\u00f3n\"},\"url\":\"https:\/\/nitu.mx\/index.php\/author\/redaccion\/\"}]}<\/script>\n<!-- \/ Yoast SEO plugin. -->","yoast_head_json":{"title":"Mackinlay presenta a su equipo de trabajo y se re\u00fane con integrantes de la Comisi\u00f3n de Turismo del Congreso de CDMX - Nitu - Noticias de la Industria Turistica","robots":{"index":"index","follow":"follow","max-snippet":"max-snippet:-1","max-image-preview":"max-image-preview:large","max-video-preview":"max-video-preview:-1"},"canonical":"https:\/\/nitu.mx\/index.php\/2018\/12\/19\/mackinlay-presenta-a-su-equipo-de-trabajo-y-se-reune-con-integrantes-de-la-comision-de-turismo-del-congreso-de-cdmx\/","twitter_card":"summary_large_image","twitter_title":"Mackinlay presenta a su equipo de trabajo y se re\u00fane con integrantes de la Comisi\u00f3n de Turismo del Congreso de CDMX - Nitu - Noticias de la Industria Turistica","twitter_description":"El Secretario de Turismo de la Ciudad de M\u00e9xico, Carlos Mackinlay, se reuni\u00f3 con los integrantes de la Comisi\u00f3n de Turismo del Congreso de la Ciudad de M\u00e9xico, para dar a conocer su programa de trabajo y propuestas de la nueva administraci\u00f3n en la materia, en la sede de la dependencia. En esta primera reuni\u00f3n [&hellip;]","twitter_image":"https:\/\/nitu.mx\/wp-content\/uploads\/2018\/12\/Mackinlay.jpg","twitter_creator":"@NITUmx","twitter_site":"@Arturo_Medina_G","twitter_misc":{"Escrito por":"Redacci\u00f3n","Tiempo de lectura":"2 minutos"},"schema":{"@context":"https:\/\/schema.org","@graph":[{"@type":"Article","@id":"https:\/\/nitu.mx\/index.php\/2018\/12\/19\/mackinlay-presenta-a-su-equipo-de-trabajo-y-se-reune-con-integrantes-de-la-comision-de-turismo-del-congreso-de-cdmx\/#article","isPartOf":{"@id":"https:\/\/nitu.mx\/index.php\/2018\/12\/19\/mackinlay-presenta-a-su-equipo-de-trabajo-y-se-reune-con-integrantes-de-la-comision-de-turismo-del-congreso-de-cdmx\/"},"author":{"name":"Redacci\u00f3n","@id":"https:\/\/nitu.mx\/#\/schema\/person\/4a28fe9bd65924f7c90623773daf1b0b"},"headline":"Mackinlay presenta a su equipo de trabajo y se re\u00fane con integrantes de la Comisi\u00f3n de Turismo del Congreso de CDMX","datePublished":"2018-12-20T04:35:42+00:00","dateModified":"2018-12-20T06:28:01+00:00","mainEntityOfPage":{"@id":"https:\/\/nitu.mx\/index.php\/2018\/12\/19\/mackinlay-presenta-a-su-equipo-de-trabajo-y-se-reune-con-integrantes-de-la-comision-de-turismo-del-congreso-de-cdmx\/"},"wordCount":460,"commentCount":0,"publisher":{"@id":"https:\/\/nitu.mx\/#\/schema\/person\/ae7a53426417292d3dd07b45a33e01bc"},"image":{"@id":"https:\/\/nitu.mx\/index.php\/2018\/12\/19\/mackinlay-presenta-a-su-equipo-de-trabajo-y-se-reune-con-integrantes-de-la-comision-de-turismo-del-congreso-de-cdmx\/#primaryimage"},"thumbnailUrl":"https:\/\/nitu.mx\/wp-content\/uploads\/2018\/12\/Mackinlay.jpg","keywords":["Carlos Mackinlay","Comisi\u00f3n de Turismo del Congreso de la Ciudad de M\u00e9xico","Programa de Turismo Social"],"articleSection":["M\u00e9xico"],"inLanguage":"es-MX","potentialAction":[{"@type":"CommentAction","name":"Comment","target":["https:\/\/nitu.mx\/index.php\/2018\/12\/19\/mackinlay-presenta-a-su-equipo-de-trabajo-y-se-reune-con-integrantes-de-la-comision-de-turismo-del-congreso-de-cdmx\/#respond"]}]},{"@type":"WebPage","@id":"https:\/\/nitu.mx\/index.php\/2018\/12\/19\/mackinlay-presenta-a-su-equipo-de-trabajo-y-se-reune-con-integrantes-de-la-comision-de-turismo-del-congreso-de-cdmx\/","url":"https:\/\/nitu.mx\/index.php\/2018\/12\/19\/mackinlay-presenta-a-su-equipo-de-trabajo-y-se-reune-con-integrantes-de-la-comision-de-turismo-del-congreso-de-cdmx\/","name":"Mackinlay presenta a su equipo de trabajo y se re\u00fane con integrantes de la Comisi\u00f3n de Turismo del Congreso de CDMX - Nitu - Noticias de la Industria Turistica","isPartOf":{"@id":"https:\/\/nitu.mx\/#website"},"primaryImageOfPage":{"@id":"https:\/\/nitu.mx\/index.php\/2018\/12\/19\/mackinlay-presenta-a-su-equipo-de-trabajo-y-se-reune-con-integrantes-de-la-comision-de-turismo-del-congreso-de-cdmx\/#primaryimage"},"image":{"@id":"https:\/\/nitu.mx\/index.php\/2018\/12\/19\/mackinlay-presenta-a-su-equipo-de-trabajo-y-se-reune-con-integrantes-de-la-comision-de-turismo-del-congreso-de-cdmx\/#primaryimage"},"thumbnailUrl":"https:\/\/nitu.mx\/wp-content\/uploads\/2018\/12\/Mackinlay.jpg","datePublished":"2018-12-20T04:35:42+00:00","dateModified":"2018-12-20T06:28:01+00:00","breadcrumb":{"@id":"https:\/\/nitu.mx\/index.php\/2018\/12\/19\/mackinlay-presenta-a-su-equipo-de-trabajo-y-se-reune-con-integrantes-de-la-comision-de-turismo-del-congreso-de-cdmx\/#breadcrumb"},"inLanguage":"es-MX","potentialAction":[{"@type":"ReadAction","target":["https:\/\/nitu.mx\/index.php\/2018\/12\/19\/mackinlay-presenta-a-su-equipo-de-trabajo-y-se-reune-con-integrantes-de-la-comision-de-turismo-del-congreso-de-cdmx\/"]}]},{"@type":"ImageObject","inLanguage":"es-MX","@id":"https:\/\/nitu.mx\/index.php\/2018\/12\/19\/mackinlay-presenta-a-su-equipo-de-trabajo-y-se-reune-con-integrantes-de-la-comision-de-turismo-del-congreso-de-cdmx\/#primaryimage","url":"https:\/\/nitu.mx\/wp-content\/uploads\/2018\/12\/Mackinlay.jpg","contentUrl":"https:\/\/nitu.mx\/wp-content\/uploads\/2018\/12\/Mackinlay.jpg","width":850,"height":480,"caption":"Mackinlay"},{"@type":"BreadcrumbList","@id":"https:\/\/nitu.mx\/index.php\/2018\/12\/19\/mackinlay-presenta-a-su-equipo-de-trabajo-y-se-reune-con-integrantes-de-la-comision-de-turismo-del-congreso-de-cdmx\/#breadcrumb","itemListElement":[{"@type":"ListItem","position":1,"name":"Inicio","item":"https:\/\/nitu.mx\/"},{"@type":"ListItem","position":2,"name":"Mackinlay presenta a su equipo de trabajo y se re\u00fane con integrantes de la Comisi\u00f3n de Turismo del Congreso de CDMX"}]},{"@type":"WebSite","@id":"https:\/\/nitu.mx\/#website","url":"https:\/\/nitu.mx\/","name":"Nitu - Noticias de la Industria Turistica","description":"Noticias de la Industria Turistica","publisher":{"@id":"https:\/\/nitu.mx\/#\/schema\/person\/ae7a53426417292d3dd07b45a33e01bc"},"alternateName":"Noticias de la Industria Turistica","potentialAction":[{"@type":"SearchAction","target":{"@type":"EntryPoint","urlTemplate":"https:\/\/nitu.mx\/?s={search_term_string}"},"query-input":"required name=search_term_string"}],"inLanguage":"es-MX"},{"@type":["Person","Organization"],"@id":"https:\/\/nitu.mx\/#\/schema\/person\/ae7a53426417292d3dd07b45a33e01bc","name":"Arturo Medina","image":{"@type":"ImageObject","inLanguage":"es-MX","@id":"https:\/\/nitu.mx\/#\/schema\/person\/image\/","url":"https:\/\/nitu.mx\/wp-content\/uploads\/2024\/04\/4A315622-1904-4D5C-B022-878CDC840E04-90x90-1.jpeg","contentUrl":"https:\/\/nitu.mx\/wp-content\/uploads\/2024\/04\/4A315622-1904-4D5C-B022-878CDC840E04-90x90-1.jpeg","width":90,"height":90,"caption":"Arturo Medina"},"logo":{"@id":"https:\/\/nitu.mx\/#\/schema\/person\/image\/"},"description":"Director NITU.mx, Egresado de la Escuela de Periodismo Carlos Septi\u00e9n Garc\u00eda. Periodista y analista especializado en turismo desde hace 35 a\u00f1os, radicado en Canc\u00fan Q.Roo. arturo@nitu.mx","sameAs":["https:\/\/nitu.mx","https:\/\/www.facebook.com\/NITUmx\/","medinacancun","https:\/\/twitter.com\/@Arturo_Medina_G"]},{"@type":"Person","@id":"https:\/\/nitu.mx\/#\/schema\/person\/4a28fe9bd65924f7c90623773daf1b0b","name":"Redacci\u00f3n","image":{"@type":"ImageObject","inLanguage":"es-MX","@id":"https:\/\/nitu.mx\/#\/schema\/person\/image\/","url":"https:\/\/secure.gravatar.com\/avatar\/5dd011c8ccfc5cd7e4c81e42252aab38?s=96&d=mm&r=g","contentUrl":"https:\/\/secure.gravatar.com\/avatar\/5dd011c8ccfc5cd7e4c81e42252aab38?s=96&d=mm&r=g","caption":"Redacci\u00f3n"},"url":"https:\/\/nitu.mx\/index.php\/author\/redaccion\/"}]}},"views":351,"_links":{"self":[{"href":"https:\/\/nitu.mx\/index.php\/wp-json\/wp\/v2\/posts\/27673"}],"collection":[{"href":"https:\/\/nitu.mx\/index.php\/wp-json\/wp\/v2\/posts"}],"about":[{"href":"https:\/\/nitu.mx\/index.php\/wp-json\/wp\/v2\/types\/post"}],"author":[{"embeddable":true,"href":"https:\/\/nitu.mx\/index.php\/wp-json\/wp\/v2\/users\/17"}],"replies":[{"embeddable":true,"href":"https:\/\/nitu.mx\/index.php\/wp-json\/wp\/v2\/comments?post=27673"}],"version-history":[{"count":3,"href":"https:\/\/nitu.mx\/index.php\/wp-json\/wp\/v2\/posts\/27673\/revisions"}],"predecessor-version":[{"id":27678,"href":"https:\/\/nitu.mx\/index.php\/wp-json\/wp\/v2\/posts\/27673\/revisions\/27678"}],"wp:featuredmedia":[{"embeddable":true,"href":"https:\/\/nitu.mx\/index.php\/wp-json\/wp\/v2\/media\/27677"}],"wp:attachment":[{"href":"https:\/\/nitu.mx\/index.php\/wp-json\/wp\/v2\/media?parent=27673"}],"wp:term":[{"taxonomy":"category","embeddable":true,"href":"https:\/\/nitu.mx\/index.php\/wp-json\/wp\/v2\/categories?post=27673"},{"taxonomy":"post_tag","embeddable":true,"href":"https:\/\/nitu.mx\/index.php\/wp-json\/wp\/v2\/tags?post=27673"}],"curies":[{"name":"wp","href":"https:\/\/api.w.org\/{rel}","templated":true}]}}