{"id":27657,"date":"2018-12-19T08:28:46","date_gmt":"2018-12-19T13:28:46","guid":{"rendered":"https:\/\/www.dev.nitu.mx\/?p=27657"},"modified":"2018-12-19T23:42:55","modified_gmt":"2018-12-20T04:42:55","slug":"el-dinero-asignado-al-cptm-sera-para-finiquitarlo-accion-que-realizara-su-nueva-titular-glenda-arguelles","status":"publish","type":"post","link":"https:\/\/nitu.mx\/index.php\/2018\/12\/19\/el-dinero-asignado-al-cptm-sera-para-finiquitarlo-accion-que-realizara-su-nueva-titular-glenda-arguelles\/","title":{"rendered":"S\u00ed se va el CPTM, fondo asignado es para liquidarlo"},"content":{"rendered":"<p>\u201cEl Consejo de Promoci\u00f3n Tur\u00edstica de M\u00e9xico (CPTM), si desaparece y el monto asignado a la entidad, 564 millones de pesos, se destinar\u00e1n para liquidarlo ya que se debe finiquitar a quienes laboran en la entidad en el extranjero y ese ser\u00e1 el trabajo de su nueva titular, Glenda Arg\u00fcelles\u201d, inform\u00f3 Dar\u00edo Flota Ocampo, titular del Consejo de Promoci\u00f3n Tur\u00edstica de Quintana Roo (CPTQ).<\/p>\n<p>As\u00ed, Glenda Arguelles, nueva titular del CPTM, quien se desempe\u00f1\u00f3 anteriormente en la Secretar\u00eda de Hacienda, ser\u00e1 la encargada de llevar a cabo el proceso de liquidaci\u00f3n y cierre del CPTM, y esta es la raz\u00f3n por la que se establece un presupuesto para el organismo.<\/p>\n<p>As\u00ed resulta falsa la informaci\u00f3n de que el CPTM permanece. Mientras es liquidado, se establece para el Consejo de Promoci\u00f3n 564 millones de pesos, que en el 2018 tuvo una partida fue de 600 mdp. (<a title=\"Confunde presupuesto a turisteros, asignan recursos a \u201cextinto\u201d CPTM\" href=\"https:\/\/www.dev.nitu.mx\/index.php\/2018\/12\/17\/confunde-presupuesto-a-turisteros-asignan-recursos-a-finado-cptm\/\" rel=\"bookmark\">Confunde presupuesto a turisteros, asignan recursos a \u201cextinto\u201d CPTM<\/a>).<\/p>\n<p>El CPTM ten\u00eda dos rubros de ingresos: uno era este presupuesto y el otro proven\u00eda del Derecho de No Inmigrante (DNR), que en 2018 fueron como 5 mil millones de pesos. La suma de los dos hac\u00eda el presupuesto global del a\u00f1o.<br \/>\nComo el CPTM es un Sociedad An\u00f3nima de participaci\u00f3n mayoritaria del estado, debe procederse a la liquidaci\u00f3n del personal: como los que trabajan para el organismo en el exterior tienen calidad migratoria de diplom\u00e1ticos, se les debe pagar el menaje de casa desde donde est\u00e9n. \u201cEsta situaci\u00f3n es complicada porque muchos tienen hijos que est\u00e1n en escuela y regresar\u00e1n poco a poco al pa\u00eds\u201d, relat\u00f3 Flota Ocampo.<\/p>\n<p>Por otra parte, lo que se desconoce es la partida que se va a asignar a la Secretar\u00eda de Turismo (Sectur) para promoci\u00f3n y c\u00f3mo se van a utilizar, y si de ese dinero mantendr\u00e1n la din\u00e1mica de asignar dinero a cada estado y cu\u00e1nto se asignar\u00e1n a las ferias.<\/p>\n<p>Sin embargo, para la primera feria del a\u00f1o FITUR que se realiza en Espa\u00f1a que inicia el 23 de enero, ya est\u00e1n los stands y se sabe que la delegaci\u00f3n de M\u00e9xico la encabezar\u00e1 la Sectur.<\/p>\n<p>Donde no se tiene seguridad de asistencia son las ferias de: Colombia y Berl\u00edn, y se sabe que no habr\u00e1 stand de M\u00e9xico, por lo menos no como se hac\u00eda antes lo que preocupa a los estados y empresas.<\/p>\n<p>Respecto al Tianguis Tur\u00edstico de M\u00e9xico el gobernador de Guerrero, declar\u00f3 que el estado no est\u00e1 en condiciones de celebrar el Tianguis, sino cuenta con el apoyo del gobierno federal.<\/p>\n<p>\u201cAqu\u00ed el tema es, que lo importante del tianguis era la presencia de los compradores de todas partes del mundo que eran invitados por las oficinas del exterior del CPTM, pero habr\u00eda que saber si el personal de las embajadas sabe a qui\u00e9n invitar\u00e1 de cada aerol\u00ednea, agencia y mayorista para que sea interesante\u201d, reflexion\u00f3.<\/p>\n<p>Sin embargo, a\u00fan existe la esperanza de saber c\u00f3mo la Sectur va a manejar la parte de la promoci\u00f3n y la propuesta de dos empresarios tur\u00edsticos de crear un organismo de promoci\u00f3n de la IP. (<a title=\"AMLO hace \u201co\u00eddos sordos\u201d, Torruco anuncia oficialmente liquidaci\u00f3n de CPTM\" href=\"https:\/\/www.dev.nitu.mx\/index.php\/2018\/12\/06\/amlo-hace-oidos-sordos-torruco-anuncia-oficialmente-liquidacion-de-cptm\/\" rel=\"bookmark\">AMLO hace \u201co\u00eddos sordos\u201d, Torruco anuncia oficialmente liquidaci\u00f3n de CPTM<\/a>).<\/p>\n<p>Aunque dijo, hay que reconocer que la mayor parte la promoci\u00f3n tur\u00edstica del pa\u00eds la hacen las empresas.<br \/>\n\u201cEst\u00e1 en riesgo la identidad de las campa\u00f1as, la fortaleza de ir juntos, eso se est\u00e1 por definirse\u201d, acentu\u00f3.<\/p>\n","protected":false},"excerpt":{"rendered":"<p>\u201cEl Consejo de Promoci\u00f3n Tur\u00edstica de M\u00e9xico (CPTM), si desaparece y el monto asignado a la entidad, 564 millones de pesos, se destinar\u00e1n para liquidarlo ya que se debe finiquitar a quienes laboran en la entidad en el extranjero y ese ser\u00e1 el trabajo de su nueva titular, Glenda Arg\u00fcelles\u201d, inform\u00f3 Dar\u00edo Flota Ocampo, titular [&hellip;]<\/p>\n","protected":false},"author":3,"featured_media":27679,"comment_status":"open","ping_status":"open","sticky":false,"template":"","format":"standard","meta":{"footnotes":""},"categories":[12,6],"tags":[1110,2545,874,13904],"yoast_head":"<!-- This site is optimized with the Yoast SEO plugin v22.2 - https:\/\/yoast.com\/wordpress\/plugins\/seo\/ -->\n<title>S\u00ed se va el CPTM, fondo asignado es para liquidarlo - Nitu - Noticias de la Industria Turistica<\/title>\n<meta name=\"description\" content=\"\u201cEl Consejo de Promoci\u00f3n Tur\u00edstica de M\u00e9xico (CPTM), si desaparece y el monto asignado a la entidad, 564 millones de pesos, se destinar\u00e1n para liquidarlo.\" \/>\n<meta name=\"robots\" content=\"index, follow, max-snippet:-1, max-image-preview:large, max-video-preview:-1\" \/>\n<link rel=\"canonical\" href=\"https:\/\/nitu.mx\/index.php\/2018\/12\/19\/el-dinero-asignado-al-cptm-sera-para-finiquitarlo-accion-que-realizara-su-nueva-titular-glenda-arguelles\/\" \/>\n<meta name=\"twitter:card\" content=\"summary_large_image\" \/>\n<meta name=\"twitter:title\" content=\"S\u00ed se va el CPTM, fondo asignado es para liquidarlo - Nitu - Noticias de la Industria Turistica\" \/>\n<meta name=\"twitter:description\" content=\"\u201cEl Consejo de Promoci\u00f3n Tur\u00edstica de M\u00e9xico (CPTM), si desaparece y el monto asignado a la entidad, 564 millones de pesos, se destinar\u00e1n para liquidarlo.\" \/>\n<meta name=\"twitter:image\" content=\"https:\/\/nitu.mx\/wp-content\/uploads\/2018\/12\/CPTM.jpg\" \/>\n<meta name=\"twitter:creator\" content=\"@NITUmx\" \/>\n<meta name=\"twitter:site\" content=\"@Arturo_Medina_G\" \/>\n<meta name=\"twitter:label1\" content=\"Escrito por\" \/>\n\t<meta name=\"twitter:data1\" content=\"Alejandra Moncisbays\" \/>\n\t<meta name=\"twitter:label2\" content=\"Tiempo de lectura\" \/>\n\t<meta name=\"twitter:data2\" content=\"3 minutos\" \/>\n<script type=\"application\/ld+json\" class=\"yoast-schema-graph\">{\"@context\":\"https:\/\/schema.org\",\"@graph\":[{\"@type\":\"Article\",\"@id\":\"https:\/\/nitu.mx\/index.php\/2018\/12\/19\/el-dinero-asignado-al-cptm-sera-para-finiquitarlo-accion-que-realizara-su-nueva-titular-glenda-arguelles\/#article\",\"isPartOf\":{\"@id\":\"https:\/\/nitu.mx\/index.php\/2018\/12\/19\/el-dinero-asignado-al-cptm-sera-para-finiquitarlo-accion-que-realizara-su-nueva-titular-glenda-arguelles\/\"},\"author\":{\"name\":\"Alejandra Moncisbays\",\"@id\":\"https:\/\/nitu.mx\/#\/schema\/person\/2ecd887b19dfd3382d1f14fc5acf24a8\"},\"headline\":\"S\u00ed se va el CPTM, fondo asignado es para liquidarlo\",\"datePublished\":\"2018-12-19T13:28:46+00:00\",\"dateModified\":\"2018-12-20T04:42:55+00:00\",\"mainEntityOfPage\":{\"@id\":\"https:\/\/nitu.mx\/index.php\/2018\/12\/19\/el-dinero-asignado-al-cptm-sera-para-finiquitarlo-accion-que-realizara-su-nueva-titular-glenda-arguelles\/\"},\"wordCount\":615,\"commentCount\":0,\"publisher\":{\"@id\":\"https:\/\/nitu.mx\/#\/schema\/person\/ae7a53426417292d3dd07b45a33e01bc\"},\"image\":{\"@id\":\"https:\/\/nitu.mx\/index.php\/2018\/12\/19\/el-dinero-asignado-al-cptm-sera-para-finiquitarlo-accion-que-realizara-su-nueva-titular-glenda-arguelles\/#primaryimage\"},\"thumbnailUrl\":\"https:\/\/nitu.mx\/wp-content\/uploads\/2018\/12\/CPTM.jpg\",\"keywords\":[\"Consejo de Promoci\u00f3n Tur\u00edstica de M\u00e9xico (CPTM)\",\"Consejo de Promoci\u00f3n Turistica de Quintana Roo (CPTQ)\",\"Dar\u00edo Flota Ocampo\",\"Glenda Arg\u00fcelles\"],\"articleSection\":[\"Marketing\",\"M\u00e9xico\"],\"inLanguage\":\"es-MX\",\"potentialAction\":[{\"@type\":\"CommentAction\",\"name\":\"Comment\",\"target\":[\"https:\/\/nitu.mx\/index.php\/2018\/12\/19\/el-dinero-asignado-al-cptm-sera-para-finiquitarlo-accion-que-realizara-su-nueva-titular-glenda-arguelles\/#respond\"]}]},{\"@type\":\"WebPage\",\"@id\":\"https:\/\/nitu.mx\/index.php\/2018\/12\/19\/el-dinero-asignado-al-cptm-sera-para-finiquitarlo-accion-que-realizara-su-nueva-titular-glenda-arguelles\/\",\"url\":\"https:\/\/nitu.mx\/index.php\/2018\/12\/19\/el-dinero-asignado-al-cptm-sera-para-finiquitarlo-accion-que-realizara-su-nueva-titular-glenda-arguelles\/\",\"name\":\"S\u00ed se va el CPTM, fondo asignado es para liquidarlo - Nitu - Noticias de la Industria Turistica\",\"isPartOf\":{\"@id\":\"https:\/\/nitu.mx\/#website\"},\"primaryImageOfPage\":{\"@id\":\"https:\/\/nitu.mx\/index.php\/2018\/12\/19\/el-dinero-asignado-al-cptm-sera-para-finiquitarlo-accion-que-realizara-su-nueva-titular-glenda-arguelles\/#primaryimage\"},\"image\":{\"@id\":\"https:\/\/nitu.mx\/index.php\/2018\/12\/19\/el-dinero-asignado-al-cptm-sera-para-finiquitarlo-accion-que-realizara-su-nueva-titular-glenda-arguelles\/#primaryimage\"},\"thumbnailUrl\":\"https:\/\/nitu.mx\/wp-content\/uploads\/2018\/12\/CPTM.jpg\",\"datePublished\":\"2018-12-19T13:28:46+00:00\",\"dateModified\":\"2018-12-20T04:42:55+00:00\",\"description\":\"\u201cEl Consejo de Promoci\u00f3n Tur\u00edstica de M\u00e9xico (CPTM), si desaparece y el monto asignado a la entidad, 564 millones de pesos, se destinar\u00e1n para liquidarlo.\",\"breadcrumb\":{\"@id\":\"https:\/\/nitu.mx\/index.php\/2018\/12\/19\/el-dinero-asignado-al-cptm-sera-para-finiquitarlo-accion-que-realizara-su-nueva-titular-glenda-arguelles\/#breadcrumb\"},\"inLanguage\":\"es-MX\",\"potentialAction\":[{\"@type\":\"ReadAction\",\"target\":[\"https:\/\/nitu.mx\/index.php\/2018\/12\/19\/el-dinero-asignado-al-cptm-sera-para-finiquitarlo-accion-que-realizara-su-nueva-titular-glenda-arguelles\/\"]}]},{\"@type\":\"ImageObject\",\"inLanguage\":\"es-MX\",\"@id\":\"https:\/\/nitu.mx\/index.php\/2018\/12\/19\/el-dinero-asignado-al-cptm-sera-para-finiquitarlo-accion-que-realizara-su-nueva-titular-glenda-arguelles\/#primaryimage\",\"url\":\"https:\/\/nitu.mx\/wp-content\/uploads\/2018\/12\/CPTM.jpg\",\"contentUrl\":\"https:\/\/nitu.mx\/wp-content\/uploads\/2018\/12\/CPTM.jpg\",\"width\":850,\"height\":480,\"caption\":\"CPTM M\u00e9xico Promoci\u00f3n Tur\u00edstica\"},{\"@type\":\"BreadcrumbList\",\"@id\":\"https:\/\/nitu.mx\/index.php\/2018\/12\/19\/el-dinero-asignado-al-cptm-sera-para-finiquitarlo-accion-que-realizara-su-nueva-titular-glenda-arguelles\/#breadcrumb\",\"itemListElement\":[{\"@type\":\"ListItem\",\"position\":1,\"name\":\"Inicio\",\"item\":\"https:\/\/nitu.mx\/\"},{\"@type\":\"ListItem\",\"position\":2,\"name\":\"S\u00ed se va el CPTM, fondo asignado es para liquidarlo\"}]},{\"@type\":\"WebSite\",\"@id\":\"https:\/\/nitu.mx\/#website\",\"url\":\"https:\/\/nitu.mx\/\",\"name\":\"Nitu - Noticias de la Industria Turistica\",\"description\":\"Noticias de la Industria Turistica\",\"publisher\":{\"@id\":\"https:\/\/nitu.mx\/#\/schema\/person\/ae7a53426417292d3dd07b45a33e01bc\"},\"alternateName\":\"Noticias de la Industria Turistica\",\"potentialAction\":[{\"@type\":\"SearchAction\",\"target\":{\"@type\":\"EntryPoint\",\"urlTemplate\":\"https:\/\/nitu.mx\/?s={search_term_string}\"},\"query-input\":\"required name=search_term_string\"}],\"inLanguage\":\"es-MX\"},{\"@type\":[\"Person\",\"Organization\"],\"@id\":\"https:\/\/nitu.mx\/#\/schema\/person\/ae7a53426417292d3dd07b45a33e01bc\",\"name\":\"Arturo Medina\",\"image\":{\"@type\":\"ImageObject\",\"inLanguage\":\"es-MX\",\"@id\":\"https:\/\/nitu.mx\/#\/schema\/person\/image\/\",\"url\":\"https:\/\/nitu.mx\/wp-content\/uploads\/2024\/04\/4A315622-1904-4D5C-B022-878CDC840E04-90x90-1.jpeg\",\"contentUrl\":\"https:\/\/nitu.mx\/wp-content\/uploads\/2024\/04\/4A315622-1904-4D5C-B022-878CDC840E04-90x90-1.jpeg\",\"width\":90,\"height\":90,\"caption\":\"Arturo Medina\"},\"logo\":{\"@id\":\"https:\/\/nitu.mx\/#\/schema\/person\/image\/\"},\"description\":\"Director NITU.mx, Egresado de la Escuela de Periodismo Carlos Septi\u00e9n Garc\u00eda. Periodista y analista especializado en turismo desde hace 35 a\u00f1os, radicado en Canc\u00fan Q.Roo. arturo@nitu.mx\",\"sameAs\":[\"https:\/\/nitu.mx\",\"https:\/\/www.facebook.com\/NITUmx\/\",\"medinacancun\",\"https:\/\/twitter.com\/@Arturo_Medina_G\"]},{\"@type\":\"Person\",\"@id\":\"https:\/\/nitu.mx\/#\/schema\/person\/2ecd887b19dfd3382d1f14fc5acf24a8\",\"name\":\"Alejandra Moncisbays\",\"image\":{\"@type\":\"ImageObject\",\"inLanguage\":\"es-MX\",\"@id\":\"https:\/\/nitu.mx\/#\/schema\/person\/image\/\",\"url\":\"https:\/\/secure.gravatar.com\/avatar\/e74f7af0be172b7804dacfd0bfbef787?s=96&d=mm&r=g\",\"contentUrl\":\"https:\/\/secure.gravatar.com\/avatar\/e74f7af0be172b7804dacfd0bfbef787?s=96&d=mm&r=g\",\"caption\":\"Alejandra Moncisbays\"},\"description\":\"Curs\u00e9 la carrera de Periodismo y Comunicaci\u00f3n en la Facultad de Estudios Profesionales Acatl\u00e1n. Vivo en Canc\u00fan desde hace 24 a\u00f1os. Fui reportera de La Tarde de Canc\u00fan, y Novedades de Quintana Roo, colabor\u00e9 en TVCUN, edit\u00e9 Cancun\u00edssimo y colabor\u00e9 en las revistas Latitud21, entre otras, con principal enfoque en los sectores empresarial y tur\u00edstico. Desde hace varios a\u00f1os soy Agente de Seguros con c\u00e9dula de la Comisi\u00f3n Nacional de Seguros y Fianzas. Actualmente, me desarrollo en los \u00e1mbitos del periodismo y el sector asegurador.\",\"sameAs\":[\"https:\/\/nitu.mx\"],\"url\":\"https:\/\/nitu.mx\/index.php\/author\/alejandra\/\"}]}<\/script>\n<!-- \/ Yoast SEO plugin. -->","yoast_head_json":{"title":"S\u00ed se va el CPTM, fondo asignado es para liquidarlo - Nitu - Noticias de la Industria Turistica","description":"\u201cEl Consejo de Promoci\u00f3n Tur\u00edstica de M\u00e9xico (CPTM), si desaparece y el monto asignado a la entidad, 564 millones de pesos, se destinar\u00e1n para liquidarlo.","robots":{"index":"index","follow":"follow","max-snippet":"max-snippet:-1","max-image-preview":"max-image-preview:large","max-video-preview":"max-video-preview:-1"},"canonical":"https:\/\/nitu.mx\/index.php\/2018\/12\/19\/el-dinero-asignado-al-cptm-sera-para-finiquitarlo-accion-que-realizara-su-nueva-titular-glenda-arguelles\/","twitter_card":"summary_large_image","twitter_title":"S\u00ed se va el CPTM, fondo asignado es para liquidarlo - Nitu - Noticias de la Industria Turistica","twitter_description":"\u201cEl Consejo de Promoci\u00f3n Tur\u00edstica de M\u00e9xico (CPTM), si desaparece y el monto asignado a la entidad, 564 millones de pesos, se destinar\u00e1n para liquidarlo.","twitter_image":"https:\/\/nitu.mx\/wp-content\/uploads\/2018\/12\/CPTM.jpg","twitter_creator":"@NITUmx","twitter_site":"@Arturo_Medina_G","twitter_misc":{"Escrito por":"Alejandra Moncisbays","Tiempo de lectura":"3 minutos"},"schema":{"@context":"https:\/\/schema.org","@graph":[{"@type":"Article","@id":"https:\/\/nitu.mx\/index.php\/2018\/12\/19\/el-dinero-asignado-al-cptm-sera-para-finiquitarlo-accion-que-realizara-su-nueva-titular-glenda-arguelles\/#article","isPartOf":{"@id":"https:\/\/nitu.mx\/index.php\/2018\/12\/19\/el-dinero-asignado-al-cptm-sera-para-finiquitarlo-accion-que-realizara-su-nueva-titular-glenda-arguelles\/"},"author":{"name":"Alejandra Moncisbays","@id":"https:\/\/nitu.mx\/#\/schema\/person\/2ecd887b19dfd3382d1f14fc5acf24a8"},"headline":"S\u00ed se va el CPTM, fondo asignado es para liquidarlo","datePublished":"2018-12-19T13:28:46+00:00","dateModified":"2018-12-20T04:42:55+00:00","mainEntityOfPage":{"@id":"https:\/\/nitu.mx\/index.php\/2018\/12\/19\/el-dinero-asignado-al-cptm-sera-para-finiquitarlo-accion-que-realizara-su-nueva-titular-glenda-arguelles\/"},"wordCount":615,"commentCount":0,"publisher":{"@id":"https:\/\/nitu.mx\/#\/schema\/person\/ae7a53426417292d3dd07b45a33e01bc"},"image":{"@id":"https:\/\/nitu.mx\/index.php\/2018\/12\/19\/el-dinero-asignado-al-cptm-sera-para-finiquitarlo-accion-que-realizara-su-nueva-titular-glenda-arguelles\/#primaryimage"},"thumbnailUrl":"https:\/\/nitu.mx\/wp-content\/uploads\/2018\/12\/CPTM.jpg","keywords":["Consejo de Promoci\u00f3n Tur\u00edstica de M\u00e9xico (CPTM)","Consejo de Promoci\u00f3n Turistica de Quintana Roo (CPTQ)","Dar\u00edo Flota Ocampo","Glenda Arg\u00fcelles"],"articleSection":["Marketing","M\u00e9xico"],"inLanguage":"es-MX","potentialAction":[{"@type":"CommentAction","name":"Comment","target":["https:\/\/nitu.mx\/index.php\/2018\/12\/19\/el-dinero-asignado-al-cptm-sera-para-finiquitarlo-accion-que-realizara-su-nueva-titular-glenda-arguelles\/#respond"]}]},{"@type":"WebPage","@id":"https:\/\/nitu.mx\/index.php\/2018\/12\/19\/el-dinero-asignado-al-cptm-sera-para-finiquitarlo-accion-que-realizara-su-nueva-titular-glenda-arguelles\/","url":"https:\/\/nitu.mx\/index.php\/2018\/12\/19\/el-dinero-asignado-al-cptm-sera-para-finiquitarlo-accion-que-realizara-su-nueva-titular-glenda-arguelles\/","name":"S\u00ed se va el CPTM, fondo asignado es para liquidarlo - Nitu - Noticias de la Industria Turistica","isPartOf":{"@id":"https:\/\/nitu.mx\/#website"},"primaryImageOfPage":{"@id":"https:\/\/nitu.mx\/index.php\/2018\/12\/19\/el-dinero-asignado-al-cptm-sera-para-finiquitarlo-accion-que-realizara-su-nueva-titular-glenda-arguelles\/#primaryimage"},"image":{"@id":"https:\/\/nitu.mx\/index.php\/2018\/12\/19\/el-dinero-asignado-al-cptm-sera-para-finiquitarlo-accion-que-realizara-su-nueva-titular-glenda-arguelles\/#primaryimage"},"thumbnailUrl":"https:\/\/nitu.mx\/wp-content\/uploads\/2018\/12\/CPTM.jpg","datePublished":"2018-12-19T13:28:46+00:00","dateModified":"2018-12-20T04:42:55+00:00","description":"\u201cEl Consejo de Promoci\u00f3n Tur\u00edstica de M\u00e9xico (CPTM), si desaparece y el monto asignado a la entidad, 564 millones de pesos, se destinar\u00e1n para liquidarlo.","breadcrumb":{"@id":"https:\/\/nitu.mx\/index.php\/2018\/12\/19\/el-dinero-asignado-al-cptm-sera-para-finiquitarlo-accion-que-realizara-su-nueva-titular-glenda-arguelles\/#breadcrumb"},"inLanguage":"es-MX","potentialAction":[{"@type":"ReadAction","target":["https:\/\/nitu.mx\/index.php\/2018\/12\/19\/el-dinero-asignado-al-cptm-sera-para-finiquitarlo-accion-que-realizara-su-nueva-titular-glenda-arguelles\/"]}]},{"@type":"ImageObject","inLanguage":"es-MX","@id":"https:\/\/nitu.mx\/index.php\/2018\/12\/19\/el-dinero-asignado-al-cptm-sera-para-finiquitarlo-accion-que-realizara-su-nueva-titular-glenda-arguelles\/#primaryimage","url":"https:\/\/nitu.mx\/wp-content\/uploads\/2018\/12\/CPTM.jpg","contentUrl":"https:\/\/nitu.mx\/wp-content\/uploads\/2018\/12\/CPTM.jpg","width":850,"height":480,"caption":"CPTM M\u00e9xico Promoci\u00f3n Tur\u00edstica"},{"@type":"BreadcrumbList","@id":"https:\/\/nitu.mx\/index.php\/2018\/12\/19\/el-dinero-asignado-al-cptm-sera-para-finiquitarlo-accion-que-realizara-su-nueva-titular-glenda-arguelles\/#breadcrumb","itemListElement":[{"@type":"ListItem","position":1,"name":"Inicio","item":"https:\/\/nitu.mx\/"},{"@type":"ListItem","position":2,"name":"S\u00ed se va el CPTM, fondo asignado es para liquidarlo"}]},{"@type":"WebSite","@id":"https:\/\/nitu.mx\/#website","url":"https:\/\/nitu.mx\/","name":"Nitu - Noticias de la Industria Turistica","description":"Noticias de la Industria Turistica","publisher":{"@id":"https:\/\/nitu.mx\/#\/schema\/person\/ae7a53426417292d3dd07b45a33e01bc"},"alternateName":"Noticias de la Industria Turistica","potentialAction":[{"@type":"SearchAction","target":{"@type":"EntryPoint","urlTemplate":"https:\/\/nitu.mx\/?s={search_term_string}"},"query-input":"required name=search_term_string"}],"inLanguage":"es-MX"},{"@type":["Person","Organization"],"@id":"https:\/\/nitu.mx\/#\/schema\/person\/ae7a53426417292d3dd07b45a33e01bc","name":"Arturo Medina","image":{"@type":"ImageObject","inLanguage":"es-MX","@id":"https:\/\/nitu.mx\/#\/schema\/person\/image\/","url":"https:\/\/nitu.mx\/wp-content\/uploads\/2024\/04\/4A315622-1904-4D5C-B022-878CDC840E04-90x90-1.jpeg","contentUrl":"https:\/\/nitu.mx\/wp-content\/uploads\/2024\/04\/4A315622-1904-4D5C-B022-878CDC840E04-90x90-1.jpeg","width":90,"height":90,"caption":"Arturo Medina"},"logo":{"@id":"https:\/\/nitu.mx\/#\/schema\/person\/image\/"},"description":"Director NITU.mx, Egresado de la Escuela de Periodismo Carlos Septi\u00e9n Garc\u00eda. Periodista y analista especializado en turismo desde hace 35 a\u00f1os, radicado en Canc\u00fan Q.Roo. arturo@nitu.mx","sameAs":["https:\/\/nitu.mx","https:\/\/www.facebook.com\/NITUmx\/","medinacancun","https:\/\/twitter.com\/@Arturo_Medina_G"]},{"@type":"Person","@id":"https:\/\/nitu.mx\/#\/schema\/person\/2ecd887b19dfd3382d1f14fc5acf24a8","name":"Alejandra Moncisbays","image":{"@type":"ImageObject","inLanguage":"es-MX","@id":"https:\/\/nitu.mx\/#\/schema\/person\/image\/","url":"https:\/\/secure.gravatar.com\/avatar\/e74f7af0be172b7804dacfd0bfbef787?s=96&d=mm&r=g","contentUrl":"https:\/\/secure.gravatar.com\/avatar\/e74f7af0be172b7804dacfd0bfbef787?s=96&d=mm&r=g","caption":"Alejandra Moncisbays"},"description":"Curs\u00e9 la carrera de Periodismo y Comunicaci\u00f3n en la Facultad de Estudios Profesionales Acatl\u00e1n. Vivo en Canc\u00fan desde hace 24 a\u00f1os. Fui reportera de La Tarde de Canc\u00fan, y Novedades de Quintana Roo, colabor\u00e9 en TVCUN, edit\u00e9 Cancun\u00edssimo y colabor\u00e9 en las revistas Latitud21, entre otras, con principal enfoque en los sectores empresarial y tur\u00edstico. Desde hace varios a\u00f1os soy Agente de Seguros con c\u00e9dula de la Comisi\u00f3n Nacional de Seguros y Fianzas. Actualmente, me desarrollo en los \u00e1mbitos del periodismo y el sector asegurador.","sameAs":["https:\/\/nitu.mx"],"url":"https:\/\/nitu.mx\/index.php\/author\/alejandra\/"}]}},"views":391,"_links":{"self":[{"href":"https:\/\/nitu.mx\/index.php\/wp-json\/wp\/v2\/posts\/27657"}],"collection":[{"href":"https:\/\/nitu.mx\/index.php\/wp-json\/wp\/v2\/posts"}],"about":[{"href":"https:\/\/nitu.mx\/index.php\/wp-json\/wp\/v2\/types\/post"}],"author":[{"embeddable":true,"href":"https:\/\/nitu.mx\/index.php\/wp-json\/wp\/v2\/users\/3"}],"replies":[{"embeddable":true,"href":"https:\/\/nitu.mx\/index.php\/wp-json\/wp\/v2\/comments?post=27657"}],"version-history":[{"count":5,"href":"https:\/\/nitu.mx\/index.php\/wp-json\/wp\/v2\/posts\/27657\/revisions"}],"predecessor-version":[{"id":27682,"href":"https:\/\/nitu.mx\/index.php\/wp-json\/wp\/v2\/posts\/27657\/revisions\/27682"}],"wp:featuredmedia":[{"embeddable":true,"href":"https:\/\/nitu.mx\/index.php\/wp-json\/wp\/v2\/media\/27679"}],"wp:attachment":[{"href":"https:\/\/nitu.mx\/index.php\/wp-json\/wp\/v2\/media?parent=27657"}],"wp:term":[{"taxonomy":"category","embeddable":true,"href":"https:\/\/nitu.mx\/index.php\/wp-json\/wp\/v2\/categories?post=27657"},{"taxonomy":"post_tag","embeddable":true,"href":"https:\/\/nitu.mx\/index.php\/wp-json\/wp\/v2\/tags?post=27657"}],"curies":[{"name":"wp","href":"https:\/\/api.w.org\/{rel}","templated":true}]}}