{"id":27630,"date":"2018-12-19T01:15:52","date_gmt":"2018-12-19T06:15:52","guid":{"rendered":"https:\/\/www.dev.nitu.mx\/?p=27630"},"modified":"2018-12-19T01:28:52","modified_gmt":"2018-12-19T06:28:52","slug":"pilotos-confian-que-no-habra-despidos-en-aeromexico","status":"publish","type":"post","link":"https:\/\/nitu.mx\/index.php\/2018\/12\/19\/pilotos-confian-que-no-habra-despidos-en-aeromexico\/","title":{"rendered":"Pilotos conf\u00edan que no habr\u00e1 despidos en Aerom\u00e9xico"},"content":{"rendered":"<p>La Asociaci\u00f3n Sindical de Pilotos Aviadores de M\u00e9xico (ASPA) no prev\u00e9 que se produzca el despido de aeronautas en Aerom\u00e9xico, esto ante el ajuste financiero que anunci\u00f3 la empresa que dirige Andr\u00e9s Conesa.<\/p>\n<p>\u201cProbablemente no habr\u00e1 ning\u00fan recorte, estamos buscando llegar a un acuerdo con la administraci\u00f3n de Aerom\u00e9xico\u201d, dijo el secretario general del sindicato, Rafael D\u00edaz Covarrubias.<\/p>\n<p>El pasado 13 de noviembre, Grupo Aerom\u00e9xico confirm\u00f3 el reajuste de sus operaciones, motivado por la cancelaci\u00f3n de 9 rutas a\u00e9reas y el retiro de 5 aeronaves de su flota (tres Embraer 170 y dos equipos Boeing 737-700). (<a title=\"Aerom\u00e9xico anuncia plan de ajustes y reducci\u00f3n de personal\" href=\"https:\/\/www.dev.nitu.mx\/index.php\/2018\/11\/15\/aeromexico-anuncia-plan-de-ajustes-y-reduccion-de-personal\/\" rel=\"bookmark\">Aerom\u00e9xico anuncia plan de ajustes y reducci\u00f3n de personal<\/a>).<\/p>\n<p>Tras ese anuncio, la empresa pidi\u00f3 a ASPA un an\u00e1lisis de la plantilla de pilotos, que suman 2 mil 50 personas entre Aerom\u00e9xico y su filial Connect<strong>.<\/strong><\/p>\n<p>\u201cLa administraci\u00f3n de la empresa nos pidi\u00f3 sentarnos para ver el tema de la planta de pilotos, el n\u00famero de horas (de los pilotos), aviones y tripulaciones necesarias para poder cumplir las obligaciones\u201d, detall\u00f3 Covarrubias.<\/p>\n<p>En el caso de que Aerom\u00e9xico pida el despido de alguno de los pilotos, ASPA tiene previsto negociar opciones como retiros voluntarios, as\u00ed como permisos sin goce de sueldo. \u201cEstamos tratando conseguir permisos sin goce de sueldo, permisos sindicales para, en caso de que se requiriera, en caso de que se quiera despedir a los pilotos, solicitar despidos voluntarios\u201d, revel\u00f3.<\/p>\n","protected":false},"excerpt":{"rendered":"<p>La Asociaci\u00f3n Sindical de Pilotos Aviadores de M\u00e9xico (ASPA) no prev\u00e9 que se produzca el despido de aeronautas en Aerom\u00e9xico, esto ante el ajuste financiero que anunci\u00f3 la empresa que dirige Andr\u00e9s Conesa. \u201cProbablemente no habr\u00e1 ning\u00fan recorte, estamos buscando llegar a un acuerdo con la administraci\u00f3n de Aerom\u00e9xico\u201d, dijo el secretario general del sindicato, [&hellip;]<\/p>\n","protected":false},"author":17,"featured_media":27650,"comment_status":"open","ping_status":"open","sticky":false,"template":"","format":"standard","meta":{"footnotes":""},"categories":[29,6],"tags":[1953,415,1340,12522,13894],"yoast_head":"<!-- This site is optimized with the Yoast SEO plugin v22.2 - https:\/\/yoast.com\/wordpress\/plugins\/seo\/ -->\n<title>Pilotos conf\u00edan que no habr\u00e1 despidos en Aerom\u00e9xico - Nitu - Noticias de la Industria Turistica<\/title>\n<meta name=\"description\" content=\"La Asociaci\u00f3n Sindical de Pilotos Aviadores de M\u00e9xico (ASPA) no prev\u00e9 que se produzca el despido de aeronautas en Aerom\u00e9xico.\" \/>\n<meta name=\"robots\" content=\"index, follow, max-snippet:-1, max-image-preview:large, max-video-preview:-1\" \/>\n<link rel=\"canonical\" href=\"https:\/\/nitu.mx\/index.php\/2018\/12\/19\/pilotos-confian-que-no-habra-despidos-en-aeromexico\/\" \/>\n<meta name=\"twitter:card\" content=\"summary_large_image\" \/>\n<meta name=\"twitter:title\" content=\"Pilotos conf\u00edan que no habr\u00e1 despidos en Aerom\u00e9xico - Nitu - Noticias de la Industria Turistica\" \/>\n<meta name=\"twitter:description\" content=\"La Asociaci\u00f3n Sindical de Pilotos Aviadores de M\u00e9xico (ASPA) no prev\u00e9 que se produzca el despido de aeronautas en Aerom\u00e9xico.\" \/>\n<meta name=\"twitter:image\" content=\"https:\/\/nitu.mx\/wp-content\/uploads\/2018\/12\/pilotos-aeromexico.jpg\" \/>\n<meta name=\"twitter:creator\" content=\"@NITUmx\" \/>\n<meta name=\"twitter:site\" content=\"@Arturo_Medina_G\" \/>\n<meta name=\"twitter:label1\" content=\"Escrito por\" \/>\n\t<meta name=\"twitter:data1\" content=\"Redacci\u00f3n\" \/>\n\t<meta name=\"twitter:label2\" content=\"Tiempo de lectura\" \/>\n\t<meta name=\"twitter:data2\" content=\"1 minuto\" \/>\n<script type=\"application\/ld+json\" class=\"yoast-schema-graph\">{\"@context\":\"https:\/\/schema.org\",\"@graph\":[{\"@type\":\"Article\",\"@id\":\"https:\/\/nitu.mx\/index.php\/2018\/12\/19\/pilotos-confian-que-no-habra-despidos-en-aeromexico\/#article\",\"isPartOf\":{\"@id\":\"https:\/\/nitu.mx\/index.php\/2018\/12\/19\/pilotos-confian-que-no-habra-despidos-en-aeromexico\/\"},\"author\":{\"name\":\"Redacci\u00f3n\",\"@id\":\"https:\/\/nitu.mx\/#\/schema\/person\/4a28fe9bd65924f7c90623773daf1b0b\"},\"headline\":\"Pilotos conf\u00edan que no habr\u00e1 despidos en Aerom\u00e9xico\",\"datePublished\":\"2018-12-19T06:15:52+00:00\",\"dateModified\":\"2018-12-19T06:28:52+00:00\",\"mainEntityOfPage\":{\"@id\":\"https:\/\/nitu.mx\/index.php\/2018\/12\/19\/pilotos-confian-que-no-habra-despidos-en-aeromexico\/\"},\"wordCount\":249,\"commentCount\":0,\"publisher\":{\"@id\":\"https:\/\/nitu.mx\/#\/schema\/person\/ae7a53426417292d3dd07b45a33e01bc\"},\"image\":{\"@id\":\"https:\/\/nitu.mx\/index.php\/2018\/12\/19\/pilotos-confian-que-no-habra-despidos-en-aeromexico\/#primaryimage\"},\"thumbnailUrl\":\"https:\/\/nitu.mx\/wp-content\/uploads\/2018\/12\/pilotos-aeromexico.jpg\",\"keywords\":[\"Asociaci\u00f3n Sindical de Pilotos Aviadores de M\u00e9xico\",\"ASPA\",\"Grupo Aerom\u00e9xico\",\"Rafael D\u00edaz Covarrubias\",\"secretario general del sindicato\"],\"articleSection\":[\"Aerol\u00edneas\",\"M\u00e9xico\"],\"inLanguage\":\"es-MX\",\"potentialAction\":[{\"@type\":\"CommentAction\",\"name\":\"Comment\",\"target\":[\"https:\/\/nitu.mx\/index.php\/2018\/12\/19\/pilotos-confian-que-no-habra-despidos-en-aeromexico\/#respond\"]}]},{\"@type\":\"WebPage\",\"@id\":\"https:\/\/nitu.mx\/index.php\/2018\/12\/19\/pilotos-confian-que-no-habra-despidos-en-aeromexico\/\",\"url\":\"https:\/\/nitu.mx\/index.php\/2018\/12\/19\/pilotos-confian-que-no-habra-despidos-en-aeromexico\/\",\"name\":\"Pilotos conf\u00edan que no habr\u00e1 despidos en Aerom\u00e9xico - Nitu - Noticias de la Industria Turistica\",\"isPartOf\":{\"@id\":\"https:\/\/nitu.mx\/#website\"},\"primaryImageOfPage\":{\"@id\":\"https:\/\/nitu.mx\/index.php\/2018\/12\/19\/pilotos-confian-que-no-habra-despidos-en-aeromexico\/#primaryimage\"},\"image\":{\"@id\":\"https:\/\/nitu.mx\/index.php\/2018\/12\/19\/pilotos-confian-que-no-habra-despidos-en-aeromexico\/#primaryimage\"},\"thumbnailUrl\":\"https:\/\/nitu.mx\/wp-content\/uploads\/2018\/12\/pilotos-aeromexico.jpg\",\"datePublished\":\"2018-12-19T06:15:52+00:00\",\"dateModified\":\"2018-12-19T06:28:52+00:00\",\"description\":\"La Asociaci\u00f3n Sindical de Pilotos Aviadores de M\u00e9xico (ASPA) no prev\u00e9 que se produzca el despido de aeronautas en Aerom\u00e9xico.\",\"breadcrumb\":{\"@id\":\"https:\/\/nitu.mx\/index.php\/2018\/12\/19\/pilotos-confian-que-no-habra-despidos-en-aeromexico\/#breadcrumb\"},\"inLanguage\":\"es-MX\",\"potentialAction\":[{\"@type\":\"ReadAction\",\"target\":[\"https:\/\/nitu.mx\/index.php\/2018\/12\/19\/pilotos-confian-que-no-habra-despidos-en-aeromexico\/\"]}]},{\"@type\":\"ImageObject\",\"inLanguage\":\"es-MX\",\"@id\":\"https:\/\/nitu.mx\/index.php\/2018\/12\/19\/pilotos-confian-que-no-habra-despidos-en-aeromexico\/#primaryimage\",\"url\":\"https:\/\/nitu.mx\/wp-content\/uploads\/2018\/12\/pilotos-aeromexico.jpg\",\"contentUrl\":\"https:\/\/nitu.mx\/wp-content\/uploads\/2018\/12\/pilotos-aeromexico.jpg\",\"width\":850,\"height\":480,\"caption\":\"pilotos aeromexico\"},{\"@type\":\"BreadcrumbList\",\"@id\":\"https:\/\/nitu.mx\/index.php\/2018\/12\/19\/pilotos-confian-que-no-habra-despidos-en-aeromexico\/#breadcrumb\",\"itemListElement\":[{\"@type\":\"ListItem\",\"position\":1,\"name\":\"Inicio\",\"item\":\"https:\/\/nitu.mx\/\"},{\"@type\":\"ListItem\",\"position\":2,\"name\":\"Pilotos conf\u00edan que no habr\u00e1 despidos en Aerom\u00e9xico\"}]},{\"@type\":\"WebSite\",\"@id\":\"https:\/\/nitu.mx\/#website\",\"url\":\"https:\/\/nitu.mx\/\",\"name\":\"Nitu - Noticias de la Industria Turistica\",\"description\":\"Noticias de la Industria Turistica\",\"publisher\":{\"@id\":\"https:\/\/nitu.mx\/#\/schema\/person\/ae7a53426417292d3dd07b45a33e01bc\"},\"alternateName\":\"Noticias de la Industria Turistica\",\"potentialAction\":[{\"@type\":\"SearchAction\",\"target\":{\"@type\":\"EntryPoint\",\"urlTemplate\":\"https:\/\/nitu.mx\/?s={search_term_string}\"},\"query-input\":\"required name=search_term_string\"}],\"inLanguage\":\"es-MX\"},{\"@type\":[\"Person\",\"Organization\"],\"@id\":\"https:\/\/nitu.mx\/#\/schema\/person\/ae7a53426417292d3dd07b45a33e01bc\",\"name\":\"Arturo Medina\",\"image\":{\"@type\":\"ImageObject\",\"inLanguage\":\"es-MX\",\"@id\":\"https:\/\/nitu.mx\/#\/schema\/person\/image\/\",\"url\":\"https:\/\/nitu.mx\/wp-content\/uploads\/2024\/04\/4A315622-1904-4D5C-B022-878CDC840E04-90x90-1.jpeg\",\"contentUrl\":\"https:\/\/nitu.mx\/wp-content\/uploads\/2024\/04\/4A315622-1904-4D5C-B022-878CDC840E04-90x90-1.jpeg\",\"width\":90,\"height\":90,\"caption\":\"Arturo Medina\"},\"logo\":{\"@id\":\"https:\/\/nitu.mx\/#\/schema\/person\/image\/\"},\"description\":\"Director NITU.mx, Egresado de la Escuela de Periodismo Carlos Septi\u00e9n Garc\u00eda. Periodista y analista especializado en turismo desde hace 35 a\u00f1os, radicado en Canc\u00fan Q.Roo. arturo@nitu.mx\",\"sameAs\":[\"https:\/\/nitu.mx\",\"https:\/\/www.facebook.com\/NITUmx\/\",\"medinacancun\",\"https:\/\/twitter.com\/@Arturo_Medina_G\"]},{\"@type\":\"Person\",\"@id\":\"https:\/\/nitu.mx\/#\/schema\/person\/4a28fe9bd65924f7c90623773daf1b0b\",\"name\":\"Redacci\u00f3n\",\"image\":{\"@type\":\"ImageObject\",\"inLanguage\":\"es-MX\",\"@id\":\"https:\/\/nitu.mx\/#\/schema\/person\/image\/\",\"url\":\"https:\/\/secure.gravatar.com\/avatar\/5dd011c8ccfc5cd7e4c81e42252aab38?s=96&d=mm&r=g\",\"contentUrl\":\"https:\/\/secure.gravatar.com\/avatar\/5dd011c8ccfc5cd7e4c81e42252aab38?s=96&d=mm&r=g\",\"caption\":\"Redacci\u00f3n\"},\"url\":\"https:\/\/nitu.mx\/index.php\/author\/redaccion\/\"}]}<\/script>\n<!-- \/ Yoast SEO plugin. -->","yoast_head_json":{"title":"Pilotos conf\u00edan que no habr\u00e1 despidos en Aerom\u00e9xico - Nitu - Noticias de la Industria Turistica","description":"La Asociaci\u00f3n Sindical de Pilotos Aviadores de M\u00e9xico (ASPA) no prev\u00e9 que se produzca el despido de aeronautas en Aerom\u00e9xico.","robots":{"index":"index","follow":"follow","max-snippet":"max-snippet:-1","max-image-preview":"max-image-preview:large","max-video-preview":"max-video-preview:-1"},"canonical":"https:\/\/nitu.mx\/index.php\/2018\/12\/19\/pilotos-confian-que-no-habra-despidos-en-aeromexico\/","twitter_card":"summary_large_image","twitter_title":"Pilotos conf\u00edan que no habr\u00e1 despidos en Aerom\u00e9xico - Nitu - Noticias de la Industria Turistica","twitter_description":"La Asociaci\u00f3n Sindical de Pilotos Aviadores de M\u00e9xico (ASPA) no prev\u00e9 que se produzca el despido de aeronautas en Aerom\u00e9xico.","twitter_image":"https:\/\/nitu.mx\/wp-content\/uploads\/2018\/12\/pilotos-aeromexico.jpg","twitter_creator":"@NITUmx","twitter_site":"@Arturo_Medina_G","twitter_misc":{"Escrito por":"Redacci\u00f3n","Tiempo de lectura":"1 minuto"},"schema":{"@context":"https:\/\/schema.org","@graph":[{"@type":"Article","@id":"https:\/\/nitu.mx\/index.php\/2018\/12\/19\/pilotos-confian-que-no-habra-despidos-en-aeromexico\/#article","isPartOf":{"@id":"https:\/\/nitu.mx\/index.php\/2018\/12\/19\/pilotos-confian-que-no-habra-despidos-en-aeromexico\/"},"author":{"name":"Redacci\u00f3n","@id":"https:\/\/nitu.mx\/#\/schema\/person\/4a28fe9bd65924f7c90623773daf1b0b"},"headline":"Pilotos conf\u00edan que no habr\u00e1 despidos en Aerom\u00e9xico","datePublished":"2018-12-19T06:15:52+00:00","dateModified":"2018-12-19T06:28:52+00:00","mainEntityOfPage":{"@id":"https:\/\/nitu.mx\/index.php\/2018\/12\/19\/pilotos-confian-que-no-habra-despidos-en-aeromexico\/"},"wordCount":249,"commentCount":0,"publisher":{"@id":"https:\/\/nitu.mx\/#\/schema\/person\/ae7a53426417292d3dd07b45a33e01bc"},"image":{"@id":"https:\/\/nitu.mx\/index.php\/2018\/12\/19\/pilotos-confian-que-no-habra-despidos-en-aeromexico\/#primaryimage"},"thumbnailUrl":"https:\/\/nitu.mx\/wp-content\/uploads\/2018\/12\/pilotos-aeromexico.jpg","keywords":["Asociaci\u00f3n Sindical de Pilotos Aviadores de M\u00e9xico","ASPA","Grupo Aerom\u00e9xico","Rafael D\u00edaz Covarrubias","secretario general del sindicato"],"articleSection":["Aerol\u00edneas","M\u00e9xico"],"inLanguage":"es-MX","potentialAction":[{"@type":"CommentAction","name":"Comment","target":["https:\/\/nitu.mx\/index.php\/2018\/12\/19\/pilotos-confian-que-no-habra-despidos-en-aeromexico\/#respond"]}]},{"@type":"WebPage","@id":"https:\/\/nitu.mx\/index.php\/2018\/12\/19\/pilotos-confian-que-no-habra-despidos-en-aeromexico\/","url":"https:\/\/nitu.mx\/index.php\/2018\/12\/19\/pilotos-confian-que-no-habra-despidos-en-aeromexico\/","name":"Pilotos conf\u00edan que no habr\u00e1 despidos en Aerom\u00e9xico - Nitu - Noticias de la Industria Turistica","isPartOf":{"@id":"https:\/\/nitu.mx\/#website"},"primaryImageOfPage":{"@id":"https:\/\/nitu.mx\/index.php\/2018\/12\/19\/pilotos-confian-que-no-habra-despidos-en-aeromexico\/#primaryimage"},"image":{"@id":"https:\/\/nitu.mx\/index.php\/2018\/12\/19\/pilotos-confian-que-no-habra-despidos-en-aeromexico\/#primaryimage"},"thumbnailUrl":"https:\/\/nitu.mx\/wp-content\/uploads\/2018\/12\/pilotos-aeromexico.jpg","datePublished":"2018-12-19T06:15:52+00:00","dateModified":"2018-12-19T06:28:52+00:00","description":"La Asociaci\u00f3n Sindical de Pilotos Aviadores de M\u00e9xico (ASPA) no prev\u00e9 que se produzca el despido de aeronautas en Aerom\u00e9xico.","breadcrumb":{"@id":"https:\/\/nitu.mx\/index.php\/2018\/12\/19\/pilotos-confian-que-no-habra-despidos-en-aeromexico\/#breadcrumb"},"inLanguage":"es-MX","potentialAction":[{"@type":"ReadAction","target":["https:\/\/nitu.mx\/index.php\/2018\/12\/19\/pilotos-confian-que-no-habra-despidos-en-aeromexico\/"]}]},{"@type":"ImageObject","inLanguage":"es-MX","@id":"https:\/\/nitu.mx\/index.php\/2018\/12\/19\/pilotos-confian-que-no-habra-despidos-en-aeromexico\/#primaryimage","url":"https:\/\/nitu.mx\/wp-content\/uploads\/2018\/12\/pilotos-aeromexico.jpg","contentUrl":"https:\/\/nitu.mx\/wp-content\/uploads\/2018\/12\/pilotos-aeromexico.jpg","width":850,"height":480,"caption":"pilotos aeromexico"},{"@type":"BreadcrumbList","@id":"https:\/\/nitu.mx\/index.php\/2018\/12\/19\/pilotos-confian-que-no-habra-despidos-en-aeromexico\/#breadcrumb","itemListElement":[{"@type":"ListItem","position":1,"name":"Inicio","item":"https:\/\/nitu.mx\/"},{"@type":"ListItem","position":2,"name":"Pilotos conf\u00edan que no habr\u00e1 despidos en Aerom\u00e9xico"}]},{"@type":"WebSite","@id":"https:\/\/nitu.mx\/#website","url":"https:\/\/nitu.mx\/","name":"Nitu - Noticias de la Industria Turistica","description":"Noticias de la Industria Turistica","publisher":{"@id":"https:\/\/nitu.mx\/#\/schema\/person\/ae7a53426417292d3dd07b45a33e01bc"},"alternateName":"Noticias de la Industria Turistica","potentialAction":[{"@type":"SearchAction","target":{"@type":"EntryPoint","urlTemplate":"https:\/\/nitu.mx\/?s={search_term_string}"},"query-input":"required name=search_term_string"}],"inLanguage":"es-MX"},{"@type":["Person","Organization"],"@id":"https:\/\/nitu.mx\/#\/schema\/person\/ae7a53426417292d3dd07b45a33e01bc","name":"Arturo Medina","image":{"@type":"ImageObject","inLanguage":"es-MX","@id":"https:\/\/nitu.mx\/#\/schema\/person\/image\/","url":"https:\/\/nitu.mx\/wp-content\/uploads\/2024\/04\/4A315622-1904-4D5C-B022-878CDC840E04-90x90-1.jpeg","contentUrl":"https:\/\/nitu.mx\/wp-content\/uploads\/2024\/04\/4A315622-1904-4D5C-B022-878CDC840E04-90x90-1.jpeg","width":90,"height":90,"caption":"Arturo Medina"},"logo":{"@id":"https:\/\/nitu.mx\/#\/schema\/person\/image\/"},"description":"Director NITU.mx, Egresado de la Escuela de Periodismo Carlos Septi\u00e9n Garc\u00eda. Periodista y analista especializado en turismo desde hace 35 a\u00f1os, radicado en Canc\u00fan Q.Roo. arturo@nitu.mx","sameAs":["https:\/\/nitu.mx","https:\/\/www.facebook.com\/NITUmx\/","medinacancun","https:\/\/twitter.com\/@Arturo_Medina_G"]},{"@type":"Person","@id":"https:\/\/nitu.mx\/#\/schema\/person\/4a28fe9bd65924f7c90623773daf1b0b","name":"Redacci\u00f3n","image":{"@type":"ImageObject","inLanguage":"es-MX","@id":"https:\/\/nitu.mx\/#\/schema\/person\/image\/","url":"https:\/\/secure.gravatar.com\/avatar\/5dd011c8ccfc5cd7e4c81e42252aab38?s=96&d=mm&r=g","contentUrl":"https:\/\/secure.gravatar.com\/avatar\/5dd011c8ccfc5cd7e4c81e42252aab38?s=96&d=mm&r=g","caption":"Redacci\u00f3n"},"url":"https:\/\/nitu.mx\/index.php\/author\/redaccion\/"}]}},"views":343,"_links":{"self":[{"href":"https:\/\/nitu.mx\/index.php\/wp-json\/wp\/v2\/posts\/27630"}],"collection":[{"href":"https:\/\/nitu.mx\/index.php\/wp-json\/wp\/v2\/posts"}],"about":[{"href":"https:\/\/nitu.mx\/index.php\/wp-json\/wp\/v2\/types\/post"}],"author":[{"embeddable":true,"href":"https:\/\/nitu.mx\/index.php\/wp-json\/wp\/v2\/users\/17"}],"replies":[{"embeddable":true,"href":"https:\/\/nitu.mx\/index.php\/wp-json\/wp\/v2\/comments?post=27630"}],"version-history":[{"count":2,"href":"https:\/\/nitu.mx\/index.php\/wp-json\/wp\/v2\/posts\/27630\/revisions"}],"predecessor-version":[{"id":27651,"href":"https:\/\/nitu.mx\/index.php\/wp-json\/wp\/v2\/posts\/27630\/revisions\/27651"}],"wp:featuredmedia":[{"embeddable":true,"href":"https:\/\/nitu.mx\/index.php\/wp-json\/wp\/v2\/media\/27650"}],"wp:attachment":[{"href":"https:\/\/nitu.mx\/index.php\/wp-json\/wp\/v2\/media?parent=27630"}],"wp:term":[{"taxonomy":"category","embeddable":true,"href":"https:\/\/nitu.mx\/index.php\/wp-json\/wp\/v2\/categories?post=27630"},{"taxonomy":"post_tag","embeddable":true,"href":"https:\/\/nitu.mx\/index.php\/wp-json\/wp\/v2\/tags?post=27630"}],"curies":[{"name":"wp","href":"https:\/\/api.w.org\/{rel}","templated":true}]}}