{"id":27589,"date":"2018-12-18T00:37:24","date_gmt":"2018-12-18T05:37:24","guid":{"rendered":"https:\/\/www.dev.nitu.mx\/?p=27589"},"modified":"2018-12-18T01:47:03","modified_gmt":"2018-12-18T06:47:03","slug":"interjet-cierra-el-ano-con-21-destinos-internacionales-en-9-paises","status":"publish","type":"post","link":"https:\/\/nitu.mx\/index.php\/2018\/12\/18\/interjet-cierra-el-ano-con-21-destinos-internacionales-en-9-paises\/","title":{"rendered":"Interjet cierra el a\u00f1o con 21 destinos internacionales en 9 pa\u00edses"},"content":{"rendered":"<p>Interjet inici\u00f3 operaciones a la capital del Salvador con un vuelo diario de Ciudad de M\u00e9xico que partir\u00e1 a las 12:40 y llegar\u00e1 a San Salvador a las 15:00, el regreso esta contemplado a las 16:00 para aterrizar en M\u00e9xico a las 18:30. Con el horario que mantiene la nueva ruta, los pasajeros tendr\u00e1n acceso a accesibles conexiones en los diferentes puntos a los que vuela la aerol\u00ednea en la Rep\u00fablica Mexicana, Estados Unidos y Canad\u00e1.<\/p>\n<p>&#8220;Con esta acci\u00f3n Interjet contar\u00e1 con una oferta de 21 destinos internacionales en 9 pa\u00edses&#8221;, se\u00f1al\u00f3 Julio Gamero, director ejecutivo comercial de Interjet, y destac\u00f3 que este nuevo vuelo representa parte de su estrategia de expansi\u00f3n a nivel internacional, ya que la ruta brindar\u00e1 conectividad a los pasajeros con varios destinos, como Estados Unidos, en especial a Nueva York y Los \u00c1ngeles, as\u00ed como a las ciudades de Guadalajara, Tijuana y Monterrey, en M\u00e9xico. (<a title=\"Interjet incrementa m\u00e1s del 35% su n\u00famero de pasajeros a nivel internacional\" href=\"https:\/\/www.dev.nitu.mx\/index.php\/2018\/12\/10\/interjet-incrementa-mas-del-35-su-numero-de-pasajeros-a-nivel-internacional\/\" rel=\"bookmark\">Interjet incrementa m\u00e1s del 35% su n\u00famero de pasajeros a nivel internacional<\/a>).<\/p>\n<p>\u201cNos encontramos muy emocionados de sumar a nuestra lista a El Salvador, un destino Centroamericano tan importante, al que ahora podremos extender nuestros servicios, al tiempo que brindaremos mayor conectividad entre ambos pa\u00edses y una experiencia de viaje \u00fanica que cumpla con las expectativas de todos nuestros clientes\u201d, dijo Gamero.<\/p>\n<p>El director comercial habl\u00f3 de los atractivos tur\u00edsticos que ofrece el pa\u00eds centro americano como: La playa El Tunco, Costa del Sol, Los C\u00f3banos, El Espino, el Lago Coatepeque y el parque nacional Los Volcanes, adem\u00e1s de sus importantes sitios arqueol\u00f3gicos como Tazumal, Joya de Cer\u00e9n, San Andr\u00e9s, entre otros.<\/p>\n<p>El directivo aprovech\u00f3 la oportunidad para destacar los beneficios que ofrece la aerol\u00ednea como su espacio\u00a0entre asientos y los 50 kilogramos que ofrece de equipaje en su tarifa Priority.<\/p>\n","protected":false},"excerpt":{"rendered":"<p>Interjet inici\u00f3 operaciones a la capital del Salvador con un vuelo diario de Ciudad de M\u00e9xico que partir\u00e1 a las 12:40 y llegar\u00e1 a San Salvador a las 15:00, el regreso esta contemplado a las 16:00 para aterrizar en M\u00e9xico a las 18:30. Con el horario que mantiene la nueva ruta, los pasajeros tendr\u00e1n acceso [&hellip;]<\/p>\n","protected":false},"author":17,"featured_media":21961,"comment_status":"open","ping_status":"open","sticky":false,"template":"","format":"standard","meta":{"footnotes":""},"categories":[29,6],"tags":[13873,13875,13876,172,7100,13872,323,13874,452],"yoast_head":"<!-- This site is optimized with the Yoast SEO plugin v22.2 - https:\/\/yoast.com\/wordpress\/plugins\/seo\/ -->\n<title>Interjet cierra el a\u00f1o con 21 destinos internacionales en 9 pa\u00edses - Nitu - Noticias de la Industria Turistica<\/title>\n<meta name=\"description\" content=\"Interjet inici\u00f3 operaciones a la capital del Salvador con un vuelo diario desde ciudad de M\u00e9xico.\" \/>\n<meta name=\"robots\" content=\"index, follow, max-snippet:-1, max-image-preview:large, max-video-preview:-1\" \/>\n<link rel=\"canonical\" href=\"https:\/\/nitu.mx\/index.php\/2018\/12\/18\/interjet-cierra-el-ano-con-21-destinos-internacionales-en-9-paises\/\" \/>\n<meta name=\"twitter:card\" content=\"summary_large_image\" \/>\n<meta name=\"twitter:title\" content=\"Interjet cierra el a\u00f1o con 21 destinos internacionales en 9 pa\u00edses - Nitu - Noticias de la Industria Turistica\" \/>\n<meta name=\"twitter:description\" content=\"Interjet inici\u00f3 operaciones a la capital del Salvador con un vuelo diario desde ciudad de M\u00e9xico.\" \/>\n<meta name=\"twitter:image\" content=\"https:\/\/nitu.mx\/wp-content\/uploads\/2018\/06\/interjet.jpg\" \/>\n<meta name=\"twitter:creator\" content=\"@NITUmx\" \/>\n<meta name=\"twitter:site\" content=\"@Arturo_Medina_G\" \/>\n<meta name=\"twitter:label1\" content=\"Escrito por\" \/>\n\t<meta name=\"twitter:data1\" content=\"Redacci\u00f3n\" \/>\n\t<meta name=\"twitter:label2\" content=\"Tiempo de lectura\" \/>\n\t<meta name=\"twitter:data2\" content=\"2 minutos\" \/>\n<script type=\"application\/ld+json\" class=\"yoast-schema-graph\">{\"@context\":\"https:\/\/schema.org\",\"@graph\":[{\"@type\":\"Article\",\"@id\":\"https:\/\/nitu.mx\/index.php\/2018\/12\/18\/interjet-cierra-el-ano-con-21-destinos-internacionales-en-9-paises\/#article\",\"isPartOf\":{\"@id\":\"https:\/\/nitu.mx\/index.php\/2018\/12\/18\/interjet-cierra-el-ano-con-21-destinos-internacionales-en-9-paises\/\"},\"author\":{\"name\":\"Redacci\u00f3n\",\"@id\":\"https:\/\/nitu.mx\/#\/schema\/person\/4a28fe9bd65924f7c90623773daf1b0b\"},\"headline\":\"Interjet cierra el a\u00f1o con 21 destinos internacionales en 9 pa\u00edses\",\"datePublished\":\"2018-12-18T05:37:24+00:00\",\"dateModified\":\"2018-12-18T06:47:03+00:00\",\"mainEntityOfPage\":{\"@id\":\"https:\/\/nitu.mx\/index.php\/2018\/12\/18\/interjet-cierra-el-ano-con-21-destinos-internacionales-en-9-paises\/\"},\"wordCount\":316,\"commentCount\":0,\"publisher\":{\"@id\":\"https:\/\/nitu.mx\/#\/schema\/person\/ae7a53426417292d3dd07b45a33e01bc\"},\"image\":{\"@id\":\"https:\/\/nitu.mx\/index.php\/2018\/12\/18\/interjet-cierra-el-ano-con-21-destinos-internacionales-en-9-paises\/#primaryimage\"},\"thumbnailUrl\":\"https:\/\/nitu.mx\/wp-content\/uploads\/2018\/06\/interjet.jpg\",\"keywords\":[\"Costa del Sol\",\"El Espino\",\"el Lago Coatepeque\",\"Interjet\",\"Julio Gamero\",\"La playa El Tunco\",\"Los \u00c1ngeles\",\"Los C\u00f3banos\",\"Nueva York\"],\"articleSection\":[\"Aerol\u00edneas\",\"M\u00e9xico\"],\"inLanguage\":\"es-MX\",\"potentialAction\":[{\"@type\":\"CommentAction\",\"name\":\"Comment\",\"target\":[\"https:\/\/nitu.mx\/index.php\/2018\/12\/18\/interjet-cierra-el-ano-con-21-destinos-internacionales-en-9-paises\/#respond\"]}]},{\"@type\":\"WebPage\",\"@id\":\"https:\/\/nitu.mx\/index.php\/2018\/12\/18\/interjet-cierra-el-ano-con-21-destinos-internacionales-en-9-paises\/\",\"url\":\"https:\/\/nitu.mx\/index.php\/2018\/12\/18\/interjet-cierra-el-ano-con-21-destinos-internacionales-en-9-paises\/\",\"name\":\"Interjet cierra el a\u00f1o con 21 destinos internacionales en 9 pa\u00edses - Nitu - Noticias de la Industria Turistica\",\"isPartOf\":{\"@id\":\"https:\/\/nitu.mx\/#website\"},\"primaryImageOfPage\":{\"@id\":\"https:\/\/nitu.mx\/index.php\/2018\/12\/18\/interjet-cierra-el-ano-con-21-destinos-internacionales-en-9-paises\/#primaryimage\"},\"image\":{\"@id\":\"https:\/\/nitu.mx\/index.php\/2018\/12\/18\/interjet-cierra-el-ano-con-21-destinos-internacionales-en-9-paises\/#primaryimage\"},\"thumbnailUrl\":\"https:\/\/nitu.mx\/wp-content\/uploads\/2018\/06\/interjet.jpg\",\"datePublished\":\"2018-12-18T05:37:24+00:00\",\"dateModified\":\"2018-12-18T06:47:03+00:00\",\"description\":\"Interjet inici\u00f3 operaciones a la capital del Salvador con un vuelo diario desde ciudad de M\u00e9xico.\",\"breadcrumb\":{\"@id\":\"https:\/\/nitu.mx\/index.php\/2018\/12\/18\/interjet-cierra-el-ano-con-21-destinos-internacionales-en-9-paises\/#breadcrumb\"},\"inLanguage\":\"es-MX\",\"potentialAction\":[{\"@type\":\"ReadAction\",\"target\":[\"https:\/\/nitu.mx\/index.php\/2018\/12\/18\/interjet-cierra-el-ano-con-21-destinos-internacionales-en-9-paises\/\"]}]},{\"@type\":\"ImageObject\",\"inLanguage\":\"es-MX\",\"@id\":\"https:\/\/nitu.mx\/index.php\/2018\/12\/18\/interjet-cierra-el-ano-con-21-destinos-internacionales-en-9-paises\/#primaryimage\",\"url\":\"https:\/\/nitu.mx\/wp-content\/uploads\/2018\/06\/interjet.jpg\",\"contentUrl\":\"https:\/\/nitu.mx\/wp-content\/uploads\/2018\/06\/interjet.jpg\",\"width\":850,\"height\":480,\"caption\":\"interjet\"},{\"@type\":\"BreadcrumbList\",\"@id\":\"https:\/\/nitu.mx\/index.php\/2018\/12\/18\/interjet-cierra-el-ano-con-21-destinos-internacionales-en-9-paises\/#breadcrumb\",\"itemListElement\":[{\"@type\":\"ListItem\",\"position\":1,\"name\":\"Inicio\",\"item\":\"https:\/\/nitu.mx\/\"},{\"@type\":\"ListItem\",\"position\":2,\"name\":\"Interjet cierra el a\u00f1o con 21 destinos internacionales en 9 pa\u00edses\"}]},{\"@type\":\"WebSite\",\"@id\":\"https:\/\/nitu.mx\/#website\",\"url\":\"https:\/\/nitu.mx\/\",\"name\":\"Nitu - Noticias de la Industria Turistica\",\"description\":\"Noticias de la Industria Turistica\",\"publisher\":{\"@id\":\"https:\/\/nitu.mx\/#\/schema\/person\/ae7a53426417292d3dd07b45a33e01bc\"},\"alternateName\":\"Noticias de la Industria Turistica\",\"potentialAction\":[{\"@type\":\"SearchAction\",\"target\":{\"@type\":\"EntryPoint\",\"urlTemplate\":\"https:\/\/nitu.mx\/?s={search_term_string}\"},\"query-input\":\"required name=search_term_string\"}],\"inLanguage\":\"es-MX\"},{\"@type\":[\"Person\",\"Organization\"],\"@id\":\"https:\/\/nitu.mx\/#\/schema\/person\/ae7a53426417292d3dd07b45a33e01bc\",\"name\":\"Arturo Medina\",\"image\":{\"@type\":\"ImageObject\",\"inLanguage\":\"es-MX\",\"@id\":\"https:\/\/nitu.mx\/#\/schema\/person\/image\/\",\"url\":\"https:\/\/nitu.mx\/wp-content\/uploads\/2024\/04\/4A315622-1904-4D5C-B022-878CDC840E04-90x90-1.jpeg\",\"contentUrl\":\"https:\/\/nitu.mx\/wp-content\/uploads\/2024\/04\/4A315622-1904-4D5C-B022-878CDC840E04-90x90-1.jpeg\",\"width\":90,\"height\":90,\"caption\":\"Arturo Medina\"},\"logo\":{\"@id\":\"https:\/\/nitu.mx\/#\/schema\/person\/image\/\"},\"description\":\"Director NITU.mx, Egresado de la Escuela de Periodismo Carlos Septi\u00e9n Garc\u00eda. Periodista y analista especializado en turismo desde hace 35 a\u00f1os, radicado en Canc\u00fan Q.Roo. arturo@nitu.mx\",\"sameAs\":[\"https:\/\/nitu.mx\",\"https:\/\/www.facebook.com\/NITUmx\/\",\"medinacancun\",\"https:\/\/twitter.com\/@Arturo_Medina_G\"]},{\"@type\":\"Person\",\"@id\":\"https:\/\/nitu.mx\/#\/schema\/person\/4a28fe9bd65924f7c90623773daf1b0b\",\"name\":\"Redacci\u00f3n\",\"image\":{\"@type\":\"ImageObject\",\"inLanguage\":\"es-MX\",\"@id\":\"https:\/\/nitu.mx\/#\/schema\/person\/image\/\",\"url\":\"https:\/\/secure.gravatar.com\/avatar\/5dd011c8ccfc5cd7e4c81e42252aab38?s=96&d=mm&r=g\",\"contentUrl\":\"https:\/\/secure.gravatar.com\/avatar\/5dd011c8ccfc5cd7e4c81e42252aab38?s=96&d=mm&r=g\",\"caption\":\"Redacci\u00f3n\"},\"url\":\"https:\/\/nitu.mx\/index.php\/author\/redaccion\/\"}]}<\/script>\n<!-- \/ Yoast SEO plugin. -->","yoast_head_json":{"title":"Interjet cierra el a\u00f1o con 21 destinos internacionales en 9 pa\u00edses - Nitu - Noticias de la Industria Turistica","description":"Interjet inici\u00f3 operaciones a la capital del Salvador con un vuelo diario desde ciudad de M\u00e9xico.","robots":{"index":"index","follow":"follow","max-snippet":"max-snippet:-1","max-image-preview":"max-image-preview:large","max-video-preview":"max-video-preview:-1"},"canonical":"https:\/\/nitu.mx\/index.php\/2018\/12\/18\/interjet-cierra-el-ano-con-21-destinos-internacionales-en-9-paises\/","twitter_card":"summary_large_image","twitter_title":"Interjet cierra el a\u00f1o con 21 destinos internacionales en 9 pa\u00edses - Nitu - Noticias de la Industria Turistica","twitter_description":"Interjet inici\u00f3 operaciones a la capital del Salvador con un vuelo diario desde ciudad de M\u00e9xico.","twitter_image":"https:\/\/nitu.mx\/wp-content\/uploads\/2018\/06\/interjet.jpg","twitter_creator":"@NITUmx","twitter_site":"@Arturo_Medina_G","twitter_misc":{"Escrito por":"Redacci\u00f3n","Tiempo de lectura":"2 minutos"},"schema":{"@context":"https:\/\/schema.org","@graph":[{"@type":"Article","@id":"https:\/\/nitu.mx\/index.php\/2018\/12\/18\/interjet-cierra-el-ano-con-21-destinos-internacionales-en-9-paises\/#article","isPartOf":{"@id":"https:\/\/nitu.mx\/index.php\/2018\/12\/18\/interjet-cierra-el-ano-con-21-destinos-internacionales-en-9-paises\/"},"author":{"name":"Redacci\u00f3n","@id":"https:\/\/nitu.mx\/#\/schema\/person\/4a28fe9bd65924f7c90623773daf1b0b"},"headline":"Interjet cierra el a\u00f1o con 21 destinos internacionales en 9 pa\u00edses","datePublished":"2018-12-18T05:37:24+00:00","dateModified":"2018-12-18T06:47:03+00:00","mainEntityOfPage":{"@id":"https:\/\/nitu.mx\/index.php\/2018\/12\/18\/interjet-cierra-el-ano-con-21-destinos-internacionales-en-9-paises\/"},"wordCount":316,"commentCount":0,"publisher":{"@id":"https:\/\/nitu.mx\/#\/schema\/person\/ae7a53426417292d3dd07b45a33e01bc"},"image":{"@id":"https:\/\/nitu.mx\/index.php\/2018\/12\/18\/interjet-cierra-el-ano-con-21-destinos-internacionales-en-9-paises\/#primaryimage"},"thumbnailUrl":"https:\/\/nitu.mx\/wp-content\/uploads\/2018\/06\/interjet.jpg","keywords":["Costa del Sol","El Espino","el Lago Coatepeque","Interjet","Julio Gamero","La playa El Tunco","Los \u00c1ngeles","Los C\u00f3banos","Nueva York"],"articleSection":["Aerol\u00edneas","M\u00e9xico"],"inLanguage":"es-MX","potentialAction":[{"@type":"CommentAction","name":"Comment","target":["https:\/\/nitu.mx\/index.php\/2018\/12\/18\/interjet-cierra-el-ano-con-21-destinos-internacionales-en-9-paises\/#respond"]}]},{"@type":"WebPage","@id":"https:\/\/nitu.mx\/index.php\/2018\/12\/18\/interjet-cierra-el-ano-con-21-destinos-internacionales-en-9-paises\/","url":"https:\/\/nitu.mx\/index.php\/2018\/12\/18\/interjet-cierra-el-ano-con-21-destinos-internacionales-en-9-paises\/","name":"Interjet cierra el a\u00f1o con 21 destinos internacionales en 9 pa\u00edses - Nitu - Noticias de la Industria Turistica","isPartOf":{"@id":"https:\/\/nitu.mx\/#website"},"primaryImageOfPage":{"@id":"https:\/\/nitu.mx\/index.php\/2018\/12\/18\/interjet-cierra-el-ano-con-21-destinos-internacionales-en-9-paises\/#primaryimage"},"image":{"@id":"https:\/\/nitu.mx\/index.php\/2018\/12\/18\/interjet-cierra-el-ano-con-21-destinos-internacionales-en-9-paises\/#primaryimage"},"thumbnailUrl":"https:\/\/nitu.mx\/wp-content\/uploads\/2018\/06\/interjet.jpg","datePublished":"2018-12-18T05:37:24+00:00","dateModified":"2018-12-18T06:47:03+00:00","description":"Interjet inici\u00f3 operaciones a la capital del Salvador con un vuelo diario desde ciudad de M\u00e9xico.","breadcrumb":{"@id":"https:\/\/nitu.mx\/index.php\/2018\/12\/18\/interjet-cierra-el-ano-con-21-destinos-internacionales-en-9-paises\/#breadcrumb"},"inLanguage":"es-MX","potentialAction":[{"@type":"ReadAction","target":["https:\/\/nitu.mx\/index.php\/2018\/12\/18\/interjet-cierra-el-ano-con-21-destinos-internacionales-en-9-paises\/"]}]},{"@type":"ImageObject","inLanguage":"es-MX","@id":"https:\/\/nitu.mx\/index.php\/2018\/12\/18\/interjet-cierra-el-ano-con-21-destinos-internacionales-en-9-paises\/#primaryimage","url":"https:\/\/nitu.mx\/wp-content\/uploads\/2018\/06\/interjet.jpg","contentUrl":"https:\/\/nitu.mx\/wp-content\/uploads\/2018\/06\/interjet.jpg","width":850,"height":480,"caption":"interjet"},{"@type":"BreadcrumbList","@id":"https:\/\/nitu.mx\/index.php\/2018\/12\/18\/interjet-cierra-el-ano-con-21-destinos-internacionales-en-9-paises\/#breadcrumb","itemListElement":[{"@type":"ListItem","position":1,"name":"Inicio","item":"https:\/\/nitu.mx\/"},{"@type":"ListItem","position":2,"name":"Interjet cierra el a\u00f1o con 21 destinos internacionales en 9 pa\u00edses"}]},{"@type":"WebSite","@id":"https:\/\/nitu.mx\/#website","url":"https:\/\/nitu.mx\/","name":"Nitu - Noticias de la Industria Turistica","description":"Noticias de la Industria Turistica","publisher":{"@id":"https:\/\/nitu.mx\/#\/schema\/person\/ae7a53426417292d3dd07b45a33e01bc"},"alternateName":"Noticias de la Industria Turistica","potentialAction":[{"@type":"SearchAction","target":{"@type":"EntryPoint","urlTemplate":"https:\/\/nitu.mx\/?s={search_term_string}"},"query-input":"required name=search_term_string"}],"inLanguage":"es-MX"},{"@type":["Person","Organization"],"@id":"https:\/\/nitu.mx\/#\/schema\/person\/ae7a53426417292d3dd07b45a33e01bc","name":"Arturo Medina","image":{"@type":"ImageObject","inLanguage":"es-MX","@id":"https:\/\/nitu.mx\/#\/schema\/person\/image\/","url":"https:\/\/nitu.mx\/wp-content\/uploads\/2024\/04\/4A315622-1904-4D5C-B022-878CDC840E04-90x90-1.jpeg","contentUrl":"https:\/\/nitu.mx\/wp-content\/uploads\/2024\/04\/4A315622-1904-4D5C-B022-878CDC840E04-90x90-1.jpeg","width":90,"height":90,"caption":"Arturo Medina"},"logo":{"@id":"https:\/\/nitu.mx\/#\/schema\/person\/image\/"},"description":"Director NITU.mx, Egresado de la Escuela de Periodismo Carlos Septi\u00e9n Garc\u00eda. Periodista y analista especializado en turismo desde hace 35 a\u00f1os, radicado en Canc\u00fan Q.Roo. arturo@nitu.mx","sameAs":["https:\/\/nitu.mx","https:\/\/www.facebook.com\/NITUmx\/","medinacancun","https:\/\/twitter.com\/@Arturo_Medina_G"]},{"@type":"Person","@id":"https:\/\/nitu.mx\/#\/schema\/person\/4a28fe9bd65924f7c90623773daf1b0b","name":"Redacci\u00f3n","image":{"@type":"ImageObject","inLanguage":"es-MX","@id":"https:\/\/nitu.mx\/#\/schema\/person\/image\/","url":"https:\/\/secure.gravatar.com\/avatar\/5dd011c8ccfc5cd7e4c81e42252aab38?s=96&d=mm&r=g","contentUrl":"https:\/\/secure.gravatar.com\/avatar\/5dd011c8ccfc5cd7e4c81e42252aab38?s=96&d=mm&r=g","caption":"Redacci\u00f3n"},"url":"https:\/\/nitu.mx\/index.php\/author\/redaccion\/"}]}},"views":456,"_links":{"self":[{"href":"https:\/\/nitu.mx\/index.php\/wp-json\/wp\/v2\/posts\/27589"}],"collection":[{"href":"https:\/\/nitu.mx\/index.php\/wp-json\/wp\/v2\/posts"}],"about":[{"href":"https:\/\/nitu.mx\/index.php\/wp-json\/wp\/v2\/types\/post"}],"author":[{"embeddable":true,"href":"https:\/\/nitu.mx\/index.php\/wp-json\/wp\/v2\/users\/17"}],"replies":[{"embeddable":true,"href":"https:\/\/nitu.mx\/index.php\/wp-json\/wp\/v2\/comments?post=27589"}],"version-history":[{"count":2,"href":"https:\/\/nitu.mx\/index.php\/wp-json\/wp\/v2\/posts\/27589\/revisions"}],"predecessor-version":[{"id":27604,"href":"https:\/\/nitu.mx\/index.php\/wp-json\/wp\/v2\/posts\/27589\/revisions\/27604"}],"wp:featuredmedia":[{"embeddable":true,"href":"https:\/\/nitu.mx\/index.php\/wp-json\/wp\/v2\/media\/21961"}],"wp:attachment":[{"href":"https:\/\/nitu.mx\/index.php\/wp-json\/wp\/v2\/media?parent=27589"}],"wp:term":[{"taxonomy":"category","embeddable":true,"href":"https:\/\/nitu.mx\/index.php\/wp-json\/wp\/v2\/categories?post=27589"},{"taxonomy":"post_tag","embeddable":true,"href":"https:\/\/nitu.mx\/index.php\/wp-json\/wp\/v2\/tags?post=27589"}],"curies":[{"name":"wp","href":"https:\/\/api.w.org\/{rel}","templated":true}]}}