{"id":27352,"date":"2018-12-10T01:12:15","date_gmt":"2018-12-10T06:12:15","guid":{"rendered":"https:\/\/www.dev.nitu.mx\/?p=27352"},"modified":"2018-12-10T01:25:07","modified_gmt":"2018-12-10T06:25:07","slug":"tren-maya-atropella-al-cptm","status":"publish","type":"post","link":"https:\/\/nitu.mx\/index.php\/2018\/12\/10\/tren-maya-atropella-al-cptm\/","title":{"rendered":"Tren Maya atropella al CPTM"},"content":{"rendered":"<p>La austeridad alcanza a la pol\u00edtica tur\u00edstica. El Consejo de Promoci\u00f3n Tur\u00edstica de M\u00e9xico (CPTM) dejar\u00e1 de existir por instrucciones del presidente Andr\u00e9s Manuel L\u00f3pez Obrador (AMLO), la Secretar\u00eda de Turismo asumir\u00e1 esas tareas con un plan que incluye al sector privado y el 100% de los recursos provenientes del pago del derecho que hac\u00edan los visitantes internacionales que llegaban por avi\u00f3n al pa\u00eds (DNR); unos 8,000 millones de pesos por a\u00f1o se destinar\u00e1n a la construcci\u00f3n del Tren Maya. (<a title=\"Tren Maya arrancar\u00e1 en Chiapas y Tabasco con inversi\u00f3n de 16 mil mdp: AMLO\" href=\"https:\/\/www.dev.nitu.mx\/index.php\/2018\/09\/10\/tren-maya-arrancara-en-chiapas-y-tabasco-con-inversion-de-16-mil-mdp-amlo\/\" rel=\"bookmark\">Tren Maya arrancar\u00e1 en Chiapas y Tabasco con inversi\u00f3n de 16 mil mdp: AMLO<\/a>).<\/p>\n<p>\u201cVamos a adelgazar la estructura del Estado para que el dinero se canalice a las prioridades nacionales. De acuerdo con la ley, en la siguiente Junta de Gobierno del consejo (a realizarse este mes) se dar\u00e1 a conocer la desaparici\u00f3n y se iniciar\u00e1 el proceso que marque la Secretar\u00eda de Hacienda y Cr\u00e9dito P\u00fablico para la liquidaci\u00f3n conforme a derecho\u201d, coment\u00f3 el secretario de Turismo, Miguel Torruco.<\/p>\n<p>En su primera conferencia de prensa, acompa\u00f1ado de los dos subsecretarios que lo acompa\u00f1ar\u00e1n en la administraci\u00f3n, el funcionario asegur\u00f3 que se seguir\u00e1 promoviendo a M\u00e9xico a fin de mantener su posicionamiento en el \u00e1mbito internacional, luciendo ante su.<\/p>\n<p>\u201cEn pocas palabras, para que quede claro: habr\u00e1 Tren Maya, pero tambi\u00e9n acciones de promoci\u00f3n que fomenten esta importante actividad\u201d, dijo Torruco.<\/p>\n<p>En sentido contrario, el presidente del Consejo Nacional Empresarial Tur\u00edstico (CNET), Pablo Azc\u00e1rraga, afirm\u00f3 en entrevista que es un gran error la decisi\u00f3n de desaparecer el consejo por la especializaci\u00f3n que ha logrado para comercializar M\u00e9xico, lo que ha permitido incrementar la llegada de turistas y, sobre todo, que no cuesta a los contribuyentes su operaci\u00f3n. (<a title=\"Insisten expertos que desaparecer el CPTM ser\u00e1 un error\" href=\"https:\/\/www.dev.nitu.mx\/index.php\/2018\/12\/06\/insisten-expertos-que-desaparecer-el-cptm-sera-un-error\/\" rel=\"bookmark\">Insisten expertos que desaparecer el CPTM ser\u00e1 un error<\/a>).<\/p>\n<p>\u201cNuestros agremiados est\u00e1n nerviosos, preocupados, incr\u00e9dulos de que se tome una decisi\u00f3n como \u00e9sta. Vamos a tratar de que se nos escuche. Ojal\u00e1 los legisladores puedan poner en contexto la importancia del organismo. Esperemos que se recapacite y no regresemos a lo que hab\u00eda antes y origin\u00f3 el consejo\u201d, se\u00f1al\u00f3 el representante de aerol\u00edneas, hoteles, desarrolladores inmobiliarios, marinas tur\u00edsticas y agencias de viaje, entre otros.<\/p>\n<p>Sobre esta reiterada diferencia de opiniones, se le pregunt\u00f3 al secretario de Turismo cu\u00e1l ser\u00e1 la relaci\u00f3n con los empresarios durante este sexenio y respondi\u00f3:<\/p>\n<p>\u201cEn mi relaci\u00f3n con el sector privado he representado a m\u00e1s de 130 c\u00e1maras, asociaciones y confederaciones. Somos buenos amigos (&#8230;) En caso de que haya una discrepancia, bienvenida la discrepancia, pero los programas de Estado est\u00e1n resueltos, se van a realizar y vamos a sacar adelante el pa\u00eds de la inseguridad, la pobreza y la corrupci\u00f3n\u201d. (<a title=\"Sector hotelero del Caribe mexicano conf\u00eda que Sectur har\u00e1 actividades de CPTM y Torruco los escuchar\u00e1\" href=\"https:\/\/www.dev.nitu.mx\/index.php\/2018\/11\/27\/sector-hotelero-del-caribe-mexicano-confia-que-sectur-hara-actividades-de-cptm-y-torruco-los-escuchara\/\" rel=\"bookmark\">Sector hotelero del Caribe mexicano conf\u00eda que Sectur har\u00e1 actividades de CPTM y Torruco los escuchar\u00e1<\/a>).<\/p>\n<p>Empresarios por el turismo<\/p>\n<p>La desaparici\u00f3n del CPTM, luego del proceso electoral, no estaba en la agenda del nuevo gobierno. Incluso, el pasado 13 de agosto el propio AMLO design\u00f3 a la chef Gabriela C\u00e1mara para estar al frente del consejo y ambos sonrieron en la fotograf\u00eda que document\u00f3 el hecho. (<a title=\"Ratifica presidente electo a Rogelio Jim\u00e9nez Pons en Fonatur, y a Gabriela C\u00e1mara al CPTM\" href=\"https:\/\/www.dev.nitu.mx\/index.php\/2018\/08\/13\/ratifica-presidente-electo-a-rogelio-jimenez-pons-en-fonatur-y-a-gabriela-camara-al-cptm\/\" rel=\"bookmark\">Ratifica presidente electo a Rogelio Jim\u00e9nez Pons en Fonatur, y a Gabriela C\u00e1mara al CPTM<\/a>).<\/p>\n<p>En la nueva era del sector, y como parte de las acciones que tendr\u00e1 la secretar\u00eda, se afina la presentaci\u00f3n de una plataforma promocional innovadora que tambi\u00e9n se presentar\u00e1 los primeros d\u00edas de enero a los embajadores de M\u00e9xico para que la difundan en los pa\u00edses donde tienen presencia.<\/p>\n<p>En la promoci\u00f3n internacional se emprender\u00e1 el programa Toca Puertas y, para atender el \u201cimportant\u00edsimo\u201d mercado estadounidense, Mis Ra\u00edces (desarrollados en su gesti\u00f3n en la Ciudad de M\u00e9xico que lo acercaron directamente a touroperadores locales y que en ambos casos cont\u00f3 con la colaboraci\u00f3n del CPTM. (<a title=\"Seg\u00fan Torruco, CDMX vuelve a ser el destino m\u00e1s visitado\" href=\"https:\/\/www.dev.nitu.mx\/index.php\/2016\/12\/07\/cdmx-vuelve-destino-mas-visitado-2016\/\" rel=\"bookmark\">Seg\u00fan Torruco, CDMX vuelve a ser el destino m\u00e1s visitado<\/a>).<\/p>\n","protected":false},"excerpt":{"rendered":"<p>La austeridad alcanza a la pol\u00edtica tur\u00edstica. El Consejo de Promoci\u00f3n Tur\u00edstica de M\u00e9xico (CPTM) dejar\u00e1 de existir por instrucciones del presidente Andr\u00e9s Manuel L\u00f3pez Obrador (AMLO), la Secretar\u00eda de Turismo asumir\u00e1 esas tareas con un plan que incluye al sector privado y el 100% de los recursos provenientes del pago del derecho que hac\u00edan [&hellip;]<\/p>\n","protected":false},"author":17,"featured_media":26641,"comment_status":"open","ping_status":"open","sticky":false,"template":"","format":"standard","meta":{"footnotes":""},"categories":[12,6],"tags":[2263,10994,241,8014,6578,4968,1238,13730,1152,13480,78,13733,1802,175,11427,2649],"yoast_head":"<!-- This site is optimized with the Yoast SEO plugin v22.2 - https:\/\/yoast.com\/wordpress\/plugins\/seo\/ -->\n<title>Tren Maya atropella al CPTM - Nitu - Noticias de la Industria Turistica<\/title>\n<meta name=\"robots\" content=\"index, follow, max-snippet:-1, max-image-preview:large, max-video-preview:-1\" \/>\n<link rel=\"canonical\" href=\"https:\/\/nitu.mx\/index.php\/2018\/12\/10\/tren-maya-atropella-al-cptm\/\" \/>\n<meta name=\"twitter:card\" content=\"summary_large_image\" \/>\n<meta name=\"twitter:title\" content=\"Tren Maya atropella al CPTM - Nitu - Noticias de la Industria Turistica\" \/>\n<meta name=\"twitter:description\" content=\"La austeridad alcanza a la pol\u00edtica tur\u00edstica. El Consejo de Promoci\u00f3n Tur\u00edstica de M\u00e9xico (CPTM) dejar\u00e1 de existir por instrucciones del presidente Andr\u00e9s Manuel L\u00f3pez Obrador (AMLO), la Secretar\u00eda de Turismo asumir\u00e1 esas tareas con un plan que incluye al sector privado y el 100% de los recursos provenientes del pago del derecho que hac\u00edan [&hellip;]\" \/>\n<meta name=\"twitter:image\" content=\"https:\/\/nitu.mx\/wp-content\/uploads\/2018\/11\/tren_maya-1-1.jpg\" \/>\n<meta name=\"twitter:creator\" content=\"@NITUmx\" \/>\n<meta name=\"twitter:site\" content=\"@Arturo_Medina_G\" \/>\n<meta name=\"twitter:label1\" content=\"Escrito por\" \/>\n\t<meta name=\"twitter:data1\" content=\"Redacci\u00f3n\" \/>\n\t<meta name=\"twitter:label2\" content=\"Tiempo de lectura\" \/>\n\t<meta name=\"twitter:data2\" content=\"3 minutos\" \/>\n<script type=\"application\/ld+json\" class=\"yoast-schema-graph\">{\"@context\":\"https:\/\/schema.org\",\"@graph\":[{\"@type\":\"Article\",\"@id\":\"https:\/\/nitu.mx\/index.php\/2018\/12\/10\/tren-maya-atropella-al-cptm\/#article\",\"isPartOf\":{\"@id\":\"https:\/\/nitu.mx\/index.php\/2018\/12\/10\/tren-maya-atropella-al-cptm\/\"},\"author\":{\"name\":\"Redacci\u00f3n\",\"@id\":\"https:\/\/nitu.mx\/#\/schema\/person\/4a28fe9bd65924f7c90623773daf1b0b\"},\"headline\":\"Tren Maya atropella al CPTM\",\"datePublished\":\"2018-12-10T06:12:15+00:00\",\"dateModified\":\"2018-12-10T06:25:07+00:00\",\"mainEntityOfPage\":{\"@id\":\"https:\/\/nitu.mx\/index.php\/2018\/12\/10\/tren-maya-atropella-al-cptm\/\"},\"wordCount\":688,\"commentCount\":0,\"publisher\":{\"@id\":\"https:\/\/nitu.mx\/#\/schema\/person\/ae7a53426417292d3dd07b45a33e01bc\"},\"image\":{\"@id\":\"https:\/\/nitu.mx\/index.php\/2018\/12\/10\/tren-maya-atropella-al-cptm\/#primaryimage\"},\"thumbnailUrl\":\"https:\/\/nitu.mx\/wp-content\/uploads\/2018\/11\/tren_maya-1-1.jpg\",\"keywords\":[\"Alemania\",\"AMLO\",\"CPTM\",\"cultura\",\"DNR\",\"gastronom\u00eda\",\"Miguel Torruco Marqu\u00e9s\",\"presidente Andr\u00e9s Manuel L\u00f3pez Obrador\",\"Promoci\u00f3n Tur\u00edstica\",\"proyecto ferroviario del sureste\",\"Reino Unido\",\"riqueza natural hist\u00f3rica\",\"Secretaria de Hacienda y Cr\u00e9dito P\u00fablico\",\"Secretario de Turismo\",\"Tren Maya\",\"Turqu\u00eda\"],\"articleSection\":[\"Marketing\",\"M\u00e9xico\"],\"inLanguage\":\"es-MX\",\"potentialAction\":[{\"@type\":\"CommentAction\",\"name\":\"Comment\",\"target\":[\"https:\/\/nitu.mx\/index.php\/2018\/12\/10\/tren-maya-atropella-al-cptm\/#respond\"]}]},{\"@type\":\"WebPage\",\"@id\":\"https:\/\/nitu.mx\/index.php\/2018\/12\/10\/tren-maya-atropella-al-cptm\/\",\"url\":\"https:\/\/nitu.mx\/index.php\/2018\/12\/10\/tren-maya-atropella-al-cptm\/\",\"name\":\"Tren Maya atropella al CPTM - Nitu - Noticias de la Industria Turistica\",\"isPartOf\":{\"@id\":\"https:\/\/nitu.mx\/#website\"},\"primaryImageOfPage\":{\"@id\":\"https:\/\/nitu.mx\/index.php\/2018\/12\/10\/tren-maya-atropella-al-cptm\/#primaryimage\"},\"image\":{\"@id\":\"https:\/\/nitu.mx\/index.php\/2018\/12\/10\/tren-maya-atropella-al-cptm\/#primaryimage\"},\"thumbnailUrl\":\"https:\/\/nitu.mx\/wp-content\/uploads\/2018\/11\/tren_maya-1-1.jpg\",\"datePublished\":\"2018-12-10T06:12:15+00:00\",\"dateModified\":\"2018-12-10T06:25:07+00:00\",\"breadcrumb\":{\"@id\":\"https:\/\/nitu.mx\/index.php\/2018\/12\/10\/tren-maya-atropella-al-cptm\/#breadcrumb\"},\"inLanguage\":\"es-MX\",\"potentialAction\":[{\"@type\":\"ReadAction\",\"target\":[\"https:\/\/nitu.mx\/index.php\/2018\/12\/10\/tren-maya-atropella-al-cptm\/\"]}]},{\"@type\":\"ImageObject\",\"inLanguage\":\"es-MX\",\"@id\":\"https:\/\/nitu.mx\/index.php\/2018\/12\/10\/tren-maya-atropella-al-cptm\/#primaryimage\",\"url\":\"https:\/\/nitu.mx\/wp-content\/uploads\/2018\/11\/tren_maya-1-1.jpg\",\"contentUrl\":\"https:\/\/nitu.mx\/wp-content\/uploads\/2018\/11\/tren_maya-1-1.jpg\",\"width\":850,\"height\":480,\"caption\":\"tren maya\"},{\"@type\":\"BreadcrumbList\",\"@id\":\"https:\/\/nitu.mx\/index.php\/2018\/12\/10\/tren-maya-atropella-al-cptm\/#breadcrumb\",\"itemListElement\":[{\"@type\":\"ListItem\",\"position\":1,\"name\":\"Inicio\",\"item\":\"https:\/\/nitu.mx\/\"},{\"@type\":\"ListItem\",\"position\":2,\"name\":\"Tren Maya atropella al CPTM\"}]},{\"@type\":\"WebSite\",\"@id\":\"https:\/\/nitu.mx\/#website\",\"url\":\"https:\/\/nitu.mx\/\",\"name\":\"Nitu - Noticias de la Industria Turistica\",\"description\":\"Noticias de la Industria Turistica\",\"publisher\":{\"@id\":\"https:\/\/nitu.mx\/#\/schema\/person\/ae7a53426417292d3dd07b45a33e01bc\"},\"alternateName\":\"Noticias de la Industria Turistica\",\"potentialAction\":[{\"@type\":\"SearchAction\",\"target\":{\"@type\":\"EntryPoint\",\"urlTemplate\":\"https:\/\/nitu.mx\/?s={search_term_string}\"},\"query-input\":\"required name=search_term_string\"}],\"inLanguage\":\"es-MX\"},{\"@type\":[\"Person\",\"Organization\"],\"@id\":\"https:\/\/nitu.mx\/#\/schema\/person\/ae7a53426417292d3dd07b45a33e01bc\",\"name\":\"Arturo Medina\",\"image\":{\"@type\":\"ImageObject\",\"inLanguage\":\"es-MX\",\"@id\":\"https:\/\/nitu.mx\/#\/schema\/person\/image\/\",\"url\":\"https:\/\/nitu.mx\/wp-content\/uploads\/2024\/04\/4A315622-1904-4D5C-B022-878CDC840E04-90x90-1.jpeg\",\"contentUrl\":\"https:\/\/nitu.mx\/wp-content\/uploads\/2024\/04\/4A315622-1904-4D5C-B022-878CDC840E04-90x90-1.jpeg\",\"width\":90,\"height\":90,\"caption\":\"Arturo Medina\"},\"logo\":{\"@id\":\"https:\/\/nitu.mx\/#\/schema\/person\/image\/\"},\"description\":\"Director NITU.mx, Egresado de la Escuela de Periodismo Carlos Septi\u00e9n Garc\u00eda. Periodista y analista especializado en turismo desde hace 35 a\u00f1os, radicado en Canc\u00fan Q.Roo. arturo@nitu.mx\",\"sameAs\":[\"https:\/\/nitu.mx\",\"https:\/\/www.facebook.com\/NITUmx\/\",\"medinacancun\",\"https:\/\/twitter.com\/@Arturo_Medina_G\"]},{\"@type\":\"Person\",\"@id\":\"https:\/\/nitu.mx\/#\/schema\/person\/4a28fe9bd65924f7c90623773daf1b0b\",\"name\":\"Redacci\u00f3n\",\"image\":{\"@type\":\"ImageObject\",\"inLanguage\":\"es-MX\",\"@id\":\"https:\/\/nitu.mx\/#\/schema\/person\/image\/\",\"url\":\"https:\/\/secure.gravatar.com\/avatar\/5dd011c8ccfc5cd7e4c81e42252aab38?s=96&d=mm&r=g\",\"contentUrl\":\"https:\/\/secure.gravatar.com\/avatar\/5dd011c8ccfc5cd7e4c81e42252aab38?s=96&d=mm&r=g\",\"caption\":\"Redacci\u00f3n\"},\"url\":\"https:\/\/nitu.mx\/index.php\/author\/redaccion\/\"}]}<\/script>\n<!-- \/ Yoast SEO plugin. -->","yoast_head_json":{"title":"Tren Maya atropella al CPTM - Nitu - Noticias de la Industria Turistica","robots":{"index":"index","follow":"follow","max-snippet":"max-snippet:-1","max-image-preview":"max-image-preview:large","max-video-preview":"max-video-preview:-1"},"canonical":"https:\/\/nitu.mx\/index.php\/2018\/12\/10\/tren-maya-atropella-al-cptm\/","twitter_card":"summary_large_image","twitter_title":"Tren Maya atropella al CPTM - Nitu - Noticias de la Industria Turistica","twitter_description":"La austeridad alcanza a la pol\u00edtica tur\u00edstica. El Consejo de Promoci\u00f3n Tur\u00edstica de M\u00e9xico (CPTM) dejar\u00e1 de existir por instrucciones del presidente Andr\u00e9s Manuel L\u00f3pez Obrador (AMLO), la Secretar\u00eda de Turismo asumir\u00e1 esas tareas con un plan que incluye al sector privado y el 100% de los recursos provenientes del pago del derecho que hac\u00edan [&hellip;]","twitter_image":"https:\/\/nitu.mx\/wp-content\/uploads\/2018\/11\/tren_maya-1-1.jpg","twitter_creator":"@NITUmx","twitter_site":"@Arturo_Medina_G","twitter_misc":{"Escrito por":"Redacci\u00f3n","Tiempo de lectura":"3 minutos"},"schema":{"@context":"https:\/\/schema.org","@graph":[{"@type":"Article","@id":"https:\/\/nitu.mx\/index.php\/2018\/12\/10\/tren-maya-atropella-al-cptm\/#article","isPartOf":{"@id":"https:\/\/nitu.mx\/index.php\/2018\/12\/10\/tren-maya-atropella-al-cptm\/"},"author":{"name":"Redacci\u00f3n","@id":"https:\/\/nitu.mx\/#\/schema\/person\/4a28fe9bd65924f7c90623773daf1b0b"},"headline":"Tren Maya atropella al CPTM","datePublished":"2018-12-10T06:12:15+00:00","dateModified":"2018-12-10T06:25:07+00:00","mainEntityOfPage":{"@id":"https:\/\/nitu.mx\/index.php\/2018\/12\/10\/tren-maya-atropella-al-cptm\/"},"wordCount":688,"commentCount":0,"publisher":{"@id":"https:\/\/nitu.mx\/#\/schema\/person\/ae7a53426417292d3dd07b45a33e01bc"},"image":{"@id":"https:\/\/nitu.mx\/index.php\/2018\/12\/10\/tren-maya-atropella-al-cptm\/#primaryimage"},"thumbnailUrl":"https:\/\/nitu.mx\/wp-content\/uploads\/2018\/11\/tren_maya-1-1.jpg","keywords":["Alemania","AMLO","CPTM","cultura","DNR","gastronom\u00eda","Miguel Torruco Marqu\u00e9s","presidente Andr\u00e9s Manuel L\u00f3pez Obrador","Promoci\u00f3n Tur\u00edstica","proyecto ferroviario del sureste","Reino Unido","riqueza natural hist\u00f3rica","Secretaria de Hacienda y Cr\u00e9dito P\u00fablico","Secretario de Turismo","Tren Maya","Turqu\u00eda"],"articleSection":["Marketing","M\u00e9xico"],"inLanguage":"es-MX","potentialAction":[{"@type":"CommentAction","name":"Comment","target":["https:\/\/nitu.mx\/index.php\/2018\/12\/10\/tren-maya-atropella-al-cptm\/#respond"]}]},{"@type":"WebPage","@id":"https:\/\/nitu.mx\/index.php\/2018\/12\/10\/tren-maya-atropella-al-cptm\/","url":"https:\/\/nitu.mx\/index.php\/2018\/12\/10\/tren-maya-atropella-al-cptm\/","name":"Tren Maya atropella al CPTM - Nitu - Noticias de la Industria Turistica","isPartOf":{"@id":"https:\/\/nitu.mx\/#website"},"primaryImageOfPage":{"@id":"https:\/\/nitu.mx\/index.php\/2018\/12\/10\/tren-maya-atropella-al-cptm\/#primaryimage"},"image":{"@id":"https:\/\/nitu.mx\/index.php\/2018\/12\/10\/tren-maya-atropella-al-cptm\/#primaryimage"},"thumbnailUrl":"https:\/\/nitu.mx\/wp-content\/uploads\/2018\/11\/tren_maya-1-1.jpg","datePublished":"2018-12-10T06:12:15+00:00","dateModified":"2018-12-10T06:25:07+00:00","breadcrumb":{"@id":"https:\/\/nitu.mx\/index.php\/2018\/12\/10\/tren-maya-atropella-al-cptm\/#breadcrumb"},"inLanguage":"es-MX","potentialAction":[{"@type":"ReadAction","target":["https:\/\/nitu.mx\/index.php\/2018\/12\/10\/tren-maya-atropella-al-cptm\/"]}]},{"@type":"ImageObject","inLanguage":"es-MX","@id":"https:\/\/nitu.mx\/index.php\/2018\/12\/10\/tren-maya-atropella-al-cptm\/#primaryimage","url":"https:\/\/nitu.mx\/wp-content\/uploads\/2018\/11\/tren_maya-1-1.jpg","contentUrl":"https:\/\/nitu.mx\/wp-content\/uploads\/2018\/11\/tren_maya-1-1.jpg","width":850,"height":480,"caption":"tren maya"},{"@type":"BreadcrumbList","@id":"https:\/\/nitu.mx\/index.php\/2018\/12\/10\/tren-maya-atropella-al-cptm\/#breadcrumb","itemListElement":[{"@type":"ListItem","position":1,"name":"Inicio","item":"https:\/\/nitu.mx\/"},{"@type":"ListItem","position":2,"name":"Tren Maya atropella al CPTM"}]},{"@type":"WebSite","@id":"https:\/\/nitu.mx\/#website","url":"https:\/\/nitu.mx\/","name":"Nitu - Noticias de la Industria Turistica","description":"Noticias de la Industria Turistica","publisher":{"@id":"https:\/\/nitu.mx\/#\/schema\/person\/ae7a53426417292d3dd07b45a33e01bc"},"alternateName":"Noticias de la Industria Turistica","potentialAction":[{"@type":"SearchAction","target":{"@type":"EntryPoint","urlTemplate":"https:\/\/nitu.mx\/?s={search_term_string}"},"query-input":"required name=search_term_string"}],"inLanguage":"es-MX"},{"@type":["Person","Organization"],"@id":"https:\/\/nitu.mx\/#\/schema\/person\/ae7a53426417292d3dd07b45a33e01bc","name":"Arturo Medina","image":{"@type":"ImageObject","inLanguage":"es-MX","@id":"https:\/\/nitu.mx\/#\/schema\/person\/image\/","url":"https:\/\/nitu.mx\/wp-content\/uploads\/2024\/04\/4A315622-1904-4D5C-B022-878CDC840E04-90x90-1.jpeg","contentUrl":"https:\/\/nitu.mx\/wp-content\/uploads\/2024\/04\/4A315622-1904-4D5C-B022-878CDC840E04-90x90-1.jpeg","width":90,"height":90,"caption":"Arturo Medina"},"logo":{"@id":"https:\/\/nitu.mx\/#\/schema\/person\/image\/"},"description":"Director NITU.mx, Egresado de la Escuela de Periodismo Carlos Septi\u00e9n Garc\u00eda. Periodista y analista especializado en turismo desde hace 35 a\u00f1os, radicado en Canc\u00fan Q.Roo. arturo@nitu.mx","sameAs":["https:\/\/nitu.mx","https:\/\/www.facebook.com\/NITUmx\/","medinacancun","https:\/\/twitter.com\/@Arturo_Medina_G"]},{"@type":"Person","@id":"https:\/\/nitu.mx\/#\/schema\/person\/4a28fe9bd65924f7c90623773daf1b0b","name":"Redacci\u00f3n","image":{"@type":"ImageObject","inLanguage":"es-MX","@id":"https:\/\/nitu.mx\/#\/schema\/person\/image\/","url":"https:\/\/secure.gravatar.com\/avatar\/5dd011c8ccfc5cd7e4c81e42252aab38?s=96&d=mm&r=g","contentUrl":"https:\/\/secure.gravatar.com\/avatar\/5dd011c8ccfc5cd7e4c81e42252aab38?s=96&d=mm&r=g","caption":"Redacci\u00f3n"},"url":"https:\/\/nitu.mx\/index.php\/author\/redaccion\/"}]}},"views":435,"_links":{"self":[{"href":"https:\/\/nitu.mx\/index.php\/wp-json\/wp\/v2\/posts\/27352"}],"collection":[{"href":"https:\/\/nitu.mx\/index.php\/wp-json\/wp\/v2\/posts"}],"about":[{"href":"https:\/\/nitu.mx\/index.php\/wp-json\/wp\/v2\/types\/post"}],"author":[{"embeddable":true,"href":"https:\/\/nitu.mx\/index.php\/wp-json\/wp\/v2\/users\/17"}],"replies":[{"embeddable":true,"href":"https:\/\/nitu.mx\/index.php\/wp-json\/wp\/v2\/comments?post=27352"}],"version-history":[{"count":3,"href":"https:\/\/nitu.mx\/index.php\/wp-json\/wp\/v2\/posts\/27352\/revisions"}],"predecessor-version":[{"id":27371,"href":"https:\/\/nitu.mx\/index.php\/wp-json\/wp\/v2\/posts\/27352\/revisions\/27371"}],"wp:featuredmedia":[{"embeddable":true,"href":"https:\/\/nitu.mx\/index.php\/wp-json\/wp\/v2\/media\/26641"}],"wp:attachment":[{"href":"https:\/\/nitu.mx\/index.php\/wp-json\/wp\/v2\/media?parent=27352"}],"wp:term":[{"taxonomy":"category","embeddable":true,"href":"https:\/\/nitu.mx\/index.php\/wp-json\/wp\/v2\/categories?post=27352"},{"taxonomy":"post_tag","embeddable":true,"href":"https:\/\/nitu.mx\/index.php\/wp-json\/wp\/v2\/tags?post=27352"}],"curies":[{"name":"wp","href":"https:\/\/api.w.org\/{rel}","templated":true}]}}