{"id":27336,"date":"2018-12-09T15:42:38","date_gmt":"2018-12-09T20:42:38","guid":{"rendered":"https:\/\/www.dev.nitu.mx\/?p=27336"},"modified":"2018-12-10T02:13:28","modified_gmt":"2018-12-10T07:13:28","slug":"tiene-asur-su-mejor-noviembre-en-cancun-ycozumel","status":"publish","type":"post","link":"https:\/\/nitu.mx\/index.php\/2018\/12\/09\/tiene-asur-su-mejor-noviembre-en-cancun-ycozumel\/","title":{"rendered":"Tiene ASUR su mejor noviembre en Canc\u00fan y Cozumel"},"content":{"rendered":"<p>Canc\u00fan y Cozumel son los \u00fanicos destinos del pa\u00eds en los que el Grupo Aeroportuario del Sureste (ASUR) report\u00f3 un incremento de tr\u00e1fico internacional a partir de noviembre, lo que anticipa una de las mejores temporadas altas de turismo con las reservaciones hoteleras casi agotadas.<\/p>\n<p>ASUR dio a conocer hoy que moviliz\u00f3 8.0% m\u00e1s pasajeros en noviembre pasado que en el mismo mes de 2017, contribuyendo en este aumento los aeropuertos de Canc\u00fan y Cozumel donde el n\u00famero de viajeros increment\u00f3, respectivamente, 7.6% y 12.7% en el mismo periodo.<\/p>\n<p>Sobresale en las estad\u00edsticas de ASUR el aumento en el tr\u00e1fico dom\u00e9stico que en noviembre report\u00f3 un aumento de 30.9% en el aeropuerto de Cozumel en comparaci\u00f3n con el mismo mes de 2017, al trasladar 16,992 pasajeros, 4,013 m\u00e1s que los 12,979 del a\u00f1o pasado.<\/p>\n<p>En este mismo rango el aeropuerto de Canc\u00fan tuvo un incremento de 10.7% con el traslado de 727,945 pasajeros en comparaci\u00f3n con los 657,481 de 2017.<\/p>\n<p>En tr\u00e1fico internacional el mes pasado viajaron por la terminal a\u00e9rea de Canc\u00fan un mill\u00f3n 263 mil 638 personas mientras en 2017 se registraron un mill\u00f3n 194 mil 247 pasajeros, lo que significa una variaci\u00f3n a la alza de 5.8%, mientras en el mismo rubro Cozumel tuvo un incremento de 2.9% con 24,869 pasajeros frente a los 24,175 que traslad\u00f3 en 2017. (<a title=\"ASUR moviliz\u00f3 casi 4 millones de pasajeros en octubre\" href=\"https:\/\/www.dev.nitu.mx\/index.php\/2018\/11\/07\/asur-movilizo-casi-4-millones-de-pasajeros-en-octubre\/\" rel=\"bookmark\">ASUR moviliz\u00f3 casi 4 millones de pasajeros en octubre<\/a>).<\/p>\n<p>Cabe resaltar que estos dos destinos de Quintana Roo fueron los \u00fanicos a nivel nacional que aumentaron su tr\u00e1fico a\u00e9reo internacional en este periodo, mientras los aeropuertos de Huatulco, M\u00e9rida, Minatitl\u00e1n, Oaxaca, Tapachula, Veracruz y Villahermosa reportaros ca\u00eddas en el n\u00famero de pasajeros que van desde el 1.8% hasta el 53.4%.<\/p>\n<p>En este sentido la industria hotelera de Quintana Roo espera una de las mejores temporadas altas.<\/p>\n<p>De acuerdo a los portales de diversas agencias mayoristas, las reservaciones est\u00e1n pr\u00e1cticamente agotadas para la \u00faltima semana del a\u00f1o en el caso del sector todo incluido de tres y cuatro estrellas, mientras que la disponibilidad para la gran hoteler\u00eda sigue d\u00e1ndose aunque el costo de habitaci\u00f3n subi\u00f3 por lo menos 30% en comparaci\u00f3n con el precio que hab\u00edan sostenido desde agosto pasado.<\/p>\n<p>Para el cierre de a\u00f1o, en el caso de la hoteler\u00eda del centro, se tendr\u00e1 un nivel arriba del 90% de ocupaci\u00f3n, con cierres totales en peque\u00f1os hoteles que est\u00e1n ubicados en el primer cuadro de la ciudad y que son ocupados por lo general con turismo chartero carretero, turismo familiar y turismo de M\u00e9xico y Am\u00e9rica Latina que decide cerrar el a\u00f1o en el destino.<\/p>\n","protected":false},"excerpt":{"rendered":"<p>Canc\u00fan y Cozumel son los \u00fanicos destinos del pa\u00eds en los que el Grupo Aeroportuario del Sureste (ASUR) report\u00f3 un incremento de tr\u00e1fico internacional a partir de noviembre, lo que anticipa una de las mejores temporadas altas de turismo con las reservaciones hoteleras casi agotadas. ASUR dio a conocer hoy que moviliz\u00f3 8.0% m\u00e1s pasajeros [&hellip;]<\/p>\n","protected":false},"author":17,"featured_media":0,"comment_status":"open","ping_status":"open","sticky":false,"template":"","format":"standard","meta":{"footnotes":""},"categories":[5],"tags":[198,43,110,260],"yoast_head":"<!-- This site is optimized with the Yoast SEO plugin v22.2 - https:\/\/yoast.com\/wordpress\/plugins\/seo\/ -->\n<title>Tiene ASUR su mejor noviembre en Canc\u00fan y Cozumel - Nitu - Noticias de la Industria Turistica<\/title>\n<meta name=\"description\" content=\"Canc\u00fan y Cozumel son los \u00fanicos en los que el Grupo Aeroportuario del Sureste (ASUR) report\u00f3 incremento de tr\u00e1fico internacional en noviembre\" \/>\n<meta name=\"robots\" content=\"index, follow, max-snippet:-1, max-image-preview:large, max-video-preview:-1\" \/>\n<link rel=\"canonical\" href=\"https:\/\/nitu.mx\/index.php\/2018\/12\/09\/tiene-asur-su-mejor-noviembre-en-cancun-ycozumel\/\" \/>\n<meta name=\"twitter:card\" content=\"summary_large_image\" \/>\n<meta name=\"twitter:title\" content=\"Tiene ASUR su mejor noviembre en Canc\u00fan y Cozumel - Nitu - Noticias de la Industria Turistica\" \/>\n<meta name=\"twitter:description\" content=\"Canc\u00fan y Cozumel son los \u00fanicos en los que el Grupo Aeroportuario del Sureste (ASUR) report\u00f3 incremento de tr\u00e1fico internacional en noviembre\" \/>\n<meta name=\"twitter:creator\" content=\"@NITUmx\" \/>\n<meta name=\"twitter:site\" content=\"@Arturo_Medina_G\" \/>\n<meta name=\"twitter:label1\" content=\"Escrito por\" \/>\n\t<meta name=\"twitter:data1\" content=\"Redacci\u00f3n\" \/>\n\t<meta name=\"twitter:label2\" content=\"Tiempo de lectura\" \/>\n\t<meta name=\"twitter:data2\" content=\"2 minutos\" \/>\n<script type=\"application\/ld+json\" class=\"yoast-schema-graph\">{\"@context\":\"https:\/\/schema.org\",\"@graph\":[{\"@type\":\"Article\",\"@id\":\"https:\/\/nitu.mx\/index.php\/2018\/12\/09\/tiene-asur-su-mejor-noviembre-en-cancun-ycozumel\/#article\",\"isPartOf\":{\"@id\":\"https:\/\/nitu.mx\/index.php\/2018\/12\/09\/tiene-asur-su-mejor-noviembre-en-cancun-ycozumel\/\"},\"author\":{\"name\":\"Redacci\u00f3n\",\"@id\":\"https:\/\/nitu.mx\/#\/schema\/person\/4a28fe9bd65924f7c90623773daf1b0b\"},\"headline\":\"Tiene ASUR su mejor noviembre en Canc\u00fan y Cozumel\",\"datePublished\":\"2018-12-09T20:42:38+00:00\",\"dateModified\":\"2018-12-10T07:13:28+00:00\",\"mainEntityOfPage\":{\"@id\":\"https:\/\/nitu.mx\/index.php\/2018\/12\/09\/tiene-asur-su-mejor-noviembre-en-cancun-ycozumel\/\"},\"wordCount\":451,\"commentCount\":0,\"publisher\":{\"@id\":\"https:\/\/nitu.mx\/#\/schema\/person\/ae7a53426417292d3dd07b45a33e01bc\"},\"keywords\":[\"ASUR\",\"Canc\u00fan\",\"Cozumel\",\"Quintana Roo\"],\"articleSection\":[\"Destinos\"],\"inLanguage\":\"es-MX\",\"potentialAction\":[{\"@type\":\"CommentAction\",\"name\":\"Comment\",\"target\":[\"https:\/\/nitu.mx\/index.php\/2018\/12\/09\/tiene-asur-su-mejor-noviembre-en-cancun-ycozumel\/#respond\"]}]},{\"@type\":\"WebPage\",\"@id\":\"https:\/\/nitu.mx\/index.php\/2018\/12\/09\/tiene-asur-su-mejor-noviembre-en-cancun-ycozumel\/\",\"url\":\"https:\/\/nitu.mx\/index.php\/2018\/12\/09\/tiene-asur-su-mejor-noviembre-en-cancun-ycozumel\/\",\"name\":\"Tiene ASUR su mejor noviembre en Canc\u00fan y Cozumel - Nitu - Noticias de la Industria Turistica\",\"isPartOf\":{\"@id\":\"https:\/\/nitu.mx\/#website\"},\"datePublished\":\"2018-12-09T20:42:38+00:00\",\"dateModified\":\"2018-12-10T07:13:28+00:00\",\"description\":\"Canc\u00fan y Cozumel son los \u00fanicos en los que el Grupo Aeroportuario del Sureste (ASUR) report\u00f3 incremento de tr\u00e1fico internacional en noviembre\",\"breadcrumb\":{\"@id\":\"https:\/\/nitu.mx\/index.php\/2018\/12\/09\/tiene-asur-su-mejor-noviembre-en-cancun-ycozumel\/#breadcrumb\"},\"inLanguage\":\"es-MX\",\"potentialAction\":[{\"@type\":\"ReadAction\",\"target\":[\"https:\/\/nitu.mx\/index.php\/2018\/12\/09\/tiene-asur-su-mejor-noviembre-en-cancun-ycozumel\/\"]}]},{\"@type\":\"BreadcrumbList\",\"@id\":\"https:\/\/nitu.mx\/index.php\/2018\/12\/09\/tiene-asur-su-mejor-noviembre-en-cancun-ycozumel\/#breadcrumb\",\"itemListElement\":[{\"@type\":\"ListItem\",\"position\":1,\"name\":\"Inicio\",\"item\":\"https:\/\/nitu.mx\/\"},{\"@type\":\"ListItem\",\"position\":2,\"name\":\"Tiene ASUR su mejor noviembre en Canc\u00fan y Cozumel\"}]},{\"@type\":\"WebSite\",\"@id\":\"https:\/\/nitu.mx\/#website\",\"url\":\"https:\/\/nitu.mx\/\",\"name\":\"Nitu - Noticias de la Industria Turistica\",\"description\":\"Noticias de la Industria Turistica\",\"publisher\":{\"@id\":\"https:\/\/nitu.mx\/#\/schema\/person\/ae7a53426417292d3dd07b45a33e01bc\"},\"alternateName\":\"Noticias de la Industria Turistica\",\"potentialAction\":[{\"@type\":\"SearchAction\",\"target\":{\"@type\":\"EntryPoint\",\"urlTemplate\":\"https:\/\/nitu.mx\/?s={search_term_string}\"},\"query-input\":\"required name=search_term_string\"}],\"inLanguage\":\"es-MX\"},{\"@type\":[\"Person\",\"Organization\"],\"@id\":\"https:\/\/nitu.mx\/#\/schema\/person\/ae7a53426417292d3dd07b45a33e01bc\",\"name\":\"Arturo Medina\",\"image\":{\"@type\":\"ImageObject\",\"inLanguage\":\"es-MX\",\"@id\":\"https:\/\/nitu.mx\/#\/schema\/person\/image\/\",\"url\":\"https:\/\/nitu.mx\/wp-content\/uploads\/2024\/04\/4A315622-1904-4D5C-B022-878CDC840E04-90x90-1.jpeg\",\"contentUrl\":\"https:\/\/nitu.mx\/wp-content\/uploads\/2024\/04\/4A315622-1904-4D5C-B022-878CDC840E04-90x90-1.jpeg\",\"width\":90,\"height\":90,\"caption\":\"Arturo Medina\"},\"logo\":{\"@id\":\"https:\/\/nitu.mx\/#\/schema\/person\/image\/\"},\"description\":\"Director NITU.mx, Egresado de la Escuela de Periodismo Carlos Septi\u00e9n Garc\u00eda. Periodista y analista especializado en turismo desde hace 35 a\u00f1os, radicado en Canc\u00fan Q.Roo. arturo@nitu.mx\",\"sameAs\":[\"https:\/\/nitu.mx\",\"https:\/\/www.facebook.com\/NITUmx\/\",\"medinacancun\",\"https:\/\/twitter.com\/@Arturo_Medina_G\"]},{\"@type\":\"Person\",\"@id\":\"https:\/\/nitu.mx\/#\/schema\/person\/4a28fe9bd65924f7c90623773daf1b0b\",\"name\":\"Redacci\u00f3n\",\"image\":{\"@type\":\"ImageObject\",\"inLanguage\":\"es-MX\",\"@id\":\"https:\/\/nitu.mx\/#\/schema\/person\/image\/\",\"url\":\"https:\/\/secure.gravatar.com\/avatar\/5dd011c8ccfc5cd7e4c81e42252aab38?s=96&d=mm&r=g\",\"contentUrl\":\"https:\/\/secure.gravatar.com\/avatar\/5dd011c8ccfc5cd7e4c81e42252aab38?s=96&d=mm&r=g\",\"caption\":\"Redacci\u00f3n\"},\"url\":\"https:\/\/nitu.mx\/index.php\/author\/redaccion\/\"}]}<\/script>\n<!-- \/ Yoast SEO plugin. -->","yoast_head_json":{"title":"Tiene ASUR su mejor noviembre en Canc\u00fan y Cozumel - Nitu - Noticias de la Industria Turistica","description":"Canc\u00fan y Cozumel son los \u00fanicos en los que el Grupo Aeroportuario del Sureste (ASUR) report\u00f3 incremento de tr\u00e1fico internacional en noviembre","robots":{"index":"index","follow":"follow","max-snippet":"max-snippet:-1","max-image-preview":"max-image-preview:large","max-video-preview":"max-video-preview:-1"},"canonical":"https:\/\/nitu.mx\/index.php\/2018\/12\/09\/tiene-asur-su-mejor-noviembre-en-cancun-ycozumel\/","twitter_card":"summary_large_image","twitter_title":"Tiene ASUR su mejor noviembre en Canc\u00fan y Cozumel - Nitu - Noticias de la Industria Turistica","twitter_description":"Canc\u00fan y Cozumel son los \u00fanicos en los que el Grupo Aeroportuario del Sureste (ASUR) report\u00f3 incremento de tr\u00e1fico internacional en noviembre","twitter_creator":"@NITUmx","twitter_site":"@Arturo_Medina_G","twitter_misc":{"Escrito por":"Redacci\u00f3n","Tiempo de lectura":"2 minutos"},"schema":{"@context":"https:\/\/schema.org","@graph":[{"@type":"Article","@id":"https:\/\/nitu.mx\/index.php\/2018\/12\/09\/tiene-asur-su-mejor-noviembre-en-cancun-ycozumel\/#article","isPartOf":{"@id":"https:\/\/nitu.mx\/index.php\/2018\/12\/09\/tiene-asur-su-mejor-noviembre-en-cancun-ycozumel\/"},"author":{"name":"Redacci\u00f3n","@id":"https:\/\/nitu.mx\/#\/schema\/person\/4a28fe9bd65924f7c90623773daf1b0b"},"headline":"Tiene ASUR su mejor noviembre en Canc\u00fan y Cozumel","datePublished":"2018-12-09T20:42:38+00:00","dateModified":"2018-12-10T07:13:28+00:00","mainEntityOfPage":{"@id":"https:\/\/nitu.mx\/index.php\/2018\/12\/09\/tiene-asur-su-mejor-noviembre-en-cancun-ycozumel\/"},"wordCount":451,"commentCount":0,"publisher":{"@id":"https:\/\/nitu.mx\/#\/schema\/person\/ae7a53426417292d3dd07b45a33e01bc"},"keywords":["ASUR","Canc\u00fan","Cozumel","Quintana Roo"],"articleSection":["Destinos"],"inLanguage":"es-MX","potentialAction":[{"@type":"CommentAction","name":"Comment","target":["https:\/\/nitu.mx\/index.php\/2018\/12\/09\/tiene-asur-su-mejor-noviembre-en-cancun-ycozumel\/#respond"]}]},{"@type":"WebPage","@id":"https:\/\/nitu.mx\/index.php\/2018\/12\/09\/tiene-asur-su-mejor-noviembre-en-cancun-ycozumel\/","url":"https:\/\/nitu.mx\/index.php\/2018\/12\/09\/tiene-asur-su-mejor-noviembre-en-cancun-ycozumel\/","name":"Tiene ASUR su mejor noviembre en Canc\u00fan y Cozumel - Nitu - Noticias de la Industria Turistica","isPartOf":{"@id":"https:\/\/nitu.mx\/#website"},"datePublished":"2018-12-09T20:42:38+00:00","dateModified":"2018-12-10T07:13:28+00:00","description":"Canc\u00fan y Cozumel son los \u00fanicos en los que el Grupo Aeroportuario del Sureste (ASUR) report\u00f3 incremento de tr\u00e1fico internacional en noviembre","breadcrumb":{"@id":"https:\/\/nitu.mx\/index.php\/2018\/12\/09\/tiene-asur-su-mejor-noviembre-en-cancun-ycozumel\/#breadcrumb"},"inLanguage":"es-MX","potentialAction":[{"@type":"ReadAction","target":["https:\/\/nitu.mx\/index.php\/2018\/12\/09\/tiene-asur-su-mejor-noviembre-en-cancun-ycozumel\/"]}]},{"@type":"BreadcrumbList","@id":"https:\/\/nitu.mx\/index.php\/2018\/12\/09\/tiene-asur-su-mejor-noviembre-en-cancun-ycozumel\/#breadcrumb","itemListElement":[{"@type":"ListItem","position":1,"name":"Inicio","item":"https:\/\/nitu.mx\/"},{"@type":"ListItem","position":2,"name":"Tiene ASUR su mejor noviembre en Canc\u00fan y Cozumel"}]},{"@type":"WebSite","@id":"https:\/\/nitu.mx\/#website","url":"https:\/\/nitu.mx\/","name":"Nitu - Noticias de la Industria Turistica","description":"Noticias de la Industria Turistica","publisher":{"@id":"https:\/\/nitu.mx\/#\/schema\/person\/ae7a53426417292d3dd07b45a33e01bc"},"alternateName":"Noticias de la Industria Turistica","potentialAction":[{"@type":"SearchAction","target":{"@type":"EntryPoint","urlTemplate":"https:\/\/nitu.mx\/?s={search_term_string}"},"query-input":"required name=search_term_string"}],"inLanguage":"es-MX"},{"@type":["Person","Organization"],"@id":"https:\/\/nitu.mx\/#\/schema\/person\/ae7a53426417292d3dd07b45a33e01bc","name":"Arturo Medina","image":{"@type":"ImageObject","inLanguage":"es-MX","@id":"https:\/\/nitu.mx\/#\/schema\/person\/image\/","url":"https:\/\/nitu.mx\/wp-content\/uploads\/2024\/04\/4A315622-1904-4D5C-B022-878CDC840E04-90x90-1.jpeg","contentUrl":"https:\/\/nitu.mx\/wp-content\/uploads\/2024\/04\/4A315622-1904-4D5C-B022-878CDC840E04-90x90-1.jpeg","width":90,"height":90,"caption":"Arturo Medina"},"logo":{"@id":"https:\/\/nitu.mx\/#\/schema\/person\/image\/"},"description":"Director NITU.mx, Egresado de la Escuela de Periodismo Carlos Septi\u00e9n Garc\u00eda. Periodista y analista especializado en turismo desde hace 35 a\u00f1os, radicado en Canc\u00fan Q.Roo. arturo@nitu.mx","sameAs":["https:\/\/nitu.mx","https:\/\/www.facebook.com\/NITUmx\/","medinacancun","https:\/\/twitter.com\/@Arturo_Medina_G"]},{"@type":"Person","@id":"https:\/\/nitu.mx\/#\/schema\/person\/4a28fe9bd65924f7c90623773daf1b0b","name":"Redacci\u00f3n","image":{"@type":"ImageObject","inLanguage":"es-MX","@id":"https:\/\/nitu.mx\/#\/schema\/person\/image\/","url":"https:\/\/secure.gravatar.com\/avatar\/5dd011c8ccfc5cd7e4c81e42252aab38?s=96&d=mm&r=g","contentUrl":"https:\/\/secure.gravatar.com\/avatar\/5dd011c8ccfc5cd7e4c81e42252aab38?s=96&d=mm&r=g","caption":"Redacci\u00f3n"},"url":"https:\/\/nitu.mx\/index.php\/author\/redaccion\/"}]}},"views":275,"_links":{"self":[{"href":"https:\/\/nitu.mx\/index.php\/wp-json\/wp\/v2\/posts\/27336"}],"collection":[{"href":"https:\/\/nitu.mx\/index.php\/wp-json\/wp\/v2\/posts"}],"about":[{"href":"https:\/\/nitu.mx\/index.php\/wp-json\/wp\/v2\/types\/post"}],"author":[{"embeddable":true,"href":"https:\/\/nitu.mx\/index.php\/wp-json\/wp\/v2\/users\/17"}],"replies":[{"embeddable":true,"href":"https:\/\/nitu.mx\/index.php\/wp-json\/wp\/v2\/comments?post=27336"}],"version-history":[{"count":4,"href":"https:\/\/nitu.mx\/index.php\/wp-json\/wp\/v2\/posts\/27336\/revisions"}],"predecessor-version":[{"id":27375,"href":"https:\/\/nitu.mx\/index.php\/wp-json\/wp\/v2\/posts\/27336\/revisions\/27375"}],"wp:attachment":[{"href":"https:\/\/nitu.mx\/index.php\/wp-json\/wp\/v2\/media?parent=27336"}],"wp:term":[{"taxonomy":"category","embeddable":true,"href":"https:\/\/nitu.mx\/index.php\/wp-json\/wp\/v2\/categories?post=27336"},{"taxonomy":"post_tag","embeddable":true,"href":"https:\/\/nitu.mx\/index.php\/wp-json\/wp\/v2\/tags?post=27336"}],"curies":[{"name":"wp","href":"https:\/\/api.w.org\/{rel}","templated":true}]}}