{"id":27248,"date":"2018-12-05T01:15:53","date_gmt":"2018-12-05T06:15:53","guid":{"rendered":"https:\/\/www.dev.nitu.mx\/?p=27248"},"modified":"2018-12-05T01:24:08","modified_gmt":"2018-12-05T06:24:08","slug":"comunidades-indigenas-de-yucatan-rechazan-construccion-del-tren-maya","status":"publish","type":"post","link":"https:\/\/nitu.mx\/index.php\/2018\/12\/05\/comunidades-indigenas-de-yucatan-rechazan-construccion-del-tren-maya\/","title":{"rendered":"Comunidades ind\u00edgenas de Yucat\u00e1n rechazan construcci\u00f3n del Tren Maya"},"content":{"rendered":"<p>Ind\u00edgenas mayas de Campeche, Yucat\u00e1n y Quintana Roo se pronunciaron en contra de diversos megaproyectos a desarrollarse en la pen\u00ednsula \u2014entre ellos el \u201cTren Maya\u201c\u2014, acusaron que es a costa de la propiedad de sus territorios, en detrimento de la salud de numerosas poblaciones locales y en perjuicio de la conservaci\u00f3n de sus recursos naturales. (<a title=\"El Tren Maya no cuenta con manifestaci\u00f3n de impacto ambiental\" href=\"https:\/\/www.dev.nitu.mx\/index.php\/2018\/11\/16\/el-tren-maya-no-cuenta-con-manifestacion-de-impacto-ambiental\/\" rel=\"bookmark\">El Tren Maya no cuenta con manifestaci\u00f3n de impacto ambiental<\/a>).<\/p>\n<p>La postura de siete colectivos de los tres estados y de 33 l\u00edderes ejidales ocurri\u00f3 durante el Encuentro Maya Peninsular de Resistencias en Defensa del Territorio, realizado en Dziuche, Quintana Roo.<\/p>\n<p>Coincidieron en que adem\u00e1s de despojarles de sus tierras para el desarrollo de esos megaproyectos, se deforestan sus selvas, se contaminan sus cuerpos de agua, se afectan actividades productivas como la apicultura, se contaminan los alimentos, se generan problemas de salud y se les arrebatan su cultura, sus tierras y tradiciones. (<a title=\"Proyecto del Tren Maya ya provoca especulaci\u00f3n e invasi\u00f3n de terrenos\" href=\"https:\/\/www.dev.nitu.mx\/index.php\/2018\/09\/19\/proyecto-del-tren-maya-ya-provoca-especulacion-e-invasion-de-terrenos\/\" rel=\"bookmark\">Proyecto del Tren Maya ya provoca especulaci\u00f3n e invasi\u00f3n de terrenos<\/a>).<\/p>\n<p>\u201cNo es nuevo que maten nuestras abejas, que avasallen nuestros montes ni que violen nuestros derechos; lo que s\u00ed es nuevo es que nos ha nacido la voluntad por defender lo que nos queda de territorio. Hoy est\u00e1 naciendo un movimiento en la pen\u00ednsula de Yucat\u00e1n\u201d, dijo Pedro Uc, activista y profesor radicado en esta zona.<\/p>\n<p>\u201cEn Campeche, donde va a iniciar el \u201cTren Maya\u201c, los chinos van a adquirir \u2014si no es que ya la adquirieron\u2014 cantidades de terrenos (\u2026), lo primero que traer\u00e1 el \u2018Tren Maya\u2019 es un enorme capital chino\u201c, indic\u00f3 Alberto Cahuich, integrante del reci\u00e9n conformado Consejo Ind\u00edgena Maya de Jos\u00e9 Mar\u00eda Morelos, que fue presentado en el marco del encuentro peninsular de resistencias. (<a title=\"Empresas europeas y asi\u00e1ticas, interesadas en hacer el tren Maya\" href=\"https:\/\/www.dev.nitu.mx\/index.php\/2018\/08\/16\/empresas-europeas-y-asiaticas-interesadas-en-hacer-el-tren-maya\/\" rel=\"bookmark\">Empresas europeas y asi\u00e1ticas, interesadas en hacer el tren Maya<\/a>).<\/p>\n<p>Cahuich se quej\u00f3 de que la consulta nacional sobre el Tren Maya fue una farsa y afirm\u00f3 que la mayor\u00eda de los participantes, \u201cno conocen ni el proyecto\u201d. Fuente: Diario de Yucat\u00e1n.<\/p>\n","protected":false},"excerpt":{"rendered":"<p>Ind\u00edgenas mayas de Campeche, Yucat\u00e1n y Quintana Roo se pronunciaron en contra de diversos megaproyectos a desarrollarse en la pen\u00ednsula \u2014entre ellos el \u201cTren Maya\u201c\u2014, acusaron que es a costa de la propiedad de sus territorios, en detrimento de la salud de numerosas poblaciones locales y en perjuicio de la conservaci\u00f3n de sus recursos naturales. [&hellip;]<\/p>\n","protected":false},"author":17,"featured_media":26667,"comment_status":"open","ping_status":"open","sticky":false,"template":"","format":"standard","meta":{"footnotes":""},"categories":[5,6],"tags":[13676,13679,400,13678,13677,13673,260,13674,11427,13675,449],"yoast_head":"<!-- This site is optimized with the Yoast SEO plugin v22.2 - https:\/\/yoast.com\/wordpress\/plugins\/seo\/ -->\n<title>Comunidades ind\u00edgenas de Yucat\u00e1n rechazan construcci\u00f3n del Tren Maya - Nitu - Noticias de la Industria Turistica<\/title>\n<meta name=\"robots\" content=\"index, follow, max-snippet:-1, max-image-preview:large, max-video-preview:-1\" \/>\n<link rel=\"canonical\" href=\"https:\/\/nitu.mx\/index.php\/2018\/12\/05\/comunidades-indigenas-de-yucatan-rechazan-construccion-del-tren-maya\/\" \/>\n<meta name=\"twitter:card\" content=\"summary_large_image\" \/>\n<meta name=\"twitter:title\" content=\"Comunidades ind\u00edgenas de Yucat\u00e1n rechazan construcci\u00f3n del Tren Maya - Nitu - Noticias de la Industria Turistica\" \/>\n<meta name=\"twitter:description\" content=\"Ind\u00edgenas mayas de Campeche, Yucat\u00e1n y Quintana Roo se pronunciaron en contra de diversos megaproyectos a desarrollarse en la pen\u00ednsula \u2014entre ellos el \u201cTren Maya\u201c\u2014, acusaron que es a costa de la propiedad de sus territorios, en detrimento de la salud de numerosas poblaciones locales y en perjuicio de la conservaci\u00f3n de sus recursos naturales. [&hellip;]\" \/>\n<meta name=\"twitter:image\" content=\"https:\/\/nitu.mx\/wp-content\/uploads\/2018\/11\/tren_maya-1-2.jpg\" \/>\n<meta name=\"twitter:creator\" content=\"@NITUmx\" \/>\n<meta name=\"twitter:site\" content=\"@Arturo_Medina_G\" \/>\n<meta name=\"twitter:label1\" content=\"Escrito por\" \/>\n\t<meta name=\"twitter:data1\" content=\"Redacci\u00f3n\" \/>\n\t<meta name=\"twitter:label2\" content=\"Tiempo de lectura\" \/>\n\t<meta name=\"twitter:data2\" content=\"2 minutos\" \/>\n<script type=\"application\/ld+json\" class=\"yoast-schema-graph\">{\"@context\":\"https:\/\/schema.org\",\"@graph\":[{\"@type\":\"Article\",\"@id\":\"https:\/\/nitu.mx\/index.php\/2018\/12\/05\/comunidades-indigenas-de-yucatan-rechazan-construccion-del-tren-maya\/#article\",\"isPartOf\":{\"@id\":\"https:\/\/nitu.mx\/index.php\/2018\/12\/05\/comunidades-indigenas-de-yucatan-rechazan-construccion-del-tren-maya\/\"},\"author\":{\"name\":\"Redacci\u00f3n\",\"@id\":\"https:\/\/nitu.mx\/#\/schema\/person\/4a28fe9bd65924f7c90623773daf1b0b\"},\"headline\":\"Comunidades ind\u00edgenas de Yucat\u00e1n rechazan construcci\u00f3n del Tren Maya\",\"datePublished\":\"2018-12-05T06:15:53+00:00\",\"dateModified\":\"2018-12-05T06:24:08+00:00\",\"mainEntityOfPage\":{\"@id\":\"https:\/\/nitu.mx\/index.php\/2018\/12\/05\/comunidades-indigenas-de-yucatan-rechazan-construccion-del-tren-maya\/\"},\"wordCount\":345,\"commentCount\":0,\"publisher\":{\"@id\":\"https:\/\/nitu.mx\/#\/schema\/person\/ae7a53426417292d3dd07b45a33e01bc\"},\"image\":{\"@id\":\"https:\/\/nitu.mx\/index.php\/2018\/12\/05\/comunidades-indigenas-de-yucatan-rechazan-construccion-del-tren-maya\/#primaryimage\"},\"thumbnailUrl\":\"https:\/\/nitu.mx\/wp-content\/uploads\/2018\/11\/tren_maya-1-2.jpg\",\"keywords\":[\"33 l\u00edderes ejidales\",\"Alberto Cahuich\",\"Campeche\",\"Dziuche\",\"Encuentro Maya Peninsular de Resistencias en Defensa del Territorio\",\"Ind\u00edgenas mayas\",\"Quintana Roo\",\"siete colectivos\",\"Tren Maya\",\"tres estados\",\"Yucat\u00e1n\"],\"articleSection\":[\"Destinos\",\"M\u00e9xico\"],\"inLanguage\":\"es-MX\",\"potentialAction\":[{\"@type\":\"CommentAction\",\"name\":\"Comment\",\"target\":[\"https:\/\/nitu.mx\/index.php\/2018\/12\/05\/comunidades-indigenas-de-yucatan-rechazan-construccion-del-tren-maya\/#respond\"]}]},{\"@type\":\"WebPage\",\"@id\":\"https:\/\/nitu.mx\/index.php\/2018\/12\/05\/comunidades-indigenas-de-yucatan-rechazan-construccion-del-tren-maya\/\",\"url\":\"https:\/\/nitu.mx\/index.php\/2018\/12\/05\/comunidades-indigenas-de-yucatan-rechazan-construccion-del-tren-maya\/\",\"name\":\"Comunidades ind\u00edgenas de Yucat\u00e1n rechazan construcci\u00f3n del Tren Maya - Nitu - Noticias de la Industria Turistica\",\"isPartOf\":{\"@id\":\"https:\/\/nitu.mx\/#website\"},\"primaryImageOfPage\":{\"@id\":\"https:\/\/nitu.mx\/index.php\/2018\/12\/05\/comunidades-indigenas-de-yucatan-rechazan-construccion-del-tren-maya\/#primaryimage\"},\"image\":{\"@id\":\"https:\/\/nitu.mx\/index.php\/2018\/12\/05\/comunidades-indigenas-de-yucatan-rechazan-construccion-del-tren-maya\/#primaryimage\"},\"thumbnailUrl\":\"https:\/\/nitu.mx\/wp-content\/uploads\/2018\/11\/tren_maya-1-2.jpg\",\"datePublished\":\"2018-12-05T06:15:53+00:00\",\"dateModified\":\"2018-12-05T06:24:08+00:00\",\"breadcrumb\":{\"@id\":\"https:\/\/nitu.mx\/index.php\/2018\/12\/05\/comunidades-indigenas-de-yucatan-rechazan-construccion-del-tren-maya\/#breadcrumb\"},\"inLanguage\":\"es-MX\",\"potentialAction\":[{\"@type\":\"ReadAction\",\"target\":[\"https:\/\/nitu.mx\/index.php\/2018\/12\/05\/comunidades-indigenas-de-yucatan-rechazan-construccion-del-tren-maya\/\"]}]},{\"@type\":\"ImageObject\",\"inLanguage\":\"es-MX\",\"@id\":\"https:\/\/nitu.mx\/index.php\/2018\/12\/05\/comunidades-indigenas-de-yucatan-rechazan-construccion-del-tren-maya\/#primaryimage\",\"url\":\"https:\/\/nitu.mx\/wp-content\/uploads\/2018\/11\/tren_maya-1-2.jpg\",\"contentUrl\":\"https:\/\/nitu.mx\/wp-content\/uploads\/2018\/11\/tren_maya-1-2.jpg\",\"width\":1100,\"height\":580},{\"@type\":\"BreadcrumbList\",\"@id\":\"https:\/\/nitu.mx\/index.php\/2018\/12\/05\/comunidades-indigenas-de-yucatan-rechazan-construccion-del-tren-maya\/#breadcrumb\",\"itemListElement\":[{\"@type\":\"ListItem\",\"position\":1,\"name\":\"Inicio\",\"item\":\"https:\/\/nitu.mx\/\"},{\"@type\":\"ListItem\",\"position\":2,\"name\":\"Comunidades ind\u00edgenas de Yucat\u00e1n rechazan construcci\u00f3n del Tren Maya\"}]},{\"@type\":\"WebSite\",\"@id\":\"https:\/\/nitu.mx\/#website\",\"url\":\"https:\/\/nitu.mx\/\",\"name\":\"Nitu - Noticias de la Industria Turistica\",\"description\":\"Noticias de la Industria Turistica\",\"publisher\":{\"@id\":\"https:\/\/nitu.mx\/#\/schema\/person\/ae7a53426417292d3dd07b45a33e01bc\"},\"alternateName\":\"Noticias de la Industria Turistica\",\"potentialAction\":[{\"@type\":\"SearchAction\",\"target\":{\"@type\":\"EntryPoint\",\"urlTemplate\":\"https:\/\/nitu.mx\/?s={search_term_string}\"},\"query-input\":\"required name=search_term_string\"}],\"inLanguage\":\"es-MX\"},{\"@type\":[\"Person\",\"Organization\"],\"@id\":\"https:\/\/nitu.mx\/#\/schema\/person\/ae7a53426417292d3dd07b45a33e01bc\",\"name\":\"Arturo Medina\",\"image\":{\"@type\":\"ImageObject\",\"inLanguage\":\"es-MX\",\"@id\":\"https:\/\/nitu.mx\/#\/schema\/person\/image\/\",\"url\":\"https:\/\/nitu.mx\/wp-content\/uploads\/2024\/04\/4A315622-1904-4D5C-B022-878CDC840E04-90x90-1.jpeg\",\"contentUrl\":\"https:\/\/nitu.mx\/wp-content\/uploads\/2024\/04\/4A315622-1904-4D5C-B022-878CDC840E04-90x90-1.jpeg\",\"width\":90,\"height\":90,\"caption\":\"Arturo Medina\"},\"logo\":{\"@id\":\"https:\/\/nitu.mx\/#\/schema\/person\/image\/\"},\"description\":\"Director NITU.mx, Egresado de la Escuela de Periodismo Carlos Septi\u00e9n Garc\u00eda. Periodista y analista especializado en turismo desde hace 35 a\u00f1os, radicado en Canc\u00fan Q.Roo. arturo@nitu.mx\",\"sameAs\":[\"https:\/\/nitu.mx\",\"https:\/\/www.facebook.com\/NITUmx\/\",\"medinacancun\",\"https:\/\/twitter.com\/@Arturo_Medina_G\"]},{\"@type\":\"Person\",\"@id\":\"https:\/\/nitu.mx\/#\/schema\/person\/4a28fe9bd65924f7c90623773daf1b0b\",\"name\":\"Redacci\u00f3n\",\"image\":{\"@type\":\"ImageObject\",\"inLanguage\":\"es-MX\",\"@id\":\"https:\/\/nitu.mx\/#\/schema\/person\/image\/\",\"url\":\"https:\/\/secure.gravatar.com\/avatar\/5dd011c8ccfc5cd7e4c81e42252aab38?s=96&d=mm&r=g\",\"contentUrl\":\"https:\/\/secure.gravatar.com\/avatar\/5dd011c8ccfc5cd7e4c81e42252aab38?s=96&d=mm&r=g\",\"caption\":\"Redacci\u00f3n\"},\"url\":\"https:\/\/nitu.mx\/index.php\/author\/redaccion\/\"}]}<\/script>\n<!-- \/ Yoast SEO plugin. -->","yoast_head_json":{"title":"Comunidades ind\u00edgenas de Yucat\u00e1n rechazan construcci\u00f3n del Tren Maya - Nitu - Noticias de la Industria Turistica","robots":{"index":"index","follow":"follow","max-snippet":"max-snippet:-1","max-image-preview":"max-image-preview:large","max-video-preview":"max-video-preview:-1"},"canonical":"https:\/\/nitu.mx\/index.php\/2018\/12\/05\/comunidades-indigenas-de-yucatan-rechazan-construccion-del-tren-maya\/","twitter_card":"summary_large_image","twitter_title":"Comunidades ind\u00edgenas de Yucat\u00e1n rechazan construcci\u00f3n del Tren Maya - Nitu - Noticias de la Industria Turistica","twitter_description":"Ind\u00edgenas mayas de Campeche, Yucat\u00e1n y Quintana Roo se pronunciaron en contra de diversos megaproyectos a desarrollarse en la pen\u00ednsula \u2014entre ellos el \u201cTren Maya\u201c\u2014, acusaron que es a costa de la propiedad de sus territorios, en detrimento de la salud de numerosas poblaciones locales y en perjuicio de la conservaci\u00f3n de sus recursos naturales. [&hellip;]","twitter_image":"https:\/\/nitu.mx\/wp-content\/uploads\/2018\/11\/tren_maya-1-2.jpg","twitter_creator":"@NITUmx","twitter_site":"@Arturo_Medina_G","twitter_misc":{"Escrito por":"Redacci\u00f3n","Tiempo de lectura":"2 minutos"},"schema":{"@context":"https:\/\/schema.org","@graph":[{"@type":"Article","@id":"https:\/\/nitu.mx\/index.php\/2018\/12\/05\/comunidades-indigenas-de-yucatan-rechazan-construccion-del-tren-maya\/#article","isPartOf":{"@id":"https:\/\/nitu.mx\/index.php\/2018\/12\/05\/comunidades-indigenas-de-yucatan-rechazan-construccion-del-tren-maya\/"},"author":{"name":"Redacci\u00f3n","@id":"https:\/\/nitu.mx\/#\/schema\/person\/4a28fe9bd65924f7c90623773daf1b0b"},"headline":"Comunidades ind\u00edgenas de Yucat\u00e1n rechazan construcci\u00f3n del Tren Maya","datePublished":"2018-12-05T06:15:53+00:00","dateModified":"2018-12-05T06:24:08+00:00","mainEntityOfPage":{"@id":"https:\/\/nitu.mx\/index.php\/2018\/12\/05\/comunidades-indigenas-de-yucatan-rechazan-construccion-del-tren-maya\/"},"wordCount":345,"commentCount":0,"publisher":{"@id":"https:\/\/nitu.mx\/#\/schema\/person\/ae7a53426417292d3dd07b45a33e01bc"},"image":{"@id":"https:\/\/nitu.mx\/index.php\/2018\/12\/05\/comunidades-indigenas-de-yucatan-rechazan-construccion-del-tren-maya\/#primaryimage"},"thumbnailUrl":"https:\/\/nitu.mx\/wp-content\/uploads\/2018\/11\/tren_maya-1-2.jpg","keywords":["33 l\u00edderes ejidales","Alberto Cahuich","Campeche","Dziuche","Encuentro Maya Peninsular de Resistencias en Defensa del Territorio","Ind\u00edgenas mayas","Quintana Roo","siete colectivos","Tren Maya","tres estados","Yucat\u00e1n"],"articleSection":["Destinos","M\u00e9xico"],"inLanguage":"es-MX","potentialAction":[{"@type":"CommentAction","name":"Comment","target":["https:\/\/nitu.mx\/index.php\/2018\/12\/05\/comunidades-indigenas-de-yucatan-rechazan-construccion-del-tren-maya\/#respond"]}]},{"@type":"WebPage","@id":"https:\/\/nitu.mx\/index.php\/2018\/12\/05\/comunidades-indigenas-de-yucatan-rechazan-construccion-del-tren-maya\/","url":"https:\/\/nitu.mx\/index.php\/2018\/12\/05\/comunidades-indigenas-de-yucatan-rechazan-construccion-del-tren-maya\/","name":"Comunidades ind\u00edgenas de Yucat\u00e1n rechazan construcci\u00f3n del Tren Maya - Nitu - Noticias de la Industria Turistica","isPartOf":{"@id":"https:\/\/nitu.mx\/#website"},"primaryImageOfPage":{"@id":"https:\/\/nitu.mx\/index.php\/2018\/12\/05\/comunidades-indigenas-de-yucatan-rechazan-construccion-del-tren-maya\/#primaryimage"},"image":{"@id":"https:\/\/nitu.mx\/index.php\/2018\/12\/05\/comunidades-indigenas-de-yucatan-rechazan-construccion-del-tren-maya\/#primaryimage"},"thumbnailUrl":"https:\/\/nitu.mx\/wp-content\/uploads\/2018\/11\/tren_maya-1-2.jpg","datePublished":"2018-12-05T06:15:53+00:00","dateModified":"2018-12-05T06:24:08+00:00","breadcrumb":{"@id":"https:\/\/nitu.mx\/index.php\/2018\/12\/05\/comunidades-indigenas-de-yucatan-rechazan-construccion-del-tren-maya\/#breadcrumb"},"inLanguage":"es-MX","potentialAction":[{"@type":"ReadAction","target":["https:\/\/nitu.mx\/index.php\/2018\/12\/05\/comunidades-indigenas-de-yucatan-rechazan-construccion-del-tren-maya\/"]}]},{"@type":"ImageObject","inLanguage":"es-MX","@id":"https:\/\/nitu.mx\/index.php\/2018\/12\/05\/comunidades-indigenas-de-yucatan-rechazan-construccion-del-tren-maya\/#primaryimage","url":"https:\/\/nitu.mx\/wp-content\/uploads\/2018\/11\/tren_maya-1-2.jpg","contentUrl":"https:\/\/nitu.mx\/wp-content\/uploads\/2018\/11\/tren_maya-1-2.jpg","width":1100,"height":580},{"@type":"BreadcrumbList","@id":"https:\/\/nitu.mx\/index.php\/2018\/12\/05\/comunidades-indigenas-de-yucatan-rechazan-construccion-del-tren-maya\/#breadcrumb","itemListElement":[{"@type":"ListItem","position":1,"name":"Inicio","item":"https:\/\/nitu.mx\/"},{"@type":"ListItem","position":2,"name":"Comunidades ind\u00edgenas de Yucat\u00e1n rechazan construcci\u00f3n del Tren Maya"}]},{"@type":"WebSite","@id":"https:\/\/nitu.mx\/#website","url":"https:\/\/nitu.mx\/","name":"Nitu - Noticias de la Industria Turistica","description":"Noticias de la Industria Turistica","publisher":{"@id":"https:\/\/nitu.mx\/#\/schema\/person\/ae7a53426417292d3dd07b45a33e01bc"},"alternateName":"Noticias de la Industria Turistica","potentialAction":[{"@type":"SearchAction","target":{"@type":"EntryPoint","urlTemplate":"https:\/\/nitu.mx\/?s={search_term_string}"},"query-input":"required name=search_term_string"}],"inLanguage":"es-MX"},{"@type":["Person","Organization"],"@id":"https:\/\/nitu.mx\/#\/schema\/person\/ae7a53426417292d3dd07b45a33e01bc","name":"Arturo Medina","image":{"@type":"ImageObject","inLanguage":"es-MX","@id":"https:\/\/nitu.mx\/#\/schema\/person\/image\/","url":"https:\/\/nitu.mx\/wp-content\/uploads\/2024\/04\/4A315622-1904-4D5C-B022-878CDC840E04-90x90-1.jpeg","contentUrl":"https:\/\/nitu.mx\/wp-content\/uploads\/2024\/04\/4A315622-1904-4D5C-B022-878CDC840E04-90x90-1.jpeg","width":90,"height":90,"caption":"Arturo Medina"},"logo":{"@id":"https:\/\/nitu.mx\/#\/schema\/person\/image\/"},"description":"Director NITU.mx, Egresado de la Escuela de Periodismo Carlos Septi\u00e9n Garc\u00eda. Periodista y analista especializado en turismo desde hace 35 a\u00f1os, radicado en Canc\u00fan Q.Roo. arturo@nitu.mx","sameAs":["https:\/\/nitu.mx","https:\/\/www.facebook.com\/NITUmx\/","medinacancun","https:\/\/twitter.com\/@Arturo_Medina_G"]},{"@type":"Person","@id":"https:\/\/nitu.mx\/#\/schema\/person\/4a28fe9bd65924f7c90623773daf1b0b","name":"Redacci\u00f3n","image":{"@type":"ImageObject","inLanguage":"es-MX","@id":"https:\/\/nitu.mx\/#\/schema\/person\/image\/","url":"https:\/\/secure.gravatar.com\/avatar\/5dd011c8ccfc5cd7e4c81e42252aab38?s=96&d=mm&r=g","contentUrl":"https:\/\/secure.gravatar.com\/avatar\/5dd011c8ccfc5cd7e4c81e42252aab38?s=96&d=mm&r=g","caption":"Redacci\u00f3n"},"url":"https:\/\/nitu.mx\/index.php\/author\/redaccion\/"}]}},"views":421,"_links":{"self":[{"href":"https:\/\/nitu.mx\/index.php\/wp-json\/wp\/v2\/posts\/27248"}],"collection":[{"href":"https:\/\/nitu.mx\/index.php\/wp-json\/wp\/v2\/posts"}],"about":[{"href":"https:\/\/nitu.mx\/index.php\/wp-json\/wp\/v2\/types\/post"}],"author":[{"embeddable":true,"href":"https:\/\/nitu.mx\/index.php\/wp-json\/wp\/v2\/users\/17"}],"replies":[{"embeddable":true,"href":"https:\/\/nitu.mx\/index.php\/wp-json\/wp\/v2\/comments?post=27248"}],"version-history":[{"count":2,"href":"https:\/\/nitu.mx\/index.php\/wp-json\/wp\/v2\/posts\/27248\/revisions"}],"predecessor-version":[{"id":27267,"href":"https:\/\/nitu.mx\/index.php\/wp-json\/wp\/v2\/posts\/27248\/revisions\/27267"}],"wp:featuredmedia":[{"embeddable":true,"href":"https:\/\/nitu.mx\/index.php\/wp-json\/wp\/v2\/media\/26667"}],"wp:attachment":[{"href":"https:\/\/nitu.mx\/index.php\/wp-json\/wp\/v2\/media?parent=27248"}],"wp:term":[{"taxonomy":"category","embeddable":true,"href":"https:\/\/nitu.mx\/index.php\/wp-json\/wp\/v2\/categories?post=27248"},{"taxonomy":"post_tag","embeddable":true,"href":"https:\/\/nitu.mx\/index.php\/wp-json\/wp\/v2\/tags?post=27248"}],"curies":[{"name":"wp","href":"https:\/\/api.w.org\/{rel}","templated":true}]}}