{"id":27245,"date":"2018-12-05T00:58:42","date_gmt":"2018-12-05T05:58:42","guid":{"rendered":"https:\/\/www.dev.nitu.mx\/?p=27245"},"modified":"2018-12-05T01:22:35","modified_gmt":"2018-12-05T06:22:35","slug":"carlos-mackinlay-se-une-a-asetur-como-vicepresidente","status":"publish","type":"post","link":"https:\/\/nitu.mx\/index.php\/2018\/12\/05\/carlos-mackinlay-se-une-a-asetur-como-vicepresidente\/","title":{"rendered":"Carlos Mackinlay se une a ASETUR como vicepresidente"},"content":{"rendered":"<p>Adem\u00e1s de tomar hoy protesta como secretario de Turismo de la Ciudad de M\u00e9xico, Carlos Mackinlay, tambi\u00e9n asume hoy el cargo de vicepresidente de la Asociaci\u00f3n de Secretarios de Turismo del pa\u00eds (ASETUR), durante la comida de fin de a\u00f1o del Consejo Nacional de Exportadores de Servicios Tur\u00edsticos CONEXSTUR, al mando de Arnaldo Pinazzi. El ahora secretario de Turismo de la Ciudad de M\u00e9xico, acept\u00f3 que despu\u00e9s de trabajar por 10 meses para asumir el cargo, lo que tiene de frente a este reto son nervios, pero muchas ganas de trabajar, ya que se vienen cambios, &#8220;pero cambios positivos&#8221;, resalt\u00f3.<\/p>\n<p>Asimismo, destac\u00f3 que las reacciones que se tienen en todos los \u00e1mbitos tanto pol\u00edticos como econ\u00f3micos son de apoyo para esta nueva gesti\u00f3n en la Secretar\u00eda de Turismo de la Ciudad de M\u00e9xico, la cual ahora s\u00ed trabajar\u00e1 de la mano con el Fondo Mixto de Promoci\u00f3n Tur\u00edstica que dirigir\u00e1\u00a0 Paola F\u00e9lix D\u00edaz. \u201cLa Secretar\u00eda de Turismo de la Ciudad de M\u00e9xico y el Fondo Mixto van a trabajar de manera conjunta como no se hab\u00eda visto antes\u201d.<\/p>\n<p>Carlos Mackinlay agradeci\u00f3 a CONEXSTUR, el vender a los turistas las im\u00e1genes reales del pa\u00eds que promocionan, ya que ellos conocen el pa\u00eds, y cada uno de sus rincones, son empresarios entusiastas, con los que destac\u00f3, estar\u00e1 trabajando muy de cerca al igual que con las diferentes asociaciones de la capital.\u00a0<a title=\"Mackinlay quiere traer a CDMX Tianguis Tur\u00edstico en 2020\" href=\"https:\/\/www.dev.nitu.mx\/index.php\/2018\/08\/22\/mackinlay-quiere-traer-a-cdmx-tianguis-turistico-en-2020\/\" rel=\"bookmark\">(Mackinlay quiere traer a CDMX Tianguis Tur\u00edstico en 2020<\/a>).<\/p>\n","protected":false},"excerpt":{"rendered":"<p>Adem\u00e1s de tomar hoy protesta como secretario de Turismo de la Ciudad de M\u00e9xico, Carlos Mackinlay, tambi\u00e9n asume hoy el cargo de vicepresidente de la Asociaci\u00f3n de Secretarios de Turismo del pa\u00eds (ASETUR), durante la comida de fin de a\u00f1o del Consejo Nacional de Exportadores de Servicios Tur\u00edsticos CONEXSTUR, al mando de Arnaldo Pinazzi. El [&hellip;]<\/p>\n","protected":false},"author":17,"featured_media":23784,"comment_status":"open","ping_status":"open","sticky":false,"template":"","format":"standard","meta":{"footnotes":""},"categories":[3,6],"tags":[4543,11944,1121,3108,13672,743],"yoast_head":"<!-- This site is optimized with the Yoast SEO plugin v22.2 - https:\/\/yoast.com\/wordpress\/plugins\/seo\/ -->\n<title>Carlos Mackinlay se une a ASETUR como vicepresidente - Nitu - Noticias de la Industria Turistica<\/title>\n<meta name=\"description\" content=\"Carlos Mackinlay tambi\u00e9n asume hoy el cargo de vicepresidente de la Asociaci\u00f3n de Secretarios de Turismo del pa\u00eds (ASETUR).\" \/>\n<meta name=\"robots\" content=\"index, follow, max-snippet:-1, max-image-preview:large, max-video-preview:-1\" \/>\n<link rel=\"canonical\" href=\"https:\/\/nitu.mx\/index.php\/2018\/12\/05\/carlos-mackinlay-se-une-a-asetur-como-vicepresidente\/\" \/>\n<meta name=\"twitter:card\" content=\"summary_large_image\" \/>\n<meta name=\"twitter:title\" content=\"Carlos Mackinlay se une a ASETUR como vicepresidente - Nitu - Noticias de la Industria Turistica\" \/>\n<meta name=\"twitter:description\" content=\"Carlos Mackinlay tambi\u00e9n asume hoy el cargo de vicepresidente de la Asociaci\u00f3n de Secretarios de Turismo del pa\u00eds (ASETUR).\" \/>\n<meta name=\"twitter:image\" content=\"https:\/\/nitu.mx\/wp-content\/uploads\/2018\/08\/mackinlay.jpg\" \/>\n<meta name=\"twitter:creator\" content=\"@NITUmx\" \/>\n<meta name=\"twitter:site\" content=\"@Arturo_Medina_G\" \/>\n<meta name=\"twitter:label1\" content=\"Escrito por\" \/>\n\t<meta name=\"twitter:data1\" content=\"Redacci\u00f3n\" \/>\n\t<meta name=\"twitter:label2\" content=\"Tiempo de lectura\" \/>\n\t<meta name=\"twitter:data2\" content=\"1 minuto\" \/>\n<script type=\"application\/ld+json\" class=\"yoast-schema-graph\">{\"@context\":\"https:\/\/schema.org\",\"@graph\":[{\"@type\":\"Article\",\"@id\":\"https:\/\/nitu.mx\/index.php\/2018\/12\/05\/carlos-mackinlay-se-une-a-asetur-como-vicepresidente\/#article\",\"isPartOf\":{\"@id\":\"https:\/\/nitu.mx\/index.php\/2018\/12\/05\/carlos-mackinlay-se-une-a-asetur-como-vicepresidente\/\"},\"author\":{\"name\":\"Redacci\u00f3n\",\"@id\":\"https:\/\/nitu.mx\/#\/schema\/person\/4a28fe9bd65924f7c90623773daf1b0b\"},\"headline\":\"Carlos Mackinlay se une a ASETUR como vicepresidente\",\"datePublished\":\"2018-12-05T05:58:42+00:00\",\"dateModified\":\"2018-12-05T06:22:35+00:00\",\"mainEntityOfPage\":{\"@id\":\"https:\/\/nitu.mx\/index.php\/2018\/12\/05\/carlos-mackinlay-se-une-a-asetur-como-vicepresidente\/\"},\"wordCount\":269,\"commentCount\":0,\"publisher\":{\"@id\":\"https:\/\/nitu.mx\/#\/schema\/person\/ae7a53426417292d3dd07b45a33e01bc\"},\"image\":{\"@id\":\"https:\/\/nitu.mx\/index.php\/2018\/12\/05\/carlos-mackinlay-se-une-a-asetur-como-vicepresidente\/#primaryimage\"},\"thumbnailUrl\":\"https:\/\/nitu.mx\/wp-content\/uploads\/2018\/08\/mackinlay.jpg\",\"keywords\":[\"Arnaldo Pinazzi\",\"Carlos Mackinlay\",\"Conexstur\",\"Fondo Mixto de Promoci\u00f3n Tur\u00edstica\",\"Paola F\u00e9lix D\u00edaz\",\"Sectur Ciudad de M\u00e9xico\"],\"articleSection\":[\"Agencias de Viajes\",\"M\u00e9xico\"],\"inLanguage\":\"es-MX\",\"potentialAction\":[{\"@type\":\"CommentAction\",\"name\":\"Comment\",\"target\":[\"https:\/\/nitu.mx\/index.php\/2018\/12\/05\/carlos-mackinlay-se-une-a-asetur-como-vicepresidente\/#respond\"]}]},{\"@type\":\"WebPage\",\"@id\":\"https:\/\/nitu.mx\/index.php\/2018\/12\/05\/carlos-mackinlay-se-une-a-asetur-como-vicepresidente\/\",\"url\":\"https:\/\/nitu.mx\/index.php\/2018\/12\/05\/carlos-mackinlay-se-une-a-asetur-como-vicepresidente\/\",\"name\":\"Carlos Mackinlay se une a ASETUR como vicepresidente - Nitu - Noticias de la Industria Turistica\",\"isPartOf\":{\"@id\":\"https:\/\/nitu.mx\/#website\"},\"primaryImageOfPage\":{\"@id\":\"https:\/\/nitu.mx\/index.php\/2018\/12\/05\/carlos-mackinlay-se-une-a-asetur-como-vicepresidente\/#primaryimage\"},\"image\":{\"@id\":\"https:\/\/nitu.mx\/index.php\/2018\/12\/05\/carlos-mackinlay-se-une-a-asetur-como-vicepresidente\/#primaryimage\"},\"thumbnailUrl\":\"https:\/\/nitu.mx\/wp-content\/uploads\/2018\/08\/mackinlay.jpg\",\"datePublished\":\"2018-12-05T05:58:42+00:00\",\"dateModified\":\"2018-12-05T06:22:35+00:00\",\"description\":\"Carlos Mackinlay tambi\u00e9n asume hoy el cargo de vicepresidente de la Asociaci\u00f3n de Secretarios de Turismo del pa\u00eds (ASETUR).\",\"breadcrumb\":{\"@id\":\"https:\/\/nitu.mx\/index.php\/2018\/12\/05\/carlos-mackinlay-se-une-a-asetur-como-vicepresidente\/#breadcrumb\"},\"inLanguage\":\"es-MX\",\"potentialAction\":[{\"@type\":\"ReadAction\",\"target\":[\"https:\/\/nitu.mx\/index.php\/2018\/12\/05\/carlos-mackinlay-se-une-a-asetur-como-vicepresidente\/\"]}]},{\"@type\":\"ImageObject\",\"inLanguage\":\"es-MX\",\"@id\":\"https:\/\/nitu.mx\/index.php\/2018\/12\/05\/carlos-mackinlay-se-une-a-asetur-como-vicepresidente\/#primaryimage\",\"url\":\"https:\/\/nitu.mx\/wp-content\/uploads\/2018\/08\/mackinlay.jpg\",\"contentUrl\":\"https:\/\/nitu.mx\/wp-content\/uploads\/2018\/08\/mackinlay.jpg\",\"width\":850,\"height\":480,\"caption\":\"mackinlay sectur cdmx\"},{\"@type\":\"BreadcrumbList\",\"@id\":\"https:\/\/nitu.mx\/index.php\/2018\/12\/05\/carlos-mackinlay-se-une-a-asetur-como-vicepresidente\/#breadcrumb\",\"itemListElement\":[{\"@type\":\"ListItem\",\"position\":1,\"name\":\"Inicio\",\"item\":\"https:\/\/nitu.mx\/\"},{\"@type\":\"ListItem\",\"position\":2,\"name\":\"Carlos Mackinlay se une a ASETUR como vicepresidente\"}]},{\"@type\":\"WebSite\",\"@id\":\"https:\/\/nitu.mx\/#website\",\"url\":\"https:\/\/nitu.mx\/\",\"name\":\"Nitu - Noticias de la Industria Turistica\",\"description\":\"Noticias de la Industria Turistica\",\"publisher\":{\"@id\":\"https:\/\/nitu.mx\/#\/schema\/person\/ae7a53426417292d3dd07b45a33e01bc\"},\"alternateName\":\"Noticias de la Industria Turistica\",\"potentialAction\":[{\"@type\":\"SearchAction\",\"target\":{\"@type\":\"EntryPoint\",\"urlTemplate\":\"https:\/\/nitu.mx\/?s={search_term_string}\"},\"query-input\":\"required name=search_term_string\"}],\"inLanguage\":\"es-MX\"},{\"@type\":[\"Person\",\"Organization\"],\"@id\":\"https:\/\/nitu.mx\/#\/schema\/person\/ae7a53426417292d3dd07b45a33e01bc\",\"name\":\"Arturo Medina\",\"image\":{\"@type\":\"ImageObject\",\"inLanguage\":\"es-MX\",\"@id\":\"https:\/\/nitu.mx\/#\/schema\/person\/image\/\",\"url\":\"https:\/\/nitu.mx\/wp-content\/uploads\/2024\/04\/4A315622-1904-4D5C-B022-878CDC840E04-90x90-1.jpeg\",\"contentUrl\":\"https:\/\/nitu.mx\/wp-content\/uploads\/2024\/04\/4A315622-1904-4D5C-B022-878CDC840E04-90x90-1.jpeg\",\"width\":90,\"height\":90,\"caption\":\"Arturo Medina\"},\"logo\":{\"@id\":\"https:\/\/nitu.mx\/#\/schema\/person\/image\/\"},\"description\":\"Director NITU.mx, Egresado de la Escuela de Periodismo Carlos Septi\u00e9n Garc\u00eda. Periodista y analista especializado en turismo desde hace 35 a\u00f1os, radicado en Canc\u00fan Q.Roo. arturo@nitu.mx\",\"sameAs\":[\"https:\/\/nitu.mx\",\"https:\/\/www.facebook.com\/NITUmx\/\",\"medinacancun\",\"https:\/\/twitter.com\/@Arturo_Medina_G\"]},{\"@type\":\"Person\",\"@id\":\"https:\/\/nitu.mx\/#\/schema\/person\/4a28fe9bd65924f7c90623773daf1b0b\",\"name\":\"Redacci\u00f3n\",\"image\":{\"@type\":\"ImageObject\",\"inLanguage\":\"es-MX\",\"@id\":\"https:\/\/nitu.mx\/#\/schema\/person\/image\/\",\"url\":\"https:\/\/secure.gravatar.com\/avatar\/5dd011c8ccfc5cd7e4c81e42252aab38?s=96&d=mm&r=g\",\"contentUrl\":\"https:\/\/secure.gravatar.com\/avatar\/5dd011c8ccfc5cd7e4c81e42252aab38?s=96&d=mm&r=g\",\"caption\":\"Redacci\u00f3n\"},\"url\":\"https:\/\/nitu.mx\/index.php\/author\/redaccion\/\"}]}<\/script>\n<!-- \/ Yoast SEO plugin. -->","yoast_head_json":{"title":"Carlos Mackinlay se une a ASETUR como vicepresidente - Nitu - Noticias de la Industria Turistica","description":"Carlos Mackinlay tambi\u00e9n asume hoy el cargo de vicepresidente de la Asociaci\u00f3n de Secretarios de Turismo del pa\u00eds (ASETUR).","robots":{"index":"index","follow":"follow","max-snippet":"max-snippet:-1","max-image-preview":"max-image-preview:large","max-video-preview":"max-video-preview:-1"},"canonical":"https:\/\/nitu.mx\/index.php\/2018\/12\/05\/carlos-mackinlay-se-une-a-asetur-como-vicepresidente\/","twitter_card":"summary_large_image","twitter_title":"Carlos Mackinlay se une a ASETUR como vicepresidente - Nitu - Noticias de la Industria Turistica","twitter_description":"Carlos Mackinlay tambi\u00e9n asume hoy el cargo de vicepresidente de la Asociaci\u00f3n de Secretarios de Turismo del pa\u00eds (ASETUR).","twitter_image":"https:\/\/nitu.mx\/wp-content\/uploads\/2018\/08\/mackinlay.jpg","twitter_creator":"@NITUmx","twitter_site":"@Arturo_Medina_G","twitter_misc":{"Escrito por":"Redacci\u00f3n","Tiempo de lectura":"1 minuto"},"schema":{"@context":"https:\/\/schema.org","@graph":[{"@type":"Article","@id":"https:\/\/nitu.mx\/index.php\/2018\/12\/05\/carlos-mackinlay-se-une-a-asetur-como-vicepresidente\/#article","isPartOf":{"@id":"https:\/\/nitu.mx\/index.php\/2018\/12\/05\/carlos-mackinlay-se-une-a-asetur-como-vicepresidente\/"},"author":{"name":"Redacci\u00f3n","@id":"https:\/\/nitu.mx\/#\/schema\/person\/4a28fe9bd65924f7c90623773daf1b0b"},"headline":"Carlos Mackinlay se une a ASETUR como vicepresidente","datePublished":"2018-12-05T05:58:42+00:00","dateModified":"2018-12-05T06:22:35+00:00","mainEntityOfPage":{"@id":"https:\/\/nitu.mx\/index.php\/2018\/12\/05\/carlos-mackinlay-se-une-a-asetur-como-vicepresidente\/"},"wordCount":269,"commentCount":0,"publisher":{"@id":"https:\/\/nitu.mx\/#\/schema\/person\/ae7a53426417292d3dd07b45a33e01bc"},"image":{"@id":"https:\/\/nitu.mx\/index.php\/2018\/12\/05\/carlos-mackinlay-se-une-a-asetur-como-vicepresidente\/#primaryimage"},"thumbnailUrl":"https:\/\/nitu.mx\/wp-content\/uploads\/2018\/08\/mackinlay.jpg","keywords":["Arnaldo Pinazzi","Carlos Mackinlay","Conexstur","Fondo Mixto de Promoci\u00f3n Tur\u00edstica","Paola F\u00e9lix D\u00edaz","Sectur Ciudad de M\u00e9xico"],"articleSection":["Agencias de Viajes","M\u00e9xico"],"inLanguage":"es-MX","potentialAction":[{"@type":"CommentAction","name":"Comment","target":["https:\/\/nitu.mx\/index.php\/2018\/12\/05\/carlos-mackinlay-se-une-a-asetur-como-vicepresidente\/#respond"]}]},{"@type":"WebPage","@id":"https:\/\/nitu.mx\/index.php\/2018\/12\/05\/carlos-mackinlay-se-une-a-asetur-como-vicepresidente\/","url":"https:\/\/nitu.mx\/index.php\/2018\/12\/05\/carlos-mackinlay-se-une-a-asetur-como-vicepresidente\/","name":"Carlos Mackinlay se une a ASETUR como vicepresidente - Nitu - Noticias de la Industria Turistica","isPartOf":{"@id":"https:\/\/nitu.mx\/#website"},"primaryImageOfPage":{"@id":"https:\/\/nitu.mx\/index.php\/2018\/12\/05\/carlos-mackinlay-se-une-a-asetur-como-vicepresidente\/#primaryimage"},"image":{"@id":"https:\/\/nitu.mx\/index.php\/2018\/12\/05\/carlos-mackinlay-se-une-a-asetur-como-vicepresidente\/#primaryimage"},"thumbnailUrl":"https:\/\/nitu.mx\/wp-content\/uploads\/2018\/08\/mackinlay.jpg","datePublished":"2018-12-05T05:58:42+00:00","dateModified":"2018-12-05T06:22:35+00:00","description":"Carlos Mackinlay tambi\u00e9n asume hoy el cargo de vicepresidente de la Asociaci\u00f3n de Secretarios de Turismo del pa\u00eds (ASETUR).","breadcrumb":{"@id":"https:\/\/nitu.mx\/index.php\/2018\/12\/05\/carlos-mackinlay-se-une-a-asetur-como-vicepresidente\/#breadcrumb"},"inLanguage":"es-MX","potentialAction":[{"@type":"ReadAction","target":["https:\/\/nitu.mx\/index.php\/2018\/12\/05\/carlos-mackinlay-se-une-a-asetur-como-vicepresidente\/"]}]},{"@type":"ImageObject","inLanguage":"es-MX","@id":"https:\/\/nitu.mx\/index.php\/2018\/12\/05\/carlos-mackinlay-se-une-a-asetur-como-vicepresidente\/#primaryimage","url":"https:\/\/nitu.mx\/wp-content\/uploads\/2018\/08\/mackinlay.jpg","contentUrl":"https:\/\/nitu.mx\/wp-content\/uploads\/2018\/08\/mackinlay.jpg","width":850,"height":480,"caption":"mackinlay sectur cdmx"},{"@type":"BreadcrumbList","@id":"https:\/\/nitu.mx\/index.php\/2018\/12\/05\/carlos-mackinlay-se-une-a-asetur-como-vicepresidente\/#breadcrumb","itemListElement":[{"@type":"ListItem","position":1,"name":"Inicio","item":"https:\/\/nitu.mx\/"},{"@type":"ListItem","position":2,"name":"Carlos Mackinlay se une a ASETUR como vicepresidente"}]},{"@type":"WebSite","@id":"https:\/\/nitu.mx\/#website","url":"https:\/\/nitu.mx\/","name":"Nitu - Noticias de la Industria Turistica","description":"Noticias de la Industria Turistica","publisher":{"@id":"https:\/\/nitu.mx\/#\/schema\/person\/ae7a53426417292d3dd07b45a33e01bc"},"alternateName":"Noticias de la Industria Turistica","potentialAction":[{"@type":"SearchAction","target":{"@type":"EntryPoint","urlTemplate":"https:\/\/nitu.mx\/?s={search_term_string}"},"query-input":"required name=search_term_string"}],"inLanguage":"es-MX"},{"@type":["Person","Organization"],"@id":"https:\/\/nitu.mx\/#\/schema\/person\/ae7a53426417292d3dd07b45a33e01bc","name":"Arturo Medina","image":{"@type":"ImageObject","inLanguage":"es-MX","@id":"https:\/\/nitu.mx\/#\/schema\/person\/image\/","url":"https:\/\/nitu.mx\/wp-content\/uploads\/2024\/04\/4A315622-1904-4D5C-B022-878CDC840E04-90x90-1.jpeg","contentUrl":"https:\/\/nitu.mx\/wp-content\/uploads\/2024\/04\/4A315622-1904-4D5C-B022-878CDC840E04-90x90-1.jpeg","width":90,"height":90,"caption":"Arturo Medina"},"logo":{"@id":"https:\/\/nitu.mx\/#\/schema\/person\/image\/"},"description":"Director NITU.mx, Egresado de la Escuela de Periodismo Carlos Septi\u00e9n Garc\u00eda. Periodista y analista especializado en turismo desde hace 35 a\u00f1os, radicado en Canc\u00fan Q.Roo. arturo@nitu.mx","sameAs":["https:\/\/nitu.mx","https:\/\/www.facebook.com\/NITUmx\/","medinacancun","https:\/\/twitter.com\/@Arturo_Medina_G"]},{"@type":"Person","@id":"https:\/\/nitu.mx\/#\/schema\/person\/4a28fe9bd65924f7c90623773daf1b0b","name":"Redacci\u00f3n","image":{"@type":"ImageObject","inLanguage":"es-MX","@id":"https:\/\/nitu.mx\/#\/schema\/person\/image\/","url":"https:\/\/secure.gravatar.com\/avatar\/5dd011c8ccfc5cd7e4c81e42252aab38?s=96&d=mm&r=g","contentUrl":"https:\/\/secure.gravatar.com\/avatar\/5dd011c8ccfc5cd7e4c81e42252aab38?s=96&d=mm&r=g","caption":"Redacci\u00f3n"},"url":"https:\/\/nitu.mx\/index.php\/author\/redaccion\/"}]}},"views":252,"_links":{"self":[{"href":"https:\/\/nitu.mx\/index.php\/wp-json\/wp\/v2\/posts\/27245"}],"collection":[{"href":"https:\/\/nitu.mx\/index.php\/wp-json\/wp\/v2\/posts"}],"about":[{"href":"https:\/\/nitu.mx\/index.php\/wp-json\/wp\/v2\/types\/post"}],"author":[{"embeddable":true,"href":"https:\/\/nitu.mx\/index.php\/wp-json\/wp\/v2\/users\/17"}],"replies":[{"embeddable":true,"href":"https:\/\/nitu.mx\/index.php\/wp-json\/wp\/v2\/comments?post=27245"}],"version-history":[{"count":3,"href":"https:\/\/nitu.mx\/index.php\/wp-json\/wp\/v2\/posts\/27245\/revisions"}],"predecessor-version":[{"id":27260,"href":"https:\/\/nitu.mx\/index.php\/wp-json\/wp\/v2\/posts\/27245\/revisions\/27260"}],"wp:featuredmedia":[{"embeddable":true,"href":"https:\/\/nitu.mx\/index.php\/wp-json\/wp\/v2\/media\/23784"}],"wp:attachment":[{"href":"https:\/\/nitu.mx\/index.php\/wp-json\/wp\/v2\/media?parent=27245"}],"wp:term":[{"taxonomy":"category","embeddable":true,"href":"https:\/\/nitu.mx\/index.php\/wp-json\/wp\/v2\/categories?post=27245"},{"taxonomy":"post_tag","embeddable":true,"href":"https:\/\/nitu.mx\/index.php\/wp-json\/wp\/v2\/tags?post=27245"}],"curies":[{"name":"wp","href":"https:\/\/api.w.org\/{rel}","templated":true}]}}