{"id":27207,"date":"2018-12-03T23:20:25","date_gmt":"2018-12-04T04:20:25","guid":{"rendered":"https:\/\/www.dev.nitu.mx\/?p=27207"},"modified":"2018-12-04T00:57:02","modified_gmt":"2018-12-04T05:57:02","slug":"sector-empresarial-confia-en-amlo-pero-manifiesta-inquietudes","status":"publish","type":"post","link":"https:\/\/nitu.mx\/index.php\/2018\/12\/03\/sector-empresarial-confia-en-amlo-pero-manifiesta-inquietudes\/","title":{"rendered":"Sector empresarial conf\u00eda en AMLO pero manifiesta inquietudes"},"content":{"rendered":"<p>A diferencia de lo que se comentaba la semana pasada, cuando todav\u00eda el gremio empresarial mostraba renuencia sobre los planes del nuevo presidente de M\u00e9xico, Andr\u00e9s Manuel L\u00f3pez Obrador, ahora el discurso ha dado un giro importante una vez que tom\u00f3 posesi\u00f3n del cargo.<\/p>\n<p>Una vez escuchados los discursos que AMLO dio ante el Congreso de la Uni\u00f3n y en el Z\u00f3calo de la Ciudad de M\u00e9xico, ahora los empresarios afirman que les generan altas expectativas los mensajes que ofreci\u00f3, aunque todav\u00eda persisten algunas dudas sobre los planes y sus ejecuciones, por lo que aseguran, se mantendr\u00e1n atentos para intervenir y participar.<\/p>\n<p>De acuerdo con Jos\u00e9 Manuel L\u00f3pez Campos, presidente de la Confederaci\u00f3n de C\u00e1maras Nacionales de Comercio, Servicios y Turismo (Concanaco Servytur), es importante que se tome en cuenta la opini\u00f3n del sector privado sobre los proyectos que presente el nuevo gobierno, de tal manera que se concreten y tengan \u00e9xito.<\/p>\n<p>Para los empresarios, el mensaje de generar un contexto econ\u00f3mico equilibrado les despert\u00f3 el optimismo, y se sumaron al llamado para mantener y atraer inversiones, pero aseguran, se debe generar la certeza de su inversi\u00f3n a largo plazo y la rentabilidad de los nuevos proyectos.<\/p>\n<p>Al referirse espec\u00edficamente al Tren Maya, L\u00f3pez Campos se\u00f1al\u00f3 que de los 150 mil millones de pesos que costar\u00e1 la obra, 28 mil millones de pesos corresponder\u00e1n al sector p\u00fablico, y reiter\u00f3 que \u00e9stos no deben provenir de la promoci\u00f3n tur\u00edstica, pues es primordial para la difusi\u00f3n de los atractivos de M\u00e9xico en el extranjero.<\/p>\n<p>Aunado a ello, destac\u00f3 que la desaparici\u00f3n del Consejo de Promoci\u00f3n Tur\u00edstica de M\u00e9xico (CPTM) podr\u00eda traer serias consecuencias de no implementarse las medidas sustitutivas, pues coment\u00f3 que \u201cel personal de las sedes diplom\u00e1ticas (embajadas y consulados) no tiene la especialidad para promover el turismo de nuestro pa\u00eds\u201d.\u00a0\u00a0<a title=\"Advierten turisteros freno importante en el sector con el nuevo gobierno\" href=\"https:\/\/www.dev.nitu.mx\/index.php\/2018\/11\/27\/advierten-turisteros-freno-importante-en-el-sector-con-el-nuevo-gobierno\/\" rel=\"bookmark\">(Advierten turisteros freno importante en el sector con el nuevo gobierno<\/a>).<\/p>\n","protected":false},"excerpt":{"rendered":"<p>A diferencia de lo que se comentaba la semana pasada, cuando todav\u00eda el gremio empresarial mostraba renuencia sobre los planes del nuevo presidente de M\u00e9xico, Andr\u00e9s Manuel L\u00f3pez Obrador, ahora el discurso ha dado un giro importante una vez que tom\u00f3 posesi\u00f3n del cargo. Una vez escuchados los discursos que AMLO dio ante el Congreso [&hellip;]<\/p>\n","protected":false},"author":5,"featured_media":27209,"comment_status":"open","ping_status":"open","sticky":false,"template":"","format":"standard","meta":{"footnotes":""},"categories":[12,6],"tags":[10994,1607,1110,1713,11427],"yoast_head":"<!-- This site is optimized with the Yoast SEO plugin v22.2 - https:\/\/yoast.com\/wordpress\/plugins\/seo\/ -->\n<title>Sector empresarial conf\u00eda en AMLO pero manifiesta inquietudes - Nitu - Noticias de la Industria Turistica<\/title>\n<meta name=\"description\" content=\"A diferencia de lo que se comentaba la semana pasada, cuando todav\u00eda el gremio empresarial mostraba renuencia sobre los planes del nuevo presidente.\" \/>\n<meta name=\"robots\" content=\"index, follow, max-snippet:-1, max-image-preview:large, max-video-preview:-1\" \/>\n<link rel=\"canonical\" href=\"https:\/\/nitu.mx\/index.php\/2018\/12\/03\/sector-empresarial-confia-en-amlo-pero-manifiesta-inquietudes\/\" \/>\n<meta name=\"twitter:card\" content=\"summary_large_image\" \/>\n<meta name=\"twitter:title\" content=\"Sector empresarial conf\u00eda en AMLO pero manifiesta inquietudes - Nitu - Noticias de la Industria Turistica\" \/>\n<meta name=\"twitter:description\" content=\"A diferencia de lo que se comentaba la semana pasada, cuando todav\u00eda el gremio empresarial mostraba renuencia sobre los planes del nuevo presidente.\" \/>\n<meta name=\"twitter:image\" content=\"https:\/\/nitu.mx\/wp-content\/uploads\/2018\/12\/Empresarios-Toma-de-protesta.jpg\" \/>\n<meta name=\"twitter:creator\" content=\"@NITUmx\" \/>\n<meta name=\"twitter:site\" content=\"@Arturo_Medina_G\" \/>\n<meta name=\"twitter:label1\" content=\"Escrito por\" \/>\n\t<meta name=\"twitter:data1\" content=\"Mari Soto\" \/>\n\t<meta name=\"twitter:label2\" content=\"Tiempo de lectura\" \/>\n\t<meta name=\"twitter:data2\" content=\"2 minutos\" \/>\n<script type=\"application\/ld+json\" class=\"yoast-schema-graph\">{\"@context\":\"https:\/\/schema.org\",\"@graph\":[{\"@type\":\"Article\",\"@id\":\"https:\/\/nitu.mx\/index.php\/2018\/12\/03\/sector-empresarial-confia-en-amlo-pero-manifiesta-inquietudes\/#article\",\"isPartOf\":{\"@id\":\"https:\/\/nitu.mx\/index.php\/2018\/12\/03\/sector-empresarial-confia-en-amlo-pero-manifiesta-inquietudes\/\"},\"author\":{\"name\":\"Mari Soto\",\"@id\":\"https:\/\/nitu.mx\/#\/schema\/person\/afc52e313e27e660739556d421d3d6b4\"},\"headline\":\"Sector empresarial conf\u00eda en AMLO pero manifiesta inquietudes\",\"datePublished\":\"2018-12-04T04:20:25+00:00\",\"dateModified\":\"2018-12-04T05:57:02+00:00\",\"mainEntityOfPage\":{\"@id\":\"https:\/\/nitu.mx\/index.php\/2018\/12\/03\/sector-empresarial-confia-en-amlo-pero-manifiesta-inquietudes\/\"},\"wordCount\":350,\"commentCount\":0,\"publisher\":{\"@id\":\"https:\/\/nitu.mx\/#\/schema\/person\/ae7a53426417292d3dd07b45a33e01bc\"},\"image\":{\"@id\":\"https:\/\/nitu.mx\/index.php\/2018\/12\/03\/sector-empresarial-confia-en-amlo-pero-manifiesta-inquietudes\/#primaryimage\"},\"thumbnailUrl\":\"https:\/\/nitu.mx\/wp-content\/uploads\/2018\/12\/Empresarios-Toma-de-protesta.jpg\",\"keywords\":[\"AMLO\",\"Concanaco Servytur\",\"Consejo de Promoci\u00f3n Tur\u00edstica de M\u00e9xico (CPTM)\",\"Jos\u00e9 Manuel L\u00f3pez Campos\",\"Tren Maya\"],\"articleSection\":[\"Marketing\",\"M\u00e9xico\"],\"inLanguage\":\"es-MX\",\"potentialAction\":[{\"@type\":\"CommentAction\",\"name\":\"Comment\",\"target\":[\"https:\/\/nitu.mx\/index.php\/2018\/12\/03\/sector-empresarial-confia-en-amlo-pero-manifiesta-inquietudes\/#respond\"]}]},{\"@type\":\"WebPage\",\"@id\":\"https:\/\/nitu.mx\/index.php\/2018\/12\/03\/sector-empresarial-confia-en-amlo-pero-manifiesta-inquietudes\/\",\"url\":\"https:\/\/nitu.mx\/index.php\/2018\/12\/03\/sector-empresarial-confia-en-amlo-pero-manifiesta-inquietudes\/\",\"name\":\"Sector empresarial conf\u00eda en AMLO pero manifiesta inquietudes - Nitu - Noticias de la Industria Turistica\",\"isPartOf\":{\"@id\":\"https:\/\/nitu.mx\/#website\"},\"primaryImageOfPage\":{\"@id\":\"https:\/\/nitu.mx\/index.php\/2018\/12\/03\/sector-empresarial-confia-en-amlo-pero-manifiesta-inquietudes\/#primaryimage\"},\"image\":{\"@id\":\"https:\/\/nitu.mx\/index.php\/2018\/12\/03\/sector-empresarial-confia-en-amlo-pero-manifiesta-inquietudes\/#primaryimage\"},\"thumbnailUrl\":\"https:\/\/nitu.mx\/wp-content\/uploads\/2018\/12\/Empresarios-Toma-de-protesta.jpg\",\"datePublished\":\"2018-12-04T04:20:25+00:00\",\"dateModified\":\"2018-12-04T05:57:02+00:00\",\"description\":\"A diferencia de lo que se comentaba la semana pasada, cuando todav\u00eda el gremio empresarial mostraba renuencia sobre los planes del nuevo presidente.\",\"breadcrumb\":{\"@id\":\"https:\/\/nitu.mx\/index.php\/2018\/12\/03\/sector-empresarial-confia-en-amlo-pero-manifiesta-inquietudes\/#breadcrumb\"},\"inLanguage\":\"es-MX\",\"potentialAction\":[{\"@type\":\"ReadAction\",\"target\":[\"https:\/\/nitu.mx\/index.php\/2018\/12\/03\/sector-empresarial-confia-en-amlo-pero-manifiesta-inquietudes\/\"]}]},{\"@type\":\"ImageObject\",\"inLanguage\":\"es-MX\",\"@id\":\"https:\/\/nitu.mx\/index.php\/2018\/12\/03\/sector-empresarial-confia-en-amlo-pero-manifiesta-inquietudes\/#primaryimage\",\"url\":\"https:\/\/nitu.mx\/wp-content\/uploads\/2018\/12\/Empresarios-Toma-de-protesta.jpg\",\"contentUrl\":\"https:\/\/nitu.mx\/wp-content\/uploads\/2018\/12\/Empresarios-Toma-de-protesta.jpg\",\"width\":850,\"height\":480,\"caption\":\"sector empresarial\"},{\"@type\":\"BreadcrumbList\",\"@id\":\"https:\/\/nitu.mx\/index.php\/2018\/12\/03\/sector-empresarial-confia-en-amlo-pero-manifiesta-inquietudes\/#breadcrumb\",\"itemListElement\":[{\"@type\":\"ListItem\",\"position\":1,\"name\":\"Inicio\",\"item\":\"https:\/\/nitu.mx\/\"},{\"@type\":\"ListItem\",\"position\":2,\"name\":\"Sector empresarial conf\u00eda en AMLO pero manifiesta inquietudes\"}]},{\"@type\":\"WebSite\",\"@id\":\"https:\/\/nitu.mx\/#website\",\"url\":\"https:\/\/nitu.mx\/\",\"name\":\"Nitu - Noticias de la Industria Turistica\",\"description\":\"Noticias de la Industria Turistica\",\"publisher\":{\"@id\":\"https:\/\/nitu.mx\/#\/schema\/person\/ae7a53426417292d3dd07b45a33e01bc\"},\"alternateName\":\"Noticias de la Industria Turistica\",\"potentialAction\":[{\"@type\":\"SearchAction\",\"target\":{\"@type\":\"EntryPoint\",\"urlTemplate\":\"https:\/\/nitu.mx\/?s={search_term_string}\"},\"query-input\":\"required name=search_term_string\"}],\"inLanguage\":\"es-MX\"},{\"@type\":[\"Person\",\"Organization\"],\"@id\":\"https:\/\/nitu.mx\/#\/schema\/person\/ae7a53426417292d3dd07b45a33e01bc\",\"name\":\"Arturo Medina\",\"image\":{\"@type\":\"ImageObject\",\"inLanguage\":\"es-MX\",\"@id\":\"https:\/\/nitu.mx\/#\/schema\/person\/image\/\",\"url\":\"https:\/\/nitu.mx\/wp-content\/uploads\/2024\/04\/4A315622-1904-4D5C-B022-878CDC840E04-90x90-1.jpeg\",\"contentUrl\":\"https:\/\/nitu.mx\/wp-content\/uploads\/2024\/04\/4A315622-1904-4D5C-B022-878CDC840E04-90x90-1.jpeg\",\"width\":90,\"height\":90,\"caption\":\"Arturo Medina\"},\"logo\":{\"@id\":\"https:\/\/nitu.mx\/#\/schema\/person\/image\/\"},\"description\":\"Director NITU.mx, Egresado de la Escuela de Periodismo Carlos Septi\u00e9n Garc\u00eda. Periodista y analista especializado en turismo desde hace 35 a\u00f1os, radicado en Canc\u00fan Q.Roo. arturo@nitu.mx\",\"sameAs\":[\"https:\/\/nitu.mx\",\"https:\/\/www.facebook.com\/NITUmx\/\",\"medinacancun\",\"https:\/\/twitter.com\/@Arturo_Medina_G\"]},{\"@type\":\"Person\",\"@id\":\"https:\/\/nitu.mx\/#\/schema\/person\/afc52e313e27e660739556d421d3d6b4\",\"name\":\"Mari Soto\",\"image\":{\"@type\":\"ImageObject\",\"inLanguage\":\"es-MX\",\"@id\":\"https:\/\/nitu.mx\/#\/schema\/person\/image\/\",\"url\":\"https:\/\/secure.gravatar.com\/avatar\/2619c282a180a20d89fcaea82a6736e2?s=96&d=mm&r=g\",\"contentUrl\":\"https:\/\/secure.gravatar.com\/avatar\/2619c282a180a20d89fcaea82a6736e2?s=96&d=mm&r=g\",\"caption\":\"Mari Soto\"},\"sameAs\":[\"https:\/\/nitu.mx\"],\"url\":\"https:\/\/nitu.mx\/index.php\/author\/guadalupe\/\"}]}<\/script>\n<!-- \/ Yoast SEO plugin. -->","yoast_head_json":{"title":"Sector empresarial conf\u00eda en AMLO pero manifiesta inquietudes - Nitu - Noticias de la Industria Turistica","description":"A diferencia de lo que se comentaba la semana pasada, cuando todav\u00eda el gremio empresarial mostraba renuencia sobre los planes del nuevo presidente.","robots":{"index":"index","follow":"follow","max-snippet":"max-snippet:-1","max-image-preview":"max-image-preview:large","max-video-preview":"max-video-preview:-1"},"canonical":"https:\/\/nitu.mx\/index.php\/2018\/12\/03\/sector-empresarial-confia-en-amlo-pero-manifiesta-inquietudes\/","twitter_card":"summary_large_image","twitter_title":"Sector empresarial conf\u00eda en AMLO pero manifiesta inquietudes - Nitu - Noticias de la Industria Turistica","twitter_description":"A diferencia de lo que se comentaba la semana pasada, cuando todav\u00eda el gremio empresarial mostraba renuencia sobre los planes del nuevo presidente.","twitter_image":"https:\/\/nitu.mx\/wp-content\/uploads\/2018\/12\/Empresarios-Toma-de-protesta.jpg","twitter_creator":"@NITUmx","twitter_site":"@Arturo_Medina_G","twitter_misc":{"Escrito por":"Mari Soto","Tiempo de lectura":"2 minutos"},"schema":{"@context":"https:\/\/schema.org","@graph":[{"@type":"Article","@id":"https:\/\/nitu.mx\/index.php\/2018\/12\/03\/sector-empresarial-confia-en-amlo-pero-manifiesta-inquietudes\/#article","isPartOf":{"@id":"https:\/\/nitu.mx\/index.php\/2018\/12\/03\/sector-empresarial-confia-en-amlo-pero-manifiesta-inquietudes\/"},"author":{"name":"Mari Soto","@id":"https:\/\/nitu.mx\/#\/schema\/person\/afc52e313e27e660739556d421d3d6b4"},"headline":"Sector empresarial conf\u00eda en AMLO pero manifiesta inquietudes","datePublished":"2018-12-04T04:20:25+00:00","dateModified":"2018-12-04T05:57:02+00:00","mainEntityOfPage":{"@id":"https:\/\/nitu.mx\/index.php\/2018\/12\/03\/sector-empresarial-confia-en-amlo-pero-manifiesta-inquietudes\/"},"wordCount":350,"commentCount":0,"publisher":{"@id":"https:\/\/nitu.mx\/#\/schema\/person\/ae7a53426417292d3dd07b45a33e01bc"},"image":{"@id":"https:\/\/nitu.mx\/index.php\/2018\/12\/03\/sector-empresarial-confia-en-amlo-pero-manifiesta-inquietudes\/#primaryimage"},"thumbnailUrl":"https:\/\/nitu.mx\/wp-content\/uploads\/2018\/12\/Empresarios-Toma-de-protesta.jpg","keywords":["AMLO","Concanaco Servytur","Consejo de Promoci\u00f3n Tur\u00edstica de M\u00e9xico (CPTM)","Jos\u00e9 Manuel L\u00f3pez Campos","Tren Maya"],"articleSection":["Marketing","M\u00e9xico"],"inLanguage":"es-MX","potentialAction":[{"@type":"CommentAction","name":"Comment","target":["https:\/\/nitu.mx\/index.php\/2018\/12\/03\/sector-empresarial-confia-en-amlo-pero-manifiesta-inquietudes\/#respond"]}]},{"@type":"WebPage","@id":"https:\/\/nitu.mx\/index.php\/2018\/12\/03\/sector-empresarial-confia-en-amlo-pero-manifiesta-inquietudes\/","url":"https:\/\/nitu.mx\/index.php\/2018\/12\/03\/sector-empresarial-confia-en-amlo-pero-manifiesta-inquietudes\/","name":"Sector empresarial conf\u00eda en AMLO pero manifiesta inquietudes - Nitu - Noticias de la Industria Turistica","isPartOf":{"@id":"https:\/\/nitu.mx\/#website"},"primaryImageOfPage":{"@id":"https:\/\/nitu.mx\/index.php\/2018\/12\/03\/sector-empresarial-confia-en-amlo-pero-manifiesta-inquietudes\/#primaryimage"},"image":{"@id":"https:\/\/nitu.mx\/index.php\/2018\/12\/03\/sector-empresarial-confia-en-amlo-pero-manifiesta-inquietudes\/#primaryimage"},"thumbnailUrl":"https:\/\/nitu.mx\/wp-content\/uploads\/2018\/12\/Empresarios-Toma-de-protesta.jpg","datePublished":"2018-12-04T04:20:25+00:00","dateModified":"2018-12-04T05:57:02+00:00","description":"A diferencia de lo que se comentaba la semana pasada, cuando todav\u00eda el gremio empresarial mostraba renuencia sobre los planes del nuevo presidente.","breadcrumb":{"@id":"https:\/\/nitu.mx\/index.php\/2018\/12\/03\/sector-empresarial-confia-en-amlo-pero-manifiesta-inquietudes\/#breadcrumb"},"inLanguage":"es-MX","potentialAction":[{"@type":"ReadAction","target":["https:\/\/nitu.mx\/index.php\/2018\/12\/03\/sector-empresarial-confia-en-amlo-pero-manifiesta-inquietudes\/"]}]},{"@type":"ImageObject","inLanguage":"es-MX","@id":"https:\/\/nitu.mx\/index.php\/2018\/12\/03\/sector-empresarial-confia-en-amlo-pero-manifiesta-inquietudes\/#primaryimage","url":"https:\/\/nitu.mx\/wp-content\/uploads\/2018\/12\/Empresarios-Toma-de-protesta.jpg","contentUrl":"https:\/\/nitu.mx\/wp-content\/uploads\/2018\/12\/Empresarios-Toma-de-protesta.jpg","width":850,"height":480,"caption":"sector empresarial"},{"@type":"BreadcrumbList","@id":"https:\/\/nitu.mx\/index.php\/2018\/12\/03\/sector-empresarial-confia-en-amlo-pero-manifiesta-inquietudes\/#breadcrumb","itemListElement":[{"@type":"ListItem","position":1,"name":"Inicio","item":"https:\/\/nitu.mx\/"},{"@type":"ListItem","position":2,"name":"Sector empresarial conf\u00eda en AMLO pero manifiesta inquietudes"}]},{"@type":"WebSite","@id":"https:\/\/nitu.mx\/#website","url":"https:\/\/nitu.mx\/","name":"Nitu - Noticias de la Industria Turistica","description":"Noticias de la Industria Turistica","publisher":{"@id":"https:\/\/nitu.mx\/#\/schema\/person\/ae7a53426417292d3dd07b45a33e01bc"},"alternateName":"Noticias de la Industria Turistica","potentialAction":[{"@type":"SearchAction","target":{"@type":"EntryPoint","urlTemplate":"https:\/\/nitu.mx\/?s={search_term_string}"},"query-input":"required name=search_term_string"}],"inLanguage":"es-MX"},{"@type":["Person","Organization"],"@id":"https:\/\/nitu.mx\/#\/schema\/person\/ae7a53426417292d3dd07b45a33e01bc","name":"Arturo Medina","image":{"@type":"ImageObject","inLanguage":"es-MX","@id":"https:\/\/nitu.mx\/#\/schema\/person\/image\/","url":"https:\/\/nitu.mx\/wp-content\/uploads\/2024\/04\/4A315622-1904-4D5C-B022-878CDC840E04-90x90-1.jpeg","contentUrl":"https:\/\/nitu.mx\/wp-content\/uploads\/2024\/04\/4A315622-1904-4D5C-B022-878CDC840E04-90x90-1.jpeg","width":90,"height":90,"caption":"Arturo Medina"},"logo":{"@id":"https:\/\/nitu.mx\/#\/schema\/person\/image\/"},"description":"Director NITU.mx, Egresado de la Escuela de Periodismo Carlos Septi\u00e9n Garc\u00eda. Periodista y analista especializado en turismo desde hace 35 a\u00f1os, radicado en Canc\u00fan Q.Roo. arturo@nitu.mx","sameAs":["https:\/\/nitu.mx","https:\/\/www.facebook.com\/NITUmx\/","medinacancun","https:\/\/twitter.com\/@Arturo_Medina_G"]},{"@type":"Person","@id":"https:\/\/nitu.mx\/#\/schema\/person\/afc52e313e27e660739556d421d3d6b4","name":"Mari Soto","image":{"@type":"ImageObject","inLanguage":"es-MX","@id":"https:\/\/nitu.mx\/#\/schema\/person\/image\/","url":"https:\/\/secure.gravatar.com\/avatar\/2619c282a180a20d89fcaea82a6736e2?s=96&d=mm&r=g","contentUrl":"https:\/\/secure.gravatar.com\/avatar\/2619c282a180a20d89fcaea82a6736e2?s=96&d=mm&r=g","caption":"Mari Soto"},"sameAs":["https:\/\/nitu.mx"],"url":"https:\/\/nitu.mx\/index.php\/author\/guadalupe\/"}]}},"views":230,"_links":{"self":[{"href":"https:\/\/nitu.mx\/index.php\/wp-json\/wp\/v2\/posts\/27207"}],"collection":[{"href":"https:\/\/nitu.mx\/index.php\/wp-json\/wp\/v2\/posts"}],"about":[{"href":"https:\/\/nitu.mx\/index.php\/wp-json\/wp\/v2\/types\/post"}],"author":[{"embeddable":true,"href":"https:\/\/nitu.mx\/index.php\/wp-json\/wp\/v2\/users\/5"}],"replies":[{"embeddable":true,"href":"https:\/\/nitu.mx\/index.php\/wp-json\/wp\/v2\/comments?post=27207"}],"version-history":[{"count":1,"href":"https:\/\/nitu.mx\/index.php\/wp-json\/wp\/v2\/posts\/27207\/revisions"}],"predecessor-version":[{"id":27208,"href":"https:\/\/nitu.mx\/index.php\/wp-json\/wp\/v2\/posts\/27207\/revisions\/27208"}],"wp:featuredmedia":[{"embeddable":true,"href":"https:\/\/nitu.mx\/index.php\/wp-json\/wp\/v2\/media\/27209"}],"wp:attachment":[{"href":"https:\/\/nitu.mx\/index.php\/wp-json\/wp\/v2\/media?parent=27207"}],"wp:term":[{"taxonomy":"category","embeddable":true,"href":"https:\/\/nitu.mx\/index.php\/wp-json\/wp\/v2\/categories?post=27207"},{"taxonomy":"post_tag","embeddable":true,"href":"https:\/\/nitu.mx\/index.php\/wp-json\/wp\/v2\/tags?post=27207"}],"curies":[{"name":"wp","href":"https:\/\/api.w.org\/{rel}","templated":true}]}}