{"id":27203,"date":"2018-12-03T23:57:31","date_gmt":"2018-12-04T04:57:31","guid":{"rendered":"https:\/\/www.dev.nitu.mx\/?p=27203"},"modified":"2018-12-04T00:57:21","modified_gmt":"2018-12-04T05:57:21","slug":"celebra-hoteles-bf-su-tercer-aniversario","status":"publish","type":"post","link":"https:\/\/nitu.mx\/index.php\/2018\/12\/03\/celebra-hoteles-bf-su-tercer-aniversario\/","title":{"rendered":"Celebra Hoteles BF su tercer aniversario"},"content":{"rendered":"<p>Con una gran fiesta inspirada en los a\u00f1os 20\u2019s, la cadena hotelera BF celebr\u00f3 su tercer aniversario en la capital mexicana, con clientes, tour operadores, agencias de viajes y medios especializados.<\/p>\n<p>Beatriz Tinajero, su directora general, fue la anfitriona de esta velada, la cual reconoci\u00f3 a varios de sus socios con el Alebrije de Oro, elemento distintivo del grupo, que representa la ardua labor que realizan para enaltecer la cultura mexicana en todas sus expresiones.<\/p>\n<p>Antes de entregar los reconocimientos, Tinajero destac\u00f3 que fue hace tres a\u00f1os cuando BF tom\u00f3 el gran desaf\u00edo de conquistar a las nuevas generaciones, creando una aut\u00e9ntica conexi\u00f3n como la que, hasta el d\u00eda de hoy, los une orgullosamente a sus hu\u00e9spedes y aliados estrat\u00e9gicos.<\/p>\n<p>Los ganadores de la noche fueron: IATA como Mejor productor de Acapulco; Iron Chef, como Mejor proveedor A&amp;B; Rooms to Go, como Agencia m\u00e1s Productiva; Karmino Tours, como Mejor Productor Ciudad de M\u00e9xico; Inventive Power, como Mejor Proveedor sustentable; Rooms to Go, como Mejor productor Ixtapa y Marian Nemer como Mejor hu\u00e9sped del a\u00f1o.<\/p>\n<p>Los cinco hoteles que conforman Hoteles BF cuentan con personalidad propia y un concepto totalmente definido: El Hotel Font\u00e1n Reforma, se distingue por ser un hotel metropolitano y eco-urbano; el Font\u00e1n Ixtapa, se distingue por su concepto\u00a0<em>all inclusive<\/em> ubicado frente al mar y donde la diversi\u00f3n nunca termina; el\u00a0 B Cozumel el m\u00e1s hotel m\u00e1s\u00a0<em>trendy <\/em>de la cadena\u00a0que envuelve con la belleza del mar Caribe; mientras que la hermosa arquitectura de Casa Lisa Hotel Boutique, abraza en una atm\u00f3sfera privada y sofisticada; y el ic\u00f3nico Hotel Villavera, es un legendario Raquet Club en el maravilloso puerto de Acapulco.<\/p>\n<p>\u201cEn Hoteles BF nos distinguimos por ser una familia de hoteles que mueven, tocan y transforman, abrazamos nuestro entorno y a nuestra comunidad, somos un grupo hotelero con un fuerte compromiso social, transformamos de adentro hacia afuera, fomentando la creatividad, el amor, la relajaci\u00f3n y la risa como los ingredientes clave para ofrecer una experiencia aut\u00e9ntica en la que nuestros hu\u00e9spedes puedan disfrutar de su presente con plenitud\u201d, precis\u00f3 Tinajero.\u00a0<a title=\"BF Hoteles planea obtener 15% m\u00e1s en ingresos en 2018\" href=\"https:\/\/www.dev.nitu.mx\/index.php\/2018\/04\/18\/bf-hoteles-planea-obtener-15-mas-en-ingresos-en-2018\/\" rel=\"bookmark\">(BF Hoteles planea obtener 15% m\u00e1s en ingresos en 2018<\/a>).<\/p>\n","protected":false},"excerpt":{"rendered":"<p>Con una gran fiesta inspirada en los a\u00f1os 20\u2019s, la cadena hotelera BF celebr\u00f3 su tercer aniversario en la capital mexicana, con clientes, tour operadores, agencias de viajes y medios especializados. Beatriz Tinajero, su directora general, fue la anfitriona de esta velada, la cual reconoci\u00f3 a varios de sus socios con el Alebrije de Oro, [&hellip;]<\/p>\n","protected":false},"author":17,"featured_media":27222,"comment_status":"open","ping_status":"open","sticky":false,"template":"","format":"standard","meta":{"footnotes":""},"categories":[2],"tags":[13646,13649,2358,13650,13647,13648,2362,13645],"yoast_head":"<!-- This site is optimized with the Yoast SEO plugin v22.2 - https:\/\/yoast.com\/wordpress\/plugins\/seo\/ -->\n<title>Celebra Hoteles BF su tercer aniversario - Nitu - Noticias de la Industria Turistica<\/title>\n<meta name=\"description\" content=\"La cadena hotelera BF celebr\u00f3 su tercer aniversario en la capital mexicana, con clientes, tour operadores, agencias de viajes y medios especializados.\" \/>\n<meta name=\"robots\" content=\"index, follow, max-snippet:-1, max-image-preview:large, max-video-preview:-1\" \/>\n<link rel=\"canonical\" href=\"https:\/\/nitu.mx\/index.php\/2018\/12\/03\/celebra-hoteles-bf-su-tercer-aniversario\/\" \/>\n<meta name=\"twitter:card\" content=\"summary_large_image\" \/>\n<meta name=\"twitter:title\" content=\"Celebra Hoteles BF su tercer aniversario - Nitu - Noticias de la Industria Turistica\" \/>\n<meta name=\"twitter:description\" content=\"La cadena hotelera BF celebr\u00f3 su tercer aniversario en la capital mexicana, con clientes, tour operadores, agencias de viajes y medios especializados.\" \/>\n<meta name=\"twitter:image\" content=\"https:\/\/nitu.mx\/wp-content\/uploads\/2018\/12\/DSCN2032-e1543895186467-1.jpg\" \/>\n<meta name=\"twitter:creator\" content=\"@NITUmx\" \/>\n<meta name=\"twitter:site\" content=\"@Arturo_Medina_G\" \/>\n<meta name=\"twitter:label1\" content=\"Escrito por\" \/>\n\t<meta name=\"twitter:data1\" content=\"Redacci\u00f3n\" \/>\n\t<meta name=\"twitter:label2\" content=\"Tiempo de lectura\" \/>\n\t<meta name=\"twitter:data2\" content=\"2 minutos\" \/>\n<script type=\"application\/ld+json\" class=\"yoast-schema-graph\">{\"@context\":\"https:\/\/schema.org\",\"@graph\":[{\"@type\":\"Article\",\"@id\":\"https:\/\/nitu.mx\/index.php\/2018\/12\/03\/celebra-hoteles-bf-su-tercer-aniversario\/#article\",\"isPartOf\":{\"@id\":\"https:\/\/nitu.mx\/index.php\/2018\/12\/03\/celebra-hoteles-bf-su-tercer-aniversario\/\"},\"author\":{\"name\":\"Redacci\u00f3n\",\"@id\":\"https:\/\/nitu.mx\/#\/schema\/person\/4a28fe9bd65924f7c90623773daf1b0b\"},\"headline\":\"Celebra Hoteles BF su tercer aniversario\",\"datePublished\":\"2018-12-04T04:57:31+00:00\",\"dateModified\":\"2018-12-04T05:57:21+00:00\",\"mainEntityOfPage\":{\"@id\":\"https:\/\/nitu.mx\/index.php\/2018\/12\/03\/celebra-hoteles-bf-su-tercer-aniversario\/\"},\"wordCount\":384,\"commentCount\":0,\"publisher\":{\"@id\":\"https:\/\/nitu.mx\/#\/schema\/person\/ae7a53426417292d3dd07b45a33e01bc\"},\"image\":{\"@id\":\"https:\/\/nitu.mx\/index.php\/2018\/12\/03\/celebra-hoteles-bf-su-tercer-aniversario\/#primaryimage\"},\"thumbnailUrl\":\"https:\/\/nitu.mx\/wp-content\/uploads\/2018\/12\/DSCN2032-e1543895186467-1.jpg\",\"keywords\":[\"Alebrije de Oro\",\"B Cozumel\",\"Beatriz Tinajero\",\"Casa Lisa Hotel Boutique\",\"El Hotel Font\u00e1n Reforma\",\"Font\u00e1n Ixtapa\",\"Hotel Villavera\",\"Hoteles BF\"],\"articleSection\":[\"Hoteles\"],\"inLanguage\":\"es-MX\",\"potentialAction\":[{\"@type\":\"CommentAction\",\"name\":\"Comment\",\"target\":[\"https:\/\/nitu.mx\/index.php\/2018\/12\/03\/celebra-hoteles-bf-su-tercer-aniversario\/#respond\"]}]},{\"@type\":\"WebPage\",\"@id\":\"https:\/\/nitu.mx\/index.php\/2018\/12\/03\/celebra-hoteles-bf-su-tercer-aniversario\/\",\"url\":\"https:\/\/nitu.mx\/index.php\/2018\/12\/03\/celebra-hoteles-bf-su-tercer-aniversario\/\",\"name\":\"Celebra Hoteles BF su tercer aniversario - Nitu - Noticias de la Industria Turistica\",\"isPartOf\":{\"@id\":\"https:\/\/nitu.mx\/#website\"},\"primaryImageOfPage\":{\"@id\":\"https:\/\/nitu.mx\/index.php\/2018\/12\/03\/celebra-hoteles-bf-su-tercer-aniversario\/#primaryimage\"},\"image\":{\"@id\":\"https:\/\/nitu.mx\/index.php\/2018\/12\/03\/celebra-hoteles-bf-su-tercer-aniversario\/#primaryimage\"},\"thumbnailUrl\":\"https:\/\/nitu.mx\/wp-content\/uploads\/2018\/12\/DSCN2032-e1543895186467-1.jpg\",\"datePublished\":\"2018-12-04T04:57:31+00:00\",\"dateModified\":\"2018-12-04T05:57:21+00:00\",\"description\":\"La cadena hotelera BF celebr\u00f3 su tercer aniversario en la capital mexicana, con clientes, tour operadores, agencias de viajes y medios especializados.\",\"breadcrumb\":{\"@id\":\"https:\/\/nitu.mx\/index.php\/2018\/12\/03\/celebra-hoteles-bf-su-tercer-aniversario\/#breadcrumb\"},\"inLanguage\":\"es-MX\",\"potentialAction\":[{\"@type\":\"ReadAction\",\"target\":[\"https:\/\/nitu.mx\/index.php\/2018\/12\/03\/celebra-hoteles-bf-su-tercer-aniversario\/\"]}]},{\"@type\":\"ImageObject\",\"inLanguage\":\"es-MX\",\"@id\":\"https:\/\/nitu.mx\/index.php\/2018\/12\/03\/celebra-hoteles-bf-su-tercer-aniversario\/#primaryimage\",\"url\":\"https:\/\/nitu.mx\/wp-content\/uploads\/2018\/12\/DSCN2032-e1543895186467-1.jpg\",\"contentUrl\":\"https:\/\/nitu.mx\/wp-content\/uploads\/2018\/12\/DSCN2032-e1543895186467-1.jpg\",\"width\":777,\"height\":437,\"caption\":\"Hoteles BF\"},{\"@type\":\"BreadcrumbList\",\"@id\":\"https:\/\/nitu.mx\/index.php\/2018\/12\/03\/celebra-hoteles-bf-su-tercer-aniversario\/#breadcrumb\",\"itemListElement\":[{\"@type\":\"ListItem\",\"position\":1,\"name\":\"Inicio\",\"item\":\"https:\/\/nitu.mx\/\"},{\"@type\":\"ListItem\",\"position\":2,\"name\":\"Celebra Hoteles BF su tercer aniversario\"}]},{\"@type\":\"WebSite\",\"@id\":\"https:\/\/nitu.mx\/#website\",\"url\":\"https:\/\/nitu.mx\/\",\"name\":\"Nitu - Noticias de la Industria Turistica\",\"description\":\"Noticias de la Industria Turistica\",\"publisher\":{\"@id\":\"https:\/\/nitu.mx\/#\/schema\/person\/ae7a53426417292d3dd07b45a33e01bc\"},\"alternateName\":\"Noticias de la Industria Turistica\",\"potentialAction\":[{\"@type\":\"SearchAction\",\"target\":{\"@type\":\"EntryPoint\",\"urlTemplate\":\"https:\/\/nitu.mx\/?s={search_term_string}\"},\"query-input\":\"required name=search_term_string\"}],\"inLanguage\":\"es-MX\"},{\"@type\":[\"Person\",\"Organization\"],\"@id\":\"https:\/\/nitu.mx\/#\/schema\/person\/ae7a53426417292d3dd07b45a33e01bc\",\"name\":\"Arturo Medina\",\"image\":{\"@type\":\"ImageObject\",\"inLanguage\":\"es-MX\",\"@id\":\"https:\/\/nitu.mx\/#\/schema\/person\/image\/\",\"url\":\"https:\/\/nitu.mx\/wp-content\/uploads\/2024\/04\/4A315622-1904-4D5C-B022-878CDC840E04-90x90-1.jpeg\",\"contentUrl\":\"https:\/\/nitu.mx\/wp-content\/uploads\/2024\/04\/4A315622-1904-4D5C-B022-878CDC840E04-90x90-1.jpeg\",\"width\":90,\"height\":90,\"caption\":\"Arturo Medina\"},\"logo\":{\"@id\":\"https:\/\/nitu.mx\/#\/schema\/person\/image\/\"},\"description\":\"Director NITU.mx, Egresado de la Escuela de Periodismo Carlos Septi\u00e9n Garc\u00eda. Periodista y analista especializado en turismo desde hace 35 a\u00f1os, radicado en Canc\u00fan Q.Roo. arturo@nitu.mx\",\"sameAs\":[\"https:\/\/nitu.mx\",\"https:\/\/www.facebook.com\/NITUmx\/\",\"medinacancun\",\"https:\/\/twitter.com\/@Arturo_Medina_G\"]},{\"@type\":\"Person\",\"@id\":\"https:\/\/nitu.mx\/#\/schema\/person\/4a28fe9bd65924f7c90623773daf1b0b\",\"name\":\"Redacci\u00f3n\",\"image\":{\"@type\":\"ImageObject\",\"inLanguage\":\"es-MX\",\"@id\":\"https:\/\/nitu.mx\/#\/schema\/person\/image\/\",\"url\":\"https:\/\/secure.gravatar.com\/avatar\/5dd011c8ccfc5cd7e4c81e42252aab38?s=96&d=mm&r=g\",\"contentUrl\":\"https:\/\/secure.gravatar.com\/avatar\/5dd011c8ccfc5cd7e4c81e42252aab38?s=96&d=mm&r=g\",\"caption\":\"Redacci\u00f3n\"},\"url\":\"https:\/\/nitu.mx\/index.php\/author\/redaccion\/\"}]}<\/script>\n<!-- \/ Yoast SEO plugin. -->","yoast_head_json":{"title":"Celebra Hoteles BF su tercer aniversario - Nitu - Noticias de la Industria Turistica","description":"La cadena hotelera BF celebr\u00f3 su tercer aniversario en la capital mexicana, con clientes, tour operadores, agencias de viajes y medios especializados.","robots":{"index":"index","follow":"follow","max-snippet":"max-snippet:-1","max-image-preview":"max-image-preview:large","max-video-preview":"max-video-preview:-1"},"canonical":"https:\/\/nitu.mx\/index.php\/2018\/12\/03\/celebra-hoteles-bf-su-tercer-aniversario\/","twitter_card":"summary_large_image","twitter_title":"Celebra Hoteles BF su tercer aniversario - Nitu - Noticias de la Industria Turistica","twitter_description":"La cadena hotelera BF celebr\u00f3 su tercer aniversario en la capital mexicana, con clientes, tour operadores, agencias de viajes y medios especializados.","twitter_image":"https:\/\/nitu.mx\/wp-content\/uploads\/2018\/12\/DSCN2032-e1543895186467-1.jpg","twitter_creator":"@NITUmx","twitter_site":"@Arturo_Medina_G","twitter_misc":{"Escrito por":"Redacci\u00f3n","Tiempo de lectura":"2 minutos"},"schema":{"@context":"https:\/\/schema.org","@graph":[{"@type":"Article","@id":"https:\/\/nitu.mx\/index.php\/2018\/12\/03\/celebra-hoteles-bf-su-tercer-aniversario\/#article","isPartOf":{"@id":"https:\/\/nitu.mx\/index.php\/2018\/12\/03\/celebra-hoteles-bf-su-tercer-aniversario\/"},"author":{"name":"Redacci\u00f3n","@id":"https:\/\/nitu.mx\/#\/schema\/person\/4a28fe9bd65924f7c90623773daf1b0b"},"headline":"Celebra Hoteles BF su tercer aniversario","datePublished":"2018-12-04T04:57:31+00:00","dateModified":"2018-12-04T05:57:21+00:00","mainEntityOfPage":{"@id":"https:\/\/nitu.mx\/index.php\/2018\/12\/03\/celebra-hoteles-bf-su-tercer-aniversario\/"},"wordCount":384,"commentCount":0,"publisher":{"@id":"https:\/\/nitu.mx\/#\/schema\/person\/ae7a53426417292d3dd07b45a33e01bc"},"image":{"@id":"https:\/\/nitu.mx\/index.php\/2018\/12\/03\/celebra-hoteles-bf-su-tercer-aniversario\/#primaryimage"},"thumbnailUrl":"https:\/\/nitu.mx\/wp-content\/uploads\/2018\/12\/DSCN2032-e1543895186467-1.jpg","keywords":["Alebrije de Oro","B Cozumel","Beatriz Tinajero","Casa Lisa Hotel Boutique","El Hotel Font\u00e1n Reforma","Font\u00e1n Ixtapa","Hotel Villavera","Hoteles BF"],"articleSection":["Hoteles"],"inLanguage":"es-MX","potentialAction":[{"@type":"CommentAction","name":"Comment","target":["https:\/\/nitu.mx\/index.php\/2018\/12\/03\/celebra-hoteles-bf-su-tercer-aniversario\/#respond"]}]},{"@type":"WebPage","@id":"https:\/\/nitu.mx\/index.php\/2018\/12\/03\/celebra-hoteles-bf-su-tercer-aniversario\/","url":"https:\/\/nitu.mx\/index.php\/2018\/12\/03\/celebra-hoteles-bf-su-tercer-aniversario\/","name":"Celebra Hoteles BF su tercer aniversario - Nitu - Noticias de la Industria Turistica","isPartOf":{"@id":"https:\/\/nitu.mx\/#website"},"primaryImageOfPage":{"@id":"https:\/\/nitu.mx\/index.php\/2018\/12\/03\/celebra-hoteles-bf-su-tercer-aniversario\/#primaryimage"},"image":{"@id":"https:\/\/nitu.mx\/index.php\/2018\/12\/03\/celebra-hoteles-bf-su-tercer-aniversario\/#primaryimage"},"thumbnailUrl":"https:\/\/nitu.mx\/wp-content\/uploads\/2018\/12\/DSCN2032-e1543895186467-1.jpg","datePublished":"2018-12-04T04:57:31+00:00","dateModified":"2018-12-04T05:57:21+00:00","description":"La cadena hotelera BF celebr\u00f3 su tercer aniversario en la capital mexicana, con clientes, tour operadores, agencias de viajes y medios especializados.","breadcrumb":{"@id":"https:\/\/nitu.mx\/index.php\/2018\/12\/03\/celebra-hoteles-bf-su-tercer-aniversario\/#breadcrumb"},"inLanguage":"es-MX","potentialAction":[{"@type":"ReadAction","target":["https:\/\/nitu.mx\/index.php\/2018\/12\/03\/celebra-hoteles-bf-su-tercer-aniversario\/"]}]},{"@type":"ImageObject","inLanguage":"es-MX","@id":"https:\/\/nitu.mx\/index.php\/2018\/12\/03\/celebra-hoteles-bf-su-tercer-aniversario\/#primaryimage","url":"https:\/\/nitu.mx\/wp-content\/uploads\/2018\/12\/DSCN2032-e1543895186467-1.jpg","contentUrl":"https:\/\/nitu.mx\/wp-content\/uploads\/2018\/12\/DSCN2032-e1543895186467-1.jpg","width":777,"height":437,"caption":"Hoteles BF"},{"@type":"BreadcrumbList","@id":"https:\/\/nitu.mx\/index.php\/2018\/12\/03\/celebra-hoteles-bf-su-tercer-aniversario\/#breadcrumb","itemListElement":[{"@type":"ListItem","position":1,"name":"Inicio","item":"https:\/\/nitu.mx\/"},{"@type":"ListItem","position":2,"name":"Celebra Hoteles BF su tercer aniversario"}]},{"@type":"WebSite","@id":"https:\/\/nitu.mx\/#website","url":"https:\/\/nitu.mx\/","name":"Nitu - Noticias de la Industria Turistica","description":"Noticias de la Industria Turistica","publisher":{"@id":"https:\/\/nitu.mx\/#\/schema\/person\/ae7a53426417292d3dd07b45a33e01bc"},"alternateName":"Noticias de la Industria Turistica","potentialAction":[{"@type":"SearchAction","target":{"@type":"EntryPoint","urlTemplate":"https:\/\/nitu.mx\/?s={search_term_string}"},"query-input":"required name=search_term_string"}],"inLanguage":"es-MX"},{"@type":["Person","Organization"],"@id":"https:\/\/nitu.mx\/#\/schema\/person\/ae7a53426417292d3dd07b45a33e01bc","name":"Arturo Medina","image":{"@type":"ImageObject","inLanguage":"es-MX","@id":"https:\/\/nitu.mx\/#\/schema\/person\/image\/","url":"https:\/\/nitu.mx\/wp-content\/uploads\/2024\/04\/4A315622-1904-4D5C-B022-878CDC840E04-90x90-1.jpeg","contentUrl":"https:\/\/nitu.mx\/wp-content\/uploads\/2024\/04\/4A315622-1904-4D5C-B022-878CDC840E04-90x90-1.jpeg","width":90,"height":90,"caption":"Arturo Medina"},"logo":{"@id":"https:\/\/nitu.mx\/#\/schema\/person\/image\/"},"description":"Director NITU.mx, Egresado de la Escuela de Periodismo Carlos Septi\u00e9n Garc\u00eda. Periodista y analista especializado en turismo desde hace 35 a\u00f1os, radicado en Canc\u00fan Q.Roo. arturo@nitu.mx","sameAs":["https:\/\/nitu.mx","https:\/\/www.facebook.com\/NITUmx\/","medinacancun","https:\/\/twitter.com\/@Arturo_Medina_G"]},{"@type":"Person","@id":"https:\/\/nitu.mx\/#\/schema\/person\/4a28fe9bd65924f7c90623773daf1b0b","name":"Redacci\u00f3n","image":{"@type":"ImageObject","inLanguage":"es-MX","@id":"https:\/\/nitu.mx\/#\/schema\/person\/image\/","url":"https:\/\/secure.gravatar.com\/avatar\/5dd011c8ccfc5cd7e4c81e42252aab38?s=96&d=mm&r=g","contentUrl":"https:\/\/secure.gravatar.com\/avatar\/5dd011c8ccfc5cd7e4c81e42252aab38?s=96&d=mm&r=g","caption":"Redacci\u00f3n"},"url":"https:\/\/nitu.mx\/index.php\/author\/redaccion\/"}]}},"views":304,"_links":{"self":[{"href":"https:\/\/nitu.mx\/index.php\/wp-json\/wp\/v2\/posts\/27203"}],"collection":[{"href":"https:\/\/nitu.mx\/index.php\/wp-json\/wp\/v2\/posts"}],"about":[{"href":"https:\/\/nitu.mx\/index.php\/wp-json\/wp\/v2\/types\/post"}],"author":[{"embeddable":true,"href":"https:\/\/nitu.mx\/index.php\/wp-json\/wp\/v2\/users\/17"}],"replies":[{"embeddable":true,"href":"https:\/\/nitu.mx\/index.php\/wp-json\/wp\/v2\/comments?post=27203"}],"version-history":[{"count":5,"href":"https:\/\/nitu.mx\/index.php\/wp-json\/wp\/v2\/posts\/27203\/revisions"}],"predecessor-version":[{"id":27224,"href":"https:\/\/nitu.mx\/index.php\/wp-json\/wp\/v2\/posts\/27203\/revisions\/27224"}],"wp:featuredmedia":[{"embeddable":true,"href":"https:\/\/nitu.mx\/index.php\/wp-json\/wp\/v2\/media\/27222"}],"wp:attachment":[{"href":"https:\/\/nitu.mx\/index.php\/wp-json\/wp\/v2\/media?parent=27203"}],"wp:term":[{"taxonomy":"category","embeddable":true,"href":"https:\/\/nitu.mx\/index.php\/wp-json\/wp\/v2\/categories?post=27203"},{"taxonomy":"post_tag","embeddable":true,"href":"https:\/\/nitu.mx\/index.php\/wp-json\/wp\/v2\/tags?post=27203"}],"curies":[{"name":"wp","href":"https:\/\/api.w.org\/{rel}","templated":true}]}}