{"id":27151,"date":"2018-12-03T02:13:34","date_gmt":"2018-12-03T07:13:34","guid":{"rendered":"https:\/\/www.dev.nitu.mx\/?p=27151"},"modified":"2018-12-03T08:09:54","modified_gmt":"2018-12-03T13:09:54","slug":"cptq-hay-promocion-del-caribe-mexicano-festival-de-jazz-concentra-50-medios-de-comunicacion","status":"publish","type":"post","link":"https:\/\/nitu.mx\/index.php\/2018\/12\/03\/cptq-hay-promocion-del-caribe-mexicano-festival-de-jazz-concentra-50-medios-de-comunicacion\/","title":{"rendered":"CPTQ: Hay promoci\u00f3n del Caribe Mexicano, Festival de Jazz concentra 50 medios de comunicaci\u00f3n"},"content":{"rendered":"<p>Al destacar que el Festival de Jazz de la Riviera Maya est\u00e1 considerado por las revistas especializadas entre los 10 festivales m\u00e1s importantes del mundo, el director del Consejo de Promoci\u00f3n Tur\u00edstica de Quintana Roo (CPTQ), Dar\u00edo Flota Ocampo afirm\u00f3 que significa para esta zona de la entidad la presencia de unos 50 medios de comunicaci\u00f3n especializados nacionales e internacionales durante m\u00e1s de 8 meses, lo que redunda en promoci\u00f3n al destino.<\/p>\n<p>Y es que una parte del sector tur\u00edstico, ha expresado su descontento con algunos temas relacionados con la promoci\u00f3n que se realiza del Caribe Mexicano.<\/p>\n<p>El funcionario puntualiz\u00f3 algunos temas como el que este a\u00f1o, el Festival de Jazz de la Riviera Maya, en su edici\u00f3n 16 re\u00fane a 50 medios de comunicaci\u00f3n de M\u00e9xico, Estados Unidos y Canad\u00e1 y est\u00e1 dedicado a las mujeres artistas, d\u00e1ndoles mayor presencia esc\u00e9nica y destacando su talento con ritmos como el jazz, el soul, el funk y los ritmos caribe\u00f1os y latinoamericanos.<\/p>\n<p>Flota Ocampo insisti\u00f3 que el Festival es una de las columnas de la promoci\u00f3n tur\u00edstica de esta parte del Estado. (<a title=\"El Riviera Maya Jazz Festival se mantendr\u00e1: Dar\u00edo Flota\" href=\"https:\/\/www.dev.nitu.mx\/index.php\/2017\/12\/01\/riviera-maya-jazz-festival-se-mantendra-dario-flota\/\" rel=\"bookmark\">El Riviera Maya Jazz Festival se mantendr\u00e1: Dar\u00edo Flota<\/a>).<\/p>\n<p>\u201cSignifica para la Riviera Maya presencia en los medios especializados por m\u00e1s de 8 meses del a\u00f1o, desde que se anuncia el elenco, durante la realizaci\u00f3n del evento y todav\u00eda uno o dos meses despu\u00e9s con la publicaci\u00f3n de notas y reportajes en los medios que cubren este festival\u201d, declar\u00f3.<\/p>\n<p>\u201cDe acuerdo al m\u00e1s reciente estudio de retorno de inversi\u00f3n que se hizo, el Festival de Jazz capta presencia en los medios internacionales especializados en turismo y m\u00fasica espacios que equivalen a casi 6 veces el valor de la inversi\u00f3n\u201d, explic\u00f3. (<a title=\"Dar\u00edo Flota: Riviera Maya tuvo 4.7 millones de visitantes y 94 por ciento de ocupaci\u00f3n\" href=\"https:\/\/www.dev.nitu.mx\/index.php\/2017\/01\/10\/dario-flota-riviera-maya-tuvo-4-7-millones-de-visitantes-y-94-por-ciento-de-ocupacion\/\" rel=\"bookmark\">Dar\u00edo Flota: Riviera Maya tuvo 4.7 millones de visitantes y 94 por ciento de ocupaci\u00f3n<\/a>).<\/p>\n<p>En este festival, que se realiza en la tradicional Playa Mamitas, con duraci\u00f3n de tres d\u00edas, se invierten 18 millones de pesos y tiene como objetivo impulsar la presencia de la Riviera Maya, pero en general al estado de Quintana Roo, como un destino cultural y art\u00edstico.<\/p>\n<p>Adem\u00e1s de ser el \u00fanico que se realiza con un elenco de calidad con entrada gratuita. (<a title=\"Esperan m\u00e1s de 60 mil personas en el Riviera Maya Jazz Festival 2018\" href=\"https:\/\/www.dev.nitu.mx\/index.php\/2018\/10\/07\/esperan-mas-de-60-mil-personas-en-el-riviera-maya-jazz-festival-2018\/\" rel=\"bookmark\">Esperan m\u00e1s de 60 mil personas en el Riviera Maya Jazz Festival 2018<\/a>).<\/p>\n","protected":false},"excerpt":{"rendered":"<p>Al destacar que el Festival de Jazz de la Riviera Maya est\u00e1 considerado por las revistas especializadas entre los 10 festivales m\u00e1s importantes del mundo, el director del Consejo de Promoci\u00f3n Tur\u00edstica de Quintana Roo (CPTQ), Dar\u00edo Flota Ocampo afirm\u00f3 que significa para esta zona de la entidad la presencia de unos 50 medios de [&hellip;]<\/p>\n","protected":false},"author":3,"featured_media":27171,"comment_status":"open","ping_status":"open","sticky":false,"template":"","format":"standard","meta":{"footnotes":""},"categories":[11],"tags":[3161,8145,13606,13604,5861,13605],"yoast_head":"<!-- This site is optimized with the Yoast SEO plugin v22.2 - https:\/\/yoast.com\/wordpress\/plugins\/seo\/ -->\n<title>CPTQ: Hay promoci\u00f3n del Caribe Mexicano, Festival de Jazz concentra 50 medios de comunicaci\u00f3n - Nitu - Noticias de la Industria Turistica<\/title>\n<meta name=\"description\" content=\"Dar\u00edo Flota Ocampo, director del CPTQ afirm\u00f3 que el festival de jazz significa para esta zona de la entidad la presencia de unos 50 medios de comunicaci\u00f3n.\" \/>\n<meta name=\"robots\" content=\"index, follow, max-snippet:-1, max-image-preview:large, max-video-preview:-1\" \/>\n<link rel=\"canonical\" href=\"https:\/\/nitu.mx\/index.php\/2018\/12\/03\/cptq-hay-promocion-del-caribe-mexicano-festival-de-jazz-concentra-50-medios-de-comunicacion\/\" \/>\n<meta name=\"twitter:card\" content=\"summary_large_image\" \/>\n<meta name=\"twitter:title\" content=\"CPTQ: Hay promoci\u00f3n del Caribe Mexicano, Festival de Jazz concentra 50 medios de comunicaci\u00f3n - Nitu - Noticias de la Industria Turistica\" \/>\n<meta name=\"twitter:description\" content=\"Dar\u00edo Flota Ocampo, director del CPTQ afirm\u00f3 que el festival de jazz significa para esta zona de la entidad la presencia de unos 50 medios de comunicaci\u00f3n.\" \/>\n<meta name=\"twitter:image\" content=\"https:\/\/nitu.mx\/wp-content\/uploads\/2018\/12\/festival-de-jazz.jpg\" \/>\n<meta name=\"twitter:creator\" content=\"@NITUmx\" \/>\n<meta name=\"twitter:site\" content=\"@Arturo_Medina_G\" \/>\n<meta name=\"twitter:label1\" content=\"Escrito por\" \/>\n\t<meta name=\"twitter:data1\" content=\"Alejandra Moncisbays\" \/>\n\t<meta name=\"twitter:label2\" content=\"Tiempo de lectura\" \/>\n\t<meta name=\"twitter:data2\" content=\"2 minutos\" \/>\n<script type=\"application\/ld+json\" class=\"yoast-schema-graph\">{\"@context\":\"https:\/\/schema.org\",\"@graph\":[{\"@type\":\"Article\",\"@id\":\"https:\/\/nitu.mx\/index.php\/2018\/12\/03\/cptq-hay-promocion-del-caribe-mexicano-festival-de-jazz-concentra-50-medios-de-comunicacion\/#article\",\"isPartOf\":{\"@id\":\"https:\/\/nitu.mx\/index.php\/2018\/12\/03\/cptq-hay-promocion-del-caribe-mexicano-festival-de-jazz-concentra-50-medios-de-comunicacion\/\"},\"author\":{\"name\":\"Alejandra Moncisbays\",\"@id\":\"https:\/\/nitu.mx\/#\/schema\/person\/2ecd887b19dfd3382d1f14fc5acf24a8\"},\"headline\":\"CPTQ: Hay promoci\u00f3n del Caribe Mexicano, Festival de Jazz concentra 50 medios de comunicaci\u00f3n\",\"datePublished\":\"2018-12-03T07:13:34+00:00\",\"dateModified\":\"2018-12-03T13:09:54+00:00\",\"mainEntityOfPage\":{\"@id\":\"https:\/\/nitu.mx\/index.php\/2018\/12\/03\/cptq-hay-promocion-del-caribe-mexicano-festival-de-jazz-concentra-50-medios-de-comunicacion\/\"},\"wordCount\":412,\"commentCount\":0,\"publisher\":{\"@id\":\"https:\/\/nitu.mx\/#\/schema\/person\/ae7a53426417292d3dd07b45a33e01bc\"},\"image\":{\"@id\":\"https:\/\/nitu.mx\/index.php\/2018\/12\/03\/cptq-hay-promocion-del-caribe-mexicano-festival-de-jazz-concentra-50-medios-de-comunicacion\/#primaryimage\"},\"thumbnailUrl\":\"https:\/\/nitu.mx\/wp-content\/uploads\/2018\/12\/festival-de-jazz.jpg\",\"keywords\":[\"Consejo de Promoci\u00f3n Tur\u00edstica de Quintana Roo\",\"CPTQ\",\"Director Dar\u00edo Flota Ocampo\",\"Festival de Jazz\",\"Gobernador Carlos Joaqu\u00edn\",\"Riviera Maya 2018\"],\"articleSection\":[\"Caribe\"],\"inLanguage\":\"es-MX\",\"potentialAction\":[{\"@type\":\"CommentAction\",\"name\":\"Comment\",\"target\":[\"https:\/\/nitu.mx\/index.php\/2018\/12\/03\/cptq-hay-promocion-del-caribe-mexicano-festival-de-jazz-concentra-50-medios-de-comunicacion\/#respond\"]}]},{\"@type\":\"WebPage\",\"@id\":\"https:\/\/nitu.mx\/index.php\/2018\/12\/03\/cptq-hay-promocion-del-caribe-mexicano-festival-de-jazz-concentra-50-medios-de-comunicacion\/\",\"url\":\"https:\/\/nitu.mx\/index.php\/2018\/12\/03\/cptq-hay-promocion-del-caribe-mexicano-festival-de-jazz-concentra-50-medios-de-comunicacion\/\",\"name\":\"CPTQ: Hay promoci\u00f3n del Caribe Mexicano, Festival de Jazz concentra 50 medios de comunicaci\u00f3n - Nitu - Noticias de la Industria Turistica\",\"isPartOf\":{\"@id\":\"https:\/\/nitu.mx\/#website\"},\"primaryImageOfPage\":{\"@id\":\"https:\/\/nitu.mx\/index.php\/2018\/12\/03\/cptq-hay-promocion-del-caribe-mexicano-festival-de-jazz-concentra-50-medios-de-comunicacion\/#primaryimage\"},\"image\":{\"@id\":\"https:\/\/nitu.mx\/index.php\/2018\/12\/03\/cptq-hay-promocion-del-caribe-mexicano-festival-de-jazz-concentra-50-medios-de-comunicacion\/#primaryimage\"},\"thumbnailUrl\":\"https:\/\/nitu.mx\/wp-content\/uploads\/2018\/12\/festival-de-jazz.jpg\",\"datePublished\":\"2018-12-03T07:13:34+00:00\",\"dateModified\":\"2018-12-03T13:09:54+00:00\",\"description\":\"Dar\u00edo Flota Ocampo, director del CPTQ afirm\u00f3 que el festival de jazz significa para esta zona de la entidad la presencia de unos 50 medios de comunicaci\u00f3n.\",\"breadcrumb\":{\"@id\":\"https:\/\/nitu.mx\/index.php\/2018\/12\/03\/cptq-hay-promocion-del-caribe-mexicano-festival-de-jazz-concentra-50-medios-de-comunicacion\/#breadcrumb\"},\"inLanguage\":\"es-MX\",\"potentialAction\":[{\"@type\":\"ReadAction\",\"target\":[\"https:\/\/nitu.mx\/index.php\/2018\/12\/03\/cptq-hay-promocion-del-caribe-mexicano-festival-de-jazz-concentra-50-medios-de-comunicacion\/\"]}]},{\"@type\":\"ImageObject\",\"inLanguage\":\"es-MX\",\"@id\":\"https:\/\/nitu.mx\/index.php\/2018\/12\/03\/cptq-hay-promocion-del-caribe-mexicano-festival-de-jazz-concentra-50-medios-de-comunicacion\/#primaryimage\",\"url\":\"https:\/\/nitu.mx\/wp-content\/uploads\/2018\/12\/festival-de-jazz.jpg\",\"contentUrl\":\"https:\/\/nitu.mx\/wp-content\/uploads\/2018\/12\/festival-de-jazz.jpg\",\"width\":850,\"height\":480,\"caption\":\"festival de jazz\"},{\"@type\":\"BreadcrumbList\",\"@id\":\"https:\/\/nitu.mx\/index.php\/2018\/12\/03\/cptq-hay-promocion-del-caribe-mexicano-festival-de-jazz-concentra-50-medios-de-comunicacion\/#breadcrumb\",\"itemListElement\":[{\"@type\":\"ListItem\",\"position\":1,\"name\":\"Inicio\",\"item\":\"https:\/\/nitu.mx\/\"},{\"@type\":\"ListItem\",\"position\":2,\"name\":\"CPTQ: Hay promoci\u00f3n del Caribe Mexicano, Festival de Jazz concentra 50 medios de comunicaci\u00f3n\"}]},{\"@type\":\"WebSite\",\"@id\":\"https:\/\/nitu.mx\/#website\",\"url\":\"https:\/\/nitu.mx\/\",\"name\":\"Nitu - Noticias de la Industria Turistica\",\"description\":\"Noticias de la Industria Turistica\",\"publisher\":{\"@id\":\"https:\/\/nitu.mx\/#\/schema\/person\/ae7a53426417292d3dd07b45a33e01bc\"},\"alternateName\":\"Noticias de la Industria Turistica\",\"potentialAction\":[{\"@type\":\"SearchAction\",\"target\":{\"@type\":\"EntryPoint\",\"urlTemplate\":\"https:\/\/nitu.mx\/?s={search_term_string}\"},\"query-input\":\"required name=search_term_string\"}],\"inLanguage\":\"es-MX\"},{\"@type\":[\"Person\",\"Organization\"],\"@id\":\"https:\/\/nitu.mx\/#\/schema\/person\/ae7a53426417292d3dd07b45a33e01bc\",\"name\":\"Arturo Medina\",\"image\":{\"@type\":\"ImageObject\",\"inLanguage\":\"es-MX\",\"@id\":\"https:\/\/nitu.mx\/#\/schema\/person\/image\/\",\"url\":\"https:\/\/nitu.mx\/wp-content\/uploads\/2024\/04\/4A315622-1904-4D5C-B022-878CDC840E04-90x90-1.jpeg\",\"contentUrl\":\"https:\/\/nitu.mx\/wp-content\/uploads\/2024\/04\/4A315622-1904-4D5C-B022-878CDC840E04-90x90-1.jpeg\",\"width\":90,\"height\":90,\"caption\":\"Arturo Medina\"},\"logo\":{\"@id\":\"https:\/\/nitu.mx\/#\/schema\/person\/image\/\"},\"description\":\"Director NITU.mx, Egresado de la Escuela de Periodismo Carlos Septi\u00e9n Garc\u00eda. Periodista y analista especializado en turismo desde hace 35 a\u00f1os, radicado en Canc\u00fan Q.Roo. arturo@nitu.mx\",\"sameAs\":[\"https:\/\/nitu.mx\",\"https:\/\/www.facebook.com\/NITUmx\/\",\"medinacancun\",\"https:\/\/twitter.com\/@Arturo_Medina_G\"]},{\"@type\":\"Person\",\"@id\":\"https:\/\/nitu.mx\/#\/schema\/person\/2ecd887b19dfd3382d1f14fc5acf24a8\",\"name\":\"Alejandra Moncisbays\",\"image\":{\"@type\":\"ImageObject\",\"inLanguage\":\"es-MX\",\"@id\":\"https:\/\/nitu.mx\/#\/schema\/person\/image\/\",\"url\":\"https:\/\/secure.gravatar.com\/avatar\/e74f7af0be172b7804dacfd0bfbef787?s=96&d=mm&r=g\",\"contentUrl\":\"https:\/\/secure.gravatar.com\/avatar\/e74f7af0be172b7804dacfd0bfbef787?s=96&d=mm&r=g\",\"caption\":\"Alejandra Moncisbays\"},\"description\":\"Curs\u00e9 la carrera de Periodismo y Comunicaci\u00f3n en la Facultad de Estudios Profesionales Acatl\u00e1n. Vivo en Canc\u00fan desde hace 24 a\u00f1os. Fui reportera de La Tarde de Canc\u00fan, y Novedades de Quintana Roo, colabor\u00e9 en TVCUN, edit\u00e9 Cancun\u00edssimo y colabor\u00e9 en las revistas Latitud21, entre otras, con principal enfoque en los sectores empresarial y tur\u00edstico. Desde hace varios a\u00f1os soy Agente de Seguros con c\u00e9dula de la Comisi\u00f3n Nacional de Seguros y Fianzas. Actualmente, me desarrollo en los \u00e1mbitos del periodismo y el sector asegurador.\",\"sameAs\":[\"https:\/\/nitu.mx\"],\"url\":\"https:\/\/nitu.mx\/index.php\/author\/alejandra\/\"}]}<\/script>\n<!-- \/ Yoast SEO plugin. -->","yoast_head_json":{"title":"CPTQ: Hay promoci\u00f3n del Caribe Mexicano, Festival de Jazz concentra 50 medios de comunicaci\u00f3n - Nitu - Noticias de la Industria Turistica","description":"Dar\u00edo Flota Ocampo, director del CPTQ afirm\u00f3 que el festival de jazz significa para esta zona de la entidad la presencia de unos 50 medios de comunicaci\u00f3n.","robots":{"index":"index","follow":"follow","max-snippet":"max-snippet:-1","max-image-preview":"max-image-preview:large","max-video-preview":"max-video-preview:-1"},"canonical":"https:\/\/nitu.mx\/index.php\/2018\/12\/03\/cptq-hay-promocion-del-caribe-mexicano-festival-de-jazz-concentra-50-medios-de-comunicacion\/","twitter_card":"summary_large_image","twitter_title":"CPTQ: Hay promoci\u00f3n del Caribe Mexicano, Festival de Jazz concentra 50 medios de comunicaci\u00f3n - Nitu - Noticias de la Industria Turistica","twitter_description":"Dar\u00edo Flota Ocampo, director del CPTQ afirm\u00f3 que el festival de jazz significa para esta zona de la entidad la presencia de unos 50 medios de comunicaci\u00f3n.","twitter_image":"https:\/\/nitu.mx\/wp-content\/uploads\/2018\/12\/festival-de-jazz.jpg","twitter_creator":"@NITUmx","twitter_site":"@Arturo_Medina_G","twitter_misc":{"Escrito por":"Alejandra Moncisbays","Tiempo de lectura":"2 minutos"},"schema":{"@context":"https:\/\/schema.org","@graph":[{"@type":"Article","@id":"https:\/\/nitu.mx\/index.php\/2018\/12\/03\/cptq-hay-promocion-del-caribe-mexicano-festival-de-jazz-concentra-50-medios-de-comunicacion\/#article","isPartOf":{"@id":"https:\/\/nitu.mx\/index.php\/2018\/12\/03\/cptq-hay-promocion-del-caribe-mexicano-festival-de-jazz-concentra-50-medios-de-comunicacion\/"},"author":{"name":"Alejandra Moncisbays","@id":"https:\/\/nitu.mx\/#\/schema\/person\/2ecd887b19dfd3382d1f14fc5acf24a8"},"headline":"CPTQ: Hay promoci\u00f3n del Caribe Mexicano, Festival de Jazz concentra 50 medios de comunicaci\u00f3n","datePublished":"2018-12-03T07:13:34+00:00","dateModified":"2018-12-03T13:09:54+00:00","mainEntityOfPage":{"@id":"https:\/\/nitu.mx\/index.php\/2018\/12\/03\/cptq-hay-promocion-del-caribe-mexicano-festival-de-jazz-concentra-50-medios-de-comunicacion\/"},"wordCount":412,"commentCount":0,"publisher":{"@id":"https:\/\/nitu.mx\/#\/schema\/person\/ae7a53426417292d3dd07b45a33e01bc"},"image":{"@id":"https:\/\/nitu.mx\/index.php\/2018\/12\/03\/cptq-hay-promocion-del-caribe-mexicano-festival-de-jazz-concentra-50-medios-de-comunicacion\/#primaryimage"},"thumbnailUrl":"https:\/\/nitu.mx\/wp-content\/uploads\/2018\/12\/festival-de-jazz.jpg","keywords":["Consejo de Promoci\u00f3n Tur\u00edstica de Quintana Roo","CPTQ","Director Dar\u00edo Flota Ocampo","Festival de Jazz","Gobernador Carlos Joaqu\u00edn","Riviera Maya 2018"],"articleSection":["Caribe"],"inLanguage":"es-MX","potentialAction":[{"@type":"CommentAction","name":"Comment","target":["https:\/\/nitu.mx\/index.php\/2018\/12\/03\/cptq-hay-promocion-del-caribe-mexicano-festival-de-jazz-concentra-50-medios-de-comunicacion\/#respond"]}]},{"@type":"WebPage","@id":"https:\/\/nitu.mx\/index.php\/2018\/12\/03\/cptq-hay-promocion-del-caribe-mexicano-festival-de-jazz-concentra-50-medios-de-comunicacion\/","url":"https:\/\/nitu.mx\/index.php\/2018\/12\/03\/cptq-hay-promocion-del-caribe-mexicano-festival-de-jazz-concentra-50-medios-de-comunicacion\/","name":"CPTQ: Hay promoci\u00f3n del Caribe Mexicano, Festival de Jazz concentra 50 medios de comunicaci\u00f3n - Nitu - Noticias de la Industria Turistica","isPartOf":{"@id":"https:\/\/nitu.mx\/#website"},"primaryImageOfPage":{"@id":"https:\/\/nitu.mx\/index.php\/2018\/12\/03\/cptq-hay-promocion-del-caribe-mexicano-festival-de-jazz-concentra-50-medios-de-comunicacion\/#primaryimage"},"image":{"@id":"https:\/\/nitu.mx\/index.php\/2018\/12\/03\/cptq-hay-promocion-del-caribe-mexicano-festival-de-jazz-concentra-50-medios-de-comunicacion\/#primaryimage"},"thumbnailUrl":"https:\/\/nitu.mx\/wp-content\/uploads\/2018\/12\/festival-de-jazz.jpg","datePublished":"2018-12-03T07:13:34+00:00","dateModified":"2018-12-03T13:09:54+00:00","description":"Dar\u00edo Flota Ocampo, director del CPTQ afirm\u00f3 que el festival de jazz significa para esta zona de la entidad la presencia de unos 50 medios de comunicaci\u00f3n.","breadcrumb":{"@id":"https:\/\/nitu.mx\/index.php\/2018\/12\/03\/cptq-hay-promocion-del-caribe-mexicano-festival-de-jazz-concentra-50-medios-de-comunicacion\/#breadcrumb"},"inLanguage":"es-MX","potentialAction":[{"@type":"ReadAction","target":["https:\/\/nitu.mx\/index.php\/2018\/12\/03\/cptq-hay-promocion-del-caribe-mexicano-festival-de-jazz-concentra-50-medios-de-comunicacion\/"]}]},{"@type":"ImageObject","inLanguage":"es-MX","@id":"https:\/\/nitu.mx\/index.php\/2018\/12\/03\/cptq-hay-promocion-del-caribe-mexicano-festival-de-jazz-concentra-50-medios-de-comunicacion\/#primaryimage","url":"https:\/\/nitu.mx\/wp-content\/uploads\/2018\/12\/festival-de-jazz.jpg","contentUrl":"https:\/\/nitu.mx\/wp-content\/uploads\/2018\/12\/festival-de-jazz.jpg","width":850,"height":480,"caption":"festival de jazz"},{"@type":"BreadcrumbList","@id":"https:\/\/nitu.mx\/index.php\/2018\/12\/03\/cptq-hay-promocion-del-caribe-mexicano-festival-de-jazz-concentra-50-medios-de-comunicacion\/#breadcrumb","itemListElement":[{"@type":"ListItem","position":1,"name":"Inicio","item":"https:\/\/nitu.mx\/"},{"@type":"ListItem","position":2,"name":"CPTQ: Hay promoci\u00f3n del Caribe Mexicano, Festival de Jazz concentra 50 medios de comunicaci\u00f3n"}]},{"@type":"WebSite","@id":"https:\/\/nitu.mx\/#website","url":"https:\/\/nitu.mx\/","name":"Nitu - Noticias de la Industria Turistica","description":"Noticias de la Industria Turistica","publisher":{"@id":"https:\/\/nitu.mx\/#\/schema\/person\/ae7a53426417292d3dd07b45a33e01bc"},"alternateName":"Noticias de la Industria Turistica","potentialAction":[{"@type":"SearchAction","target":{"@type":"EntryPoint","urlTemplate":"https:\/\/nitu.mx\/?s={search_term_string}"},"query-input":"required name=search_term_string"}],"inLanguage":"es-MX"},{"@type":["Person","Organization"],"@id":"https:\/\/nitu.mx\/#\/schema\/person\/ae7a53426417292d3dd07b45a33e01bc","name":"Arturo Medina","image":{"@type":"ImageObject","inLanguage":"es-MX","@id":"https:\/\/nitu.mx\/#\/schema\/person\/image\/","url":"https:\/\/nitu.mx\/wp-content\/uploads\/2024\/04\/4A315622-1904-4D5C-B022-878CDC840E04-90x90-1.jpeg","contentUrl":"https:\/\/nitu.mx\/wp-content\/uploads\/2024\/04\/4A315622-1904-4D5C-B022-878CDC840E04-90x90-1.jpeg","width":90,"height":90,"caption":"Arturo Medina"},"logo":{"@id":"https:\/\/nitu.mx\/#\/schema\/person\/image\/"},"description":"Director NITU.mx, Egresado de la Escuela de Periodismo Carlos Septi\u00e9n Garc\u00eda. Periodista y analista especializado en turismo desde hace 35 a\u00f1os, radicado en Canc\u00fan Q.Roo. arturo@nitu.mx","sameAs":["https:\/\/nitu.mx","https:\/\/www.facebook.com\/NITUmx\/","medinacancun","https:\/\/twitter.com\/@Arturo_Medina_G"]},{"@type":"Person","@id":"https:\/\/nitu.mx\/#\/schema\/person\/2ecd887b19dfd3382d1f14fc5acf24a8","name":"Alejandra Moncisbays","image":{"@type":"ImageObject","inLanguage":"es-MX","@id":"https:\/\/nitu.mx\/#\/schema\/person\/image\/","url":"https:\/\/secure.gravatar.com\/avatar\/e74f7af0be172b7804dacfd0bfbef787?s=96&d=mm&r=g","contentUrl":"https:\/\/secure.gravatar.com\/avatar\/e74f7af0be172b7804dacfd0bfbef787?s=96&d=mm&r=g","caption":"Alejandra Moncisbays"},"description":"Curs\u00e9 la carrera de Periodismo y Comunicaci\u00f3n en la Facultad de Estudios Profesionales Acatl\u00e1n. Vivo en Canc\u00fan desde hace 24 a\u00f1os. Fui reportera de La Tarde de Canc\u00fan, y Novedades de Quintana Roo, colabor\u00e9 en TVCUN, edit\u00e9 Cancun\u00edssimo y colabor\u00e9 en las revistas Latitud21, entre otras, con principal enfoque en los sectores empresarial y tur\u00edstico. Desde hace varios a\u00f1os soy Agente de Seguros con c\u00e9dula de la Comisi\u00f3n Nacional de Seguros y Fianzas. Actualmente, me desarrollo en los \u00e1mbitos del periodismo y el sector asegurador.","sameAs":["https:\/\/nitu.mx"],"url":"https:\/\/nitu.mx\/index.php\/author\/alejandra\/"}]}},"views":258,"_links":{"self":[{"href":"https:\/\/nitu.mx\/index.php\/wp-json\/wp\/v2\/posts\/27151"}],"collection":[{"href":"https:\/\/nitu.mx\/index.php\/wp-json\/wp\/v2\/posts"}],"about":[{"href":"https:\/\/nitu.mx\/index.php\/wp-json\/wp\/v2\/types\/post"}],"author":[{"embeddable":true,"href":"https:\/\/nitu.mx\/index.php\/wp-json\/wp\/v2\/users\/3"}],"replies":[{"embeddable":true,"href":"https:\/\/nitu.mx\/index.php\/wp-json\/wp\/v2\/comments?post=27151"}],"version-history":[{"count":4,"href":"https:\/\/nitu.mx\/index.php\/wp-json\/wp\/v2\/posts\/27151\/revisions"}],"predecessor-version":[{"id":27179,"href":"https:\/\/nitu.mx\/index.php\/wp-json\/wp\/v2\/posts\/27151\/revisions\/27179"}],"wp:featuredmedia":[{"embeddable":true,"href":"https:\/\/nitu.mx\/index.php\/wp-json\/wp\/v2\/media\/27171"}],"wp:attachment":[{"href":"https:\/\/nitu.mx\/index.php\/wp-json\/wp\/v2\/media?parent=27151"}],"wp:term":[{"taxonomy":"category","embeddable":true,"href":"https:\/\/nitu.mx\/index.php\/wp-json\/wp\/v2\/categories?post=27151"},{"taxonomy":"post_tag","embeddable":true,"href":"https:\/\/nitu.mx\/index.php\/wp-json\/wp\/v2\/tags?post=27151"}],"curies":[{"name":"wp","href":"https:\/\/api.w.org\/{rel}","templated":true}]}}