{"id":27125,"date":"2018-12-01T11:07:30","date_gmt":"2018-12-01T16:07:30","guid":{"rendered":"https:\/\/www.dev.nitu.mx\/?p=27125"},"modified":"2018-12-01T11:19:44","modified_gmt":"2018-12-01T16:19:44","slug":"mauricio-dominguez-toda-una-vida-en-la-hoteleria","status":"publish","type":"post","link":"https:\/\/nitu.mx\/index.php\/2018\/12\/01\/mauricio-dominguez-toda-una-vida-en-la-hoteleria\/","title":{"rendered":"Mauricio Dom\u00ednguez, toda una vida en la hoteler\u00eda"},"content":{"rendered":"<p>Platicar con Mauricio Dom\u00ednguez, es todo un agasajo, siempre atento, con ese \u00edmpetu de querer hacer las cosas siempre bien, y la firme convicci\u00f3n en cada una de sus palabras de su amor por la hoteler\u00eda a la cual incursion\u00f3 desde muy joven, as\u00ed como a la AMEVH la Asociaci\u00f3n de Mercadotecnia y Ejecutivos de Ventas de la Hospitalidad.<\/p>\n<p>Dom\u00ednguez recuerda con orgullo que sigui\u00f3 los pasos de su mam\u00e1 pues ella trabajaba de ama de llaves en el emblem\u00e1tico Hotel Posada Viena del Sr. Pont\u00f3n, desde los 6 a\u00f1os el ahora director general del hotel, visitaba el inmueble y fue hasta los 17 a\u00f1os cuando comenz\u00f3 a trabajar como bell boy, telefonista, comod\u00edn y recepcionista, posteriormente ya en la carrera de contabilidad fue ocupando diferentes cargos, hasta tomar las riendas de este rinc\u00f3n de la Zona Rosa que guarda un poquito de lo que es M\u00e9xico.<\/p>\n<p>De hecho se\u00f1ala, a su esposa la conoci\u00f3 en el hotel, pues entr\u00f3 a hacer sus pr\u00e1cticas y trabaj\u00f3 dos a\u00f1os en el mismo.<\/p>\n<p>El director de Posada Viena, recuerda sus inicios en la hoteler\u00eda hace 26 a\u00f1os y la forma en que el propietario del hotel lo fue impulsando para ser parte de la AMEVH, recuerda que lo mandaron a cubrir un evento de la Asociaci\u00f3n Mexicana de Agencias de Viajes (AMAV) y le gust\u00f3, y as\u00ed comenz\u00f3 a asistir a algunos eventos. Posteriormente se integr\u00f3 a AMEVH como vocal, vicepresidente y despu\u00e9s lo propusieron para ocupar la presidencia, la cual ocupa desde hace 10 a\u00f1os.<\/p>\n<p>&#8220;Cuando llegu\u00e9 a la presidencia comenc\u00e9 a proponer nuevos viajes, hab\u00eda ocho rutas ahora tenemos 28, ciudades que vistamos para promocionar\u201d, el target de la asociaci\u00f3n son las agencias de viajes minoristas. La AMEVH naci\u00f3 como una asociaci\u00f3n de promotores de hoteleros se llamaba AMMVH Asociaci\u00f3n Mexicana de Mercadotecnia y Ejecutivos de Ventas de Hoteles \u00a0y en el inter se fue diversificando, empezaron a entrar aerol\u00edneas, arrendadoras y oficinas de turismo, entre otras, y para no cambiarle la firma, yo propuse que en el entendido que era una asociaci\u00f3n nacional y le quitaron la M y cambiaron la H por hospitalidad, que es una palabra m\u00e1s generalizada y ahora son la Asociaci\u00f3n de Mercadotecnia y Ejecutivos de venta de la Hospitalidad y la raz\u00f3n social es AMEVOS porque son una asociaci\u00f3n de amigos \u201cde hecho as\u00ed nos nombran\u201d. Es la \u00fanica asociaci\u00f3n del sector que afilia personas no empresas, y en el momento que afilias personas estas teniendo recomendaciones de boca en boca,\u00a0 \u201c lo que quiere decir que si alguien representa una empresa de la AMEVH y dice que a partir de enero no trabaja m\u00e1s, el empleado se lleva la asociaci\u00f3n y tiene seis meses para cambiar el nombre y la empresa para nombrar a alguien m\u00e1s&#8221;.<\/p>\n<p>Mencion\u00f3 que la asociaci\u00f3n es muy noble y su objetivo es seguir trabajando fuerte en pro de la misma.<\/p>\n","protected":false},"excerpt":{"rendered":"<p>Platicar con Mauricio Dom\u00ednguez, es todo un agasajo, siempre atento, con ese \u00edmpetu de querer hacer las cosas siempre bien, y la firme convicci\u00f3n en cada una de sus palabras de su amor por la hoteler\u00eda a la cual incursion\u00f3 desde muy joven, as\u00ed como a la AMEVH la Asociaci\u00f3n de Mercadotecnia y Ejecutivos de [&hellip;]<\/p>\n","protected":false},"author":17,"featured_media":27131,"comment_status":"open","ping_status":"open","sticky":false,"template":"","format":"standard","meta":{"footnotes":""},"categories":[3],"tags":[13579,13578,13577,13580,13581],"yoast_head":"<!-- This site is optimized with the Yoast SEO plugin v22.2 - https:\/\/yoast.com\/wordpress\/plugins\/seo\/ -->\n<title>Mauricio Dom\u00ednguez, toda una vida en la hoteler\u00eda - Nitu - Noticias de la Industria Turistica<\/title>\n<meta name=\"robots\" content=\"index, follow, max-snippet:-1, max-image-preview:large, max-video-preview:-1\" \/>\n<link rel=\"canonical\" href=\"https:\/\/nitu.mx\/index.php\/2018\/12\/01\/mauricio-dominguez-toda-una-vida-en-la-hoteleria\/\" \/>\n<meta name=\"twitter:card\" content=\"summary_large_image\" \/>\n<meta name=\"twitter:title\" content=\"Mauricio Dom\u00ednguez, toda una vida en la hoteler\u00eda - Nitu - Noticias de la Industria Turistica\" \/>\n<meta name=\"twitter:description\" content=\"Platicar con Mauricio Dom\u00ednguez, es todo un agasajo, siempre atento, con ese \u00edmpetu de querer hacer las cosas siempre bien, y la firme convicci\u00f3n en cada una de sus palabras de su amor por la hoteler\u00eda a la cual incursion\u00f3 desde muy joven, as\u00ed como a la AMEVH la Asociaci\u00f3n de Mercadotecnia y Ejecutivos de [&hellip;]\" \/>\n<meta name=\"twitter:image\" content=\"https:\/\/nitu.mx\/wp-content\/uploads\/2018\/12\/mauricio-dominguez-AMEVH.jpg\" \/>\n<meta name=\"twitter:creator\" content=\"@NITUmx\" \/>\n<meta name=\"twitter:site\" content=\"@Arturo_Medina_G\" \/>\n<meta name=\"twitter:label1\" content=\"Escrito por\" \/>\n\t<meta name=\"twitter:data1\" content=\"Redacci\u00f3n\" \/>\n\t<meta name=\"twitter:label2\" content=\"Tiempo de lectura\" \/>\n\t<meta name=\"twitter:data2\" content=\"3 minutos\" \/>\n<script type=\"application\/ld+json\" class=\"yoast-schema-graph\">{\"@context\":\"https:\/\/schema.org\",\"@graph\":[{\"@type\":\"Article\",\"@id\":\"https:\/\/nitu.mx\/index.php\/2018\/12\/01\/mauricio-dominguez-toda-una-vida-en-la-hoteleria\/#article\",\"isPartOf\":{\"@id\":\"https:\/\/nitu.mx\/index.php\/2018\/12\/01\/mauricio-dominguez-toda-una-vida-en-la-hoteleria\/\"},\"author\":{\"name\":\"Redacci\u00f3n\",\"@id\":\"https:\/\/nitu.mx\/#\/schema\/person\/4a28fe9bd65924f7c90623773daf1b0b\"},\"headline\":\"Mauricio Dom\u00ednguez, toda una vida en la hoteler\u00eda\",\"datePublished\":\"2018-12-01T16:07:30+00:00\",\"dateModified\":\"2018-12-01T16:19:44+00:00\",\"mainEntityOfPage\":{\"@id\":\"https:\/\/nitu.mx\/index.php\/2018\/12\/01\/mauricio-dominguez-toda-una-vida-en-la-hoteleria\/\"},\"wordCount\":521,\"commentCount\":0,\"publisher\":{\"@id\":\"https:\/\/nitu.mx\/#\/schema\/person\/ae7a53426417292d3dd07b45a33e01bc\"},\"image\":{\"@id\":\"https:\/\/nitu.mx\/index.php\/2018\/12\/01\/mauricio-dominguez-toda-una-vida-en-la-hoteleria\/#primaryimage\"},\"thumbnailUrl\":\"https:\/\/nitu.mx\/wp-content\/uploads\/2018\/12\/mauricio-dominguez-AMEVH.jpg\",\"keywords\":[\"AMEVOS\",\"AMMVH\",\"AMVH\",\"Mauricio Dom\u00ednguez\",\"Sr Pont\u00f3n\"],\"articleSection\":[\"Agencias de Viajes\"],\"inLanguage\":\"es-MX\",\"potentialAction\":[{\"@type\":\"CommentAction\",\"name\":\"Comment\",\"target\":[\"https:\/\/nitu.mx\/index.php\/2018\/12\/01\/mauricio-dominguez-toda-una-vida-en-la-hoteleria\/#respond\"]}]},{\"@type\":\"WebPage\",\"@id\":\"https:\/\/nitu.mx\/index.php\/2018\/12\/01\/mauricio-dominguez-toda-una-vida-en-la-hoteleria\/\",\"url\":\"https:\/\/nitu.mx\/index.php\/2018\/12\/01\/mauricio-dominguez-toda-una-vida-en-la-hoteleria\/\",\"name\":\"Mauricio Dom\u00ednguez, toda una vida en la hoteler\u00eda - Nitu - Noticias de la Industria Turistica\",\"isPartOf\":{\"@id\":\"https:\/\/nitu.mx\/#website\"},\"primaryImageOfPage\":{\"@id\":\"https:\/\/nitu.mx\/index.php\/2018\/12\/01\/mauricio-dominguez-toda-una-vida-en-la-hoteleria\/#primaryimage\"},\"image\":{\"@id\":\"https:\/\/nitu.mx\/index.php\/2018\/12\/01\/mauricio-dominguez-toda-una-vida-en-la-hoteleria\/#primaryimage\"},\"thumbnailUrl\":\"https:\/\/nitu.mx\/wp-content\/uploads\/2018\/12\/mauricio-dominguez-AMEVH.jpg\",\"datePublished\":\"2018-12-01T16:07:30+00:00\",\"dateModified\":\"2018-12-01T16:19:44+00:00\",\"breadcrumb\":{\"@id\":\"https:\/\/nitu.mx\/index.php\/2018\/12\/01\/mauricio-dominguez-toda-una-vida-en-la-hoteleria\/#breadcrumb\"},\"inLanguage\":\"es-MX\",\"potentialAction\":[{\"@type\":\"ReadAction\",\"target\":[\"https:\/\/nitu.mx\/index.php\/2018\/12\/01\/mauricio-dominguez-toda-una-vida-en-la-hoteleria\/\"]}]},{\"@type\":\"ImageObject\",\"inLanguage\":\"es-MX\",\"@id\":\"https:\/\/nitu.mx\/index.php\/2018\/12\/01\/mauricio-dominguez-toda-una-vida-en-la-hoteleria\/#primaryimage\",\"url\":\"https:\/\/nitu.mx\/wp-content\/uploads\/2018\/12\/mauricio-dominguez-AMEVH.jpg\",\"contentUrl\":\"https:\/\/nitu.mx\/wp-content\/uploads\/2018\/12\/mauricio-dominguez-AMEVH.jpg\",\"width\":850,\"height\":480,\"caption\":\"mauricio dominguez AMEVH\"},{\"@type\":\"BreadcrumbList\",\"@id\":\"https:\/\/nitu.mx\/index.php\/2018\/12\/01\/mauricio-dominguez-toda-una-vida-en-la-hoteleria\/#breadcrumb\",\"itemListElement\":[{\"@type\":\"ListItem\",\"position\":1,\"name\":\"Inicio\",\"item\":\"https:\/\/nitu.mx\/\"},{\"@type\":\"ListItem\",\"position\":2,\"name\":\"Mauricio Dom\u00ednguez, toda una vida en la hoteler\u00eda\"}]},{\"@type\":\"WebSite\",\"@id\":\"https:\/\/nitu.mx\/#website\",\"url\":\"https:\/\/nitu.mx\/\",\"name\":\"Nitu - Noticias de la Industria Turistica\",\"description\":\"Noticias de la Industria Turistica\",\"publisher\":{\"@id\":\"https:\/\/nitu.mx\/#\/schema\/person\/ae7a53426417292d3dd07b45a33e01bc\"},\"alternateName\":\"Noticias de la Industria Turistica\",\"potentialAction\":[{\"@type\":\"SearchAction\",\"target\":{\"@type\":\"EntryPoint\",\"urlTemplate\":\"https:\/\/nitu.mx\/?s={search_term_string}\"},\"query-input\":\"required name=search_term_string\"}],\"inLanguage\":\"es-MX\"},{\"@type\":[\"Person\",\"Organization\"],\"@id\":\"https:\/\/nitu.mx\/#\/schema\/person\/ae7a53426417292d3dd07b45a33e01bc\",\"name\":\"Arturo Medina\",\"image\":{\"@type\":\"ImageObject\",\"inLanguage\":\"es-MX\",\"@id\":\"https:\/\/nitu.mx\/#\/schema\/person\/image\/\",\"url\":\"https:\/\/nitu.mx\/wp-content\/uploads\/2024\/04\/4A315622-1904-4D5C-B022-878CDC840E04-90x90-1.jpeg\",\"contentUrl\":\"https:\/\/nitu.mx\/wp-content\/uploads\/2024\/04\/4A315622-1904-4D5C-B022-878CDC840E04-90x90-1.jpeg\",\"width\":90,\"height\":90,\"caption\":\"Arturo Medina\"},\"logo\":{\"@id\":\"https:\/\/nitu.mx\/#\/schema\/person\/image\/\"},\"description\":\"Director NITU.mx, Egresado de la Escuela de Periodismo Carlos Septi\u00e9n Garc\u00eda. Periodista y analista especializado en turismo desde hace 35 a\u00f1os, radicado en Canc\u00fan Q.Roo. arturo@nitu.mx\",\"sameAs\":[\"https:\/\/nitu.mx\",\"https:\/\/www.facebook.com\/NITUmx\/\",\"medinacancun\",\"https:\/\/twitter.com\/@Arturo_Medina_G\"]},{\"@type\":\"Person\",\"@id\":\"https:\/\/nitu.mx\/#\/schema\/person\/4a28fe9bd65924f7c90623773daf1b0b\",\"name\":\"Redacci\u00f3n\",\"image\":{\"@type\":\"ImageObject\",\"inLanguage\":\"es-MX\",\"@id\":\"https:\/\/nitu.mx\/#\/schema\/person\/image\/\",\"url\":\"https:\/\/secure.gravatar.com\/avatar\/5dd011c8ccfc5cd7e4c81e42252aab38?s=96&d=mm&r=g\",\"contentUrl\":\"https:\/\/secure.gravatar.com\/avatar\/5dd011c8ccfc5cd7e4c81e42252aab38?s=96&d=mm&r=g\",\"caption\":\"Redacci\u00f3n\"},\"url\":\"https:\/\/nitu.mx\/index.php\/author\/redaccion\/\"}]}<\/script>\n<!-- \/ Yoast SEO plugin. -->","yoast_head_json":{"title":"Mauricio Dom\u00ednguez, toda una vida en la hoteler\u00eda - Nitu - Noticias de la Industria Turistica","robots":{"index":"index","follow":"follow","max-snippet":"max-snippet:-1","max-image-preview":"max-image-preview:large","max-video-preview":"max-video-preview:-1"},"canonical":"https:\/\/nitu.mx\/index.php\/2018\/12\/01\/mauricio-dominguez-toda-una-vida-en-la-hoteleria\/","twitter_card":"summary_large_image","twitter_title":"Mauricio Dom\u00ednguez, toda una vida en la hoteler\u00eda - Nitu - Noticias de la Industria Turistica","twitter_description":"Platicar con Mauricio Dom\u00ednguez, es todo un agasajo, siempre atento, con ese \u00edmpetu de querer hacer las cosas siempre bien, y la firme convicci\u00f3n en cada una de sus palabras de su amor por la hoteler\u00eda a la cual incursion\u00f3 desde muy joven, as\u00ed como a la AMEVH la Asociaci\u00f3n de Mercadotecnia y Ejecutivos de [&hellip;]","twitter_image":"https:\/\/nitu.mx\/wp-content\/uploads\/2018\/12\/mauricio-dominguez-AMEVH.jpg","twitter_creator":"@NITUmx","twitter_site":"@Arturo_Medina_G","twitter_misc":{"Escrito por":"Redacci\u00f3n","Tiempo de lectura":"3 minutos"},"schema":{"@context":"https:\/\/schema.org","@graph":[{"@type":"Article","@id":"https:\/\/nitu.mx\/index.php\/2018\/12\/01\/mauricio-dominguez-toda-una-vida-en-la-hoteleria\/#article","isPartOf":{"@id":"https:\/\/nitu.mx\/index.php\/2018\/12\/01\/mauricio-dominguez-toda-una-vida-en-la-hoteleria\/"},"author":{"name":"Redacci\u00f3n","@id":"https:\/\/nitu.mx\/#\/schema\/person\/4a28fe9bd65924f7c90623773daf1b0b"},"headline":"Mauricio Dom\u00ednguez, toda una vida en la hoteler\u00eda","datePublished":"2018-12-01T16:07:30+00:00","dateModified":"2018-12-01T16:19:44+00:00","mainEntityOfPage":{"@id":"https:\/\/nitu.mx\/index.php\/2018\/12\/01\/mauricio-dominguez-toda-una-vida-en-la-hoteleria\/"},"wordCount":521,"commentCount":0,"publisher":{"@id":"https:\/\/nitu.mx\/#\/schema\/person\/ae7a53426417292d3dd07b45a33e01bc"},"image":{"@id":"https:\/\/nitu.mx\/index.php\/2018\/12\/01\/mauricio-dominguez-toda-una-vida-en-la-hoteleria\/#primaryimage"},"thumbnailUrl":"https:\/\/nitu.mx\/wp-content\/uploads\/2018\/12\/mauricio-dominguez-AMEVH.jpg","keywords":["AMEVOS","AMMVH","AMVH","Mauricio Dom\u00ednguez","Sr Pont\u00f3n"],"articleSection":["Agencias de Viajes"],"inLanguage":"es-MX","potentialAction":[{"@type":"CommentAction","name":"Comment","target":["https:\/\/nitu.mx\/index.php\/2018\/12\/01\/mauricio-dominguez-toda-una-vida-en-la-hoteleria\/#respond"]}]},{"@type":"WebPage","@id":"https:\/\/nitu.mx\/index.php\/2018\/12\/01\/mauricio-dominguez-toda-una-vida-en-la-hoteleria\/","url":"https:\/\/nitu.mx\/index.php\/2018\/12\/01\/mauricio-dominguez-toda-una-vida-en-la-hoteleria\/","name":"Mauricio Dom\u00ednguez, toda una vida en la hoteler\u00eda - Nitu - Noticias de la Industria Turistica","isPartOf":{"@id":"https:\/\/nitu.mx\/#website"},"primaryImageOfPage":{"@id":"https:\/\/nitu.mx\/index.php\/2018\/12\/01\/mauricio-dominguez-toda-una-vida-en-la-hoteleria\/#primaryimage"},"image":{"@id":"https:\/\/nitu.mx\/index.php\/2018\/12\/01\/mauricio-dominguez-toda-una-vida-en-la-hoteleria\/#primaryimage"},"thumbnailUrl":"https:\/\/nitu.mx\/wp-content\/uploads\/2018\/12\/mauricio-dominguez-AMEVH.jpg","datePublished":"2018-12-01T16:07:30+00:00","dateModified":"2018-12-01T16:19:44+00:00","breadcrumb":{"@id":"https:\/\/nitu.mx\/index.php\/2018\/12\/01\/mauricio-dominguez-toda-una-vida-en-la-hoteleria\/#breadcrumb"},"inLanguage":"es-MX","potentialAction":[{"@type":"ReadAction","target":["https:\/\/nitu.mx\/index.php\/2018\/12\/01\/mauricio-dominguez-toda-una-vida-en-la-hoteleria\/"]}]},{"@type":"ImageObject","inLanguage":"es-MX","@id":"https:\/\/nitu.mx\/index.php\/2018\/12\/01\/mauricio-dominguez-toda-una-vida-en-la-hoteleria\/#primaryimage","url":"https:\/\/nitu.mx\/wp-content\/uploads\/2018\/12\/mauricio-dominguez-AMEVH.jpg","contentUrl":"https:\/\/nitu.mx\/wp-content\/uploads\/2018\/12\/mauricio-dominguez-AMEVH.jpg","width":850,"height":480,"caption":"mauricio dominguez AMEVH"},{"@type":"BreadcrumbList","@id":"https:\/\/nitu.mx\/index.php\/2018\/12\/01\/mauricio-dominguez-toda-una-vida-en-la-hoteleria\/#breadcrumb","itemListElement":[{"@type":"ListItem","position":1,"name":"Inicio","item":"https:\/\/nitu.mx\/"},{"@type":"ListItem","position":2,"name":"Mauricio Dom\u00ednguez, toda una vida en la hoteler\u00eda"}]},{"@type":"WebSite","@id":"https:\/\/nitu.mx\/#website","url":"https:\/\/nitu.mx\/","name":"Nitu - Noticias de la Industria Turistica","description":"Noticias de la Industria Turistica","publisher":{"@id":"https:\/\/nitu.mx\/#\/schema\/person\/ae7a53426417292d3dd07b45a33e01bc"},"alternateName":"Noticias de la Industria Turistica","potentialAction":[{"@type":"SearchAction","target":{"@type":"EntryPoint","urlTemplate":"https:\/\/nitu.mx\/?s={search_term_string}"},"query-input":"required name=search_term_string"}],"inLanguage":"es-MX"},{"@type":["Person","Organization"],"@id":"https:\/\/nitu.mx\/#\/schema\/person\/ae7a53426417292d3dd07b45a33e01bc","name":"Arturo Medina","image":{"@type":"ImageObject","inLanguage":"es-MX","@id":"https:\/\/nitu.mx\/#\/schema\/person\/image\/","url":"https:\/\/nitu.mx\/wp-content\/uploads\/2024\/04\/4A315622-1904-4D5C-B022-878CDC840E04-90x90-1.jpeg","contentUrl":"https:\/\/nitu.mx\/wp-content\/uploads\/2024\/04\/4A315622-1904-4D5C-B022-878CDC840E04-90x90-1.jpeg","width":90,"height":90,"caption":"Arturo Medina"},"logo":{"@id":"https:\/\/nitu.mx\/#\/schema\/person\/image\/"},"description":"Director NITU.mx, Egresado de la Escuela de Periodismo Carlos Septi\u00e9n Garc\u00eda. Periodista y analista especializado en turismo desde hace 35 a\u00f1os, radicado en Canc\u00fan Q.Roo. arturo@nitu.mx","sameAs":["https:\/\/nitu.mx","https:\/\/www.facebook.com\/NITUmx\/","medinacancun","https:\/\/twitter.com\/@Arturo_Medina_G"]},{"@type":"Person","@id":"https:\/\/nitu.mx\/#\/schema\/person\/4a28fe9bd65924f7c90623773daf1b0b","name":"Redacci\u00f3n","image":{"@type":"ImageObject","inLanguage":"es-MX","@id":"https:\/\/nitu.mx\/#\/schema\/person\/image\/","url":"https:\/\/secure.gravatar.com\/avatar\/5dd011c8ccfc5cd7e4c81e42252aab38?s=96&d=mm&r=g","contentUrl":"https:\/\/secure.gravatar.com\/avatar\/5dd011c8ccfc5cd7e4c81e42252aab38?s=96&d=mm&r=g","caption":"Redacci\u00f3n"},"url":"https:\/\/nitu.mx\/index.php\/author\/redaccion\/"}]}},"views":362,"_links":{"self":[{"href":"https:\/\/nitu.mx\/index.php\/wp-json\/wp\/v2\/posts\/27125"}],"collection":[{"href":"https:\/\/nitu.mx\/index.php\/wp-json\/wp\/v2\/posts"}],"about":[{"href":"https:\/\/nitu.mx\/index.php\/wp-json\/wp\/v2\/types\/post"}],"author":[{"embeddable":true,"href":"https:\/\/nitu.mx\/index.php\/wp-json\/wp\/v2\/users\/17"}],"replies":[{"embeddable":true,"href":"https:\/\/nitu.mx\/index.php\/wp-json\/wp\/v2\/comments?post=27125"}],"version-history":[{"count":5,"href":"https:\/\/nitu.mx\/index.php\/wp-json\/wp\/v2\/posts\/27125\/revisions"}],"predecessor-version":[{"id":27133,"href":"https:\/\/nitu.mx\/index.php\/wp-json\/wp\/v2\/posts\/27125\/revisions\/27133"}],"wp:featuredmedia":[{"embeddable":true,"href":"https:\/\/nitu.mx\/index.php\/wp-json\/wp\/v2\/media\/27131"}],"wp:attachment":[{"href":"https:\/\/nitu.mx\/index.php\/wp-json\/wp\/v2\/media?parent=27125"}],"wp:term":[{"taxonomy":"category","embeddable":true,"href":"https:\/\/nitu.mx\/index.php\/wp-json\/wp\/v2\/categories?post=27125"},{"taxonomy":"post_tag","embeddable":true,"href":"https:\/\/nitu.mx\/index.php\/wp-json\/wp\/v2\/tags?post=27125"}],"curies":[{"name":"wp","href":"https:\/\/api.w.org\/{rel}","templated":true}]}}