{"id":27001,"date":"2018-11-28T00:12:17","date_gmt":"2018-11-28T05:12:17","guid":{"rendered":"https:\/\/www.dev.nitu.mx\/?p=27001"},"modified":"2018-11-28T01:11:05","modified_gmt":"2018-11-28T06:11:05","slug":"crecera-mas-de-100-promocion-turistica-de-quintana-roo-en-2019-anuncia-carlos-joaquin","status":"publish","type":"post","link":"https:\/\/nitu.mx\/index.php\/2018\/11\/28\/crecera-mas-de-100-promocion-turistica-de-quintana-roo-en-2019-anuncia-carlos-joaquin\/","title":{"rendered":"Crecer\u00e1 m\u00e1s de 100% promoci\u00f3n tur\u00edstica de Quintana Roo en 2019, anuncia Carlos Joaqu\u00edn"},"content":{"rendered":"<p>El gobernador de Quintana Roo, Carlos Joaqu\u00edn Gonz\u00e1lez, confirm\u00f3 que el presupuesto para la promoci\u00f3n tur\u00edstica crecer\u00e1 m\u00e1s de 100 por ciento en 2019, luego de confirmarse que el presidente electo, Andr\u00e9s Manuel L\u00f3pez Obrador, desmantelar\u00e1 el Consejo de Promoci\u00f3n Tur\u00edstica de M\u00e9xico (CPTM).<\/p>\n<p>Entrevistado, el mandatario estatal expuso que junto con la Iniciativa Privada (IP) implementar\u00e1n esquemas que permitan al sector seguir adelante.<\/p>\n<p>\u201cEvidentemente es un reto el seguir y mantener nuestra promoci\u00f3n tur\u00edstica; ya nuestro presupuesto incluye un monto adicional que nos ha obligado a amarrarnos m\u00e1s el cintur\u00f3n, m\u00e1s ahorros, obtener espacios para inversi\u00f3n, tambi\u00e9n esquemas de promoci\u00f3n que nos permitan en conjunto con la Iniciativa Privada seguir adelante, principalmente en los esquemas de operativos, con los tour operadores, agentes mayoristas, que son muy importantes para que la gente decida por nuestros destinos\u201d, apunt\u00f3.<\/p>\n<p>Y agreg\u00f3 \u201cva m\u00e1s del doble que en 2018, de la presentaci\u00f3n inicial que era de 200 millones de pesos, \u00e9ste va a ser por arriba de los 400 millones de pesos\u201d.\u00a0<a title=\"Sector hotelero del Caribe mexicano conf\u00eda que Sectur har\u00e1 actividades de CPTM y Torruco los escuchar\u00e1\" href=\"https:\/\/www.dev.nitu.mx\/index.php\/2018\/11\/27\/sector-hotelero-del-caribe-mexicano-confia-que-sectur-hara-actividades-de-cptm-y-torruco-los-escuchara\/\" rel=\"bookmark\">(Sector hotelero del Caribe mexicano conf\u00eda que Sectur har\u00e1 actividades de CPTM y Torruco los escuchar\u00e1<\/a>).<\/p>\n","protected":false},"excerpt":{"rendered":"<p>El gobernador de Quintana Roo, Carlos Joaqu\u00edn Gonz\u00e1lez, confirm\u00f3 que el presupuesto para la promoci\u00f3n tur\u00edstica crecer\u00e1 m\u00e1s de 100 por ciento en 2019, luego de confirmarse que el presidente electo, Andr\u00e9s Manuel L\u00f3pez Obrador, desmantelar\u00e1 el Consejo de Promoci\u00f3n Tur\u00edstica de M\u00e9xico (CPTM). Entrevistado, el mandatario estatal expuso que junto con la Iniciativa Privada [&hellip;]<\/p>\n","protected":false},"author":17,"featured_media":24037,"comment_status":"open","ping_status":"open","sticky":false,"template":"","format":"standard","meta":{"footnotes":""},"categories":[5,12],"tags":[3083,261,1110,260],"yoast_head":"<!-- This site is optimized with the Yoast SEO plugin v22.2 - https:\/\/yoast.com\/wordpress\/plugins\/seo\/ -->\n<title>Crecer\u00e1 m\u00e1s de 100% promoci\u00f3n tur\u00edstica de Quintana Roo en 2019, anuncia Carlos Joaqu\u00edn - Nitu - Noticias de la Industria Turistica<\/title>\n<meta name=\"description\" content=\"El gobernador de Quintana Roo confirm\u00f3 que el presupuesto para la promoci\u00f3n tur\u00edstica crecer\u00e1 m\u00e1s de 100 por ciento en 2019.\" \/>\n<meta name=\"robots\" content=\"index, follow, max-snippet:-1, max-image-preview:large, max-video-preview:-1\" \/>\n<link rel=\"canonical\" href=\"https:\/\/nitu.mx\/index.php\/2018\/11\/28\/crecera-mas-de-100-promocion-turistica-de-quintana-roo-en-2019-anuncia-carlos-joaquin\/\" \/>\n<meta name=\"twitter:card\" content=\"summary_large_image\" \/>\n<meta name=\"twitter:title\" content=\"Crecer\u00e1 m\u00e1s de 100% promoci\u00f3n tur\u00edstica de Quintana Roo en 2019, anuncia Carlos Joaqu\u00edn - Nitu - Noticias de la Industria Turistica\" \/>\n<meta name=\"twitter:description\" content=\"El gobernador de Quintana Roo confirm\u00f3 que el presupuesto para la promoci\u00f3n tur\u00edstica crecer\u00e1 m\u00e1s de 100 por ciento en 2019.\" \/>\n<meta name=\"twitter:image\" content=\"https:\/\/nitu.mx\/wp-content\/uploads\/2018\/08\/Caribe-mexicano.jpg\" \/>\n<meta name=\"twitter:creator\" content=\"@NITUmx\" \/>\n<meta name=\"twitter:site\" content=\"@Arturo_Medina_G\" \/>\n<meta name=\"twitter:label1\" content=\"Escrito por\" \/>\n\t<meta name=\"twitter:data1\" content=\"Redacci\u00f3n\" \/>\n\t<meta name=\"twitter:label2\" content=\"Tiempo de lectura\" \/>\n\t<meta name=\"twitter:data2\" content=\"1 minuto\" \/>\n<script type=\"application\/ld+json\" class=\"yoast-schema-graph\">{\"@context\":\"https:\/\/schema.org\",\"@graph\":[{\"@type\":\"Article\",\"@id\":\"https:\/\/nitu.mx\/index.php\/2018\/11\/28\/crecera-mas-de-100-promocion-turistica-de-quintana-roo-en-2019-anuncia-carlos-joaquin\/#article\",\"isPartOf\":{\"@id\":\"https:\/\/nitu.mx\/index.php\/2018\/11\/28\/crecera-mas-de-100-promocion-turistica-de-quintana-roo-en-2019-anuncia-carlos-joaquin\/\"},\"author\":{\"name\":\"Redacci\u00f3n\",\"@id\":\"https:\/\/nitu.mx\/#\/schema\/person\/4a28fe9bd65924f7c90623773daf1b0b\"},\"headline\":\"Crecer\u00e1 m\u00e1s de 100% promoci\u00f3n tur\u00edstica de Quintana Roo en 2019, anuncia Carlos Joaqu\u00edn\",\"datePublished\":\"2018-11-28T05:12:17+00:00\",\"dateModified\":\"2018-11-28T06:11:05+00:00\",\"mainEntityOfPage\":{\"@id\":\"https:\/\/nitu.mx\/index.php\/2018\/11\/28\/crecera-mas-de-100-promocion-turistica-de-quintana-roo-en-2019-anuncia-carlos-joaquin\/\"},\"wordCount\":218,\"commentCount\":0,\"publisher\":{\"@id\":\"https:\/\/nitu.mx\/#\/schema\/person\/ae7a53426417292d3dd07b45a33e01bc\"},\"image\":{\"@id\":\"https:\/\/nitu.mx\/index.php\/2018\/11\/28\/crecera-mas-de-100-promocion-turistica-de-quintana-roo-en-2019-anuncia-carlos-joaquin\/#primaryimage\"},\"thumbnailUrl\":\"https:\/\/nitu.mx\/wp-content\/uploads\/2018\/08\/Caribe-mexicano.jpg\",\"keywords\":[\"Andr\u00e9s Manuel L\u00f3pez Obrador\",\"Carlos Joaqu\u00edn Gonz\u00e1lez\",\"Consejo de Promoci\u00f3n Tur\u00edstica de M\u00e9xico (CPTM)\",\"Quintana Roo\"],\"articleSection\":[\"Destinos\",\"Marketing\"],\"inLanguage\":\"es-MX\",\"potentialAction\":[{\"@type\":\"CommentAction\",\"name\":\"Comment\",\"target\":[\"https:\/\/nitu.mx\/index.php\/2018\/11\/28\/crecera-mas-de-100-promocion-turistica-de-quintana-roo-en-2019-anuncia-carlos-joaquin\/#respond\"]}]},{\"@type\":\"WebPage\",\"@id\":\"https:\/\/nitu.mx\/index.php\/2018\/11\/28\/crecera-mas-de-100-promocion-turistica-de-quintana-roo-en-2019-anuncia-carlos-joaquin\/\",\"url\":\"https:\/\/nitu.mx\/index.php\/2018\/11\/28\/crecera-mas-de-100-promocion-turistica-de-quintana-roo-en-2019-anuncia-carlos-joaquin\/\",\"name\":\"Crecer\u00e1 m\u00e1s de 100% promoci\u00f3n tur\u00edstica de Quintana Roo en 2019, anuncia Carlos Joaqu\u00edn - Nitu - Noticias de la Industria Turistica\",\"isPartOf\":{\"@id\":\"https:\/\/nitu.mx\/#website\"},\"primaryImageOfPage\":{\"@id\":\"https:\/\/nitu.mx\/index.php\/2018\/11\/28\/crecera-mas-de-100-promocion-turistica-de-quintana-roo-en-2019-anuncia-carlos-joaquin\/#primaryimage\"},\"image\":{\"@id\":\"https:\/\/nitu.mx\/index.php\/2018\/11\/28\/crecera-mas-de-100-promocion-turistica-de-quintana-roo-en-2019-anuncia-carlos-joaquin\/#primaryimage\"},\"thumbnailUrl\":\"https:\/\/nitu.mx\/wp-content\/uploads\/2018\/08\/Caribe-mexicano.jpg\",\"datePublished\":\"2018-11-28T05:12:17+00:00\",\"dateModified\":\"2018-11-28T06:11:05+00:00\",\"description\":\"El gobernador de Quintana Roo confirm\u00f3 que el presupuesto para la promoci\u00f3n tur\u00edstica crecer\u00e1 m\u00e1s de 100 por ciento en 2019.\",\"breadcrumb\":{\"@id\":\"https:\/\/nitu.mx\/index.php\/2018\/11\/28\/crecera-mas-de-100-promocion-turistica-de-quintana-roo-en-2019-anuncia-carlos-joaquin\/#breadcrumb\"},\"inLanguage\":\"es-MX\",\"potentialAction\":[{\"@type\":\"ReadAction\",\"target\":[\"https:\/\/nitu.mx\/index.php\/2018\/11\/28\/crecera-mas-de-100-promocion-turistica-de-quintana-roo-en-2019-anuncia-carlos-joaquin\/\"]}]},{\"@type\":\"ImageObject\",\"inLanguage\":\"es-MX\",\"@id\":\"https:\/\/nitu.mx\/index.php\/2018\/11\/28\/crecera-mas-de-100-promocion-turistica-de-quintana-roo-en-2019-anuncia-carlos-joaquin\/#primaryimage\",\"url\":\"https:\/\/nitu.mx\/wp-content\/uploads\/2018\/08\/Caribe-mexicano.jpg\",\"contentUrl\":\"https:\/\/nitu.mx\/wp-content\/uploads\/2018\/08\/Caribe-mexicano.jpg\",\"width\":850,\"height\":480,\"caption\":\"Caribe mexicano WTM Quintana Roo\"},{\"@type\":\"BreadcrumbList\",\"@id\":\"https:\/\/nitu.mx\/index.php\/2018\/11\/28\/crecera-mas-de-100-promocion-turistica-de-quintana-roo-en-2019-anuncia-carlos-joaquin\/#breadcrumb\",\"itemListElement\":[{\"@type\":\"ListItem\",\"position\":1,\"name\":\"Inicio\",\"item\":\"https:\/\/nitu.mx\/\"},{\"@type\":\"ListItem\",\"position\":2,\"name\":\"Crecer\u00e1 m\u00e1s de 100% promoci\u00f3n tur\u00edstica de Quintana Roo en 2019, anuncia Carlos Joaqu\u00edn\"}]},{\"@type\":\"WebSite\",\"@id\":\"https:\/\/nitu.mx\/#website\",\"url\":\"https:\/\/nitu.mx\/\",\"name\":\"Nitu - Noticias de la Industria Turistica\",\"description\":\"Noticias de la Industria Turistica\",\"publisher\":{\"@id\":\"https:\/\/nitu.mx\/#\/schema\/person\/ae7a53426417292d3dd07b45a33e01bc\"},\"alternateName\":\"Noticias de la Industria Turistica\",\"potentialAction\":[{\"@type\":\"SearchAction\",\"target\":{\"@type\":\"EntryPoint\",\"urlTemplate\":\"https:\/\/nitu.mx\/?s={search_term_string}\"},\"query-input\":\"required name=search_term_string\"}],\"inLanguage\":\"es-MX\"},{\"@type\":[\"Person\",\"Organization\"],\"@id\":\"https:\/\/nitu.mx\/#\/schema\/person\/ae7a53426417292d3dd07b45a33e01bc\",\"name\":\"Arturo Medina\",\"image\":{\"@type\":\"ImageObject\",\"inLanguage\":\"es-MX\",\"@id\":\"https:\/\/nitu.mx\/#\/schema\/person\/image\/\",\"url\":\"https:\/\/nitu.mx\/wp-content\/uploads\/2024\/04\/4A315622-1904-4D5C-B022-878CDC840E04-90x90-1.jpeg\",\"contentUrl\":\"https:\/\/nitu.mx\/wp-content\/uploads\/2024\/04\/4A315622-1904-4D5C-B022-878CDC840E04-90x90-1.jpeg\",\"width\":90,\"height\":90,\"caption\":\"Arturo Medina\"},\"logo\":{\"@id\":\"https:\/\/nitu.mx\/#\/schema\/person\/image\/\"},\"description\":\"Director NITU.mx, Egresado de la Escuela de Periodismo Carlos Septi\u00e9n Garc\u00eda. Periodista y analista especializado en turismo desde hace 35 a\u00f1os, radicado en Canc\u00fan Q.Roo. arturo@nitu.mx\",\"sameAs\":[\"https:\/\/nitu.mx\",\"https:\/\/www.facebook.com\/NITUmx\/\",\"medinacancun\",\"https:\/\/twitter.com\/@Arturo_Medina_G\"]},{\"@type\":\"Person\",\"@id\":\"https:\/\/nitu.mx\/#\/schema\/person\/4a28fe9bd65924f7c90623773daf1b0b\",\"name\":\"Redacci\u00f3n\",\"image\":{\"@type\":\"ImageObject\",\"inLanguage\":\"es-MX\",\"@id\":\"https:\/\/nitu.mx\/#\/schema\/person\/image\/\",\"url\":\"https:\/\/secure.gravatar.com\/avatar\/5dd011c8ccfc5cd7e4c81e42252aab38?s=96&d=mm&r=g\",\"contentUrl\":\"https:\/\/secure.gravatar.com\/avatar\/5dd011c8ccfc5cd7e4c81e42252aab38?s=96&d=mm&r=g\",\"caption\":\"Redacci\u00f3n\"},\"url\":\"https:\/\/nitu.mx\/index.php\/author\/redaccion\/\"}]}<\/script>\n<!-- \/ Yoast SEO plugin. -->","yoast_head_json":{"title":"Crecer\u00e1 m\u00e1s de 100% promoci\u00f3n tur\u00edstica de Quintana Roo en 2019, anuncia Carlos Joaqu\u00edn - Nitu - Noticias de la Industria Turistica","description":"El gobernador de Quintana Roo confirm\u00f3 que el presupuesto para la promoci\u00f3n tur\u00edstica crecer\u00e1 m\u00e1s de 100 por ciento en 2019.","robots":{"index":"index","follow":"follow","max-snippet":"max-snippet:-1","max-image-preview":"max-image-preview:large","max-video-preview":"max-video-preview:-1"},"canonical":"https:\/\/nitu.mx\/index.php\/2018\/11\/28\/crecera-mas-de-100-promocion-turistica-de-quintana-roo-en-2019-anuncia-carlos-joaquin\/","twitter_card":"summary_large_image","twitter_title":"Crecer\u00e1 m\u00e1s de 100% promoci\u00f3n tur\u00edstica de Quintana Roo en 2019, anuncia Carlos Joaqu\u00edn - Nitu - Noticias de la Industria Turistica","twitter_description":"El gobernador de Quintana Roo confirm\u00f3 que el presupuesto para la promoci\u00f3n tur\u00edstica crecer\u00e1 m\u00e1s de 100 por ciento en 2019.","twitter_image":"https:\/\/nitu.mx\/wp-content\/uploads\/2018\/08\/Caribe-mexicano.jpg","twitter_creator":"@NITUmx","twitter_site":"@Arturo_Medina_G","twitter_misc":{"Escrito por":"Redacci\u00f3n","Tiempo de lectura":"1 minuto"},"schema":{"@context":"https:\/\/schema.org","@graph":[{"@type":"Article","@id":"https:\/\/nitu.mx\/index.php\/2018\/11\/28\/crecera-mas-de-100-promocion-turistica-de-quintana-roo-en-2019-anuncia-carlos-joaquin\/#article","isPartOf":{"@id":"https:\/\/nitu.mx\/index.php\/2018\/11\/28\/crecera-mas-de-100-promocion-turistica-de-quintana-roo-en-2019-anuncia-carlos-joaquin\/"},"author":{"name":"Redacci\u00f3n","@id":"https:\/\/nitu.mx\/#\/schema\/person\/4a28fe9bd65924f7c90623773daf1b0b"},"headline":"Crecer\u00e1 m\u00e1s de 100% promoci\u00f3n tur\u00edstica de Quintana Roo en 2019, anuncia Carlos Joaqu\u00edn","datePublished":"2018-11-28T05:12:17+00:00","dateModified":"2018-11-28T06:11:05+00:00","mainEntityOfPage":{"@id":"https:\/\/nitu.mx\/index.php\/2018\/11\/28\/crecera-mas-de-100-promocion-turistica-de-quintana-roo-en-2019-anuncia-carlos-joaquin\/"},"wordCount":218,"commentCount":0,"publisher":{"@id":"https:\/\/nitu.mx\/#\/schema\/person\/ae7a53426417292d3dd07b45a33e01bc"},"image":{"@id":"https:\/\/nitu.mx\/index.php\/2018\/11\/28\/crecera-mas-de-100-promocion-turistica-de-quintana-roo-en-2019-anuncia-carlos-joaquin\/#primaryimage"},"thumbnailUrl":"https:\/\/nitu.mx\/wp-content\/uploads\/2018\/08\/Caribe-mexicano.jpg","keywords":["Andr\u00e9s Manuel L\u00f3pez Obrador","Carlos Joaqu\u00edn Gonz\u00e1lez","Consejo de Promoci\u00f3n Tur\u00edstica de M\u00e9xico (CPTM)","Quintana Roo"],"articleSection":["Destinos","Marketing"],"inLanguage":"es-MX","potentialAction":[{"@type":"CommentAction","name":"Comment","target":["https:\/\/nitu.mx\/index.php\/2018\/11\/28\/crecera-mas-de-100-promocion-turistica-de-quintana-roo-en-2019-anuncia-carlos-joaquin\/#respond"]}]},{"@type":"WebPage","@id":"https:\/\/nitu.mx\/index.php\/2018\/11\/28\/crecera-mas-de-100-promocion-turistica-de-quintana-roo-en-2019-anuncia-carlos-joaquin\/","url":"https:\/\/nitu.mx\/index.php\/2018\/11\/28\/crecera-mas-de-100-promocion-turistica-de-quintana-roo-en-2019-anuncia-carlos-joaquin\/","name":"Crecer\u00e1 m\u00e1s de 100% promoci\u00f3n tur\u00edstica de Quintana Roo en 2019, anuncia Carlos Joaqu\u00edn - Nitu - Noticias de la Industria Turistica","isPartOf":{"@id":"https:\/\/nitu.mx\/#website"},"primaryImageOfPage":{"@id":"https:\/\/nitu.mx\/index.php\/2018\/11\/28\/crecera-mas-de-100-promocion-turistica-de-quintana-roo-en-2019-anuncia-carlos-joaquin\/#primaryimage"},"image":{"@id":"https:\/\/nitu.mx\/index.php\/2018\/11\/28\/crecera-mas-de-100-promocion-turistica-de-quintana-roo-en-2019-anuncia-carlos-joaquin\/#primaryimage"},"thumbnailUrl":"https:\/\/nitu.mx\/wp-content\/uploads\/2018\/08\/Caribe-mexicano.jpg","datePublished":"2018-11-28T05:12:17+00:00","dateModified":"2018-11-28T06:11:05+00:00","description":"El gobernador de Quintana Roo confirm\u00f3 que el presupuesto para la promoci\u00f3n tur\u00edstica crecer\u00e1 m\u00e1s de 100 por ciento en 2019.","breadcrumb":{"@id":"https:\/\/nitu.mx\/index.php\/2018\/11\/28\/crecera-mas-de-100-promocion-turistica-de-quintana-roo-en-2019-anuncia-carlos-joaquin\/#breadcrumb"},"inLanguage":"es-MX","potentialAction":[{"@type":"ReadAction","target":["https:\/\/nitu.mx\/index.php\/2018\/11\/28\/crecera-mas-de-100-promocion-turistica-de-quintana-roo-en-2019-anuncia-carlos-joaquin\/"]}]},{"@type":"ImageObject","inLanguage":"es-MX","@id":"https:\/\/nitu.mx\/index.php\/2018\/11\/28\/crecera-mas-de-100-promocion-turistica-de-quintana-roo-en-2019-anuncia-carlos-joaquin\/#primaryimage","url":"https:\/\/nitu.mx\/wp-content\/uploads\/2018\/08\/Caribe-mexicano.jpg","contentUrl":"https:\/\/nitu.mx\/wp-content\/uploads\/2018\/08\/Caribe-mexicano.jpg","width":850,"height":480,"caption":"Caribe mexicano WTM Quintana Roo"},{"@type":"BreadcrumbList","@id":"https:\/\/nitu.mx\/index.php\/2018\/11\/28\/crecera-mas-de-100-promocion-turistica-de-quintana-roo-en-2019-anuncia-carlos-joaquin\/#breadcrumb","itemListElement":[{"@type":"ListItem","position":1,"name":"Inicio","item":"https:\/\/nitu.mx\/"},{"@type":"ListItem","position":2,"name":"Crecer\u00e1 m\u00e1s de 100% promoci\u00f3n tur\u00edstica de Quintana Roo en 2019, anuncia Carlos Joaqu\u00edn"}]},{"@type":"WebSite","@id":"https:\/\/nitu.mx\/#website","url":"https:\/\/nitu.mx\/","name":"Nitu - Noticias de la Industria Turistica","description":"Noticias de la Industria Turistica","publisher":{"@id":"https:\/\/nitu.mx\/#\/schema\/person\/ae7a53426417292d3dd07b45a33e01bc"},"alternateName":"Noticias de la Industria Turistica","potentialAction":[{"@type":"SearchAction","target":{"@type":"EntryPoint","urlTemplate":"https:\/\/nitu.mx\/?s={search_term_string}"},"query-input":"required name=search_term_string"}],"inLanguage":"es-MX"},{"@type":["Person","Organization"],"@id":"https:\/\/nitu.mx\/#\/schema\/person\/ae7a53426417292d3dd07b45a33e01bc","name":"Arturo Medina","image":{"@type":"ImageObject","inLanguage":"es-MX","@id":"https:\/\/nitu.mx\/#\/schema\/person\/image\/","url":"https:\/\/nitu.mx\/wp-content\/uploads\/2024\/04\/4A315622-1904-4D5C-B022-878CDC840E04-90x90-1.jpeg","contentUrl":"https:\/\/nitu.mx\/wp-content\/uploads\/2024\/04\/4A315622-1904-4D5C-B022-878CDC840E04-90x90-1.jpeg","width":90,"height":90,"caption":"Arturo Medina"},"logo":{"@id":"https:\/\/nitu.mx\/#\/schema\/person\/image\/"},"description":"Director NITU.mx, Egresado de la Escuela de Periodismo Carlos Septi\u00e9n Garc\u00eda. Periodista y analista especializado en turismo desde hace 35 a\u00f1os, radicado en Canc\u00fan Q.Roo. arturo@nitu.mx","sameAs":["https:\/\/nitu.mx","https:\/\/www.facebook.com\/NITUmx\/","medinacancun","https:\/\/twitter.com\/@Arturo_Medina_G"]},{"@type":"Person","@id":"https:\/\/nitu.mx\/#\/schema\/person\/4a28fe9bd65924f7c90623773daf1b0b","name":"Redacci\u00f3n","image":{"@type":"ImageObject","inLanguage":"es-MX","@id":"https:\/\/nitu.mx\/#\/schema\/person\/image\/","url":"https:\/\/secure.gravatar.com\/avatar\/5dd011c8ccfc5cd7e4c81e42252aab38?s=96&d=mm&r=g","contentUrl":"https:\/\/secure.gravatar.com\/avatar\/5dd011c8ccfc5cd7e4c81e42252aab38?s=96&d=mm&r=g","caption":"Redacci\u00f3n"},"url":"https:\/\/nitu.mx\/index.php\/author\/redaccion\/"}]}},"views":207,"_links":{"self":[{"href":"https:\/\/nitu.mx\/index.php\/wp-json\/wp\/v2\/posts\/27001"}],"collection":[{"href":"https:\/\/nitu.mx\/index.php\/wp-json\/wp\/v2\/posts"}],"about":[{"href":"https:\/\/nitu.mx\/index.php\/wp-json\/wp\/v2\/types\/post"}],"author":[{"embeddable":true,"href":"https:\/\/nitu.mx\/index.php\/wp-json\/wp\/v2\/users\/17"}],"replies":[{"embeddable":true,"href":"https:\/\/nitu.mx\/index.php\/wp-json\/wp\/v2\/comments?post=27001"}],"version-history":[{"count":4,"href":"https:\/\/nitu.mx\/index.php\/wp-json\/wp\/v2\/posts\/27001\/revisions"}],"predecessor-version":[{"id":27040,"href":"https:\/\/nitu.mx\/index.php\/wp-json\/wp\/v2\/posts\/27001\/revisions\/27040"}],"wp:featuredmedia":[{"embeddable":true,"href":"https:\/\/nitu.mx\/index.php\/wp-json\/wp\/v2\/media\/24037"}],"wp:attachment":[{"href":"https:\/\/nitu.mx\/index.php\/wp-json\/wp\/v2\/media?parent=27001"}],"wp:term":[{"taxonomy":"category","embeddable":true,"href":"https:\/\/nitu.mx\/index.php\/wp-json\/wp\/v2\/categories?post=27001"},{"taxonomy":"post_tag","embeddable":true,"href":"https:\/\/nitu.mx\/index.php\/wp-json\/wp\/v2\/tags?post=27001"}],"curies":[{"name":"wp","href":"https:\/\/api.w.org\/{rel}","templated":true}]}}